{"id":44617,"date":"2021-04-04T10:48:31","date_gmt":"2021-04-04T13:48:31","guid":{"rendered":"https:\/\/blogdafeira.com.br\/home\/?p=44617"},"modified":"2021-04-05T19:00:16","modified_gmt":"2021-04-05T22:00:16","slug":"vida-e-obra-do-poeta-feirense-roberval-pereyr","status":"publish","type":"post","link":"https:\/\/blogdafeira.com.br\/home\/2021\/04\/04\/vida-e-obra-do-poeta-feirense-roberval-pereyr\/","title":{"rendered":"Vida e obra do poeta feirense Roberval Pereyr"},"content":{"rendered":"<div id=\"blogd-554815512\" class=\"blogd-fim-do-post-mobile blogd-entity-placement\" style=\"margin-left: auto;margin-right: auto;text-align: center;\"><a href=\"https:\/\/www.sefaz.feiradesantana.ba.gov.br\/\" target=\"_blank\" aria-label=\"728&#215;90 (6)\"><img loading=\"lazy\" decoding=\"async\" src=\"https:\/\/blogdafeira.com.br\/home\/wp-content\/uploads\/2026\/03\/728x90-6.gif\" alt=\"\"  class=\"no-lazyload\" width=\"728\" height=\"90\"  style=\"display: inline-block;\" \/><\/a><\/div><p style=\"text-align: justify;\">Nome conhecido no meio liter\u00e1rio pela import\u00e2ncia da sua obra, que j\u00e1 foi inclusive estudada em teses de mestrado e doutorado, o poeta Roberval Pereyr \u00e9 tema do document\u00e1rio que ir\u00e1 retratar sua vida e obra.<\/p><div id=\"blogd-3371526271\" class=\"blogd-conteudo-2-mobile blogd-entity-placement\"><a href=\"https:\/\/feirenses.com.br\/\" target=\"_blank\" aria-label=\"feirenses\"><img loading=\"lazy\" decoding=\"async\" src=\"https:\/\/blogdafeira.com.br\/home\/wp-content\/uploads\/2026\/04\/feirenses.png\" alt=\"\"  srcset=\"https:\/\/blogdafeira.com.br\/home\/wp-content\/uploads\/2026\/04\/feirenses.png 300w, https:\/\/blogdafeira.com.br\/home\/wp-content\/uploads\/2026\/04\/feirenses-170x45.png 170w, https:\/\/blogdafeira.com.br\/home\/wp-content\/uploads\/2026\/04\/feirenses-280x74.png 280w\" sizes=\"(max-width: 300px) 100vw, 300px\" class=\"no-lazyload\" width=\"300\" height=\"79\"  style=\"display: inline-block;\" \/><\/a><\/div>\n<p style=\"text-align: justify;\">Com roteiro de Jaqueline Sangalo, que tamb\u00e9m assina a dire\u00e7\u00e3o geral juntamente com Andrea Dorea, o document\u00e1rio \u201cCria\u00e7\u00e3o \u2013 o processo criativo em Roberval Pereyr\u201d \u00e9 dividido em 5 epis\u00f3dios: A Biblioteca; A Academia; Hera \u2013 a revista fant\u00e1stica; A Fam\u00edlia e O In\u00edcio.<\/p>\n<p style=\"text-align: justify;\">O lan\u00e7amento do document\u00e1rio est\u00e1 previsto para o in\u00edcio de abril de 2021 e ser\u00e1 disponibilizado gratuitamente no canal Roberval Pereyr no Youtube.<\/p>\n<p style=\"text-align: justify;\"><span style=\"font-weight: 400;\">Cada epis\u00f3dio do document\u00e1rio aborda um ponto importante na forma\u00e7\u00e3o e no desenvolvimento criativo do escritor. O objetivo \u00e9 apresentar ao p\u00fablico a obra e o processo criativo de Roberval Pereyr, assim como incentivar o desenvolvimento de novos talentos e levar o nome do escritor e da cidade de Feira de Santana para o rol da literatura nacional. <\/span><span style=\"font-weight: 400;\"><br \/>\n<\/span><span style=\"font-weight: 400;\"><br \/>\n<\/span><span style=\"font-weight: 400;\">\u201cO primeiro livro de Pereyr que li foi \u201cA Cacofonia sem D\u00f3\u201d, que trata da obra de Campos de Carvalho, autor que eu n\u00e3o conhecia. Ali eu entendi que Pereyr \u00e9 um daqueles escritores especiais, que desperta o interesse sobre tudo o que escreve\u201d, declara Jaqueline Sangalo. \u201cDois dos nossos principais objetivos com esse document\u00e1rio s\u00e3o contribuir com a forma\u00e7\u00e3o de novos talentos e valorizar a arte e literatura de Feira de Santana, apresentando-a para o resto do pa\u00eds\u201d, completa Sangalo.<\/span><\/p>\n<p style=\"text-align: justify;\"><span style=\"font-weight: 400;\">Gravado no Centro Universit\u00e1rio de Cultura e Arte (Cuca), local que faz parte da hist\u00f3ria de Pereyr, o document\u00e1rio teve a participa\u00e7\u00e3o de tr\u00eas filhos de Roberval, as cantoras Carol Pereyr e Camila Pereira e o m\u00fasico Tito Pereira, que assina a dire\u00e7\u00e3o musical. \u201cRoberval Pereyr \u00e9 um dos mais importantes poetas brasileiros de sua gera\u00e7\u00e3o. Agora o que muitos admiradores e f\u00e3s do poeta n\u00e3o sabem \u00e9 dessa importante faceta de Pereyr; a de compositor\u201d, explica Tito.\u00a0<\/span><\/p>\n<p style=\"text-align: justify;\"><span style=\"font-weight: 400;\">\u201cEsse document\u00e1rio p\u00f5e em relevo novamente uma amostra consistente de suas composi\u00e7\u00f5es, evidenciando o labor e a depura\u00e7\u00e3o art\u00edstica presente em toda sua obra\u201d, ressalta Tito. Tanto Carol quanto Tito t\u00eam m\u00fasicas compostas em parceria com o pai, que tamb\u00e9m tem o m\u00fasico Marcio Pazin como parceiro constante.<\/span><\/p>\n<p style=\"text-align: justify;\"><span style=\"font-weight: 400;\">Carol Pereyr, filha do escritor e a proponente do projeto, fala sobre a proposta do document\u00e1rio: \u201ca import\u00e2ncia de um document\u00e1rio como este, n\u00e3o s\u00f3 para Feira de Santana, mas tamb\u00e9m para o mundo, \u00e9 permitir a continuidade da mais apurada express\u00e3o da literatura contempor\u00e2nea. E ter meu pai, Roberval Pereyr, como protagonista neste contexto, trazendo genuinamente a riqueza da sua obra, suas palavras preciosas e men\u00e7\u00f5es de um enorme peculiar conhecimento, me faz sentir uma pessoa privilegiada e muito grata por poder vivenciar toda a constru\u00e7\u00e3o de algo extraordin\u00e1rio, que em breve estar\u00e1 ao alcance de todos\u201d.<\/span><\/p>\n<p style=\"text-align: justify;\"><b>Participa\u00e7\u00e3o dos filhos do poeta -Para<\/b><span style=\"font-weight: 400;\">\u00a0Roberval Pereyr, a participa\u00e7\u00e3o dos filhos neste document\u00e1rio foi uma importante realiza\u00e7\u00e3o para o escritor. \u201cEste document\u00e1rio assume car\u00e1ter ainda mais especial porque nele contamos com a participa\u00e7\u00e3o das filhas (Carol Pereyr e Camila Pereira) e do filho (Tito Pereira)\u201d, declara Roberval Pereyr. \u201cA participa\u00e7\u00e3o deles \u00e9 um exemplo concreto da import\u00e2ncia da cria\u00e7\u00e3o art\u00edstica em minha vida e na vida de toda a fam\u00edlia, o que, por si s\u00f3, \u00e9 j\u00e1 um dado bibliogr\u00e1fico bem relevante\u201d, conclui Pereyr.<\/span><\/p>\n<p style=\"text-align: justify;\"><span style=\"font-weight: 400;\">Sobre a escolha do Youtube como plataforma para disponibiliza\u00e7\u00e3o do document\u00e1rio, a diretora geral do projeto Andrea Dorea explica: \u201ca escolha de um canal como o Youtube para a distribui\u00e7\u00e3o desse projeto audiovisual \u00e9 estrat\u00e9gica pelo alcance que essa plataforma pode propor com os seus 2 bilh\u00f5es de usu\u00e1rios ativos mensais, sendo 133 milh\u00f5es somente no Brasil\u201d.<\/span><\/p>\n<p style=\"text-align: justify;\"><span style=\"font-weight: 400;\">Dorea ressalta tamb\u00e9m que o conte\u00fado do Youtube corresponde a 70% das indica\u00e7\u00f5es do Google, sendo que 29,8% busca conhecimento e 38,7% entretenimento nessa plataforma. \u201cPor m\u00eas, 40 milh\u00f5es de brasileiros assistem a pelo menos um v\u00eddeo do Youtube e o fato de ser um conte\u00fado gratuito contribui ainda mais para a democratiza\u00e7\u00e3o do acesso \u00e0 informa\u00e7\u00e3o\u201d, ressalta Dorea.<\/span><\/p>\n<p style=\"text-align: justify;\"><span style=\"font-weight: 400;\">O projeto foi contemplado pela lei Aldir Blanc, atrav\u00e9s da Secretaria de Cultura, Esporte e Lazer da Prefeitura de Feira de Santana. Para a grava\u00e7\u00e3o do document\u00e1rio o projeto recebeu o apoio de entidades e empres\u00e1rios locais como Centro Universit\u00e1rio de Cultura e Arte \u2013 Cuca, Hotel Acalanto, Claudia Almeida, Ortopedia Central, Rei da Esfirra, Tonha dos Salgados e Rancho Catarinense. <\/span><span style=\"font-weight: 400;\"><br \/>\n<\/span><span style=\"font-weight: 400;\"><br \/>\n<\/span><span style=\"font-weight: 400;\">\u201cAssim como as pol\u00edticas p\u00fablicas de incentivo \u00e0 cultura, o apoio do empresariado e das institui\u00e7\u00f5es locais s\u00e3o importantes para que esse setor que tamb\u00e9m movimenta a economia do munic\u00edpio. E nada mais justo do que nomear e valorizar esses parceiros da cultura\u201d, explica Jaqueline Sangalo.<\/span><\/p>\n<p style=\"text-align: justify;\"><b>Expediente:<\/b><b><br \/>\n<\/b><span style=\"font-weight: 400;\">Cria\u00e7\u00e3o \u2013 O Processo Criativo em Roberval Pereyr<\/span><span style=\"font-weight: 400;\"><br \/>\n<\/span><b>Lan\u00e7amento<\/b><span style=\"font-weight: 400;\">: abril 2021<\/span><span style=\"font-weight: 400;\"><br \/>\n<\/span><b>Fotos:<\/b><span style=\"font-weight: 400;\"> George Lima<\/span><span style=\"font-weight: 400;\"><br \/>\n<\/span><b>Youtube \u2013 Roberval Pereyr:<\/b> <a href=\"https:\/\/youtube.com\/channel\/UC3ZOxCb1GoCyLOFRBK_bW1g\"><span style=\"font-weight: 400;\">https:\/\/youtube.com\/channel\/UC3ZOxCb1GoCyLOFRBK_bW1g<\/span><span style=\"font-weight: 400;\"><br \/>\n<\/span><\/a><b>Contato Imprensa:<\/b><span style=\"font-weight: 400;\"> Elsimar Pond\u00e9 75 991218571 \/ <\/span><a href=\"mailto:elsimar.elsimar@gmail.com\"><span style=\"font-weight: 400;\">elsimar.elsimar@gmail.com<\/span><span style=\"font-weight: 400;\"><br \/>\n<\/span><\/a><b>Comunica\u00e7\u00e3o: <\/b><span style=\"font-weight: 400;\">Andrea Dorea 71 981970091 \/ <\/span><a href=\"mailto:doreasangalo@gmail.com\"><span style=\"font-weight: 400;\">doreasangalo@gmail.com<\/span><\/a><span style=\"font-weight: 400;\">\u00a0<\/span><\/p>\n<div id=\"blogd-3917884356\" class=\"blogd-final-post blogd-entity-placement\"><a href=\"https:\/\/www.feiradesantana.ba.leg.br\/\" target=\"_blank\" aria-label=\"BANNER-SITE-ENTREGADECHEQUE-CAMARADEFEIRA\"><img loading=\"lazy\" decoding=\"async\" src=\"https:\/\/blogdafeira.com.br\/home\/wp-content\/uploads\/2026\/03\/BANNER-SITE-ENTREGADECHEQUE-CAMARADEFEIRA.gif\" alt=\"\"  class=\"no-lazyload\" width=\"728\" height=\"90\"   \/><\/a><\/div><p style=\"text-align: justify;\"><span style=\"font-weight: 400;\">\u201cProjeto contemplado pelo Edital de Chamamento P\u00fablico N\u00ba 03\/2020 &#8211; Arte Livre e Cria\u00e7\u00e3o Art\u00edstica &#8211; Lei Aldir Blanc Feira de Santana, Prefeitura Municipal de Feira de Santana, por meio da Lei de Emerg\u00eancia Cultural Aldir Blanc, com recursos oriundo da Secretaria Especial da Cultura, Minist\u00e9rio do Turismo, Governo Federal\u201d.\u00a0<\/span><\/p>\n","protected":false},"excerpt":{"rendered":"<p>Nome conhecido no meio liter\u00e1rio pela import\u00e2ncia da sua obra, que j\u00e1 foi inclusive estudada em teses de mestrado e doutorado, o poeta Roberval Pereyr \u00e9 tema do document\u00e1rio que ir\u00e1 retratar sua vida e obra. Com roteiro de Jaqueline Sangalo, que tamb\u00e9m assina a dire\u00e7\u00e3o geral juntamente com Andrea Dorea, o document\u00e1rio \u201cCria\u00e7\u00e3o \u2013<\/p>\n","protected":false},"author":9,"featured_media":44620,"comment_status":"open","ping_status":"open","sticky":false,"template":"","format":"standard","meta":{"jetpack_post_was_ever_published":false,"cybocfi_hide_featured_image":"","_jetpack_newsletter_access":"","_jetpack_dont_email_post_to_subs":false,"_jetpack_newsletter_tier_id":0,"_jetpack_memberships_contains_paywalled_content":false,"_jetpack_memberships_contains_paid_content":false,"footnotes":"","jetpack_publicize_message":"","jetpack_publicize_feature_enabled":true,"jetpack_social_post_already_shared":true,"jetpack_social_options":{"image_generator_settings":{"template":"highway","default_image_id":0,"font":"","enabled":false},"version":2}},"categories":[4,1],"tags":[],"class_list":["post-44617","post","type-post","status-publish","format-standard","has-post-thumbnail","hentry","category-cultura","category-raiz"],"jetpack_publicize_connections":[],"jetpack_featured_media_url":"https:\/\/blogdafeira.com.br\/home\/wp-content\/uploads\/2021\/04\/Screenshot_20210404-1046012.png","jetpack_shortlink":"https:\/\/wp.me\/p3niVf-bBD","jetpack_sharing_enabled":true,"jetpack-related-posts":[{"id":10170,"url":"https:\/\/blogdafeira.com.br\/home\/2014\/04\/09\/poeta-roberval-pereyr-ganha-1o-lugar-no-premio-brasilia-de-literatura\/","url_meta":{"origin":44617,"position":0},"title":"Poeta Roberval Pereyr ganha 1\u00ba lugar no Pr\u00eamio Bras\u00edlia de Literatura","author":"Blog da Feira","date":"09\/04\/2014","format":false,"excerpt":"Foram anunciados no in\u00edcio da tarde desta quarta-feira os vencedores do 2\u00ba Pr\u00eamio Bras\u00edlia de Literatura, que distribui R$ 320 mil em pr\u00eamios para oito categorias: biografia, conto, cr\u00f4nica, infantil, juvenil, poesia, romance e reportagem. O primeiro colocado de cada categoria recebe R$ 30 mil e o segundo, R$ 10\u2026","rel":"","context":"Em &quot;Home&quot;","block_context":{"text":"Home","link":"https:\/\/blogdafeira.com.br\/home\/categoria\/raiz\/"},"img":{"alt_text":"","src":"","width":0,"height":0},"classes":[]},{"id":18805,"url":"https:\/\/blogdafeira.com.br\/home\/2016\/01\/01\/feliz-2016-ilustracao-de-borega-poema-de-roberval-pereyr\/","url_meta":{"origin":44617,"position":1},"title":"Feliz 2016! Ilustra\u00e7\u00e3o de Borega, poema de Roberval Pereyr","author":"Blog da Feira","date":"01\/01\/2016","format":false,"excerpt":"","rel":"","context":"Em &quot;Home&quot;","block_context":{"text":"Home","link":"https:\/\/blogdafeira.com.br\/home\/categoria\/raiz\/"},"img":{"alt_text":"BOREGAI","src":"https:\/\/i0.wp.com\/blogdafeira.com.br\/home\/wp-content\/uploads\/2016\/01\/BOREGAI.jpg?resize=350%2C200","width":350,"height":200,"srcset":"https:\/\/i0.wp.com\/blogdafeira.com.br\/home\/wp-content\/uploads\/2016\/01\/BOREGAI.jpg?resize=350%2C200 1x, https:\/\/i0.wp.com\/blogdafeira.com.br\/home\/wp-content\/uploads\/2016\/01\/BOREGAI.jpg?resize=525%2C300 1.5x, https:\/\/i0.wp.com\/blogdafeira.com.br\/home\/wp-content\/uploads\/2016\/01\/BOREGAI.jpg?resize=700%2C400 2x"},"classes":[]},{"id":5911,"url":"https:\/\/blogdafeira.com.br\/home\/2013\/11\/06\/poetas-e-escritores-de-feira-participam-da-bienal-do-livro-em-salvador\/","url_meta":{"origin":44617,"position":2},"title":"Poetas e escritores de Feira participam da Bienal do Livro em Salvador","author":"Blog da Feira","date":"06\/11\/2013","format":false,"excerpt":"Os poetas e escritores Ant\u00f4nio Brasileiro, Roberval Pereyr e Franklin Maxado participam da Bienal do Livro da Bahia, que come\u00e7a nesta sexta-feira em Salvador. Brasileiro lan\u00e7a um novo livro de contos e novelas intitulado\u00a0\u2018As Mem\u00f3rias Miraculosas de Nestor QuatorzeVoltas\u2019. Franklin Maxado lan\u00e7a a nova edi\u00e7\u00e3o pela Editora Queima-Bucha do festejado\u2026","rel":"","context":"Em &quot;Home&quot;","block_context":{"text":"Home","link":"https:\/\/blogdafeira.com.br\/home\/categoria\/raiz\/"},"img":{"alt_text":"BRASILEIRO F","src":"https:\/\/i0.wp.com\/blogdafeira.com.br\/home\/wp-content\/uploads\/2013\/10\/BRASILEIRO-F-208x300.jpg?resize=350%2C200","width":350,"height":200},"classes":[]},{"id":71687,"url":"https:\/\/blogdafeira.com.br\/home\/2026\/03\/14\/feira-de-santana-na-poesia-de-quatro-poetas\/","url_meta":{"origin":44617,"position":3},"title":"A Cidade na Poesia de Quatro Poetas da Feira","author":"Blog da Feira","date":"14\/03\/2026","format":false,"excerpt":"Duas \u00e9pocas, cen\u00e1rios e h\u00e1bitos diferentes da Feira de Santana. Quatro Poetas da Feira: Eurico Alves e Godofredo Filho, vivenciaram a cidade do \"ch\u00e3o de p\u00f3\", das feiras livres, j\u00e1 Ant\u00f4nio Brasileiro e Roberval Pereyr s\u00e3o poetas de uma Feira do barulho do motor e da complexidade urbana. Dizem os\u2026","rel":"","context":"Em &quot;Cidade&quot;","block_context":{"text":"Cidade","link":"https:\/\/blogdafeira.com.br\/home\/categoria\/cidade\/"},"img":{"alt_text":"","src":"https:\/\/i0.wp.com\/blogdafeira.com.br\/home\/wp-content\/uploads\/2026\/03\/InShot_20260314_005955549.jpg?resize=350%2C200&ssl=1","width":350,"height":200,"srcset":"https:\/\/i0.wp.com\/blogdafeira.com.br\/home\/wp-content\/uploads\/2026\/03\/InShot_20260314_005955549.jpg?resize=350%2C200&ssl=1 1x, https:\/\/i0.wp.com\/blogdafeira.com.br\/home\/wp-content\/uploads\/2026\/03\/InShot_20260314_005955549.jpg?resize=525%2C300&ssl=1 1.5x, https:\/\/i0.wp.com\/blogdafeira.com.br\/home\/wp-content\/uploads\/2026\/03\/InShot_20260314_005955549.jpg?resize=700%2C400&ssl=1 2x, https:\/\/i0.wp.com\/blogdafeira.com.br\/home\/wp-content\/uploads\/2026\/03\/InShot_20260314_005955549.jpg?resize=1050%2C600&ssl=1 3x, https:\/\/i0.wp.com\/blogdafeira.com.br\/home\/wp-content\/uploads\/2026\/03\/InShot_20260314_005955549.jpg?resize=1400%2C800&ssl=1 4x"},"classes":[]},{"id":17078,"url":"https:\/\/blogdafeira.com.br\/home\/2015\/10\/14\/tres-poetas-de-feira-de-santanna-na-festa-de-literaria-de-cachoeira\/","url_meta":{"origin":44617,"position":4},"title":"Tr\u00eas poetas de Feira de Sant&#8217;Anna na Festa Liter\u00e1ria de Cachoeira","author":"Blog da Feira","date":"14\/10\/2015","format":false,"excerpt":"Clarissa Macedo, Roberval Pereyr e Silv\u00e9rio Duque, s\u00e3o tr\u00eas poetas feirense que est\u00e3o na programa\u00e7\u00e3o oficial da Festa Liter\u00e1ria de Cachoeira 2014 que come\u00e7a hoje e vai at\u00e9 o pr\u00f3ximo dia 18. Na noite de hoje os escritores Igor Gielow e Ant\u00f4nio Torres \u00a0dar\u00e3o a t\u00f4nica da primeira mesa liter\u00e1ria,\u2026","rel":"","context":"Em &quot;Home&quot;","block_context":{"text":"Home","link":"https:\/\/blogdafeira.com.br\/home\/categoria\/raiz\/"},"img":{"alt_text":"poetas-feirenses-flica","src":"https:\/\/i0.wp.com\/blogdafeira.com.br\/home\/wp-content\/uploads\/2015\/10\/poetas-feirenses-flica.jpg?resize=350%2C200","width":350,"height":200,"srcset":"https:\/\/i0.wp.com\/blogdafeira.com.br\/home\/wp-content\/uploads\/2015\/10\/poetas-feirenses-flica.jpg?resize=350%2C200 1x, https:\/\/i0.wp.com\/blogdafeira.com.br\/home\/wp-content\/uploads\/2015\/10\/poetas-feirenses-flica.jpg?resize=525%2C300 1.5x, https:\/\/i0.wp.com\/blogdafeira.com.br\/home\/wp-content\/uploads\/2015\/10\/poetas-feirenses-flica.jpg?resize=700%2C400 2x"},"classes":[]},{"id":62263,"url":"https:\/\/blogdafeira.com.br\/home\/2024\/05\/27\/62263\/","url_meta":{"origin":44617,"position":5},"title":"&#8220;Cole\u00e7\u00e3o Olho D&#8217;\u00e1gua&#8221;, poetas e escritores em seus primeiros passos","author":"Blog da Feira","date":"27\/05\/2024","format":false,"excerpt":"Essa raridade foi editada em 1983. Esse \u00e9 o volume cinco dessa cole\u00e7\u00e3o \u2018Olho D\u2019\u00c1gua\u2019,criada pela Prefeitura da Feira de Santana, \u201cdestinada \u00e0 editora\u00e7\u00e3o de poetas e escritores ainda em seus primeiros passos\u201d. Nessa edi\u00e7\u00e3o os \u201cprimeiros passos\u201d foram de Trazibulo Henrique Pardo Casas com o livro de poemas \u201cexplica\u00e7\u00f5es\u2026","rel":"","context":"Em &quot;Cultura&quot;","block_context":{"text":"Cultura","link":"https:\/\/blogdafeira.com.br\/home\/categoria\/cultura\/"},"img":{"alt_text":"","src":"https:\/\/i0.wp.com\/blogdafeira.com.br\/home\/wp-content\/uploads\/2024\/05\/IMG_20240527_125036290-scaled.jpg?resize=350%2C200&ssl=1","width":350,"height":200,"srcset":"https:\/\/i0.wp.com\/blogdafeira.com.br\/home\/wp-content\/uploads\/2024\/05\/IMG_20240527_125036290-scaled.jpg?resize=350%2C200&ssl=1 1x, https:\/\/i0.wp.com\/blogdafeira.com.br\/home\/wp-content\/uploads\/2024\/05\/IMG_20240527_125036290-scaled.jpg?resize=525%2C300&ssl=1 1.5x, https:\/\/i0.wp.com\/blogdafeira.com.br\/home\/wp-content\/uploads\/2024\/05\/IMG_20240527_125036290-scaled.jpg?resize=700%2C400&ssl=1 2x, https:\/\/i0.wp.com\/blogdafeira.com.br\/home\/wp-content\/uploads\/2024\/05\/IMG_20240527_125036290-scaled.jpg?resize=1050%2C600&ssl=1 3x, https:\/\/i0.wp.com\/blogdafeira.com.br\/home\/wp-content\/uploads\/2024\/05\/IMG_20240527_125036290-scaled.jpg?resize=1400%2C800&ssl=1 4x"},"classes":[]}],"_links":{"self":[{"href":"https:\/\/blogdafeira.com.br\/home\/wp-json\/wp\/v2\/posts\/44617","targetHints":{"allow":["GET"]}}],"collection":[{"href":"https:\/\/blogdafeira.com.br\/home\/wp-json\/wp\/v2\/posts"}],"about":[{"href":"https:\/\/blogdafeira.com.br\/home\/wp-json\/wp\/v2\/types\/post"}],"author":[{"embeddable":true,"href":"https:\/\/blogdafeira.com.br\/home\/wp-json\/wp\/v2\/users\/9"}],"replies":[{"embeddable":true,"href":"https:\/\/blogdafeira.com.br\/home\/wp-json\/wp\/v2\/comments?post=44617"}],"version-history":[{"count":2,"href":"https:\/\/blogdafeira.com.br\/home\/wp-json\/wp\/v2\/posts\/44617\/revisions"}],"predecessor-version":[{"id":44683,"href":"https:\/\/blogdafeira.com.br\/home\/wp-json\/wp\/v2\/posts\/44617\/revisions\/44683"}],"wp:featuredmedia":[{"embeddable":true,"href":"https:\/\/blogdafeira.com.br\/home\/wp-json\/wp\/v2\/media\/44620"}],"wp:attachment":[{"href":"https:\/\/blogdafeira.com.br\/home\/wp-json\/wp\/v2\/media?parent=44617"}],"wp:term":[{"taxonomy":"category","embeddable":true,"href":"https:\/\/blogdafeira.com.br\/home\/wp-json\/wp\/v2\/categories?post=44617"},{"taxonomy":"post_tag","embeddable":true,"href":"https:\/\/blogdafeira.com.br\/home\/wp-json\/wp\/v2\/tags?post=44617"}],"curies":[{"name":"wp","href":"https:\/\/api.w.org\/{rel}","templated":true}]}}