{"id":45283,"date":"2021-05-05T16:08:42","date_gmt":"2021-05-05T19:08:42","guid":{"rendered":"https:\/\/blogdafeira.com.br\/home\/?p=45283"},"modified":"2021-05-07T23:04:29","modified_gmt":"2021-05-08T02:04:29","slug":"abuso-judicial-contra-jornalistas-amicus-curiae-em-acao-da-abi","status":"publish","type":"post","link":"https:\/\/blogdafeira.com.br\/home\/2021\/05\/05\/abuso-judicial-contra-jornalistas-amicus-curiae-em-acao-da-abi\/","title":{"rendered":"&#8216;Abuso judicial&#8217; contra jornalistas; Amicus Curiae em a\u00e7\u00e3o da ABI"},"content":{"rendered":"<div data-width=\"800px\" data-minwidth=\"\" data-maxwidth=\"800px\">\n<div id=\"blogd-74669629\" class=\"blogd-fim-do-post-mobile blogd-entity-placement\" style=\"margin-left: auto;margin-right: auto;text-align: center;\"><a href=\"https:\/\/www.sefaz.feiradesantana.ba.gov.br\/\" target=\"_blank\" aria-label=\"728&#215;90 (6)\"><img loading=\"lazy\" decoding=\"async\" src=\"https:\/\/blogdafeira.com.br\/home\/wp-content\/uploads\/2026\/03\/728x90-6.gif\" alt=\"\"  class=\"no-lazyload\" width=\"728\" height=\"90\"  style=\"display: inline-block;\" \/><\/a><\/div><p style=\"text-align: justify;\">Associa\u00e7\u00e3o Brasileira de Juristas pela Democracia (ABJD), a Associa\u00e7\u00e3o Advogadas e Advogados P\u00fablicos para a Democracia (APD) e o Coletivo por um Minist\u00e9rio P\u00fablico Transformador (Transforma MP) ingressaram na ter\u00e7a-feira, 4, com um pedido de Amicus Curiae (Amigos da Corte) no Supremo Tribunal Federal (STF), para contribuir com o debate sobre a A\u00e7\u00e3o Direta de Inconstitucionalidade (ADI) 6792, que foi ajuizada pela Associa\u00e7\u00e3o Brasileira de Imprensa (ABI), e contesta o emprego abusivo de a\u00e7\u00f5es judiciais de repara\u00e7\u00e3o de danos materiais e morais com o intuito de impedir a atua\u00e7\u00e3o livre de jornalistas e \u00f3rg\u00e3os de imprensa.<\/p><div id=\"blogd-917114582\" class=\"blogd-conteudo-2-mobile blogd-entity-placement\"><a href=\"https:\/\/feirenses.com.br\/\" target=\"_blank\" aria-label=\"feirenses\"><img loading=\"lazy\" decoding=\"async\" src=\"https:\/\/blogdafeira.com.br\/home\/wp-content\/uploads\/2026\/04\/feirenses.png\" alt=\"\"  srcset=\"https:\/\/blogdafeira.com.br\/home\/wp-content\/uploads\/2026\/04\/feirenses.png 300w, https:\/\/blogdafeira.com.br\/home\/wp-content\/uploads\/2026\/04\/feirenses-170x45.png 170w, https:\/\/blogdafeira.com.br\/home\/wp-content\/uploads\/2026\/04\/feirenses-280x74.png 280w\" sizes=\"(max-width: 300px) 100vw, 300px\" class=\"no-lazyload\" width=\"300\" height=\"79\"  style=\"display: inline-block;\" \/><\/a><\/div>\n<\/div>\n<div style=\"text-align: justify;\" data-width=\"800px\" data-minwidth=\"\" data-maxwidth=\"800px\">\n<p>De acordo com os juristas, a A\u00e7\u00e3o da ABI denuncia pr\u00e1ticas que &#8220;empobrecem progressivamente a esfera p\u00fablica no Brasil, concorrendo para a eros\u00e3o das bases do regime democr\u00e1tico&#8221; e descreve um quadro de &#8220;amea\u00e7as a jornalistas e ativistas&#8221;, &#8220;hostiliza\u00e7\u00e3o progressiva de profissionais de imprensa por autoridades governamentais e apoiadores&#8221;, &#8220;instaura\u00e7\u00e3o de procedimentos de responsabiliza\u00e7\u00e3o criminal&#8221; pelo governo, com base na Lei de Seguran\u00e7a Nacional, &#8220;restri\u00e7\u00f5es administrativas \u00e0 liberdade de express\u00e3o de professores e pesquisadores&#8221;, &#8220;imposi\u00e7\u00e3o de censura por decis\u00f5es judiciais a mat\u00e9rias jornal\u00edsticas&#8221;, &#8220;imposi\u00e7\u00e3o de indeniza\u00e7\u00f5es desproporcionais&#8221; e &#8220;ajuizamento de a\u00e7\u00f5es de repara\u00e7\u00e3o de danos&#8221; contra jornalistas e \u00f3rg\u00e3os de imprensa, &#8220;com o prop\u00f3sito de lhes impor constri\u00e7\u00e3o econ\u00f4mica e de dificultar o exerc\u00edcio do direito de defesa&#8221;.<\/p>\n<p>A ABI aponta que est\u00e3o sendo violados o art. 5\u00ba, IV e IX, e art. 220, caput, \u00a7\u00a7 1\u00ba e 2\u00ba, da Constitui\u00e7\u00e3o Federal, que veda a censura e protege o direito \u00e0 informa\u00e7\u00e3o jornal\u00edstica. A entidade pede a concess\u00e3o da liminar para que, at\u00e9 o julgamento definitivo da a\u00e7\u00e3o, seja determinada a suspens\u00e3o dos processos instaurados para promover a responsabiliza\u00e7\u00e3o civil de jornalistas e \u00f3rg\u00e3os de imprensa, bem como das execu\u00e7\u00f5es das senten\u00e7as condenat\u00f3rias j\u00e1 proferidas. Por fim, requer a interpreta\u00e7\u00e3o, conforme a Constitui\u00e7\u00e3o Federal (CF), de dispositivos do C\u00f3digo Civil e do C\u00f3digo de Processo Civil com o intuito de coibir o emprego abusivo de a\u00e7\u00f5es de repara\u00e7\u00e3o de danos.<\/p>\n<\/div>\n<div style=\"text-align: justify;\" data-width=\"800px\" data-minwidth=\"\" data-maxwidth=\"800px\">\n<p>A ABJD, APD e Transforma MP refor\u00e7am que o princ\u00edpio geral da liberdade de express\u00e3o, em que a liberdade de imprensa se insere, \u00e9 condi\u00e7\u00e3o necess\u00e1ria \u00e0 exist\u00eancia e \u00e0 manuten\u00e7\u00e3o de um Estado democr\u00e1tico. &#8220;\u00c9 principalmente por meio de not\u00edcias e mat\u00e9rias veiculadas nos meios de comunica\u00e7\u00e3o de massa que os cidad\u00e3os se informam sobre fatos de interesse social, pol\u00edtico. Informa\u00e7\u00f5es que s\u00e3o essenciais para que possam realizar escolhas mais conscientes de seus representantes. A liberdade de imprensa, pelo prisma amplo da liberdade de comunica\u00e7\u00e3o social, tem no direito \u00e0 informa\u00e7\u00e3o o seu n\u00facleo principal, o direito de se informar e de ser informado&#8221;, definem.<\/p>\n<\/div>\n<div id=\"blogd-3842145431\" class=\"blogd-final-post blogd-entity-placement\"><a href=\"https:\/\/www.feiradesantana.ba.leg.br\/\" target=\"_blank\" aria-label=\"BANNER-SITE-ENTREGADECHEQUE-CAMARADEFEIRA\"><img loading=\"lazy\" decoding=\"async\" src=\"https:\/\/blogdafeira.com.br\/home\/wp-content\/uploads\/2026\/03\/BANNER-SITE-ENTREGADECHEQUE-CAMARADEFEIRA.gif\" alt=\"\"  class=\"no-lazyload\" width=\"728\" height=\"90\"   \/><\/a><\/div><div style=\"text-align: justify;\"><a href=\"https:\/\/yanqudiriarange.i-mpr.com\/link.php?code=bDpodHRwJTNBJTJGJTJGd3d3LmktbXByLmNvbSUyRnMlMkYwNTA1JTJGZTAucGRmOjE5MzQ3Mzc0NDM6amFuaW9yZWdvQGJsb2dkYWZlaXJhLmNvbS5icjoxOWYyOTM=\" target=\"_blank\" rel=\"noopener noreferrer\" data-saferedirecturl=\"https:\/\/www.google.com\/url?q=https:\/\/yanqudiriarange.i-mpr.com\/link.php?code%3DbDpodHRwJTNBJTJGJTJGd3d3LmktbXByLmNvbSUyRnMlMkYwNTA1JTJGZTAucGRmOjE5MzQ3Mzc0NDM6amFuaW9yZWdvQGJsb2dkYWZlaXJhLmNvbS5icjoxOWYyOTM%3D&amp;source=gmail&amp;ust=1620323480482000&amp;usg=AFQjCNEA1mCtBlFR_CtCjjn0SHvidCo1Sg\">AMICUS ADI ABI.pdf<\/a><\/div>\n","protected":false},"excerpt":{"rendered":"<p>Associa\u00e7\u00e3o Brasileira de Juristas pela Democracia (ABJD), a Associa\u00e7\u00e3o Advogadas e Advogados P\u00fablicos para a Democracia (APD) e o Coletivo por um Minist\u00e9rio P\u00fablico Transformador (Transforma MP) ingressaram na ter\u00e7a-feira, 4, com um pedido de Amicus Curiae (Amigos da Corte) no Supremo Tribunal Federal (STF), para contribuir com o debate sobre a A\u00e7\u00e3o Direta de<\/p>\n","protected":false},"author":1,"featured_media":45285,"comment_status":"open","ping_status":"open","sticky":false,"template":"","format":"standard","meta":{"jetpack_post_was_ever_published":false,"cybocfi_hide_featured_image":"","_jetpack_newsletter_access":"","_jetpack_dont_email_post_to_subs":false,"_jetpack_newsletter_tier_id":0,"_jetpack_memberships_contains_paywalled_content":false,"_jetpack_memberships_contains_paid_content":false,"footnotes":"","jetpack_publicize_message":"","jetpack_publicize_feature_enabled":true,"jetpack_social_post_already_shared":true,"jetpack_social_options":{"image_generator_settings":{"template":"highway","default_image_id":0,"font":"","enabled":false},"version":2}},"categories":[751,1],"tags":[],"class_list":["post-45283","post","type-post","status-publish","format-standard","has-post-thumbnail","hentry","category-geral","category-raiz"],"jetpack_publicize_connections":[],"jetpack_featured_media_url":"https:\/\/blogdafeira.com.br\/home\/wp-content\/uploads\/2021\/05\/images-2.jpeg","jetpack_shortlink":"https:\/\/wp.me\/p3niVf-bMn","jetpack_sharing_enabled":true,"jetpack-related-posts":[{"id":37588,"url":"https:\/\/blogdafeira.com.br\/home\/2020\/05\/08\/walter-da-silveira-e-o-cinema-moderno-no-brasil-o-livro-arquivo\/","url_meta":{"origin":45283,"position":0},"title":"\u201cWalter da Silveira e o cinema moderno no Brasil\u201d, o livro-arquivo","author":"Associa\u00e7\u00e3o de Juristas pela Democracia","date":"08\/05\/2020","format":false,"excerpt":"\u201cWalter da Silveira e o cinema moderno no Brasil\u201d \u00e9 o t\u00edtulo do primeiro produto desenvolvido a partir de acervo de Walter da Silveira em posse da Associa\u00e7\u00e3o Bahiana de Imprensa (ABI). O livro-arquivo, em fase final de editora\u00e7\u00e3o, \u00e9 derivado de uma pesquisa coordenada por Cyntia Nogueira, professora do\u2026","rel":"","context":"Em &quot;Cultura&quot;","block_context":{"text":"Cultura","link":"https:\/\/blogdafeira.com.br\/home\/categoria\/cultura\/"},"img":{"alt_text":"","src":"https:\/\/i0.wp.com\/blogdafeira.com.br\/home\/wp-content\/uploads\/2020\/05\/Walter-da-Silveira-Cinemateca-Brasileira.png?resize=350%2C200&ssl=1","width":350,"height":200,"srcset":"https:\/\/i0.wp.com\/blogdafeira.com.br\/home\/wp-content\/uploads\/2020\/05\/Walter-da-Silveira-Cinemateca-Brasileira.png?resize=350%2C200&ssl=1 1x, https:\/\/i0.wp.com\/blogdafeira.com.br\/home\/wp-content\/uploads\/2020\/05\/Walter-da-Silveira-Cinemateca-Brasileira.png?resize=525%2C300&ssl=1 1.5x, https:\/\/i0.wp.com\/blogdafeira.com.br\/home\/wp-content\/uploads\/2020\/05\/Walter-da-Silveira-Cinemateca-Brasileira.png?resize=700%2C400&ssl=1 2x"},"classes":[]},{"id":59064,"url":"https:\/\/blogdafeira.com.br\/home\/2023\/08\/14\/novo-romance-de-jolivaldo-freitas-sera-lancado-em-festa-de-93-anos-da-abi\/","url_meta":{"origin":45283,"position":1},"title":"Novo romance de Jolivaldo Freitas ser\u00e1 lan\u00e7ado em festa de 93 anos da ABI","author":"Associa\u00e7\u00e3o de Juristas pela Democracia","date":"14\/08\/2023","format":false,"excerpt":"H\u00e1 93 anos, no dia 17 de agosto de 1930, nascia a Associa\u00e7\u00e3o Bahiana de Imprensa. Idealizada pelo farmac\u00eautico e jornalista Thales de Freitas, a institui\u00e7\u00e3o floresceu em um momento no qual a Bahia contava com cerca de 50 publica\u00e7\u00f5es, entre jornais di\u00e1rios, semanais e revistas, e atravessava tens\u00f5es pol\u00edtico-sociais.\u2026","rel":"","context":"Em &quot;Cultura&quot;","block_context":{"text":"Cultura","link":"https:\/\/blogdafeira.com.br\/home\/categoria\/cultura\/"},"img":{"alt_text":"","src":"https:\/\/i0.wp.com\/blogdafeira.com.br\/home\/wp-content\/uploads\/2023\/08\/Batalhao-dos-Zuavos-Baianos-e-tema-de-novo-livro-d01237674002023080413432.jpeg?resize=350%2C200&ssl=1","width":350,"height":200,"srcset":"https:\/\/i0.wp.com\/blogdafeira.com.br\/home\/wp-content\/uploads\/2023\/08\/Batalhao-dos-Zuavos-Baianos-e-tema-de-novo-livro-d01237674002023080413432.jpeg?resize=350%2C200&ssl=1 1x, https:\/\/i0.wp.com\/blogdafeira.com.br\/home\/wp-content\/uploads\/2023\/08\/Batalhao-dos-Zuavos-Baianos-e-tema-de-novo-livro-d01237674002023080413432.jpeg?resize=525%2C300&ssl=1 1.5x, https:\/\/i0.wp.com\/blogdafeira.com.br\/home\/wp-content\/uploads\/2023\/08\/Batalhao-dos-Zuavos-Baianos-e-tema-de-novo-livro-d01237674002023080413432.jpeg?resize=700%2C400&ssl=1 2x"},"classes":[]},{"id":35875,"url":"https:\/\/blogdafeira.com.br\/home\/2020\/03\/03\/orquestra-sinfonica-na-abi-segunda-feira-em-salvador-com-nova-serie-lunar\/","url_meta":{"origin":45283,"position":2},"title":"Orquestra Sinf\u00f4nica na ABI segunda-feira em Salvador com nova S\u00e9rie Lunar","author":"Associa\u00e7\u00e3o de Juristas pela Democracia","date":"03\/03\/2020","format":false,"excerpt":"A Orquestra Sinf\u00f4nica da Universidade Federal da Bahia (Osufba) far\u00e1 a primeira apresenta\u00e7\u00e3o da segunda temporada da S\u00e9rie Lunar, uma parceria entre a Associa\u00e7\u00e3o Bahiana de Imprensa (ABI) e a Escola de M\u00fasica da UFBA (Emus). O Oprojeto oferece \u00e0 popula\u00e7\u00e3o, sempre \u00e0s noites de lua cheia, momentos musicais com\u2026","rel":"","context":"Em &quot;Cultura&quot;","block_context":{"text":"Cultura","link":"https:\/\/blogdafeira.com.br\/home\/categoria\/cultura\/"},"img":{"alt_text":"","src":"https:\/\/i0.wp.com\/blogdafeira.com.br\/home\/wp-content\/uploads\/2020\/03\/osufba_Brisa-Andrade-768x768-1.jpg?resize=350%2C200&ssl=1","width":350,"height":200,"srcset":"https:\/\/i0.wp.com\/blogdafeira.com.br\/home\/wp-content\/uploads\/2020\/03\/osufba_Brisa-Andrade-768x768-1.jpg?resize=350%2C200&ssl=1 1x, https:\/\/i0.wp.com\/blogdafeira.com.br\/home\/wp-content\/uploads\/2020\/03\/osufba_Brisa-Andrade-768x768-1.jpg?resize=525%2C300&ssl=1 1.5x, https:\/\/i0.wp.com\/blogdafeira.com.br\/home\/wp-content\/uploads\/2020\/03\/osufba_Brisa-Andrade-768x768-1.jpg?resize=700%2C400&ssl=1 2x"},"classes":[]},{"id":20095,"url":"https:\/\/blogdafeira.com.br\/home\/2016\/03\/15\/bob-fernandes-e-o-convidado-do-sarau-da-imprensa-em-salvador-dia-24\/","url_meta":{"origin":45283,"position":3},"title":"Bob Fernandes \u00e9 o convidado do Sarau da Imprensa em Salvador dia 24","author":"Associa\u00e7\u00e3o de Juristas pela Democracia","date":"15\/03\/2016","format":false,"excerpt":"Bob Fernandes \u00e9 o convidado da terceira edi\u00e7\u00e3o do Sarau da Imprensa.\u00a0O encontro ocorre na pr\u00f3xima semana, \u00a0quinta-feira, 24 ,\u00a0na\u00a0sede da Associa\u00e7\u00e3o Bahiana de Imprensa (ABI),\u00a0no Centro Hist\u00f3rico de Salvador. O tema \u00a0\u00e9 \u201cA Escrita e o Poder\u201d De acordo com o jornalista e idealizador do evento,\u00a0Ernesto Marques,\u00a0a escolha de\u2026","rel":"","context":"Em &quot;Home&quot;","block_context":{"text":"Home","link":"https:\/\/blogdafeira.com.br\/home\/categoria\/raiz\/"},"img":{"alt_text":"Bob Fernandes - Arquivo","src":"https:\/\/i0.wp.com\/blogdafeira.com.br\/home\/wp-content\/uploads\/2016\/03\/Bob-Fernandes-Arquivo-346x243.jpg?resize=350%2C200","width":350,"height":200},"classes":[]},{"id":58910,"url":"https:\/\/blogdafeira.com.br\/home\/2023\/08\/05\/zuavos-baianos-sao-tema-do-novo-livro-de-jolivaldo-freitas\/","url_meta":{"origin":45283,"position":4},"title":"Zuavos baianos s\u00e3o tema do novo livro de Jolivaldo Freitas","author":"Associa\u00e7\u00e3o de Juristas pela Democracia","date":"05\/08\/2023","format":false,"excerpt":"A hist\u00f3ria dos Zuavos Baianos, batalh\u00e3o de soldados negros e mesti\u00e7os que lutou na Guerra do Paraguai, \u00e9 tema do novo livro do jornalista e escritor Jolivaldo Freitas. Intitulado \"A Peleja dos Zuavos Baianos contra Dom Pedro, os Ga\u00fachos e o Satan\u00e1s\", o romance se divide entre a realidade hist\u00f3rica\u2026","rel":"","context":"Em &quot;Cultura&quot;","block_context":{"text":"Cultura","link":"https:\/\/blogdafeira.com.br\/home\/categoria\/cultura\/"},"img":{"alt_text":"","src":"https:\/\/i0.wp.com\/blogdafeira.com.br\/home\/wp-content\/uploads\/2023\/08\/Batalhao-dos-Zuavos-Baianos-e-tema-de-novo-livro-d01237674002023080413432.jpeg?resize=350%2C200&ssl=1","width":350,"height":200,"srcset":"https:\/\/i0.wp.com\/blogdafeira.com.br\/home\/wp-content\/uploads\/2023\/08\/Batalhao-dos-Zuavos-Baianos-e-tema-de-novo-livro-d01237674002023080413432.jpeg?resize=350%2C200&ssl=1 1x, https:\/\/i0.wp.com\/blogdafeira.com.br\/home\/wp-content\/uploads\/2023\/08\/Batalhao-dos-Zuavos-Baianos-e-tema-de-novo-livro-d01237674002023080413432.jpeg?resize=525%2C300&ssl=1 1.5x, https:\/\/i0.wp.com\/blogdafeira.com.br\/home\/wp-content\/uploads\/2023\/08\/Batalhao-dos-Zuavos-Baianos-e-tema-de-novo-livro-d01237674002023080413432.jpeg?resize=700%2C400&ssl=1 2x"},"classes":[]},{"id":54177,"url":"https:\/\/blogdafeira.com.br\/home\/2022\/09\/01\/nova-diretoria-do-sindicato-dos-jornalistas-toma-posse-neste-sabado\/","url_meta":{"origin":45283,"position":5},"title":"Nova diretoria do Sindicato dos Jornalistas toma posse neste s\u00e1bado","author":"Associa\u00e7\u00e3o de Juristas pela Democracia","date":"01\/09\/2022","format":false,"excerpt":"Unir a categoria em torno do Sindicato e da Fenaj. Esse \u00e9 o grande desafio da nova diretoria do Sinjorba, que foi eleita dias 27 e 28 de julho passado, em pleito realizado de maneira online. E essa tarefa come\u00e7a j\u00e1, com a posse no s\u00e1bado (03), 9h, em solenidade\u2026","rel":"","context":"Em &quot;Geral&quot;","block_context":{"text":"Geral","link":"https:\/\/blogdafeira.com.br\/home\/categoria\/geral\/"},"img":{"alt_text":"","src":"https:\/\/i0.wp.com\/blogdafeira.com.br\/home\/wp-content\/uploads\/2022\/09\/af35f1371c8dd11a119b93d1b9d734e8_1575924274.jpg?resize=350%2C200&ssl=1","width":350,"height":200,"srcset":"https:\/\/i0.wp.com\/blogdafeira.com.br\/home\/wp-content\/uploads\/2022\/09\/af35f1371c8dd11a119b93d1b9d734e8_1575924274.jpg?resize=350%2C200&ssl=1 1x, https:\/\/i0.wp.com\/blogdafeira.com.br\/home\/wp-content\/uploads\/2022\/09\/af35f1371c8dd11a119b93d1b9d734e8_1575924274.jpg?resize=525%2C300&ssl=1 1.5x, https:\/\/i0.wp.com\/blogdafeira.com.br\/home\/wp-content\/uploads\/2022\/09\/af35f1371c8dd11a119b93d1b9d734e8_1575924274.jpg?resize=700%2C400&ssl=1 2x"},"classes":[]}],"_links":{"self":[{"href":"https:\/\/blogdafeira.com.br\/home\/wp-json\/wp\/v2\/posts\/45283","targetHints":{"allow":["GET"]}}],"collection":[{"href":"https:\/\/blogdafeira.com.br\/home\/wp-json\/wp\/v2\/posts"}],"about":[{"href":"https:\/\/blogdafeira.com.br\/home\/wp-json\/wp\/v2\/types\/post"}],"author":[{"embeddable":true,"href":"https:\/\/blogdafeira.com.br\/home\/wp-json\/wp\/v2\/users\/1"}],"replies":[{"embeddable":true,"href":"https:\/\/blogdafeira.com.br\/home\/wp-json\/wp\/v2\/comments?post=45283"}],"version-history":[{"count":2,"href":"https:\/\/blogdafeira.com.br\/home\/wp-json\/wp\/v2\/posts\/45283\/revisions"}],"predecessor-version":[{"id":45321,"href":"https:\/\/blogdafeira.com.br\/home\/wp-json\/wp\/v2\/posts\/45283\/revisions\/45321"}],"wp:featuredmedia":[{"embeddable":true,"href":"https:\/\/blogdafeira.com.br\/home\/wp-json\/wp\/v2\/media\/45285"}],"wp:attachment":[{"href":"https:\/\/blogdafeira.com.br\/home\/wp-json\/wp\/v2\/media?parent=45283"}],"wp:term":[{"taxonomy":"category","embeddable":true,"href":"https:\/\/blogdafeira.com.br\/home\/wp-json\/wp\/v2\/categories?post=45283"},{"taxonomy":"post_tag","embeddable":true,"href":"https:\/\/blogdafeira.com.br\/home\/wp-json\/wp\/v2\/tags?post=45283"}],"curies":[{"name":"wp","href":"https:\/\/api.w.org\/{rel}","templated":true}]}}