{"id":45457,"date":"2021-05-17T18:14:23","date_gmt":"2021-05-17T21:14:23","guid":{"rendered":"https:\/\/blogdafeira.com.br\/home\/?p=45457"},"modified":"2021-05-19T17:57:37","modified_gmt":"2021-05-19T20:57:37","slug":"mais-um-sao-joao-de-nostalgia-para-o-nordestino","status":"publish","type":"post","link":"https:\/\/blogdafeira.com.br\/home\/2021\/05\/17\/mais-um-sao-joao-de-nostalgia-para-o-nordestino\/","title":{"rendered":"Mais um S\u00e3o Jo\u00e3o de nostalgia para o nordestino"},"content":{"rendered":"<div id=\"blogd-387519523\" class=\"blogd-fim-do-post-mobile blogd-entity-placement\" style=\"margin-left: auto;margin-right: auto;text-align: center;\"><a href=\"https:\/\/www.sefaz.feiradesantana.ba.gov.br\/\" target=\"_blank\" aria-label=\"728&#215;90 (6)\"><img loading=\"lazy\" decoding=\"async\" src=\"https:\/\/blogdafeira.com.br\/home\/wp-content\/uploads\/2026\/03\/728x90-6.gif\" alt=\"\"  class=\"no-lazyload\" width=\"728\" height=\"90\"  style=\"display: inline-block;\" \/><\/a><\/div><p style=\"text-align: justify;\">Nestes estranhos dias pand\u00eamicos, o ocasional som contagiante de um forr\u00f3 resgata a lembran\u00e7a de que o S\u00e3o Jo\u00e3o est\u00e1 se aproximando. Falta pouco mais de um m\u00eas. S\u00f3 que, mais uma vez, as tradicionais festas ser\u00e3o canceladas \u2013 sensatamente \u2013 porque a pandemia da Covid-19 permanece a\u00ed, \u00e0 espreita. Governantes e especialistas que acompanham os movimentos do v\u00edrus, inclusive, est\u00e3o atentos aos riscos de uma terceira onda j\u00e1 nas pr\u00f3ximas semanas.<\/p><div id=\"blogd-3793733230\" class=\"blogd-conteudo-2-mobile blogd-entity-placement\"><a href=\"https:\/\/feirenses.com.br\/\" target=\"_blank\" aria-label=\"feirenses\"><img loading=\"lazy\" decoding=\"async\" src=\"https:\/\/blogdafeira.com.br\/home\/wp-content\/uploads\/2026\/04\/feirenses.png\" alt=\"\"  srcset=\"https:\/\/blogdafeira.com.br\/home\/wp-content\/uploads\/2026\/04\/feirenses.png 300w, https:\/\/blogdafeira.com.br\/home\/wp-content\/uploads\/2026\/04\/feirenses-170x45.png 170w, https:\/\/blogdafeira.com.br\/home\/wp-content\/uploads\/2026\/04\/feirenses-280x74.png 280w\" sizes=\"(max-width: 300px) 100vw, 300px\" class=\"no-lazyload\" width=\"300\" height=\"79\"  style=\"display: inline-block;\" \/><\/a><\/div>\n<p style=\"text-align: justify;\">Isso n\u00e3o impede, por\u00e9m, que o som da sanfona ouvido por acaso desperte recorda\u00e7\u00f5es de celebra\u00e7\u00f5es juninas passadas, quando ningu\u00e9m sonhava com a pandemia. Afinal, o forr\u00f3 j\u00e1 reverbera a partir dos sons potentes dos autom\u00f3veis, nos bares e restaurantes espalhados pela cidade, aos finais de semana, nas resid\u00eancias de quem \u00e9 devoto festeiro do per\u00edodo junino.<\/p>\n<p style=\"text-align: justify;\">No s\u00e1bado (15), apesar do c\u00e9u cinza, a alegria pulsava, sonora, espalhando-se com o vento que as garoas recentes esfriaram. Ouviam-se o festejado forr\u00f3 p\u00e9-de-serra, os bai\u00f5es de Luiz Gonzaga, o xote e o xaxado que embalam a alma nordestina. Pelos bares abertos do centro da cidade, o entusiasmo \u2013 at\u00e9 imprudente \u2013 com o S\u00e3o Jo\u00e3o era quase palp\u00e1vel nos sorrisos, nos gestos largos, nos papos empolgados.<\/p>\n<p style=\"text-align: justify;\">Nas padarias e supermercados j\u00e1 se veem os produtos t\u00edpicos do S\u00e3o Jo\u00e3o. Os tradicionais licores \u2013 multicoloridos \u2013 ocupam espa\u00e7os nobres nas prateleiras: amendoim, gengibre, maracuj\u00e1, at\u00e9 caf\u00e9 ou tamarindo. N\u00e3o faltam tamb\u00e9m os bolos \u2013 fub\u00e1, carim\u00e3, aipim \u2013, nem o milho e o amendoim, indispens\u00e1veis para quem pretende manter a tradi\u00e7\u00e3o. Mesmo quem chega distra\u00eddo, com tantas ofertas, acaba se envolvendo com o clima do per\u00edodo.<\/p>\n<p style=\"text-align: justify;\">Mas, apesar do entusiasmo natural do nordestino, a pandemia permanece a\u00ed e n\u00e3o d\u00e1 tr\u00e9gua. Al\u00e9m de n\u00e3o haver festa \u2013 aglomera\u00e7\u00f5es seriam catastr\u00f3ficas \u2013 a mobilidade do baiano pelo estado vai ficar comprometida com a suspens\u00e3o do transporte intermunicipal de passageiros. Apesar dos evidentes preju\u00edzos, \u00e9 mais uma medida sensata do governador Rui Costa (PT).<\/p>\n<p style=\"text-align: justify;\">O calv\u00e1rio da Covid-19 tem sido longo e, infelizmente, ainda vai se estender por muitos meses, pelo menos. Os n\u00fameros da doen\u00e7a est\u00e3o a\u00ed confirmando os progn\u00f3sticos mais sombrios dos especialistas. Ent\u00e3o, apesar dos apelos do S\u00e3o Ant\u00f4nio, do S\u00e3o Jo\u00e3o, do S\u00e3o Pedro, as celebra\u00e7\u00f5es s\u00e3o arriscad\u00edssimas. O jeito \u00e9 ficar em casa, aguardando a vacina\u00e7\u00e3o em massa.<\/p>\n<p style=\"text-align: justify;\">Pa\u00edses que n\u00e3o s\u00e3o governados por aloprados j\u00e1 aplicaram vacinas em boa parte da popula\u00e7\u00e3o e, aos poucos, come\u00e7am a retomar a rotina. Aqui, como se sabe, prevaleceram o obscurantismo e o del\u00edrio. Os resultados est\u00e3o a\u00ed, sendo sistematizados em uma Comiss\u00e3o Parlamentar de Inqu\u00e9rito \u2013 CPI no Senado.<\/p>\n<div id=\"blogd-2414775591\" class=\"blogd-final-post blogd-entity-placement\"><a href=\"https:\/\/www.feiradesantana.ba.leg.br\/\" target=\"_blank\" aria-label=\"BANNER-SITE-ENTREGADECHEQUE-CAMARADEFEIRA\"><img loading=\"lazy\" decoding=\"async\" src=\"https:\/\/blogdafeira.com.br\/home\/wp-content\/uploads\/2026\/03\/BANNER-SITE-ENTREGADECHEQUE-CAMARADEFEIRA.gif\" alt=\"\"  class=\"no-lazyload\" width=\"728\" height=\"90\"   \/><\/a><\/div><p style=\"text-align: justify;\">Os forr\u00f3s resgatam lembran\u00e7as de tempos felizes. Mas, infelizmente, hoje, o nordestino tem que se contentar com as recorda\u00e7\u00f5es, manter a disciplina e evitar aglomera\u00e7\u00f5es. Tudo isso para que possa, ano que vem, de fato aproveitar o S\u00e3o Jo\u00e3o.<\/p>\n","protected":false},"excerpt":{"rendered":"<p>Nestes estranhos dias pand\u00eamicos, o ocasional som contagiante de um forr\u00f3 resgata a lembran\u00e7a de que o S\u00e3o Jo\u00e3o est\u00e1 se aproximando. Falta pouco mais de um m\u00eas. S\u00f3 que, mais uma vez, as tradicionais festas ser\u00e3o canceladas \u2013 sensatamente \u2013 porque a pandemia da Covid-19 permanece a\u00ed, \u00e0 espreita. Governantes e especialistas que acompanham<\/p>\n","protected":false},"author":13,"featured_media":38632,"comment_status":"open","ping_status":"open","sticky":false,"template":"","format":"standard","meta":{"jetpack_post_was_ever_published":false,"cybocfi_hide_featured_image":"","_jetpack_newsletter_access":"","_jetpack_dont_email_post_to_subs":false,"_jetpack_newsletter_tier_id":0,"_jetpack_memberships_contains_paywalled_content":false,"_jetpack_memberships_contains_paid_content":false,"footnotes":"","jetpack_publicize_message":"","jetpack_publicize_feature_enabled":true,"jetpack_social_post_already_shared":true,"jetpack_social_options":{"image_generator_settings":{"template":"highway","default_image_id":0,"font":"","enabled":false},"version":2}},"categories":[592,4,1],"tags":[],"class_list":["post-45457","post","type-post","status-publish","format-standard","has-post-thumbnail","hentry","category-colunistas","category-cultura","category-raiz"],"jetpack_publicize_connections":[],"jetpack_featured_media_url":"https:\/\/blogdafeira.com.br\/home\/wp-content\/uploads\/2020\/06\/sao-ja\u00f5.jpg","jetpack_shortlink":"https:\/\/wp.me\/p3niVf-bPb","jetpack_sharing_enabled":true,"jetpack-related-posts":[{"id":45626,"url":"https:\/\/blogdafeira.com.br\/home\/2021\/05\/29\/o-foguetorio-junino-nas-noites-de-maio\/","url_meta":{"origin":45457,"position":0},"title":"O foguet\u00f3rio junino nas noites de maio","author":"Andr\u00e9 Pomponet","date":"29\/05\/2021","format":false,"excerpt":"Vi, h\u00e1 pouco, meninos soltando fogos numa rua secund\u00e1ria da Queimadinha. Eram algumas bombas \u2013 pouco mais que traques \u2013 que foram detonadas com aquela habitual empolga\u00e7\u00e3o infantil pelo per\u00edodo junino. Lembrei, at\u00e9 mesmo, da minha inf\u00e2ncia j\u00e1 long\u00ednqua. O entusiasmo era id\u00eantico. Mas o arsenal de que dispunham era\u2026","rel":"","context":"Em &quot;Colunistas&quot;","block_context":{"text":"Colunistas","link":"https:\/\/blogdafeira.com.br\/home\/categoria\/colunistas\/"},"img":{"alt_text":"","src":"https:\/\/i0.wp.com\/blogdafeira.com.br\/home\/wp-content\/uploads\/2021\/05\/sao-joao-fogos.jpg?resize=350%2C200&ssl=1","width":350,"height":200,"srcset":"https:\/\/i0.wp.com\/blogdafeira.com.br\/home\/wp-content\/uploads\/2021\/05\/sao-joao-fogos.jpg?resize=350%2C200&ssl=1 1x, https:\/\/i0.wp.com\/blogdafeira.com.br\/home\/wp-content\/uploads\/2021\/05\/sao-joao-fogos.jpg?resize=525%2C300&ssl=1 1.5x, https:\/\/i0.wp.com\/blogdafeira.com.br\/home\/wp-content\/uploads\/2021\/05\/sao-joao-fogos.jpg?resize=700%2C400&ssl=1 2x"},"classes":[]},{"id":38342,"url":"https:\/\/blogdafeira.com.br\/home\/2020\/06\/07\/pandemia-nao-freia-ansia-junina-mas-comercio-permanece-fechado\/","url_meta":{"origin":45457,"position":1},"title":"Pandemia n\u00e3o freia \u00e2nsia junina, mas com\u00e9rcio permanece fechado","author":"Andr\u00e9 Pomponet","date":"07\/06\/2020","format":false,"excerpt":"O feriado antecipado de S\u00e3o Jo\u00e3o n\u00e3o foi suficiente para satisfazer a \u00e2nsia junina na Feira de Santana. L\u00e1 fora, \u00e0s vezes, ecoa um forr\u00f3 alegre no som de algum carro que passa. E, com alguma paci\u00eancia, \u00e9 poss\u00edvel flagrar fogos que arremetem para o c\u00e9u avermelhado \u2013 as nuvens\u2026","rel":"","context":"Em &quot;Cidade&quot;","block_context":{"text":"Cidade","link":"https:\/\/blogdafeira.com.br\/home\/categoria\/cidade\/"},"img":{"alt_text":"","src":"https:\/\/i0.wp.com\/blogdafeira.com.br\/home\/wp-content\/uploads\/2020\/04\/fasta-1732297_1280.jpg?resize=350%2C200&ssl=1","width":350,"height":200,"srcset":"https:\/\/i0.wp.com\/blogdafeira.com.br\/home\/wp-content\/uploads\/2020\/04\/fasta-1732297_1280.jpg?resize=350%2C200&ssl=1 1x, https:\/\/i0.wp.com\/blogdafeira.com.br\/home\/wp-content\/uploads\/2020\/04\/fasta-1732297_1280.jpg?resize=525%2C300&ssl=1 1.5x, https:\/\/i0.wp.com\/blogdafeira.com.br\/home\/wp-content\/uploads\/2020\/04\/fasta-1732297_1280.jpg?resize=700%2C400&ssl=1 2x, https:\/\/i0.wp.com\/blogdafeira.com.br\/home\/wp-content\/uploads\/2020\/04\/fasta-1732297_1280.jpg?resize=1050%2C600&ssl=1 3x"},"classes":[]},{"id":37132,"url":"https:\/\/blogdafeira.com.br\/home\/2020\/04\/16\/festejos-juninos-em-tempos-de-pandemia\/","url_meta":{"origin":45457,"position":2},"title":"Festejos juninos em tempos de pandemia","author":"Andr\u00e9 Pomponet","date":"16\/04\/2020","format":false,"excerpt":"Toda hora surgem diversas proje\u00e7\u00f5es sobre a pandemia do novo coronav\u00edrus. Muitos reclamam, julgam-se sufocados pelo notici\u00e1rio. \u00c9 verdade: nesses casos, \u00e9 melhor desconectar-se, buscar ocupa\u00e7\u00f5es alternativas para a cabe\u00e7a. O suceder intermin\u00e1vel de not\u00edcias sobre a doen\u00e7a, por\u00e9m, apresenta uma virtude. Consultando, selecionando e refletindo, \u00e9 poss\u00edvel ir mapeando\u2026","rel":"","context":"Em &quot;Colunistas&quot;","block_context":{"text":"Colunistas","link":"https:\/\/blogdafeira.com.br\/home\/categoria\/colunistas\/"},"img":{"alt_text":"","src":"https:\/\/i0.wp.com\/blogdafeira.com.br\/home\/wp-content\/uploads\/2020\/04\/fasta-1732297_1280.jpg?resize=350%2C200&ssl=1","width":350,"height":200,"srcset":"https:\/\/i0.wp.com\/blogdafeira.com.br\/home\/wp-content\/uploads\/2020\/04\/fasta-1732297_1280.jpg?resize=350%2C200&ssl=1 1x, https:\/\/i0.wp.com\/blogdafeira.com.br\/home\/wp-content\/uploads\/2020\/04\/fasta-1732297_1280.jpg?resize=525%2C300&ssl=1 1.5x, https:\/\/i0.wp.com\/blogdafeira.com.br\/home\/wp-content\/uploads\/2020\/04\/fasta-1732297_1280.jpg?resize=700%2C400&ssl=1 2x, https:\/\/i0.wp.com\/blogdafeira.com.br\/home\/wp-content\/uploads\/2020\/04\/fasta-1732297_1280.jpg?resize=1050%2C600&ssl=1 3x"},"classes":[]},{"id":45993,"url":"https:\/\/blogdafeira.com.br\/home\/2021\/06\/23\/rallie-convida-os-jornalistas-para-a-live-junina-do-sinjorba\/","url_meta":{"origin":45457,"position":3},"title":"Rallie convida os jornalistas para a live junina do Sinjorba","author":"Blog da Feira","date":"23\/06\/2021","format":false,"excerpt":"Apesar da proibi\u00e7\u00e3o de aglomera\u00e7\u00f5es por causa da pandemia do novo coronav\u00edrus, o Sinjorba n\u00e3o vai deixar passar em branco a festa junina. Atrav\u00e9s do seu canal no Youtube, o Sindicato dos Jornalistas da Bahia promover\u00e1 uma live na pr\u00f3xima segunda (28), com o cantor Rallie e sua banda, mais\u2026","rel":"","context":"Em &quot;Cultura&quot;","block_context":{"text":"Cultura","link":"https:\/\/blogdafeira.com.br\/home\/categoria\/cultura\/"},"img":{"alt_text":"","src":"https:\/\/i0.wp.com\/blogdafeira.com.br\/home\/wp-content\/uploads\/2021\/06\/Screenshot_20210623-1848302.png?resize=350%2C200&ssl=1","width":350,"height":200,"srcset":"https:\/\/i0.wp.com\/blogdafeira.com.br\/home\/wp-content\/uploads\/2021\/06\/Screenshot_20210623-1848302.png?resize=350%2C200&ssl=1 1x, https:\/\/i0.wp.com\/blogdafeira.com.br\/home\/wp-content\/uploads\/2021\/06\/Screenshot_20210623-1848302.png?resize=525%2C300&ssl=1 1.5x, https:\/\/i0.wp.com\/blogdafeira.com.br\/home\/wp-content\/uploads\/2021\/06\/Screenshot_20210623-1848302.png?resize=700%2C400&ssl=1 2x"},"classes":[]},{"id":31467,"url":"https:\/\/blogdafeira.com.br\/home\/2019\/05\/24\/festas-juninas-de-feira-de-santana-privilegiam-o-forro-e-os-grupos-musicais-da-terra\/","url_meta":{"origin":45457,"position":4},"title":"Festas juninas de Feira de Santana privilegiam o forr\u00f3 e os grupos musicais da terra","author":"J\u00e2nio R\u00eago","date":"24\/05\/2019","format":false,"excerpt":"Arrocha e sertanejo perderam espa\u00e7o nas festas juninas oficiais de Feira de Santana que este ano vai ter mais de 70% de suas atra\u00e7\u00f5es focadas na mais leg\u00edtima m\u00fasica nordestina, o forr\u00f3. Organizados pela Prefeitura, os festejos juninos em Feira s\u00e3o realizados na zona rural, em cinco distritos do munic\u00edpio:\u2026","rel":"","context":"Em &quot;Distritos&quot;","block_context":{"text":"Distritos","link":"https:\/\/blogdafeira.com.br\/home\/categoria\/distritos\/"},"img":{"alt_text":"","src":"https:\/\/i0.wp.com\/blogdafeira.com.br\/home\/wp-content\/uploads\/2019\/05\/20190523_153251_HDR-1024x768.jpg?resize=350%2C200","width":350,"height":200,"srcset":"https:\/\/i0.wp.com\/blogdafeira.com.br\/home\/wp-content\/uploads\/2019\/05\/20190523_153251_HDR-1024x768.jpg?resize=350%2C200 1x, https:\/\/i0.wp.com\/blogdafeira.com.br\/home\/wp-content\/uploads\/2019\/05\/20190523_153251_HDR-1024x768.jpg?resize=525%2C300 1.5x, https:\/\/i0.wp.com\/blogdafeira.com.br\/home\/wp-content\/uploads\/2019\/05\/20190523_153251_HDR-1024x768.jpg?resize=700%2C400 2x"},"classes":[]},{"id":52783,"url":"https:\/\/blogdafeira.com.br\/home\/2022\/06\/07\/festa-junina-antecede-tormentoso-trimestre\/","url_meta":{"origin":45457,"position":5},"title":"Festa junina antecede tormentoso trimestre","author":"Andr\u00e9 Pomponet","date":"07\/06\/2022","format":false,"excerpt":"Os acordes familiares dos forr\u00f3s j\u00e1 tomam conta das ruas, das lojas, dos bares, das resid\u00eancias particulares da Feira de Santana. Aquelas bandeirolas t\u00edpicas do per\u00edodo junino tamb\u00e9m j\u00e1 alegram os ambientes, mobilizando gente, entusiasmando as pessoas. N\u00e3o faltam as bebidas e os pratos t\u00edpicos do per\u00edodo: o amendoim cozido,\u2026","rel":"","context":"Em &quot;Cidade&quot;","block_context":{"text":"Cidade","link":"https:\/\/blogdafeira.com.br\/home\/categoria\/cidade\/"},"img":{"alt_text":"","src":"https:\/\/i0.wp.com\/blogdafeira.com.br\/home\/wp-content\/uploads\/2022\/06\/1862019165252.jpg?resize=350%2C200&ssl=1","width":350,"height":200,"srcset":"https:\/\/i0.wp.com\/blogdafeira.com.br\/home\/wp-content\/uploads\/2022\/06\/1862019165252.jpg?resize=350%2C200&ssl=1 1x, https:\/\/i0.wp.com\/blogdafeira.com.br\/home\/wp-content\/uploads\/2022\/06\/1862019165252.jpg?resize=525%2C300&ssl=1 1.5x"},"classes":[]}],"_links":{"self":[{"href":"https:\/\/blogdafeira.com.br\/home\/wp-json\/wp\/v2\/posts\/45457","targetHints":{"allow":["GET"]}}],"collection":[{"href":"https:\/\/blogdafeira.com.br\/home\/wp-json\/wp\/v2\/posts"}],"about":[{"href":"https:\/\/blogdafeira.com.br\/home\/wp-json\/wp\/v2\/types\/post"}],"author":[{"embeddable":true,"href":"https:\/\/blogdafeira.com.br\/home\/wp-json\/wp\/v2\/users\/13"}],"replies":[{"embeddable":true,"href":"https:\/\/blogdafeira.com.br\/home\/wp-json\/wp\/v2\/comments?post=45457"}],"version-history":[{"count":3,"href":"https:\/\/blogdafeira.com.br\/home\/wp-json\/wp\/v2\/posts\/45457\/revisions"}],"predecessor-version":[{"id":45463,"href":"https:\/\/blogdafeira.com.br\/home\/wp-json\/wp\/v2\/posts\/45457\/revisions\/45463"}],"wp:featuredmedia":[{"embeddable":true,"href":"https:\/\/blogdafeira.com.br\/home\/wp-json\/wp\/v2\/media\/38632"}],"wp:attachment":[{"href":"https:\/\/blogdafeira.com.br\/home\/wp-json\/wp\/v2\/media?parent=45457"}],"wp:term":[{"taxonomy":"category","embeddable":true,"href":"https:\/\/blogdafeira.com.br\/home\/wp-json\/wp\/v2\/categories?post=45457"},{"taxonomy":"post_tag","embeddable":true,"href":"https:\/\/blogdafeira.com.br\/home\/wp-json\/wp\/v2\/tags?post=45457"}],"curies":[{"name":"wp","href":"https:\/\/api.w.org\/{rel}","templated":true}]}}