{"id":45465,"date":"2021-05-17T21:13:45","date_gmt":"2021-05-18T00:13:45","guid":{"rendered":"https:\/\/blogdafeira.com.br\/home\/?p=45465"},"modified":"2021-05-20T00:05:50","modified_gmt":"2021-05-20T03:05:50","slug":"trovoes-trovoes-e-o-vento","status":"publish","type":"post","link":"https:\/\/blogdafeira.com.br\/home\/2021\/05\/17\/trovoes-trovoes-e-o-vento\/","title":{"rendered":"Trov\u00f5es (Trov\u00f5es e o Vento)"},"content":{"rendered":"<div id=\"blogd-2135757944\" class=\"blogd-fim-do-post-mobile blogd-entity-placement\" style=\"margin-left: auto;margin-right: auto;text-align: center;\"><a href=\"https:\/\/www.sefaz.feiradesantana.ba.gov.br\/\" target=\"_blank\" aria-label=\"728&#215;90 (6)\"><img loading=\"lazy\" decoding=\"async\" src=\"https:\/\/blogdafeira.com.br\/home\/wp-content\/uploads\/2026\/03\/728x90-6.gif\" alt=\"\"  class=\"no-lazyload\" width=\"728\" height=\"90\"  style=\"display: inline-block;\" \/><\/a><\/div><p>1.<br \/>\nPenso, \u00e0s vezes, que as coisas n\u00e3o t\u00eam sentido.<\/p><div id=\"blogd-3507766375\" class=\"blogd-conteudo-2-mobile blogd-entity-placement\"><a href=\"https:\/\/feirenses.com.br\/\" target=\"_blank\" aria-label=\"feirenses\"><img loading=\"lazy\" decoding=\"async\" src=\"https:\/\/blogdafeira.com.br\/home\/wp-content\/uploads\/2026\/04\/feirenses.png\" alt=\"\"  srcset=\"https:\/\/blogdafeira.com.br\/home\/wp-content\/uploads\/2026\/04\/feirenses.png 300w, https:\/\/blogdafeira.com.br\/home\/wp-content\/uploads\/2026\/04\/feirenses-170x45.png 170w, https:\/\/blogdafeira.com.br\/home\/wp-content\/uploads\/2026\/04\/feirenses-280x74.png 280w\" sizes=\"(max-width: 300px) 100vw, 300px\" class=\"no-lazyload\" width=\"300\" height=\"79\"  style=\"display: inline-block;\" \/><\/a><\/div>\n<p>A vida \u00e9 s\u00f3 um rio raso que segue por seguir.<br \/>\nE cansa. E estagna.<br \/>\n\u00c0s vezes sinto-me estagnar, como esses rios.<br \/>\nE que estou mais velho.<\/p>\n<p>E eis que ou\u00e7o uns trov\u00f5es.<br \/>\nA tarde \u00e9 morna e irrita. Que venham<br \/>\nos trov\u00f5es.<br \/>\nAinda borboleteiam as borboletas,<br \/>\ncanta o velho bem-te-vi. E o c\u00e9u pl\u00fambeo<br \/>\n\u00e9 belo.<\/p>\n<p>\/Mas j\u00e1 esvoa\u00e7a aquela borboleta<br \/>\ne cala o p\u00e1ssaro.<br \/>\nS\u00f3 h\u00e1 o vento. O vento imenso<br \/>\ne as \u00e1rvores.<\/p>\n<p>Este \u00e9 o sentido.<\/p>\n<p>2.<br \/>\n( N\u00e3o vejo sentido nas coisas do mundo.<br \/>\nN\u00e3o que tenham sentido, porque n\u00e3o h\u00e1 sentido.<br \/>\nN\u00e3o \u00e9 preciso haver sentido.<\/p>\n<p>Existir \u00e9 s\u00f3 existir \u2013 e estamos quites.<\/p>\n<p>Mas quero dizer que n\u00e3o vejo sentido nas coisas do mundo.<br \/>\nEstou aqui, olhando o vento nas \u00e1rvores e os trov\u00f5es<br \/>\n\u2013 e ontem n\u00e3o havia vento nas arvores nem trov\u00f5es<br \/>\ne amanh\u00e3 n\u00e3o deve haver vento nas \u00e1rvores nem trov\u00f5es.<br \/>\nS\u00f3 hoje, s\u00f3 agora h\u00e1 tudo isso. E n\u00e3o compreendo.<br \/>\nOu compreendo.<\/p>\n<p>Por que hoje h\u00e1 trov\u00f5es e vento e ontem n\u00e3o havia<br \/>\ne n\u00e3o haver\u00e1, por certo, amanh\u00e3?<br \/>\nSim, sei: n\u00e3o h\u00e1 que ter sentido.<br \/>\nO mundo \u00e9 isto. S\u00f3 isto.<br \/>\nE mesmo o vento e os trov\u00f5es j\u00e1 passaram.<br \/>\nE aquela borboleta e o bem-te-vi loquaz<br \/>\nretornam \u00e0 cena.<\/p>\n<p>Como isto \u00e9 claro! )<\/p>\n<div id=\"blogd-2197534941\" class=\"blogd-final-post blogd-entity-placement\"><a href=\"https:\/\/www.feiradesantana.ba.leg.br\/\" target=\"_blank\" aria-label=\"BANNER-SITE-ENTREGADECHEQUE-CAMARADEFEIRA\"><img loading=\"lazy\" decoding=\"async\" src=\"https:\/\/blogdafeira.com.br\/home\/wp-content\/uploads\/2026\/03\/BANNER-SITE-ENTREGADECHEQUE-CAMARADEFEIRA.gif\" alt=\"\"  class=\"no-lazyload\" width=\"728\" height=\"90\"   \/><\/a><\/div><p>Antonio Brasileiro<\/p>\n","protected":false},"excerpt":{"rendered":"<p>1. Penso, \u00e0s vezes, que as coisas n\u00e3o t\u00eam sentido. A vida \u00e9 s\u00f3 um rio raso que segue por seguir. E cansa. E estagna. \u00c0s vezes sinto-me estagnar, como esses rios. E que estou mais velho. E eis que ou\u00e7o uns trov\u00f5es. A tarde \u00e9 morna e irrita. Que venham os trov\u00f5es. Ainda borboleteiam<\/p>\n","protected":false},"author":38,"featured_media":45467,"comment_status":"open","ping_status":"open","sticky":false,"template":"","format":"standard","meta":{"jetpack_post_was_ever_published":false,"cybocfi_hide_featured_image":"","_jetpack_newsletter_access":"","_jetpack_dont_email_post_to_subs":false,"_jetpack_newsletter_tier_id":0,"_jetpack_memberships_contains_paywalled_content":false,"_jetpack_memberships_contains_paid_content":false,"footnotes":"","jetpack_publicize_message":"","jetpack_publicize_feature_enabled":true,"jetpack_social_post_already_shared":true,"jetpack_social_options":{"image_generator_settings":{"template":"highway","default_image_id":0,"font":"","enabled":false},"version":2}},"categories":[592,1],"tags":[],"class_list":["post-45465","post","type-post","status-publish","format-standard","has-post-thumbnail","hentry","category-colunistas","category-raiz"],"jetpack_publicize_connections":[],"jetpack_featured_media_url":"https:\/\/blogdafeira.com.br\/home\/wp-content\/uploads\/2021\/05\/FB_IMG_1621296669060.jpg","jetpack_shortlink":"https:\/\/wp.me\/p3niVf-bPj","jetpack_sharing_enabled":true,"jetpack-related-posts":[{"id":71296,"url":"https:\/\/blogdafeira.com.br\/home\/2026\/02\/09\/a-cronica-da-trovoada-que-nao-caiu\/","url_meta":{"origin":45465,"position":0},"title":"A cr\u00f4nica da trovoada que n\u00e3o caiu","author":"Andr\u00e9 Pomponet","date":"09\/02\/2026","format":false,"excerpt":"Ao longo do dia n\u00e3o havia nenhum sinal. Na metade da tarde ensolarada, por\u00e9m, sombras pl\u00fambeas despontaram a oeste, l\u00e1 para os lados de Jaguara e mais acima um pouco. Avan\u00e7aram devagar, trov\u00f5es roncando, raios empalidecendo a amplid\u00e3o cinzenta. \u00c0 frente, nuvens altas, muito escuras; mais atr\u00e1s, uma espessa camada\u2026","rel":"","context":"Em &quot;Colunistas&quot;","block_context":{"text":"Colunistas","link":"https:\/\/blogdafeira.com.br\/home\/categoria\/colunistas\/"},"img":{"alt_text":"","src":"https:\/\/i0.wp.com\/blogdafeira.com.br\/home\/wp-content\/uploads\/2026\/02\/IMG_20260202_145132513_HDR2-scaled.jpg?resize=350%2C200&ssl=1","width":350,"height":200,"srcset":"https:\/\/i0.wp.com\/blogdafeira.com.br\/home\/wp-content\/uploads\/2026\/02\/IMG_20260202_145132513_HDR2-scaled.jpg?resize=350%2C200&ssl=1 1x, https:\/\/i0.wp.com\/blogdafeira.com.br\/home\/wp-content\/uploads\/2026\/02\/IMG_20260202_145132513_HDR2-scaled.jpg?resize=525%2C300&ssl=1 1.5x, https:\/\/i0.wp.com\/blogdafeira.com.br\/home\/wp-content\/uploads\/2026\/02\/IMG_20260202_145132513_HDR2-scaled.jpg?resize=700%2C400&ssl=1 2x, https:\/\/i0.wp.com\/blogdafeira.com.br\/home\/wp-content\/uploads\/2026\/02\/IMG_20260202_145132513_HDR2-scaled.jpg?resize=1050%2C600&ssl=1 3x, https:\/\/i0.wp.com\/blogdafeira.com.br\/home\/wp-content\/uploads\/2026\/02\/IMG_20260202_145132513_HDR2-scaled.jpg?resize=1400%2C800&ssl=1 4x"},"classes":[]},{"id":60688,"url":"https:\/\/blogdafeira.com.br\/home\/2024\/01\/03\/a-palmeira-e-o-edificio\/","url_meta":{"origin":45465,"position":1},"title":"A Palmeira e o Edif\u00edcio","author":"J\u00e2nio R\u00eago","date":"03\/01\/2024","format":false,"excerpt":"Quando ficou sozinha na pra\u00e7a, ao retirarem a outra para cavar um po\u00e7o d'\u00e1gua, ela come\u00e7ou o namoro com esse pr\u00e9dio vagabundo, vazio, mas cheio de hist\u00f3rias pra contar, ela mais velha um pouco, mas os dois da mesma altura, saboreando o vento da Serra de S\u00e3o Jos\u00e9 que sopra\u2026","rel":"","context":"Em &quot;Colunistas&quot;","block_context":{"text":"Colunistas","link":"https:\/\/blogdafeira.com.br\/home\/categoria\/colunistas\/"},"img":{"alt_text":"","src":"https:\/\/i0.wp.com\/blogdafeira.com.br\/home\/wp-content\/uploads\/2024\/01\/FB_IMG_1704321969034-1.jpg?resize=350%2C200&ssl=1","width":350,"height":200,"srcset":"https:\/\/i0.wp.com\/blogdafeira.com.br\/home\/wp-content\/uploads\/2024\/01\/FB_IMG_1704321969034-1.jpg?resize=350%2C200&ssl=1 1x, https:\/\/i0.wp.com\/blogdafeira.com.br\/home\/wp-content\/uploads\/2024\/01\/FB_IMG_1704321969034-1.jpg?resize=525%2C300&ssl=1 1.5x"},"classes":[]},{"id":24800,"url":"https:\/\/blogdafeira.com.br\/home\/2016\/12\/06\/trovoadas-so-chegam-em-janeiro-e-clima-vai-continuar-abafado-em-feira\/","url_meta":{"origin":45465,"position":2},"title":"Trovoadas s\u00f3 chegam em janeiro e clima vai continuar &#8216;abafado&#8217; em Feira","author":"Blog da Feira","date":"06\/12\/2016","format":false,"excerpt":"A previs\u00e3o vem da Esta\u00e7\u00e3o Climatol\u00f3gica da Universidade Estadual de Feira de Santana (UEFS) que, (apesar da 'Ocupa\u00e7\u00e3o' do campus pelos estudantes contra a PEC 55) \u00a0acompanha diariamente o clima em Feira de Santana: trovoadas s\u00f3 no final de dezembro mas certo mesmo \u00e9 no pr\u00f3ximo janeiro. \"O \u00a0tempo abafado\u2026","rel":"","context":"Em &quot;Home&quot;","block_context":{"text":"Home","link":"https:\/\/blogdafeira.com.br\/home\/categoria\/raiz\/"},"img":{"alt_text":"","src":"","width":0,"height":0},"classes":[]},{"id":60290,"url":"https:\/\/blogdafeira.com.br\/home\/2023\/12\/01\/quando-a-festa-era-no-estacionamento\/","url_meta":{"origin":45465,"position":3},"title":"Quando a festa era no estacionamento","author":"J\u00e2nio R\u00eago","date":"01\/12\/2023","format":false,"excerpt":"Em 2016, a Quixabeira da Lagoa da Camisa, o grupo de V\u00e9i, meteu o samba para a gente espalhada pelo estacionamento, abrigada nas barracas, amparada nas rampas e nos galp\u00f5es da Carne e das Farinhas. Tudo ao ar livre, animado pelos ventos e trov\u00f5es do m\u00eas de dezembro no Centro\u2026","rel":"","context":"Em &quot;Colunistas&quot;","block_context":{"text":"Colunistas","link":"https:\/\/blogdafeira.com.br\/home\/categoria\/colunistas\/"},"img":{"alt_text":"","src":"https:\/\/i0.wp.com\/blogdafeira.com.br\/home\/wp-content\/uploads\/2023\/12\/Screenshot_20231201-0718283.png?resize=350%2C200&ssl=1","width":350,"height":200,"srcset":"https:\/\/i0.wp.com\/blogdafeira.com.br\/home\/wp-content\/uploads\/2023\/12\/Screenshot_20231201-0718283.png?resize=350%2C200&ssl=1 1x, https:\/\/i0.wp.com\/blogdafeira.com.br\/home\/wp-content\/uploads\/2023\/12\/Screenshot_20231201-0718283.png?resize=525%2C300&ssl=1 1.5x, https:\/\/i0.wp.com\/blogdafeira.com.br\/home\/wp-content\/uploads\/2023\/12\/Screenshot_20231201-0718283.png?resize=700%2C400&ssl=1 2x"},"classes":[]},{"id":48012,"url":"https:\/\/blogdafeira.com.br\/home\/2021\/11\/04\/lembrancas-antigas-em-noite-de-trovoada\/","url_meta":{"origin":45465,"position":4},"title":"Lembran\u00e7as antigas em noite de trovoada","author":"Andr\u00e9 Pomponet","date":"04\/11\/2021","format":false,"excerpt":"\u2013 O h\u00f4mi com 200 real no bolso e n\u00e3o tem um restaurante onde comer! O epis\u00f3dio faz tempo: foi em 2010, por a\u00ed. O \u00f4nibus avan\u00e7ava pela Senhor dos Passos deserta \u2013 era 25 de dezembro \u2013 e o sujeito, desolado, examinava as fachadas das lojas fechadas, que refletiam\u2026","rel":"","context":"Em &quot;Colunistas&quot;","block_context":{"text":"Colunistas","link":"https:\/\/blogdafeira.com.br\/home\/categoria\/colunistas\/"},"img":{"alt_text":"","src":"https:\/\/i0.wp.com\/blogdafeira.com.br\/home\/wp-content\/uploads\/2021\/11\/58594f4cc727509eb4c46a3424d40e55.jpg?resize=350%2C200&ssl=1","width":350,"height":200,"srcset":"https:\/\/i0.wp.com\/blogdafeira.com.br\/home\/wp-content\/uploads\/2021\/11\/58594f4cc727509eb4c46a3424d40e55.jpg?resize=350%2C200&ssl=1 1x, https:\/\/i0.wp.com\/blogdafeira.com.br\/home\/wp-content\/uploads\/2021\/11\/58594f4cc727509eb4c46a3424d40e55.jpg?resize=525%2C300&ssl=1 1.5x, https:\/\/i0.wp.com\/blogdafeira.com.br\/home\/wp-content\/uploads\/2021\/11\/58594f4cc727509eb4c46a3424d40e55.jpg?resize=700%2C400&ssl=1 2x"},"classes":[]},{"id":41603,"url":"https:\/\/blogdafeira.com.br\/home\/2020\/11\/06\/os-cheiros-do-verao-baiano\/","url_meta":{"origin":45465,"position":5},"title":"Os cheiros do ver\u00e3o baiano","author":"Andr\u00e9 Pomponet","date":"06\/11\/2020","format":false,"excerpt":"Num ano remoto, bem no come\u00e7o da adolesc\u00eancia, passei parte do ver\u00e3o em Salvador. No s\u00edtio amplo conheci familiares, fiz muitas amizades e, at\u00e9 hoje, guardo ternas e inesquec\u00edveis recorda\u00e7\u00f5es daqueles dias. Foi l\u00e1 que se fixaram, para mim, os cheiros do ver\u00e3o. Cheiros tropicais, intensos, sensuais at\u00e9: das mangas\u2026","rel":"","context":"Em &quot;Colunistas&quot;","block_context":{"text":"Colunistas","link":"https:\/\/blogdafeira.com.br\/home\/categoria\/colunistas\/"},"img":{"alt_text":"","src":"https:\/\/i0.wp.com\/blogdafeira.com.br\/home\/wp-content\/uploads\/2020\/10\/feira-de-frutas-de.jpg?resize=350%2C200&ssl=1","width":350,"height":200,"srcset":"https:\/\/i0.wp.com\/blogdafeira.com.br\/home\/wp-content\/uploads\/2020\/10\/feira-de-frutas-de.jpg?resize=350%2C200&ssl=1 1x, https:\/\/i0.wp.com\/blogdafeira.com.br\/home\/wp-content\/uploads\/2020\/10\/feira-de-frutas-de.jpg?resize=525%2C300&ssl=1 1.5x, https:\/\/i0.wp.com\/blogdafeira.com.br\/home\/wp-content\/uploads\/2020\/10\/feira-de-frutas-de.jpg?resize=700%2C400&ssl=1 2x, https:\/\/i0.wp.com\/blogdafeira.com.br\/home\/wp-content\/uploads\/2020\/10\/feira-de-frutas-de.jpg?resize=1050%2C600&ssl=1 3x, https:\/\/i0.wp.com\/blogdafeira.com.br\/home\/wp-content\/uploads\/2020\/10\/feira-de-frutas-de.jpg?resize=1400%2C800&ssl=1 4x"},"classes":[]}],"_links":{"self":[{"href":"https:\/\/blogdafeira.com.br\/home\/wp-json\/wp\/v2\/posts\/45465","targetHints":{"allow":["GET"]}}],"collection":[{"href":"https:\/\/blogdafeira.com.br\/home\/wp-json\/wp\/v2\/posts"}],"about":[{"href":"https:\/\/blogdafeira.com.br\/home\/wp-json\/wp\/v2\/types\/post"}],"author":[{"embeddable":true,"href":"https:\/\/blogdafeira.com.br\/home\/wp-json\/wp\/v2\/users\/38"}],"replies":[{"embeddable":true,"href":"https:\/\/blogdafeira.com.br\/home\/wp-json\/wp\/v2\/comments?post=45465"}],"version-history":[{"count":1,"href":"https:\/\/blogdafeira.com.br\/home\/wp-json\/wp\/v2\/posts\/45465\/revisions"}],"predecessor-version":[{"id":45468,"href":"https:\/\/blogdafeira.com.br\/home\/wp-json\/wp\/v2\/posts\/45465\/revisions\/45468"}],"wp:featuredmedia":[{"embeddable":true,"href":"https:\/\/blogdafeira.com.br\/home\/wp-json\/wp\/v2\/media\/45467"}],"wp:attachment":[{"href":"https:\/\/blogdafeira.com.br\/home\/wp-json\/wp\/v2\/media?parent=45465"}],"wp:term":[{"taxonomy":"category","embeddable":true,"href":"https:\/\/blogdafeira.com.br\/home\/wp-json\/wp\/v2\/categories?post=45465"},{"taxonomy":"post_tag","embeddable":true,"href":"https:\/\/blogdafeira.com.br\/home\/wp-json\/wp\/v2\/tags?post=45465"}],"curies":[{"name":"wp","href":"https:\/\/api.w.org\/{rel}","templated":true}]}}