{"id":46034,"date":"2021-06-26T08:27:11","date_gmt":"2021-06-26T11:27:11","guid":{"rendered":"https:\/\/blogdafeira.com.br\/home\/?p=46034"},"modified":"2021-06-28T10:30:09","modified_gmt":"2021-06-28T13:30:09","slug":"bel-da-bonita-participa-do-disco-de-bie-dos-oito-baixos","status":"publish","type":"post","link":"https:\/\/blogdafeira.com.br\/home\/2021\/06\/26\/bel-da-bonita-participa-do-disco-de-bie-dos-oito-baixos\/","title":{"rendered":"Bel da Bonita participa do disco de &#8216;Bi\u00e9 dos 8 Baixos&#8217;"},"content":{"rendered":"<div id=\"blogd-3524722910\" class=\"blogd-fim-do-post-mobile blogd-entity-placement\" style=\"margin-left: auto;margin-right: auto;text-align: center;\"><a href=\"https:\/\/www.sefaz.feiradesantana.ba.gov.br\/\" target=\"_blank\" aria-label=\"728&#215;90 (6)\"><img loading=\"lazy\" decoding=\"async\" src=\"https:\/\/blogdafeira.com.br\/home\/wp-content\/uploads\/2026\/03\/728x90-6.gif\" alt=\"\"  class=\"no-lazyload\" width=\"728\" height=\"90\"  style=\"display: inline-block;\" \/><\/a><\/div><p style=\"text-align: justify;\"><em>Bel da Bonita \u00e9 inegavelmente um dos nomes mais ativos e presentes no cen\u00e1rio musical de Feira e regi\u00e3o. Dono de uma capacidade produtiva not\u00e1vel, exerce importante papel de incentivador para outros m\u00fasicos ao participar de diversos projetos na condi\u00e7\u00e3o de protagonista e agitador<\/em>, escreveu o<strong>\u00a0<a href=\"https:\/\/blogdafeira.com.br\/home\/2019\/09\/04\/irrequieto-bel-da-bonita-e-africania-no-palco-da-cupula-do-som\/\"> jornalista Elsimar Pond\u00e9 em 2019.<\/a><\/strong><\/p><div id=\"blogd-3092850836\" class=\"blogd-conteudo-2-mobile blogd-entity-placement\"><a href=\"https:\/\/feirenses.com.br\/\" target=\"_blank\" aria-label=\"feirenses\"><img loading=\"lazy\" decoding=\"async\" src=\"https:\/\/blogdafeira.com.br\/home\/wp-content\/uploads\/2026\/04\/feirenses.png\" alt=\"\"  srcset=\"https:\/\/blogdafeira.com.br\/home\/wp-content\/uploads\/2026\/04\/feirenses.png 300w, https:\/\/blogdafeira.com.br\/home\/wp-content\/uploads\/2026\/04\/feirenses-170x45.png 170w, https:\/\/blogdafeira.com.br\/home\/wp-content\/uploads\/2026\/04\/feirenses-280x74.png 280w\" sizes=\"(max-width: 300px) 100vw, 300px\" class=\"no-lazyload\" width=\"300\" height=\"79\"  style=\"display: inline-block;\" \/><\/a><\/div>\n<p style=\"text-align: justify;\">O m\u00fasico do grupo<strong><a href=\"https:\/\/blogdafeira.com.br\/home\/2021\/06\/14\/rio-jacuipe-e-exaltado-em-videoclipe-do-grupo-africania\/\"> Africania (clique)<\/a> <\/strong>que recentemente exaltou o dia do ambientalismo com &#8220;Jacuipe Gemedeira&#8221;, participa em todas as faixas do disco &#8216;Bi\u00e9 dos 8 Baixos&#8217;, produzido por Uyat\u00e3 Raira pelo selo Banana At\u00f4mica.<\/p>\n<p style=\"text-align: justify;\"><em>&#8220;O disco foi produzido para ser ouvido em sua totalidade, como se estiv\u00e9ssemos ali, ao vivo, em um \u201cSamba de Bi\u00e9\u201d, em plena feira livre, onde todo mundo entra e se mistura, sem briga nem confus\u00e3o&#8221;,<\/em> explica a cr\u00edtica musical <a href=\"https:\/\/blogdafeira.com.br\/home\/2021\/06\/15\/banana-atomica-lanca-primeiro-disco-com-a-musica-de-bie-dos-8-baixos\/\"><strong>Izabela Costa (clique)<\/strong><\/a> ressasltando &#8220;<em>o efeito magnetizante que o repert\u00f3rio de sete can\u00e7\u00f5es aplica sobre o ouvinte &#8220;.<\/em><\/p>\n<div id=\"blogd-3267586324\" class=\"blogd-final-post blogd-entity-placement\"><a href=\"https:\/\/www.feiradesantana.ba.leg.br\/\" target=\"_blank\" aria-label=\"BANNER-SITE-ENTREGADECHEQUE-CAMARADEFEIRA\"><img loading=\"lazy\" decoding=\"async\" src=\"https:\/\/blogdafeira.com.br\/home\/wp-content\/uploads\/2026\/03\/BANNER-SITE-ENTREGADECHEQUE-CAMARADEFEIRA.gif\" alt=\"\"  class=\"no-lazyload\" width=\"728\" height=\"90\"   \/><\/a><\/div><p style=\"text-align: justify;\">No disco, a voz do sanfoneiro vai contando tamb\u00e9m como era o &#8220;Samba de Bi\u00e9&#8221; que acontecia no Centro de Abastecimento, na barraca de Dona Santinha, que vem a ser hoje a sua mulher \u00e9 tem uma marcante participa\u00e7\u00e3o nesse primeiro disco cantando a m\u00fasica <strong><a href=\"https:\/\/blogdafeira.com.br\/home\/2021\/06\/25\/fui-na-macumba-musica-lanca-dona-santinha-no-disco-de-bie-dos-8-baixos\/\">&#8220;Fui na Macumba&#8221;(clique)\u00a0<\/a><\/strong><\/p>\n","protected":false},"excerpt":{"rendered":"<p>Bel da Bonita \u00e9 inegavelmente um dos nomes mais ativos e presentes no cen\u00e1rio musical de Feira e regi\u00e3o. Dono de uma capacidade produtiva not\u00e1vel, exerce importante papel de incentivador para outros m\u00fasicos ao participar de diversos projetos na condi\u00e7\u00e3o de protagonista e agitador, escreveu o\u00a0 jornalista Elsimar Pond\u00e9 em 2019. O m\u00fasico do grupo<\/p>\n","protected":false},"author":1,"featured_media":46038,"comment_status":"open","ping_status":"open","sticky":false,"template":"","format":"standard","meta":{"jetpack_post_was_ever_published":false,"cybocfi_hide_featured_image":"","_jetpack_newsletter_access":"","_jetpack_dont_email_post_to_subs":false,"_jetpack_newsletter_tier_id":0,"_jetpack_memberships_contains_paywalled_content":false,"_jetpack_memberships_contains_paid_content":false,"footnotes":"","jetpack_publicize_message":"","jetpack_publicize_feature_enabled":true,"jetpack_social_post_already_shared":true,"jetpack_social_options":{"image_generator_settings":{"template":"highway","default_image_id":0,"font":"","enabled":false},"version":2}},"categories":[4,1],"tags":[],"class_list":["post-46034","post","type-post","status-publish","format-standard","has-post-thumbnail","hentry","category-cultura","category-raiz"],"jetpack_publicize_connections":[],"jetpack_featured_media_url":"https:\/\/blogdafeira.com.br\/home\/wp-content\/uploads\/2021\/06\/unnamed-5.jpg","jetpack_shortlink":"https:\/\/wp.me\/p3niVf-bYu","jetpack_sharing_enabled":true,"jetpack-related-posts":[{"id":45843,"url":"https:\/\/blogdafeira.com.br\/home\/2021\/06\/15\/banana-atomica-lanca-primeiro-disco-com-a-musica-de-bie-dos-8-baixos\/","url_meta":{"origin":46034,"position":0},"title":"Banana At\u00f4mica lan\u00e7a primeiro disco com a m\u00fasica de Bi\u00e9 dos 8 Baixos","author":"Blog da Feira","date":"15\/06\/2021","format":false,"excerpt":"Bi\u00e9 dos 8 Baixos lan\u00e7a primeiro disco da carreira (clique) trazendo uma mistura estimulante de samba rural embalado pela sanfona de 8 baixos. Patrim\u00f4nio afetivo de Feira de Santana (BA), a m\u00fasica de Bi\u00e9 ganha seu primeiro registro de est\u00fadio, lan\u00e7ado via o selo Banana At\u00f4mica. \u201cE os \u2018povo\u2019 ali\u2026","rel":"","context":"Em &quot;Cultura&quot;","block_context":{"text":"Cultura","link":"https:\/\/blogdafeira.com.br\/home\/categoria\/cultura\/"},"img":{"alt_text":"","src":"https:\/\/i0.wp.com\/blogdafeira.com.br\/home\/wp-content\/uploads\/2021\/06\/Screenshot_20210614-2147032.png?resize=350%2C200&ssl=1","width":350,"height":200,"srcset":"https:\/\/i0.wp.com\/blogdafeira.com.br\/home\/wp-content\/uploads\/2021\/06\/Screenshot_20210614-2147032.png?resize=350%2C200&ssl=1 1x, https:\/\/i0.wp.com\/blogdafeira.com.br\/home\/wp-content\/uploads\/2021\/06\/Screenshot_20210614-2147032.png?resize=525%2C300&ssl=1 1.5x"},"classes":[]},{"id":46021,"url":"https:\/\/blogdafeira.com.br\/home\/2021\/06\/25\/fui-na-macumba-musica-lanca-dona-santinha-no-disco-de-bie-dos-8-baixos\/","url_meta":{"origin":46034,"position":1},"title":"&#8216;Fui na Macumba&#8217;, m\u00fasica lan\u00e7a Dona Santinha no disco de Bi\u00e9 dos 8 Baixos","author":"Blog da Feira","date":"25\/06\/2021","format":false,"excerpt":"Cantada pela voz de Dona Santinha, Fui na Macumba conta a hist\u00f3ria de Margarida, uma mulher que, lutando para manter o casamento, amea\u00e7a voltar \u00e0 casa dos pais caso o marido a agrida novamente. \u00c9 a \u00faltima faixa do disco Bi\u00e9 dos Oito Baixos que est\u00e1 sendo executada nas r\u00e1dios\u2026","rel":"","context":"Em &quot;Cultura&quot;","block_context":{"text":"Cultura","link":"https:\/\/blogdafeira.com.br\/home\/categoria\/cultura\/"},"img":{"alt_text":"","src":"https:\/\/i0.wp.com\/blogdafeira.com.br\/home\/wp-content\/uploads\/2021\/06\/Screenshot_20210616-0711573.png?resize=350%2C200&ssl=1","width":350,"height":200,"srcset":"https:\/\/i0.wp.com\/blogdafeira.com.br\/home\/wp-content\/uploads\/2021\/06\/Screenshot_20210616-0711573.png?resize=350%2C200&ssl=1 1x, https:\/\/i0.wp.com\/blogdafeira.com.br\/home\/wp-content\/uploads\/2021\/06\/Screenshot_20210616-0711573.png?resize=525%2C300&ssl=1 1.5x, https:\/\/i0.wp.com\/blogdafeira.com.br\/home\/wp-content\/uploads\/2021\/06\/Screenshot_20210616-0711573.png?resize=700%2C400&ssl=1 2x"},"classes":[]},{"id":46001,"url":"https:\/\/blogdafeira.com.br\/home\/2021\/06\/23\/emissoras-de-radio-em-feira-tocam-a-musica-de-bie-dos-8-baixos\/","url_meta":{"origin":46034,"position":2},"title":"Emissoras de r\u00e1dio em Feira tocam a m\u00fasica de Bi\u00e9 dos 8 Baixos","author":"Blog da Feira","date":"23\/06\/2021","format":false,"excerpt":"Algumas das principais emissoras de r\u00e1dio de Feira de Santana, em todas as plataformas, j\u00e1 est\u00e3o tocando as m\u00fasicas do disco de Bi\u00e9 dos 8 Baixos, o primeiro trabalho, feito em est\u00fadio ,do popular sanfoneiro que durante muitos anos alegrou o\u00a0 Centro de Abastecimento, todas as segundas-feiras, com o divertido\u2026","rel":"","context":"Em &quot;Cultura&quot;","block_context":{"text":"Cultura","link":"https:\/\/blogdafeira.com.br\/home\/categoria\/cultura\/"},"img":{"alt_text":"","src":"https:\/\/i0.wp.com\/blogdafeira.com.br\/home\/wp-content\/uploads\/2021\/06\/Screenshot_20210623-2148342.png?resize=350%2C200&ssl=1","width":350,"height":200,"srcset":"https:\/\/i0.wp.com\/blogdafeira.com.br\/home\/wp-content\/uploads\/2021\/06\/Screenshot_20210623-2148342.png?resize=350%2C200&ssl=1 1x, https:\/\/i0.wp.com\/blogdafeira.com.br\/home\/wp-content\/uploads\/2021\/06\/Screenshot_20210623-2148342.png?resize=525%2C300&ssl=1 1.5x, https:\/\/i0.wp.com\/blogdafeira.com.br\/home\/wp-content\/uploads\/2021\/06\/Screenshot_20210623-2148342.png?resize=700%2C400&ssl=1 2x"},"classes":[]},{"id":51355,"url":"https:\/\/blogdafeira.com.br\/home\/2022\/03\/17\/o-ep-bie-dos-8-baixos-e-obra-sofisticada\/","url_meta":{"origin":46034,"position":3},"title":"O EP Bi\u00e9 dos 8 Baixos \u00e9 obra sofisticada","author":"Blog da Feira","date":"17\/03\/2022","format":false,"excerpt":"Quando ouvi o primeiro e \u00fanico disco de Bi\u00e9 dos 8 Baixos n\u00e3o demorou para a boca salivar. Mininico de carneiro e pit\u00edvis \u2013 \u00e9 o sabor do disco-document\u00e1rio que tem como protagonista Francisco da Silva Sena, o Bi\u00e9, que deu seu nome a uma obra que escancara a complexidade\u2026","rel":"","context":"Em &quot;Colunistas&quot;","block_context":{"text":"Colunistas","link":"https:\/\/blogdafeira.com.br\/home\/categoria\/colunistas\/"},"img":{"alt_text":"","src":"https:\/\/i0.wp.com\/blogdafeira.com.br\/home\/wp-content\/uploads\/2022\/03\/Screenshot_20220317-1812112.png?resize=350%2C200&ssl=1","width":350,"height":200,"srcset":"https:\/\/i0.wp.com\/blogdafeira.com.br\/home\/wp-content\/uploads\/2022\/03\/Screenshot_20220317-1812112.png?resize=350%2C200&ssl=1 1x, https:\/\/i0.wp.com\/blogdafeira.com.br\/home\/wp-content\/uploads\/2022\/03\/Screenshot_20220317-1812112.png?resize=525%2C300&ssl=1 1.5x, https:\/\/i0.wp.com\/blogdafeira.com.br\/home\/wp-content\/uploads\/2022\/03\/Screenshot_20220317-1812112.png?resize=700%2C400&ssl=1 2x"},"classes":[]},{"id":46360,"url":"https:\/\/blogdafeira.com.br\/home\/2021\/07\/10\/bie-dos-8-baixos-no-jeca-total-bar-hoje-as-19-horas-pelo-youtube\/","url_meta":{"origin":46034,"position":4},"title":"Bi\u00e9 dos 8 Baixos no Jeca Total  pelo Youtube","author":"Blog da Feira","date":"10\/07\/2021","format":false,"excerpt":"? Uyat\u00e3 Rayra, Bel da Bonita, Eraldo Aboiador, Iraldino Pandeirista, Ravel no zabumba\u00a0 e outros artistas est\u00e3o com Bi\u00e9 dos 8 Baixos numa live - Arra\u00eda de Bi\u00e9 - gravada no Bar Jeca Total e que foi ao ar neste s\u00e1bado, 10, \u00a0no Canal Bi\u00e9 dos 8 Baixos (clique) A\u2026","rel":"","context":"Em &quot;Cultura&quot;","block_context":{"text":"Cultura","link":"https:\/\/blogdafeira.com.br\/home\/categoria\/cultura\/"},"img":{"alt_text":"","src":"https:\/\/i0.wp.com\/blogdafeira.com.br\/home\/wp-content\/uploads\/2021\/07\/Screenshot_20210710-1343572-1.png?resize=350%2C200&ssl=1","width":350,"height":200,"srcset":"https:\/\/i0.wp.com\/blogdafeira.com.br\/home\/wp-content\/uploads\/2021\/07\/Screenshot_20210710-1343572-1.png?resize=350%2C200&ssl=1 1x, https:\/\/i0.wp.com\/blogdafeira.com.br\/home\/wp-content\/uploads\/2021\/07\/Screenshot_20210710-1343572-1.png?resize=525%2C300&ssl=1 1.5x, https:\/\/i0.wp.com\/blogdafeira.com.br\/home\/wp-content\/uploads\/2021\/07\/Screenshot_20210710-1343572-1.png?resize=700%2C400&ssl=1 2x"},"classes":[]},{"id":46654,"url":"https:\/\/blogdafeira.com.br\/home\/2021\/07\/26\/bie-teve-leve-melhora-e-faz-fisioterapia-sob-cuidados-de-dona-santinha\/","url_meta":{"origin":46034,"position":5},"title":"Bi\u00e9 teve leve melhora e faz fisioterapia; sob cuidados de Dona Santinha","author":"Blog da Feira","date":"26\/07\/2021","format":false,"excerpt":"O sanfoneiro Francisco de Sena, Bi\u00e9 dos 8 Baixos, sofreu um princ\u00edpio de AVC no dia em que iria fazer a live de lan\u00e7amento do primeiro CD, gravado em est\u00fadio profissional. O disco e o EP\u00a0 s\u00e3o compostos de m\u00fasicas que fazem parte do repert\u00f3rio do famoso \"Samba de Bi\u00e9\"\u2026","rel":"","context":"Em &quot;Cultura&quot;","block_context":{"text":"Cultura","link":"https:\/\/blogdafeira.com.br\/home\/categoria\/cultura\/"},"img":{"alt_text":"","src":"https:\/\/i0.wp.com\/blogdafeira.com.br\/home\/wp-content\/uploads\/2021\/07\/FB_IMG_1627293850687.jpg?resize=350%2C200&ssl=1","width":350,"height":200,"srcset":"https:\/\/i0.wp.com\/blogdafeira.com.br\/home\/wp-content\/uploads\/2021\/07\/FB_IMG_1627293850687.jpg?resize=350%2C200&ssl=1 1x, https:\/\/i0.wp.com\/blogdafeira.com.br\/home\/wp-content\/uploads\/2021\/07\/FB_IMG_1627293850687.jpg?resize=525%2C300&ssl=1 1.5x, https:\/\/i0.wp.com\/blogdafeira.com.br\/home\/wp-content\/uploads\/2021\/07\/FB_IMG_1627293850687.jpg?resize=700%2C400&ssl=1 2x"},"classes":[]}],"_links":{"self":[{"href":"https:\/\/blogdafeira.com.br\/home\/wp-json\/wp\/v2\/posts\/46034","targetHints":{"allow":["GET"]}}],"collection":[{"href":"https:\/\/blogdafeira.com.br\/home\/wp-json\/wp\/v2\/posts"}],"about":[{"href":"https:\/\/blogdafeira.com.br\/home\/wp-json\/wp\/v2\/types\/post"}],"author":[{"embeddable":true,"href":"https:\/\/blogdafeira.com.br\/home\/wp-json\/wp\/v2\/users\/1"}],"replies":[{"embeddable":true,"href":"https:\/\/blogdafeira.com.br\/home\/wp-json\/wp\/v2\/comments?post=46034"}],"version-history":[{"count":5,"href":"https:\/\/blogdafeira.com.br\/home\/wp-json\/wp\/v2\/posts\/46034\/revisions"}],"predecessor-version":[{"id":46096,"href":"https:\/\/blogdafeira.com.br\/home\/wp-json\/wp\/v2\/posts\/46034\/revisions\/46096"}],"wp:featuredmedia":[{"embeddable":true,"href":"https:\/\/blogdafeira.com.br\/home\/wp-json\/wp\/v2\/media\/46038"}],"wp:attachment":[{"href":"https:\/\/blogdafeira.com.br\/home\/wp-json\/wp\/v2\/media?parent=46034"}],"wp:term":[{"taxonomy":"category","embeddable":true,"href":"https:\/\/blogdafeira.com.br\/home\/wp-json\/wp\/v2\/categories?post=46034"},{"taxonomy":"post_tag","embeddable":true,"href":"https:\/\/blogdafeira.com.br\/home\/wp-json\/wp\/v2\/tags?post=46034"}],"curies":[{"name":"wp","href":"https:\/\/api.w.org\/{rel}","templated":true}]}}