{"id":46061,"date":"2021-06-23T07:37:51","date_gmt":"2021-06-23T10:37:51","guid":{"rendered":"https:\/\/blogdafeira.com.br\/home\/?p=46061"},"modified":"2022-01-11T00:01:44","modified_gmt":"2022-01-11T03:01:44","slug":"deputado-cobra-promessa-de-rui-a-dois-distritos-de-feira-tiquarucu-e-jaguara","status":"publish","type":"post","link":"https:\/\/blogdafeira.com.br\/home\/2021\/06\/23\/deputado-cobra-promessa-de-rui-a-dois-distritos-de-feira-tiquarucu-e-jaguara\/","title":{"rendered":"Promessa de Rui Costa a dois distritos de Feira: Tiquaru\u00e7u e Jaguara"},"content":{"rendered":"<div id=\"blogd-2958547872\" class=\"blogd-fim-do-post-mobile blogd-entity-placement\" style=\"margin-left: auto;margin-right: auto;text-align: center;\"><a href=\"https:\/\/www.sefaz.feiradesantana.ba.gov.br\/\" target=\"_blank\" aria-label=\"728&#215;90 (6)\"><img loading=\"lazy\" decoding=\"async\" src=\"https:\/\/blogdafeira.com.br\/home\/wp-content\/uploads\/2026\/03\/728x90-6.gif\" alt=\"\"  class=\"no-lazyload\" width=\"728\" height=\"90\"  style=\"display: inline-block;\" \/><\/a><\/div><p style=\"text-align: justify;\">O deputado estadual Angelo Almeida (PSB) cobrou do governador Rui Costa a promessa feita em 2020 de que o Governo do Estado iria pavimentar as estradas que ligam Feira de Santana a duas sedes de distritos rurais de Feira de Santana: Jaguara e Tiquaru\u00e7u.<\/p><div id=\"blogd-578916296\" class=\"blogd-conteudo-2-mobile blogd-entity-placement\"><a href=\"https:\/\/feirenses.com.br\/\" target=\"_blank\" aria-label=\"feirenses\"><img loading=\"lazy\" decoding=\"async\" src=\"https:\/\/blogdafeira.com.br\/home\/wp-content\/uploads\/2026\/04\/feirenses.png\" alt=\"\"  srcset=\"https:\/\/blogdafeira.com.br\/home\/wp-content\/uploads\/2026\/04\/feirenses.png 300w, https:\/\/blogdafeira.com.br\/home\/wp-content\/uploads\/2026\/04\/feirenses-170x45.png 170w, https:\/\/blogdafeira.com.br\/home\/wp-content\/uploads\/2026\/04\/feirenses-280x74.png 280w\" sizes=\"(max-width: 300px) 100vw, 300px\" class=\"no-lazyload\" width=\"300\" height=\"79\"  style=\"display: inline-block;\" \/><\/a><\/div>\n<p style=\"text-align: justify;\">Feira de Santana possui oito distritos rurais e apenas essas duas estradas (a de Jaguara \u00e9 ligada \u00e0 Estrada do Feij\u00e3o, e a de Tiquaru\u00e7u \u00e0 BR-116 Norte) ainda n\u00e3o s\u00e3o pavimentadas.<\/p>\n<p style=\"text-align: justify;\">Ao apresentar a indica\u00e7\u00e3o solicitando as melhorias, Angelo lembrou que em reuni\u00e3o em novembro do ano passado com as &#8220;classes produtoras&#8221; de Feira, o governador prometeu atender a reivindica\u00e7\u00e3o.<\/p>\n<p style=\"text-align: justify;\">O distrito de Tiquaru\u00e7u fica \u00e0s margens direita da BR-116 Norte, sentido Feira entroncamento de Tanquinho. Grande parte das pessoas que mora neste distrito se desloca diariamente para trabalhar ou estudar na cidade. Existem linhas regulares de transporte p\u00fablico de passageiros, al\u00e9m de um significativo n\u00famero de ve\u00edculos particulares. A dist\u00e2ncia entre a BR-116 Norte e a sede do distrito que \u00e9 S\u00e3o Vicente n\u00e3o ultrapassa 9 quil\u00f4metros em terreno plano, facilitando a execu\u00e7\u00e3o da obra e reduzindo os custos da pavimenta\u00e7\u00e3o asf\u00e1ltica.<\/p>\n<p style=\"text-align: justify;\">J\u00e1 o distrito de Jaguara fica \u00e0s margens direita da BA-052, conhecida como Estrada do Feij\u00e3o, sentido Feira &#8211; Anguera, e o acesso ligando a BA \u00e0 sede do distrito \u00e9 de aproximadamente 13 quil\u00f4metros.<\/p>\n<p style=\"text-align: justify;\">\u201c<em>Importante evidenciar que a pavimenta\u00e7\u00e3o do acesso a sede a Jaguara n\u00e3o beneficia somente os moradores da localidade, mas toda regi\u00e3o, possibilitando uma importante diminui\u00e7\u00e3o no n\u00famero de ve\u00edculo que transitam no Anel de Contorno de Feira de Santana, uma vez que Jaguara tem liga\u00e7\u00e3o com o munic\u00edpio de Tanquinho o que permitir\u00e1 assim que motoristas possam encurtar a dist\u00e2ncia entre a BA e a BR-324, nos trechos Tanquinho, Riach\u00e3o do Jacu\u00edpe e outras localidades com a realiza\u00e7\u00e3o da pavimenta\u00e7\u00e3o deste trecho da obra\u201d<\/em>, destaca Angelo.<\/p>\n<div id=\"blogd-3865488035\" class=\"blogd-final-post blogd-entity-placement\"><a href=\"https:\/\/www.feiradesantana.ba.leg.br\/\" target=\"_blank\" aria-label=\"BANNER-SITE-ENTREGADECHEQUE-CAMARADEFEIRA\"><img loading=\"lazy\" decoding=\"async\" src=\"https:\/\/blogdafeira.com.br\/home\/wp-content\/uploads\/2026\/03\/BANNER-SITE-ENTREGADECHEQUE-CAMARADEFEIRA.gif\" alt=\"\"  class=\"no-lazyload\" width=\"728\" height=\"90\"   \/><\/a><\/div><p style=\"text-align: justify;\"><em><strong>Na foto, a igreja de S\u00e3o Vicente em Tiquaru\u00e7u, onde foi batizada a hero\u00edna baiana Maria Quit\u00e9ria.<\/strong><\/em><\/p>\n","protected":false},"excerpt":{"rendered":"<p>O deputado estadual Angelo Almeida (PSB) cobrou do governador Rui Costa a promessa feita em 2020 de que o Governo do Estado iria pavimentar as estradas que ligam Feira de Santana a duas sedes de distritos rurais de Feira de Santana: Jaguara e Tiquaru\u00e7u. Feira de Santana possui oito distritos rurais e apenas essas duas<\/p>\n","protected":false},"author":1,"featured_media":45973,"comment_status":"open","ping_status":"open","sticky":false,"template":"","format":"standard","meta":{"jetpack_post_was_ever_published":false,"cybocfi_hide_featured_image":"","_jetpack_newsletter_access":"","_jetpack_dont_email_post_to_subs":false,"_jetpack_newsletter_tier_id":0,"_jetpack_memberships_contains_paywalled_content":false,"_jetpack_memberships_contains_paid_content":false,"footnotes":"","jetpack_publicize_message":"","jetpack_publicize_feature_enabled":true,"jetpack_social_post_already_shared":true,"jetpack_social_options":{"image_generator_settings":{"template":"highway","default_image_id":0,"font":"","enabled":false},"version":2}},"categories":[748,1,631],"tags":[],"class_list":["post-46061","post","type-post","status-publish","format-standard","has-post-thumbnail","hentry","category-distritos","category-raiz","category-politica"],"jetpack_publicize_connections":[],"jetpack_featured_media_url":"https:\/\/blogdafeira.com.br\/home\/wp-content\/uploads\/2021\/06\/IMG_20201220_104514_357-scaled.jpg","jetpack_shortlink":"https:\/\/wp.me\/p3niVf-bYV","jetpack_sharing_enabled":true,"jetpack-related-posts":[{"id":63082,"url":"https:\/\/blogdafeira.com.br\/home\/2024\/08\/01\/bom-despacho-era-o-nome-antes-de-ser-chamado-de-jaguara\/","url_meta":{"origin":46061,"position":0},"title":"Bom Despacho, era o nome antes de ser chamado de Jaguara","author":"Blog da Feira","date":"01\/08\/2024","format":false,"excerpt":"Bom Despacho, era o nome antes de ser chamado de Jaguara.O acesso a esse distrito da Feira, que Jer\u00f4nimo inaugura hoje a pavimenta\u00e7\u00e3o, passa por dentro de fazendas de gado.Houve tempo em que haviam sete cancelas (fechadas) neste percurso. Depois vieram os mata-burros. Jaguara \u00e9 o distrito mais distante da\u2026","rel":"","context":"Em &quot;Cultura&quot;","block_context":{"text":"Cultura","link":"https:\/\/blogdafeira.com.br\/home\/categoria\/cultura\/"},"img":{"alt_text":"","src":"https:\/\/i0.wp.com\/blogdafeira.com.br\/home\/wp-content\/uploads\/2024\/08\/20240801_080946.jpg?resize=350%2C200&ssl=1","width":350,"height":200,"srcset":"https:\/\/i0.wp.com\/blogdafeira.com.br\/home\/wp-content\/uploads\/2024\/08\/20240801_080946.jpg?resize=350%2C200&ssl=1 1x, https:\/\/i0.wp.com\/blogdafeira.com.br\/home\/wp-content\/uploads\/2024\/08\/20240801_080946.jpg?resize=525%2C300&ssl=1 1.5x, https:\/\/i0.wp.com\/blogdafeira.com.br\/home\/wp-content\/uploads\/2024\/08\/20240801_080946.jpg?resize=700%2C400&ssl=1 2x"},"classes":[]},{"id":54982,"url":"https:\/\/blogdafeira.com.br\/home\/2022\/10\/20\/prefeitura-de-feira-melhora-estradas-e-caminhos-nos-8-distritos-rurais\/","url_meta":{"origin":46061,"position":1},"title":"Prefeitura de Feira melhora estradas e caminhos nos 8 distritos rurais","author":"Blog da Feira","date":"20\/10\/2022","format":false,"excerpt":"A Prefeitura de Feira intensificou os servi\u00e7os de patrolamento e encascalhamento nos distritos de Humildes, Ipua\u00e7u, Jaguara, Maria Quit\u00e9ria, Matinha e Tiquaru\u00e7u, al\u00e9m dos bairros da zona urbana. Os servi\u00e7os s\u00e3o executados pela Superintend\u00eancia de Opera\u00e7\u00f5es e Manuten\u00e7\u00e3o (SOMA). Foram utilizadas 16 ca\u00e7ambas de cascalho para o patrolamento e encascalhamento\u2026","rel":"","context":"Em &quot;Distritos&quot;","block_context":{"text":"Distritos","link":"https:\/\/blogdafeira.com.br\/home\/categoria\/distritos\/"},"img":{"alt_text":"","src":"https:\/\/i0.wp.com\/blogdafeira.com.br\/home\/wp-content\/uploads\/2022\/10\/Patrolamento-e-encascalamento-Foto-Divulgacao-Foto-ACM-43.jpg?resize=350%2C200&ssl=1","width":350,"height":200,"srcset":"https:\/\/i0.wp.com\/blogdafeira.com.br\/home\/wp-content\/uploads\/2022\/10\/Patrolamento-e-encascalamento-Foto-Divulgacao-Foto-ACM-43.jpg?resize=350%2C200&ssl=1 1x, https:\/\/i0.wp.com\/blogdafeira.com.br\/home\/wp-content\/uploads\/2022\/10\/Patrolamento-e-encascalamento-Foto-Divulgacao-Foto-ACM-43.jpg?resize=525%2C300&ssl=1 1.5x, https:\/\/i0.wp.com\/blogdafeira.com.br\/home\/wp-content\/uploads\/2022\/10\/Patrolamento-e-encascalamento-Foto-Divulgacao-Foto-ACM-43.jpg?resize=700%2C400&ssl=1 2x, https:\/\/i0.wp.com\/blogdafeira.com.br\/home\/wp-content\/uploads\/2022\/10\/Patrolamento-e-encascalamento-Foto-Divulgacao-Foto-ACM-43.jpg?resize=1050%2C600&ssl=1 3x"},"classes":[]},{"id":57340,"url":"https:\/\/blogdafeira.com.br\/home\/2023\/04\/29\/feriadao-visite-um-distrito-rural-de-feira-de-santana\/","url_meta":{"origin":46061,"position":2},"title":"Feriad\u00e3o: visite um distrito rural de Feira de Santana","author":"Blog da Feira","date":"29\/04\/2023","format":false,"excerpt":"Nossa sugest\u00e3o\u00a0 - Visite um dos OITO distritos nesse feriad\u00e3o - nasce da sensa\u00e7\u00e3o de que grande parcela das pessoas que mora na cidade de Feira de Santana n\u00e3o conhece a zona rural, seus povoados, caminhos e atra\u00e7\u00f5es. O Blog da Feira tem uma p\u00e1gina dedicada aos Distritos de Feira\u2026","rel":"","context":"Em &quot;Cidade&quot;","block_context":{"text":"Cidade","link":"https:\/\/blogdafeira.com.br\/home\/categoria\/cidade\/"},"img":{"alt_text":"","src":"https:\/\/i0.wp.com\/blogdafeira.com.br\/home\/wp-content\/uploads\/2023\/04\/Distritos_de_Feira_de_Santana.png?resize=350%2C200&ssl=1","width":350,"height":200,"srcset":"https:\/\/i0.wp.com\/blogdafeira.com.br\/home\/wp-content\/uploads\/2023\/04\/Distritos_de_Feira_de_Santana.png?resize=350%2C200&ssl=1 1x, https:\/\/i0.wp.com\/blogdafeira.com.br\/home\/wp-content\/uploads\/2023\/04\/Distritos_de_Feira_de_Santana.png?resize=525%2C300&ssl=1 1.5x, https:\/\/i0.wp.com\/blogdafeira.com.br\/home\/wp-content\/uploads\/2023\/04\/Distritos_de_Feira_de_Santana.png?resize=700%2C400&ssl=1 2x"},"classes":[]},{"id":63091,"url":"https:\/\/blogdafeira.com.br\/home\/2024\/08\/01\/paulao-do-caldeirao-promete-reinaugurar-estrada-de-jaguara-com-churrasco-em-novembro\/","url_meta":{"origin":46061,"position":3},"title":"Paul\u00e3o do Caldeir\u00e3o promete &#8216;reinaugurar&#8217; estrada de Jaguara com churrasco em novembro","author":"Blog da Feira","date":"01\/08\/2024","format":false,"excerpt":"Da Estrada do Feij\u00e3o (BA-052) \u00e0 sede do distrito de Jaguara s\u00e3o 11,7 km. Foi esse trecho que o Governo Estadual pavimentou e o governador Jer\u00f4nimo Rodrigues\u00a0 inaugurou hoje, quinta-feira, 1\u00b0, em Feira de Santana. Segundo o governo, um investimento de 16 milh\u00f5es de reais. Enquanto Jer\u00f4nimo estava em Jaguara,\u2026","rel":"","context":"Em &quot;Distritos&quot;","block_context":{"text":"Distritos","link":"https:\/\/blogdafeira.com.br\/home\/categoria\/distritos\/"},"img":{"alt_text":"","src":"https:\/\/i0.wp.com\/blogdafeira.com.br\/home\/wp-content\/uploads\/2024\/08\/Screenshot_20240801-1902582-1.png?resize=350%2C200&ssl=1","width":350,"height":200,"srcset":"https:\/\/i0.wp.com\/blogdafeira.com.br\/home\/wp-content\/uploads\/2024\/08\/Screenshot_20240801-1902582-1.png?resize=350%2C200&ssl=1 1x, https:\/\/i0.wp.com\/blogdafeira.com.br\/home\/wp-content\/uploads\/2024\/08\/Screenshot_20240801-1902582-1.png?resize=525%2C300&ssl=1 1.5x, https:\/\/i0.wp.com\/blogdafeira.com.br\/home\/wp-content\/uploads\/2024\/08\/Screenshot_20240801-1902582-1.png?resize=700%2C400&ssl=1 2x, https:\/\/i0.wp.com\/blogdafeira.com.br\/home\/wp-content\/uploads\/2024\/08\/Screenshot_20240801-1902582-1.png?resize=1050%2C600&ssl=1 3x, https:\/\/i0.wp.com\/blogdafeira.com.br\/home\/wp-content\/uploads\/2024\/08\/Screenshot_20240801-1902582-1.png?resize=1400%2C800&ssl=1 4x"},"classes":[]},{"id":67940,"url":"https:\/\/blogdafeira.com.br\/home\/2025\/06\/23\/sao-joao-na-feira-bambas-do-nordeste-em-tiquarucu-e-comeca-a-festa-em-jaguara\/","url_meta":{"origin":46061,"position":4},"title":"S\u00e3o Jo\u00e3o na Feira: Bambas do Nordeste em Tiquaru\u00e7u e em Jaguara a festa come\u00e7a hoje","author":"Blog da Feira","date":"23\/06\/2025","format":false,"excerpt":"Hoje \u00e0 noite tem forr\u00f3 leg\u00edtimo em Tiquaru\u00e7u, com apresenta\u00e7\u00e3o\u00a0 dos Bambas do Nordeste que comemora\u00a0 50 anos de estrada. Em sua primeira forma\u00e7\u00e3o estavam: Baio do Acordeon (que permanece), Jorge Mota (Zabumba) Binha (Tri\u00e2ngulo) e Jacinto Limeira (Voz e Trombone). Foram 10 discos gravados e muitos arranjos utilizados em\u2026","rel":"","context":"Em &quot;Cidade&quot;","block_context":{"text":"Cidade","link":"https:\/\/blogdafeira.com.br\/home\/categoria\/cidade\/"},"img":{"alt_text":"","src":"https:\/\/i0.wp.com\/blogdafeira.com.br\/home\/wp-content\/uploads\/2025\/06\/images-2.jpeg?resize=350%2C200&ssl=1","width":350,"height":200},"classes":[]},{"id":67964,"url":"https:\/\/blogdafeira.com.br\/home\/2025\/06\/25\/ze-ronaldo-rechaca-ideia-de-acabar-festas-juninas-nos-distritos-de-feira\/","url_meta":{"origin":46061,"position":5},"title":"Z\u00e9 Ronaldo recha\u00e7a ideia de acabar festas juninas nos distritos de Feira: &#8216;sou totalmente contra &#8216;","author":"Blog da Feira","date":"25\/06\/2025","format":false,"excerpt":"Feira de Santana encerrou hoje de madrugada a primeira etapa dos festejos juninos patrocinados pela Prefeitura e que aconteceram em tr\u00eas distritos rurais: Maria Quit\u00e9ria, Jaguara e Tiquaru\u00e7u.\u00a0 A pr\u00f3xima etapa s\u00e3o os festejos de S\u00e3o Pedro que acontecem em mais tr\u00eas distritos: Humildes, Bonfim de Feira e Ja\u00edba e\u2026","rel":"","context":"Em &quot;Cultura&quot;","block_context":{"text":"Cultura","link":"https:\/\/blogdafeira.com.br\/home\/categoria\/cultura\/"},"img":{"alt_text":"","src":"https:\/\/i0.wp.com\/blogdafeira.com.br\/home\/wp-content\/uploads\/2025\/06\/Screenshot_20250625-0719112.png?resize=350%2C200&ssl=1","width":350,"height":200,"srcset":"https:\/\/i0.wp.com\/blogdafeira.com.br\/home\/wp-content\/uploads\/2025\/06\/Screenshot_20250625-0719112.png?resize=350%2C200&ssl=1 1x, https:\/\/i0.wp.com\/blogdafeira.com.br\/home\/wp-content\/uploads\/2025\/06\/Screenshot_20250625-0719112.png?resize=525%2C300&ssl=1 1.5x, https:\/\/i0.wp.com\/blogdafeira.com.br\/home\/wp-content\/uploads\/2025\/06\/Screenshot_20250625-0719112.png?resize=700%2C400&ssl=1 2x, https:\/\/i0.wp.com\/blogdafeira.com.br\/home\/wp-content\/uploads\/2025\/06\/Screenshot_20250625-0719112.png?resize=1050%2C600&ssl=1 3x"},"classes":[]}],"_links":{"self":[{"href":"https:\/\/blogdafeira.com.br\/home\/wp-json\/wp\/v2\/posts\/46061","targetHints":{"allow":["GET"]}}],"collection":[{"href":"https:\/\/blogdafeira.com.br\/home\/wp-json\/wp\/v2\/posts"}],"about":[{"href":"https:\/\/blogdafeira.com.br\/home\/wp-json\/wp\/v2\/types\/post"}],"author":[{"embeddable":true,"href":"https:\/\/blogdafeira.com.br\/home\/wp-json\/wp\/v2\/users\/1"}],"replies":[{"embeddable":true,"href":"https:\/\/blogdafeira.com.br\/home\/wp-json\/wp\/v2\/comments?post=46061"}],"version-history":[{"count":6,"href":"https:\/\/blogdafeira.com.br\/home\/wp-json\/wp\/v2\/posts\/46061\/revisions"}],"predecessor-version":[{"id":50016,"href":"https:\/\/blogdafeira.com.br\/home\/wp-json\/wp\/v2\/posts\/46061\/revisions\/50016"}],"wp:featuredmedia":[{"embeddable":true,"href":"https:\/\/blogdafeira.com.br\/home\/wp-json\/wp\/v2\/media\/45973"}],"wp:attachment":[{"href":"https:\/\/blogdafeira.com.br\/home\/wp-json\/wp\/v2\/media?parent=46061"}],"wp:term":[{"taxonomy":"category","embeddable":true,"href":"https:\/\/blogdafeira.com.br\/home\/wp-json\/wp\/v2\/categories?post=46061"},{"taxonomy":"post_tag","embeddable":true,"href":"https:\/\/blogdafeira.com.br\/home\/wp-json\/wp\/v2\/tags?post=46061"}],"curies":[{"name":"wp","href":"https:\/\/api.w.org\/{rel}","templated":true}]}}