{"id":4621,"date":"2013-08-27T12:26:37","date_gmt":"2013-08-27T15:26:37","guid":{"rendered":"http:\/\/blogdafeira.com.br\/home\/?p=4621"},"modified":"2013-08-27T12:28:14","modified_gmt":"2013-08-27T15:28:14","slug":"escola-para-menores-infratores-foi-fundado-no-governo-joao-goulart","status":"publish","type":"post","link":"https:\/\/blogdafeira.com.br\/home\/2013\/08\/27\/escola-para-menores-infratores-foi-fundado-no-governo-joao-goulart\/","title":{"rendered":"Escola para menores infratores foi fundada no governo Jo\u00e3o Goulart"},"content":{"rendered":"<div id=\"blogd-684695032\" class=\"blogd-fim-do-post-mobile blogd-entity-placement\" style=\"margin-left: auto;margin-right: auto;text-align: center;\"><a href=\"https:\/\/www.sefaz.feiradesantana.ba.gov.br\/\" target=\"_blank\" aria-label=\"728&#215;90 (6)\"><img loading=\"lazy\" decoding=\"async\" src=\"https:\/\/blogdafeira.com.br\/home\/wp-content\/uploads\/2026\/03\/728x90-6.gif\" alt=\"\"  class=\"no-lazyload\" width=\"728\" height=\"90\"  style=\"display: inline-block;\" \/><\/a><\/div><p><img loading=\"lazy\" decoding=\"async\" class=\"aligncenter size-full wp-image-4635\" alt=\"DSC08612\" src=\"http:\/\/blogdafeira.com.br\/home\/wp-content\/uploads\/2013\/08\/DSC08612.jpg\" width=\"640\" height=\"480\" srcset=\"https:\/\/blogdafeira.com.br\/home\/wp-content\/uploads\/2013\/08\/DSC08612.jpg 640w, https:\/\/blogdafeira.com.br\/home\/wp-content\/uploads\/2013\/08\/DSC08612-170x127.jpg 170w, https:\/\/blogdafeira.com.br\/home\/wp-content\/uploads\/2013\/08\/DSC08612-346x259.jpg 346w\" sizes=\"auto, (max-width: 640px) 100vw, 640px\" \/>O Centro Educacional funciona em um dos pr\u00e9dios de uma velha escola para menores infratores constru\u00edda h\u00e1 51 anos atr\u00e1s, no governo de Jo\u00e3o Goulart.<\/p><div id=\"blogd-1317133527\" class=\"blogd-conteudo-2-mobile blogd-entity-placement\"><a href=\"https:\/\/feirenses.com.br\/\" target=\"_blank\" aria-label=\"feirenses\"><img loading=\"lazy\" decoding=\"async\" src=\"https:\/\/blogdafeira.com.br\/home\/wp-content\/uploads\/2026\/04\/feirenses.png\" alt=\"\"  srcset=\"https:\/\/blogdafeira.com.br\/home\/wp-content\/uploads\/2026\/04\/feirenses.png 300w, https:\/\/blogdafeira.com.br\/home\/wp-content\/uploads\/2026\/04\/feirenses-170x45.png 170w, https:\/\/blogdafeira.com.br\/home\/wp-content\/uploads\/2026\/04\/feirenses-280x74.png 280w\" sizes=\"(max-width: 300px) 100vw, 300px\" class=\"no-lazyload\" width=\"300\" height=\"79\"  style=\"display: inline-block;\" \/><\/a><\/div>\n<p>O complexo constru\u00eddo no governo de Juracy Magalh\u00e3es na Bahia ocupa uma extensa \u00e1rea rural no distrito de Capanema, onde existe o quilombola <img loading=\"lazy\" decoding=\"async\" class=\"alignright size-medium wp-image-4629\" alt=\"DSC08614\" src=\"http:\/\/blogdafeira.com.br\/home\/wp-content\/uploads\/2013\/08\/DSC08614-346x259.jpg\" width=\"346\" height=\"259\" srcset=\"https:\/\/blogdafeira.com.br\/home\/wp-content\/uploads\/2013\/08\/DSC08614-346x259.jpg 346w, https:\/\/blogdafeira.com.br\/home\/wp-content\/uploads\/2013\/08\/DSC08614-170x127.jpg 170w, https:\/\/blogdafeira.com.br\/home\/wp-content\/uploads\/2013\/08\/DSC08614.jpg 640w\" sizes=\"auto, (max-width: 346px) 100vw, 346px\" \/>Giral Grande, um complexo de dez comunidades quilombolas, totalizando 550 fam\u00edlias.<\/p>\n<p>Membros da comunidade quilombola utilizam \u00e1reas do antigo complexo para planta\u00e7\u00e3o e cria\u00e7\u00e3o de animais.<\/p>\n<div id=\"blogd-1161501785\" class=\"blogd-final-post blogd-entity-placement\"><a href=\"https:\/\/www.feiradesantana.ba.leg.br\/\" target=\"_blank\" aria-label=\"BANNER-SITE-ENTREGADECHEQUE-CAMARADEFEIRA\"><img loading=\"lazy\" decoding=\"async\" src=\"https:\/\/blogdafeira.com.br\/home\/wp-content\/uploads\/2026\/03\/BANNER-SITE-ENTREGADECHEQUE-CAMARADEFEIRA.gif\" alt=\"\"  class=\"no-lazyload\" width=\"728\" height=\"90\"   \/><\/a><\/div><p>No local j\u00e1 existiram oficinas, criat\u00f3rios de animais e at\u00e9 uma olaria para constru\u00e7\u00e3o de tijolos, que era opera pelos pr\u00f3prios menores.<\/p>\n","protected":false},"excerpt":{"rendered":"<p>O Centro Educacional funciona em um dos pr\u00e9dios de uma velha escola para menores infratores constru\u00edda h\u00e1 51 anos atr\u00e1s, no governo de Jo\u00e3o Goulart. O complexo constru\u00eddo no governo de Juracy Magalh\u00e3es na Bahia ocupa uma extensa \u00e1rea rural no distrito de Capanema, onde existe o quilombola Giral Grande, um complexo de dez comunidades<\/p>\n","protected":false},"author":1,"featured_media":0,"comment_status":"closed","ping_status":"closed","sticky":false,"template":"","format":"standard","meta":{"jetpack_post_was_ever_published":false,"cybocfi_hide_featured_image":"","_jetpack_newsletter_access":"","_jetpack_dont_email_post_to_subs":false,"_jetpack_newsletter_tier_id":0,"_jetpack_memberships_contains_paywalled_content":false,"_jetpack_memberships_contains_paid_content":false,"footnotes":"","jetpack_publicize_message":"","jetpack_publicize_feature_enabled":true,"jetpack_social_post_already_shared":true,"jetpack_social_options":{"image_generator_settings":{"template":"highway","default_image_id":0,"font":"","enabled":false},"version":2}},"categories":[1],"tags":[],"class_list":["post-4621","post","type-post","status-publish","format-standard","hentry","category-raiz"],"jetpack_publicize_connections":[],"jetpack_featured_media_url":"","jetpack_shortlink":"https:\/\/wp.me\/p3niVf-1cx","jetpack_sharing_enabled":true,"jetpack-related-posts":[{"id":6449,"url":"https:\/\/blogdafeira.com.br\/home\/2013\/11\/26\/video-estaleiro-do-paraguacu-diz-que-vai-retomar-a-vocacao-naval-da-bahia\/","url_meta":{"origin":4621,"position":0},"title":"V\u00eddeo: Estaleiro do Paragua\u00e7u diz que vai retomar a voca\u00e7\u00e3o naval da Bahia","author":"Blog da Feira","date":"26\/11\/2013","format":false,"excerpt":"\u00a0 Leia tamb\u00e9m: Acesso dif\u00edcil provoca isolamento do quilombo Giral Grande Estaleiro de Maragojipe discrimina quilombolas em Capanema Escola para menores infratores foi fundada no governo Jo\u00e3o Goulart Pr\u00e9dio que era a \u2018pris\u00e3o dos perigosos\u2019 continua quase intacto","rel":"","context":"Em &quot;Home&quot;","block_context":{"text":"Home","link":"https:\/\/blogdafeira.com.br\/home\/categoria\/raiz\/"},"img":{"alt_text":"","src":"","width":0,"height":0},"classes":[]},{"id":4622,"url":"https:\/\/blogdafeira.com.br\/home\/2013\/08\/27\/joao-de-artina-no-tempo-dos-menores-infratores\/","url_meta":{"origin":4621,"position":1},"title":"Jo\u00e3o de Artina: no tempo dos menores infratores","author":"Blog da Feira","date":"27\/08\/2013","format":false,"excerpt":"O sr. Jo\u00e3o Santos, conhecido na comunidade de Brejuru como \u2018Jo\u00e3o de Artina\u2019 \u00e9 um dos remanescentes mais antigos do tempo em que o Centro era uma unidade de corre\u00e7\u00e3o. Ele diz ter mais de 90 anos e que foi o chefe da turma de menores que trabalhava na olaria,\u2026","rel":"","context":"Em &quot;Home&quot;","block_context":{"text":"Home","link":"https:\/\/blogdafeira.com.br\/home\/categoria\/raiz\/"},"img":{"alt_text":"DSC08632","src":"https:\/\/i0.wp.com\/blogdafeira.com.br\/home\/wp-content\/uploads\/2013\/08\/DSC08632-170x127.jpg?resize=350%2C200","width":350,"height":200},"classes":[]},{"id":65239,"url":"https:\/\/blogdafeira.com.br\/home\/2025\/01\/20\/governo-da-bahia-comeca-construcao-da-escola-quilombola-na-matinha\/","url_meta":{"origin":4621,"position":2},"title":"Governo da Bahia come\u00e7a constru\u00e7\u00e3o da Escola Quilombola na Matinha","author":"Blog da Feira","date":"20\/01\/2025","format":false,"excerpt":"M\u00e1quinas, equipamentos e instala\u00e7\u00f5es j\u00e1 est\u00e3o no local onde ser\u00e1\u00a0 constru\u00edda a Escola Estadual Quilombola da Matinha, em Feira de Santana. A escola foi anunciada, ano passado, pelo governador Jer\u00f4nimo, na pra\u00e7a do povoado sede do distrito. Or\u00e7ada em cerca de 20 milh\u00f5es de reais, a nova escola era uma\u2026","rel":"","context":"Em &quot;Distritos&quot;","block_context":{"text":"Distritos","link":"https:\/\/blogdafeira.com.br\/home\/categoria\/distritos\/"},"img":{"alt_text":"","src":"https:\/\/i0.wp.com\/blogdafeira.com.br\/home\/wp-content\/uploads\/2025\/01\/IMG_20250119_0925428082-scaled.jpg?resize=350%2C200&ssl=1","width":350,"height":200,"srcset":"https:\/\/i0.wp.com\/blogdafeira.com.br\/home\/wp-content\/uploads\/2025\/01\/IMG_20250119_0925428082-scaled.jpg?resize=350%2C200&ssl=1 1x, https:\/\/i0.wp.com\/blogdafeira.com.br\/home\/wp-content\/uploads\/2025\/01\/IMG_20250119_0925428082-scaled.jpg?resize=525%2C300&ssl=1 1.5x, https:\/\/i0.wp.com\/blogdafeira.com.br\/home\/wp-content\/uploads\/2025\/01\/IMG_20250119_0925428082-scaled.jpg?resize=700%2C400&ssl=1 2x, https:\/\/i0.wp.com\/blogdafeira.com.br\/home\/wp-content\/uploads\/2025\/01\/IMG_20250119_0925428082-scaled.jpg?resize=1050%2C600&ssl=1 3x, https:\/\/i0.wp.com\/blogdafeira.com.br\/home\/wp-content\/uploads\/2025\/01\/IMG_20250119_0925428082-scaled.jpg?resize=1400%2C800&ssl=1 4x"},"classes":[]},{"id":40937,"url":"https:\/\/blogdafeira.com.br\/home\/2020\/10\/05\/prefeitura-vai-concluir-a-escola-quilombola-de-lagoa-grande\/","url_meta":{"origin":4621,"position":3},"title":"Prefeitura vai concluir a Escola Quilombola de Lagoa Grande","author":"Blog da Feira","date":"05\/10\/2020","format":false,"excerpt":"Ser\u00e1 retomada a obra de constru\u00e7\u00e3o da Escola Quilombola na comunidade de Lagoa Grande, localizada no distrito de Maria Quit\u00e9ria. Uma nova empresa, escolhida atrav\u00e9s de licita\u00e7\u00e3o p\u00fablica, assinou na manh\u00e3 desta segunda-feira, 5, a ordem de servi\u00e7o para a obra. A contratada para finalizar a estrutura \u00e9 a empresa\u2026","rel":"","context":"Em &quot;Cidade&quot;","block_context":{"text":"Cidade","link":"https:\/\/blogdafeira.com.br\/home\/categoria\/cidade\/"},"img":{"alt_text":"","src":"https:\/\/i0.wp.com\/blogdafeira.com.br\/home\/wp-content\/uploads\/2020\/10\/InShot_20201005_190542152.jpg?resize=350%2C200&ssl=1","width":350,"height":200,"srcset":"https:\/\/i0.wp.com\/blogdafeira.com.br\/home\/wp-content\/uploads\/2020\/10\/InShot_20201005_190542152.jpg?resize=350%2C200&ssl=1 1x, https:\/\/i0.wp.com\/blogdafeira.com.br\/home\/wp-content\/uploads\/2020\/10\/InShot_20201005_190542152.jpg?resize=525%2C300&ssl=1 1.5x, https:\/\/i0.wp.com\/blogdafeira.com.br\/home\/wp-content\/uploads\/2020\/10\/InShot_20201005_190542152.jpg?resize=700%2C400&ssl=1 2x, https:\/\/i0.wp.com\/blogdafeira.com.br\/home\/wp-content\/uploads\/2020\/10\/InShot_20201005_190542152.jpg?resize=1050%2C600&ssl=1 3x, https:\/\/i0.wp.com\/blogdafeira.com.br\/home\/wp-content\/uploads\/2020\/10\/InShot_20201005_190542152.jpg?resize=1400%2C800&ssl=1 4x"},"classes":[]},{"id":70966,"url":"https:\/\/blogdafeira.com.br\/home\/2026\/01\/19\/jornalistas-visitam-obras-estruturantes-no-distrito-quilombola-da-matinha\/","url_meta":{"origin":4621,"position":4},"title":"Jornalistas visitam obras estruturantes no Distrito quilombola da Matinha","author":"Blog da Feira","date":"19\/01\/2026","format":false,"excerpt":"No \u00faltimo s\u00e1bado (17), uma equipe de jornalistas de Feira de Santana cumpriu uma agenda de visitas t\u00e9cnicas no Distrito Quilombola de Matinha para acompanhar o andamento de importantes interven\u00e7\u00f5es p\u00fablicas. O roteiro incluiu a obra de requalifica\u00e7\u00e3o do Tanque da Matinha dos Pretos, projeto de responsabilidade da Prefeitura Municipal\u2026","rel":"","context":"Em &quot;Colunistas&quot;","block_context":{"text":"Colunistas","link":"https:\/\/blogdafeira.com.br\/home\/categoria\/colunistas\/"},"img":{"alt_text":"","src":"https:\/\/i0.wp.com\/blogdafeira.com.br\/home\/wp-content\/uploads\/2026\/01\/IMG-20260118-WA00942-1392x1047-1.jpg?resize=350%2C200&ssl=1","width":350,"height":200,"srcset":"https:\/\/i0.wp.com\/blogdafeira.com.br\/home\/wp-content\/uploads\/2026\/01\/IMG-20260118-WA00942-1392x1047-1.jpg?resize=350%2C200&ssl=1 1x, https:\/\/i0.wp.com\/blogdafeira.com.br\/home\/wp-content\/uploads\/2026\/01\/IMG-20260118-WA00942-1392x1047-1.jpg?resize=525%2C300&ssl=1 1.5x, https:\/\/i0.wp.com\/blogdafeira.com.br\/home\/wp-content\/uploads\/2026\/01\/IMG-20260118-WA00942-1392x1047-1.jpg?resize=700%2C400&ssl=1 2x, https:\/\/i0.wp.com\/blogdafeira.com.br\/home\/wp-content\/uploads\/2026\/01\/IMG-20260118-WA00942-1392x1047-1.jpg?resize=1050%2C600&ssl=1 3x"},"classes":[]},{"id":9063,"url":"https:\/\/blogdafeira.com.br\/home\/2014\/02\/11\/governador-vem-a-feira-visitar-avenida-e-inaugurar-delegacias-de-policia\/","url_meta":{"origin":4621,"position":5},"title":"Governador vem a Feira visitar avenida e inaugurar delegacias de Pol\u00edcia","author":"Blog da Feira","date":"11\/02\/2014","format":false,"excerpt":"O \u00a0governador Jaques Wagner, inaugura nesta quarta-feira, \u00a0\u00e0s 10h, o Complexo de Pol\u00edcia em Feira de Santana, no bairro do Sobradinho. No novo complexo funcionar\u00e3o a 1\u00aa Coordenadoria Regional de Pol\u00edcia do Interior e as delegacias do Adolescente Infrator (DAI), de Homic\u00eddios e Prote\u00e7\u00e3o \u00e0 Pessoa (DHPP), de Roubo de\u2026","rel":"","context":"Em &quot;Home&quot;","block_context":{"text":"Home","link":"https:\/\/blogdafeira.com.br\/home\/categoria\/raiz\/"},"img":{"alt_text":"","src":"","width":0,"height":0},"classes":[]}],"_links":{"self":[{"href":"https:\/\/blogdafeira.com.br\/home\/wp-json\/wp\/v2\/posts\/4621","targetHints":{"allow":["GET"]}}],"collection":[{"href":"https:\/\/blogdafeira.com.br\/home\/wp-json\/wp\/v2\/posts"}],"about":[{"href":"https:\/\/blogdafeira.com.br\/home\/wp-json\/wp\/v2\/types\/post"}],"author":[{"embeddable":true,"href":"https:\/\/blogdafeira.com.br\/home\/wp-json\/wp\/v2\/users\/1"}],"replies":[{"embeddable":true,"href":"https:\/\/blogdafeira.com.br\/home\/wp-json\/wp\/v2\/comments?post=4621"}],"version-history":[{"count":4,"href":"https:\/\/blogdafeira.com.br\/home\/wp-json\/wp\/v2\/posts\/4621\/revisions"}],"predecessor-version":[{"id":4645,"href":"https:\/\/blogdafeira.com.br\/home\/wp-json\/wp\/v2\/posts\/4621\/revisions\/4645"}],"wp:attachment":[{"href":"https:\/\/blogdafeira.com.br\/home\/wp-json\/wp\/v2\/media?parent=4621"}],"wp:term":[{"taxonomy":"category","embeddable":true,"href":"https:\/\/blogdafeira.com.br\/home\/wp-json\/wp\/v2\/categories?post=4621"},{"taxonomy":"post_tag","embeddable":true,"href":"https:\/\/blogdafeira.com.br\/home\/wp-json\/wp\/v2\/tags?post=4621"}],"curies":[{"name":"wp","href":"https:\/\/api.w.org\/{rel}","templated":true}]}}