{"id":46274,"date":"2021-07-07T09:10:00","date_gmt":"2021-07-07T12:10:00","guid":{"rendered":"https:\/\/blogdafeira.com.br\/home\/?p=46274"},"modified":"2021-07-08T00:47:07","modified_gmt":"2021-07-08T03:47:07","slug":"cordel-de-joao-ramos-conta-a-historia-do-35o-bi-em-feira","status":"publish","type":"post","link":"https:\/\/blogdafeira.com.br\/home\/2021\/07\/07\/cordel-de-joao-ramos-conta-a-historia-do-35o-bi-em-feira\/","title":{"rendered":"Cordel de Jo\u00e3o Ramos conta a hist\u00f3ria do 35\u00ba BI em Feira"},"content":{"rendered":"<div id=\"blogd-644001988\" class=\"blogd-fim-do-post-mobile blogd-entity-placement\" style=\"margin-left: auto;margin-right: auto;text-align: center;\"><a href=\"https:\/\/www.sefaz.feiradesantana.ba.gov.br\/\" target=\"_blank\" aria-label=\"728&#215;90 (6)\"><img loading=\"lazy\" decoding=\"async\" src=\"https:\/\/blogdafeira.com.br\/home\/wp-content\/uploads\/2026\/03\/728x90-6.gif\" alt=\"\"  class=\"no-lazyload\" width=\"728\" height=\"90\"  style=\"display: inline-block;\" \/><\/a><\/div><p style=\"text-align: justify;\">O 35\u00ba\u00a0 Batalh\u00e3o de Infantaria do Ex\u00e9rcito em Feira de Santana completa\u00a0 53 anos de instalado \u00e0s margens do Anel do Contorno da cidade. O poeta, violeiro e cordelista Jo\u00e3o Crispim Ramos aos 18 anos serviu ao Ex\u00e9rcito nesta unidade e com o esp\u00edrito de ex-soldado produziu um cordel contando a hist\u00f3ria do Batalh\u00e3o.<\/p><div id=\"blogd-3633455750\" class=\"blogd-conteudo-2-mobile blogd-entity-placement\"><a href=\"https:\/\/feirenses.com.br\/\" target=\"_blank\" aria-label=\"feirenses\"><img loading=\"lazy\" decoding=\"async\" src=\"https:\/\/blogdafeira.com.br\/home\/wp-content\/uploads\/2026\/04\/feirenses.png\" alt=\"\"  srcset=\"https:\/\/blogdafeira.com.br\/home\/wp-content\/uploads\/2026\/04\/feirenses.png 300w, https:\/\/blogdafeira.com.br\/home\/wp-content\/uploads\/2026\/04\/feirenses-170x45.png 170w, https:\/\/blogdafeira.com.br\/home\/wp-content\/uploads\/2026\/04\/feirenses-280x74.png 280w\" sizes=\"(max-width: 300px) 100vw, 300px\" class=\"no-lazyload\" width=\"300\" height=\"79\"  style=\"display: inline-block;\" \/><\/a><\/div>\n<p style=\"text-align: justify;\">Jo\u00e3o Ramos \u00e9 poeta repentista, violeiro e cordelista que durante muitos anos esteve \u00e0 frente dos Festivais de Violeiros de Feira de Santana. Bacharel em Ci\u00eancias Sociais, professor durante 30 anos na rede estadual, professor e 6\u00ba Dan em karat\u00ea.<\/p>\n<p style=\"text-align: justify;\"><strong><a href=\"https:\/\/www.flipsnack.com\/35biof\/o-sentinela-do-sert-o-em-literatura-de-cordel.html\">O Cordel (clique aqui)<\/a><\/strong> tem 12 p\u00e1ginas. Na apresenta\u00e7\u00e3o, o comandante da unidade, coronel Andr\u00e9 Cajazeira, diz que o trabalho do ex-soldado <em>&#8220;reluz o esp\u00edrito guerreiro do <a href=\"http:\/\/www.eb.mil.br\/o-exercito?p_p_id=101&amp;p_p_lifecycle=0&amp;p_p_state=maximized&amp;p_p_mode=view&amp;_101_struts_action=%2Fasset_publisher%2Fview_content&amp;_101_returnToFullPageURL=%2Fo-exercito%3Fp_p_auth%3DP8IY3MqU%26p_p_id%3D3%26p_p_lifecycle%3D0%26p_p_state%3Dmaximized%26p_p_mode%3Dview%26_3_struts_action%3D%252Fs&amp;_101_assetEntryId=1284909&amp;_101_type=content&amp;_101_urlTitle=o-salvador-de-salvador&amp;_101_redirect=http%3A%2F%2Fwww.eb.mil.br%2Fo-exercito%3Fp_p_id%3D3%26p_p_lifecycle%3D0%26p_p_state%3Dmaximized%26p_p_mode%3Dview%26_3_redirect%3D%252Fo-exercito%253Fp_p_auth%253DP8IY3MqU%2526p_p_id%253D3%2526p_p_lifecycle%253D0%2526p_p_state%253Dmaximized%2526p_p_mode%253Dview%2526_3_struts_action%253D%25252Fs%26_3_keywords%3Dservi%25C3%25A7o%2Bde%2Binforma%25C3%25A7%25C3%25A3o%2Bao%2Bcidad%25C3%25A3o%26_3_advancedSearch%3Dfalse%26_3_groupId%3D0%26_3_delta%3D20%26_3_assetTagNames%3Dguararapes%26_3_resetCur%3Dfalse%26_3_andOperator%3Dtrue%26_3_struts_action%3D%252Fsearch%252Fsearch&amp;inheritRedirect=true\">soldado sertanejo Luiz Barbalho Bezerra<\/a>&#8221;\u00a0\u00a0<\/em>que d\u00e1 nome do Batalh\u00e3o. <strong><a href=\"http:\/\/www.eb.mil.br\/o-exercito?p_p_id=101&amp;p_p_lifecycle=0&amp;p_p_state=maximized&amp;p_p_mode=view&amp;_101_struts_action=%2Fasset_publisher%2Fview_content&amp;_101_returnToFullPageURL=%2Fo-exercito%3Fp_p_auth%3DP8IY3MqU%26p_p_id%3D3%26p_p_lifecycle%3D0%26p_p_state%3Dmaximized%26p_p_mode%3Dview%26_3_struts_action%3D%252Fs&amp;_101_assetEntryId=1284909&amp;_101_type=content&amp;_101_urlTitle=o-salvador-de-salvador&amp;_101_redirect=http%3A%2F%2Fwww.eb.mil.br%2Fo-exercito%3Fp_p_id%3D3%26p_p_lifecycle%3D0%26p_p_state%3Dmaximized%26p_p_mode%3Dview%26_3_redirect%3D%252Fo-exercito%253Fp_p_auth%253DP8IY3MqU%2526p_p_id%253D3%2526p_p_lifecycle%253D0%2526p_p_state%253Dmaximized%2526p_p_mode%253Dview%2526_3_struts_action%253D%25252Fs%26_3_keywords%3Dservi%25C3%25A7o%2Bde%2Binforma%25C3%25A7%25C3%25A3o%2Bao%2Bcidad%25C3%25A3o%26_3_advancedSearch%3Dfalse%26_3_groupId%3D0%26_3_delta%3D20%26_3_assetTagNames%3Dguararapes%26_3_resetCur%3Dfalse%26_3_andOperator%3Dtrue%26_3_struts_action%3D%252Fsearch%252Fsearch&amp;inheritRedirect=true\">Luiz Barbalho \u00e9 considerado pelo Ex\u00e9rcito Brasileiro como\u00a0 &#8220;o salvador de Salvador&#8221;<\/a> <\/strong>na guerra luso-brasileira contra os holandeses, em 1640.<\/p>\n<p style=\"text-align: justify;\"><strong><a href=\"https:\/\/www.flipsnack.com\/35biof\/o-sentinela-do-sert-o-em-literatura-de-cordel.html\">Clique aqui e lei o cordel completo<\/a><\/strong><\/p>\n<div id=\"blogd-919580819\" class=\"blogd-final-post blogd-entity-placement\"><a href=\"https:\/\/www.feiradesantana.ba.leg.br\/\" target=\"_blank\" aria-label=\"BANNER-SITE-ENTREGADECHEQUE-CAMARADEFEIRA\"><img loading=\"lazy\" decoding=\"async\" src=\"https:\/\/blogdafeira.com.br\/home\/wp-content\/uploads\/2026\/03\/BANNER-SITE-ENTREGADECHEQUE-CAMARADEFEIRA.gif\" alt=\"\"  class=\"no-lazyload\" width=\"728\" height=\"90\"   \/><\/a><\/div><p style=\"text-align: justify;\"><strong><a href=\"https:\/\/www.flipsnack.com\/35biof\/o-sentinela-do-sert-o-em-literatura-de-cordel.html\"><em>&#8220;O Ex\u00e9rcito prega amor<\/em><\/a><\/strong><br \/>\n<strong><em>em tudo aquilo que faz<\/em><\/strong><br \/>\n<strong><em>O 35 BI<\/em><\/strong><br \/>\n<strong><em>\u00c9 firme e n\u00e3o volta atr\u00e1s<\/em><\/strong><br \/>\n<strong><em>Dignifica a heran\u00e7a<\/em><\/strong><br \/>\n<strong><em>merecendo a confian\u00e7a<\/em><\/strong><br \/>\n<strong><em>honrando seus ancestrais&#8221;\u00a0<\/em><\/strong><\/p>\n","protected":false},"excerpt":{"rendered":"<p>O 35\u00ba\u00a0 Batalh\u00e3o de Infantaria do Ex\u00e9rcito em Feira de Santana completa\u00a0 53 anos de instalado \u00e0s margens do Anel do Contorno da cidade. O poeta, violeiro e cordelista Jo\u00e3o Crispim Ramos aos 18 anos serviu ao Ex\u00e9rcito nesta unidade e com o esp\u00edrito de ex-soldado produziu um cordel contando a hist\u00f3ria do Batalh\u00e3o. Jo\u00e3o<\/p>\n","protected":false},"author":1,"featured_media":46277,"comment_status":"open","ping_status":"open","sticky":false,"template":"","format":"standard","meta":{"jetpack_post_was_ever_published":false,"cybocfi_hide_featured_image":"","_jetpack_newsletter_access":"","_jetpack_dont_email_post_to_subs":false,"_jetpack_newsletter_tier_id":0,"_jetpack_memberships_contains_paywalled_content":false,"_jetpack_memberships_contains_paid_content":false,"footnotes":"","jetpack_publicize_message":"","jetpack_publicize_feature_enabled":true,"jetpack_social_post_already_shared":true,"jetpack_social_options":{"image_generator_settings":{"template":"highway","default_image_id":0,"font":"","enabled":false},"version":2}},"categories":[3,4,1],"tags":[],"class_list":["post-46274","post","type-post","status-publish","format-standard","has-post-thumbnail","hentry","category-cidade","category-cultura","category-raiz"],"jetpack_publicize_connections":[],"jetpack_featured_media_url":"https:\/\/blogdafeira.com.br\/home\/wp-content\/uploads\/2021\/07\/Screenshot_20210707-0849482.png","jetpack_shortlink":"https:\/\/wp.me\/p3niVf-c2m","jetpack_sharing_enabled":true,"jetpack-related-posts":[{"id":52564,"url":"https:\/\/blogdafeira.com.br\/home\/2022\/05\/02\/cantoria-no-map-vai-lembrar-trajetoria-de-joao-ramos-e-caboquinho\/","url_meta":{"origin":46274,"position":0},"title":"Cantoria no MAP vai lembrar trajet\u00f3ria de Jo\u00e3o Ramos e Caboquinho","author":"Blog da Feira","date":"02\/05\/2022","format":false,"excerpt":"Dois irm\u00e3os violeiros repentistas - Jo\u00e3o Ramos e Caboquinho - mantiveram acesa a Cantoria de Viola na Feira durante muitos anos com a produ\u00e7\u00e3o do evento que chegou a mais de 40 edi\u00e7\u00f5es anuais, o Festival de Violeiros de Feira de Santana. Caboquinho morreu h\u00e1 dois anos, em pleno ano\u2026","rel":"","context":"Em &quot;Cidade&quot;","block_context":{"text":"Cidade","link":"https:\/\/blogdafeira.com.br\/home\/categoria\/cidade\/"},"img":{"alt_text":"","src":"https:\/\/i0.wp.com\/blogdafeira.com.br\/home\/wp-content\/uploads\/2022\/05\/joao-ramos.jpg?resize=350%2C200&ssl=1","width":350,"height":200,"srcset":"https:\/\/i0.wp.com\/blogdafeira.com.br\/home\/wp-content\/uploads\/2022\/05\/joao-ramos.jpg?resize=350%2C200&ssl=1 1x, https:\/\/i0.wp.com\/blogdafeira.com.br\/home\/wp-content\/uploads\/2022\/05\/joao-ramos.jpg?resize=525%2C300&ssl=1 1.5x, https:\/\/i0.wp.com\/blogdafeira.com.br\/home\/wp-content\/uploads\/2022\/05\/joao-ramos.jpg?resize=700%2C400&ssl=1 2x"},"classes":[]},{"id":52013,"url":"https:\/\/blogdafeira.com.br\/home\/2022\/05\/02\/cantoria-no-map-reverencia-a-trajetoria-de-joao-ramos-e-caboquinho\/","url_meta":{"origin":46274,"position":1},"title":"&#8216;Cantoria no MAP&#8217; reverencia a trajet\u00f3ria de Jo\u00e3o Ramos e Caboquinho","author":"Blog da Feira","date":"02\/05\/2022","format":false,"excerpt":"Dois irm\u00e3os violeiros repentistas - Jo\u00e3o Ramos e Caboquinho - mantiveram acesa a chama da Cantoria de Viola com um evento municipal e anual, o Festival de Violeiros de Feira de Santana com mais de 40 edi\u00e7\u00f5es. A 'saga'\u00a0 dessa fam\u00edlia come\u00e7ou com o pai, Dadinho que junto ao filho\u2026","rel":"","context":"Em &quot;Cidade&quot;","block_context":{"text":"Cidade","link":"https:\/\/blogdafeira.com.br\/home\/categoria\/cidade\/"},"img":{"alt_text":"","src":"https:\/\/i0.wp.com\/blogdafeira.com.br\/home\/wp-content\/uploads\/2022\/05\/joao-ramos.jpg?resize=350%2C200&ssl=1","width":350,"height":200,"srcset":"https:\/\/i0.wp.com\/blogdafeira.com.br\/home\/wp-content\/uploads\/2022\/05\/joao-ramos.jpg?resize=350%2C200&ssl=1 1x, https:\/\/i0.wp.com\/blogdafeira.com.br\/home\/wp-content\/uploads\/2022\/05\/joao-ramos.jpg?resize=525%2C300&ssl=1 1.5x, https:\/\/i0.wp.com\/blogdafeira.com.br\/home\/wp-content\/uploads\/2022\/05\/joao-ramos.jpg?resize=700%2C400&ssl=1 2x"},"classes":[]},{"id":56564,"url":"https:\/\/blogdafeira.com.br\/home\/2023\/02\/22\/violeiros-repentistas-ceara-e-ze-francisco-vao-ao-tocantins\/","url_meta":{"origin":46274,"position":2},"title":"Violeiros repentistas Cear\u00e1 e Z\u00e9 Francisco v\u00e3o ao Tocantins","author":"J\u00e2nio R\u00eago","date":"22\/02\/2023","format":false,"excerpt":"Soube no MAP de Feira que o poeta Z\u00e9 Francisco vai ao Tocantins tocar viola e tirar repente em parceria profissional com o violeiro Cear\u00e1, que voc\u00ea v\u00ea nessa foto em primeiro plano, depois\u00a0 o mestre Bule-Bule e o cordelista Jo\u00e3o Ramos. Mas n\u00e3o foi nesse dia a\u00ed que eu\u2026","rel":"","context":"Em &quot;Colunistas&quot;","block_context":{"text":"Colunistas","link":"https:\/\/blogdafeira.com.br\/home\/categoria\/colunistas\/"},"img":{"alt_text":"","src":"https:\/\/i0.wp.com\/blogdafeira.com.br\/home\/wp-content\/uploads\/2023\/02\/IMG_20230222_113704_657-scaled.jpg?resize=350%2C200&ssl=1","width":350,"height":200,"srcset":"https:\/\/i0.wp.com\/blogdafeira.com.br\/home\/wp-content\/uploads\/2023\/02\/IMG_20230222_113704_657-scaled.jpg?resize=350%2C200&ssl=1 1x, https:\/\/i0.wp.com\/blogdafeira.com.br\/home\/wp-content\/uploads\/2023\/02\/IMG_20230222_113704_657-scaled.jpg?resize=525%2C300&ssl=1 1.5x, https:\/\/i0.wp.com\/blogdafeira.com.br\/home\/wp-content\/uploads\/2023\/02\/IMG_20230222_113704_657-scaled.jpg?resize=700%2C400&ssl=1 2x, https:\/\/i0.wp.com\/blogdafeira.com.br\/home\/wp-content\/uploads\/2023\/02\/IMG_20230222_113704_657-scaled.jpg?resize=1050%2C600&ssl=1 3x, https:\/\/i0.wp.com\/blogdafeira.com.br\/home\/wp-content\/uploads\/2023\/02\/IMG_20230222_113704_657-scaled.jpg?resize=1400%2C800&ssl=1 4x"},"classes":[]},{"id":37949,"url":"https:\/\/blogdafeira.com.br\/home\/2020\/05\/20\/prefeitura-de-feira-lamenta-a-morte-do-poeta-violeiro-caboquinho\/","url_meta":{"origin":46274,"position":3},"title":"Prefeitura de Feira lamenta morte do poeta violeiro Caboquinho","author":"Blog da Feira","date":"20\/05\/2020","format":false,"excerpt":"A cultura feirense perdeu nesta ter\u00e7a-feira, 19, um dos seus maiores expoentes, o violeiro Caboquinho. Nascido em 18 de agosto de 1945, faria 75 anos em alguns meses mais. Morreu de parada card\u00edaca, no hospital em que se encontrava internado em uma UTI havia sete dias. A Prefeitura de Feira\u2026","rel":"","context":"Em &quot;Bahia&quot;","block_context":{"text":"Bahia","link":"https:\/\/blogdafeira.com.br\/home\/categoria\/bahia\/"},"img":{"alt_text":"","src":"https:\/\/i0.wp.com\/blogdafeira.com.br\/home\/wp-content\/uploads\/2020\/05\/FB_IMG_1589929895683.jpg?resize=350%2C200&ssl=1","width":350,"height":200,"srcset":"https:\/\/i0.wp.com\/blogdafeira.com.br\/home\/wp-content\/uploads\/2020\/05\/FB_IMG_1589929895683.jpg?resize=350%2C200&ssl=1 1x, https:\/\/i0.wp.com\/blogdafeira.com.br\/home\/wp-content\/uploads\/2020\/05\/FB_IMG_1589929895683.jpg?resize=525%2C300&ssl=1 1.5x, https:\/\/i0.wp.com\/blogdafeira.com.br\/home\/wp-content\/uploads\/2020\/05\/FB_IMG_1589929895683.jpg?resize=700%2C400&ssl=1 2x"},"classes":[]},{"id":27447,"url":"https:\/\/blogdafeira.com.br\/home\/2017\/07\/14\/bule-bule-abre-a-cortina-da-lembranca-e-fala-sobre-a-arte-em-videos-curtos\/","url_meta":{"origin":46274,"position":4},"title":"Bule-Bule abre a &#8216;cortina da lembran\u00e7a&#8217; e fala sobre a arte em v\u00eddeos curtos","author":"Blog da Feira","date":"14\/07\/2017","format":false,"excerpt":"O poeta Bule Bule divulgou o primeiro de uma s\u00e9rie de v\u00eddeos curtos onde ele vai contando a hist\u00f3ria da arte popular misturada com a vida dele que chega aos 70 anos de idade em plena e criativa atividade. Cantador, cordelista, sambador, tiraneiro, mestre da cultura popular nordestina, ele nasceu\u2026","rel":"","context":"Em &quot;Home&quot;","block_context":{"text":"Home","link":"https:\/\/blogdafeira.com.br\/home\/categoria\/raiz\/"},"img":{"alt_text":"IMG_20160827_202717077","src":"https:\/\/i0.wp.com\/blogdafeira.com.br\/home\/wp-content\/uploads\/2016\/08\/IMG_20160827_202717077-576x1024.jpg?resize=350%2C200","width":350,"height":200,"srcset":"https:\/\/i0.wp.com\/blogdafeira.com.br\/home\/wp-content\/uploads\/2016\/08\/IMG_20160827_202717077-576x1024.jpg?resize=350%2C200 1x, https:\/\/i0.wp.com\/blogdafeira.com.br\/home\/wp-content\/uploads\/2016\/08\/IMG_20160827_202717077-576x1024.jpg?resize=525%2C300 1.5x"},"classes":[]},{"id":67657,"url":"https:\/\/blogdafeira.com.br\/home\/2025\/06\/05\/67657\/","url_meta":{"origin":46274,"position":5},"title":"Dia Municipal do Cordel comemorado no Mercado de Arte Popular de Feira de Santana","author":"Blog da Feira","date":"05\/06\/2025","format":false,"excerpt":"Cordelistas, cantadores, declamadores, admiradores deste g\u00eanero da literatura popular, al\u00e9m de vendedores de xilogravuras e folhetos, prestigiaram o encontro destes artistas, realizado hoje (n quinta-feira, 5,)no MAP (Mercado de Arte Popular). O evento foi marcado por uma dupla homenagem. A primeira, pela passagem do Dia Municipal do Cordel, e a\u2026","rel":"","context":"Em &quot;Cultura&quot;","block_context":{"text":"Cultura","link":"https:\/\/blogdafeira.com.br\/home\/categoria\/cultura\/"},"img":{"alt_text":"","src":"https:\/\/i0.wp.com\/blogdafeira.com.br\/home\/wp-content\/uploads\/2025\/06\/Encontro-de-Violeiros-Repentistas-Cordelistas-e-Escritores-Foto-Jorge-Magalhaes-4.jpeg?resize=350%2C200&ssl=1","width":350,"height":200,"srcset":"https:\/\/i0.wp.com\/blogdafeira.com.br\/home\/wp-content\/uploads\/2025\/06\/Encontro-de-Violeiros-Repentistas-Cordelistas-e-Escritores-Foto-Jorge-Magalhaes-4.jpeg?resize=350%2C200&ssl=1 1x, https:\/\/i0.wp.com\/blogdafeira.com.br\/home\/wp-content\/uploads\/2025\/06\/Encontro-de-Violeiros-Repentistas-Cordelistas-e-Escritores-Foto-Jorge-Magalhaes-4.jpeg?resize=525%2C300&ssl=1 1.5x, https:\/\/i0.wp.com\/blogdafeira.com.br\/home\/wp-content\/uploads\/2025\/06\/Encontro-de-Violeiros-Repentistas-Cordelistas-e-Escritores-Foto-Jorge-Magalhaes-4.jpeg?resize=700%2C400&ssl=1 2x, https:\/\/i0.wp.com\/blogdafeira.com.br\/home\/wp-content\/uploads\/2025\/06\/Encontro-de-Violeiros-Repentistas-Cordelistas-e-Escritores-Foto-Jorge-Magalhaes-4.jpeg?resize=1050%2C600&ssl=1 3x"},"classes":[]}],"_links":{"self":[{"href":"https:\/\/blogdafeira.com.br\/home\/wp-json\/wp\/v2\/posts\/46274","targetHints":{"allow":["GET"]}}],"collection":[{"href":"https:\/\/blogdafeira.com.br\/home\/wp-json\/wp\/v2\/posts"}],"about":[{"href":"https:\/\/blogdafeira.com.br\/home\/wp-json\/wp\/v2\/types\/post"}],"author":[{"embeddable":true,"href":"https:\/\/blogdafeira.com.br\/home\/wp-json\/wp\/v2\/users\/1"}],"replies":[{"embeddable":true,"href":"https:\/\/blogdafeira.com.br\/home\/wp-json\/wp\/v2\/comments?post=46274"}],"version-history":[{"count":3,"href":"https:\/\/blogdafeira.com.br\/home\/wp-json\/wp\/v2\/posts\/46274\/revisions"}],"predecessor-version":[{"id":46288,"href":"https:\/\/blogdafeira.com.br\/home\/wp-json\/wp\/v2\/posts\/46274\/revisions\/46288"}],"wp:featuredmedia":[{"embeddable":true,"href":"https:\/\/blogdafeira.com.br\/home\/wp-json\/wp\/v2\/media\/46277"}],"wp:attachment":[{"href":"https:\/\/blogdafeira.com.br\/home\/wp-json\/wp\/v2\/media?parent=46274"}],"wp:term":[{"taxonomy":"category","embeddable":true,"href":"https:\/\/blogdafeira.com.br\/home\/wp-json\/wp\/v2\/categories?post=46274"},{"taxonomy":"post_tag","embeddable":true,"href":"https:\/\/blogdafeira.com.br\/home\/wp-json\/wp\/v2\/tags?post=46274"}],"curies":[{"name":"wp","href":"https:\/\/api.w.org\/{rel}","templated":true}]}}