{"id":46293,"date":"2021-07-07T22:44:23","date_gmt":"2021-07-08T01:44:23","guid":{"rendered":"https:\/\/blogdafeira.com.br\/home\/?p=46293"},"modified":"2021-07-09T21:21:13","modified_gmt":"2021-07-10T00:21:13","slug":"investigado-nao-esta-sujeito-a-prisao-mesmo-quando-mente-vladimir-aras","status":"publish","type":"post","link":"https:\/\/blogdafeira.com.br\/home\/2021\/07\/07\/investigado-nao-esta-sujeito-a-prisao-mesmo-quando-mente-vladimir-aras\/","title":{"rendered":"Investigado n\u00e3o est\u00e1 sujeito \u00e0 pris\u00e3o mesmo quando mente: Vladimir Aras"},"content":{"rendered":"<div>\n<div class=\"css-1dbjc4n r-j5o65s r-qklmqi r-1adg3ll r-1ny4l3l\">\n<div class=\"css-1dbjc4n\">\n<article class=\"css-1dbjc4n r-1loqt21 r-18u37iz r-1ny4l3l r-1udh08x r-1qhn6m8 r-i023vh r-o7ynqc r-6416eg\" tabindex=\"0\" role=\"article\" aria-labelledby=\"id__z051jcyp4k id__sz9i6zy7w5 id__vsu964mqmb id__0s44z0opu6tc id__u9prmymfond id__p8k71zdoiuo id__9zz4g5rizt6 id__qkpo4bqprt id__1v26x9uluyi id__xsapkkj6gl id__drrsc5m2itb id__k46mnyvva8\">\n<div class=\"css-1dbjc4n r-eqz5dr r-16y2uox r-1wbh5a2\">\n<div class=\"css-1dbjc4n r-16y2uox r-1wbh5a2 r-1ny4l3l\">\n<div class=\"css-1dbjc4n\">\n<div class=\"css-1dbjc4n r-18u37iz\" data-testid=\"tweet\">\n<div class=\"css-1dbjc4n r-1iusvr4 r-16y2uox r-1777fci r-kzbkwu\">\n<div class=\"css-1dbjc4n\">\n<div class=\"css-1dbjc4n\">\n<div dir=\"auto\" lang=\"pt\" style=\"text-align: justify;\">Em <strong><a href=\"https:\/\/twitter.com\/VladimirAras\/status\/1412913550692073474\"> postagens no Twiter na noite desta quarta-feira,7, o procurador federal\u00a0 Vladimir Aras,<\/a> <\/strong>analisou a pris\u00e3o efetuada pelo presidente da CPI da Covid19 no Senado Federal. O procurador, que j\u00e1 foi promotor p\u00fablico em Feira de Santana, cita, no final, uma frase do dramaturgo ingl\u00eas William Shakespeare em <em>&#8220;Romeu e Julieta&#8221;:<\/em><\/div>\n<div dir=\"auto\" lang=\"pt\" style=\"text-align: justify;\"><\/div>\n<div id=\"id__qkpo4bqprt\" class=\"css-901oao r-18jsvk2 r-1qd0xha r-a023e6 r-16dba41 r-rjixqe r-bcqeeo r-bnwqim r-qvutc0\" dir=\"auto\" lang=\"pt\" style=\"text-align: justify;\"><em><span class=\"css-901oao css-16my406 r-poiln3 r-bcqeeo r-qvutc0\">N\u00e3o quero colocar \u00e1gua no chopp de ningu\u00e9m, mas n\u00e3o existe o crime de perj\u00fario no Brasil. <\/span><\/em><\/div>\n<div class=\"css-901oao r-18jsvk2 r-1qd0xha r-a023e6 r-16dba41 r-rjixqe r-bcqeeo r-bnwqim r-qvutc0\" dir=\"auto\" lang=\"pt\" style=\"text-align: justify;\"><em><span class=\"css-901oao css-16my406 r-poiln3 r-bcqeeo r-qvutc0\">H\u00e1 falso testemunho, denuncia\u00e7\u00e3o caluniosa, auto-acusa\u00e7\u00e3o falsa, o crime do colaborador que falta com a verdade etc, mas investigado, em regra, n\u00e3o est\u00e1 sujeito a pris\u00e3o mesmo quando mente.<\/span><\/em><\/div>\n<\/div>\n<div class=\"css-1dbjc4n\" style=\"text-align: justify;\">\n<div id=\"id__1v26x9uluyi\" class=\"css-1dbjc4n\" aria-labelledby=\"id__9zou2i58qxn id__rbvak94a5se\">\n<div class=\"css-1dbjc4n r-1s2bzr4\">\n<div id=\"id__9zou2i58qxn\" class=\"css-1dbjc4n\">\n<div class=\"css-901oao r-4iw3lz r-1xk2f4g r-18jsvk2 r-1qd0xha r-a023e6 r-16dba41 r-109y4c4 r-rjixqe r-bcqeeo r-1udh08x r-wwvuq4 r-u8s1d r-92ng3h r-qvutc0\" dir=\"auto\"><em>Toda essa hist\u00f3ria da vacina cheira mesmo muito mal, mas investigado n\u00e3o vira testemunha com a mera mudan\u00e7a de seu \u201cr\u00f3tulo\u201d. Mesmo com o r\u00f3tulo, de \u201ctestemunha\u201d, vale a realidade: ele \u00e9 suspeito de corrup\u00e7\u00e3o e falava \u00e0 CPI sobre fatos nos quais estaria implicado.<\/em><\/div>\n<\/div>\n<\/div>\n<\/div>\n<\/div>\n<\/div>\n<\/div>\n<\/div>\n<\/div>\n<\/div>\n<\/div>\n<\/article>\n<\/div>\n<\/div>\n<\/div>\n<div id=\"blogd-3584790982\" class=\"blogd-final-post blogd-entity-placement\"><a href=\"https:\/\/www.feiradesantana.ba.leg.br\/\" target=\"_blank\" aria-label=\"BANNER-SITE-ENTREGADECHEQUE-CAMARADEFEIRA\"><img loading=\"lazy\" decoding=\"async\" src=\"https:\/\/blogdafeira.com.br\/home\/wp-content\/uploads\/2026\/03\/BANNER-SITE-ENTREGADECHEQUE-CAMARADEFEIRA.gif\" alt=\"\"  class=\"no-lazyload\" width=\"728\" height=\"90\"   \/><\/a><\/div><div>\n<div class=\"css-1dbjc4n r-j5o65s r-qklmqi r-1adg3ll r-1ny4l3l\">\n<div class=\"css-1dbjc4n\">\n<article class=\"css-1dbjc4n r-1panhkp r-1loqt21 r-18u37iz r-1ny4l3l r-1udh08x r-1qhn6m8 r-i023vh r-o7ynqc r-6416eg\" tabindex=\"0\" role=\"article\" aria-labelledby=\"id__ror02otbwkt id__89leljn3aq id__xm0a7ft1ed id__7b7muivly7g id__qg1ow4bgaya id__1n9g1msstoq id__a3n85m10qq6 id__zp52dj1btw id__66uf9xl6a1w id__itqh2e7d71h id__qtwvi3tld1 id__hucv81hlws\">\n<div class=\"css-1dbjc4n r-eqz5dr r-16y2uox r-1wbh5a2\">\n<div class=\"css-1dbjc4n r-16y2uox r-1wbh5a2 r-1ny4l3l\">\n<div class=\"css-1dbjc4n\">\n<div class=\"css-1dbjc4n r-18u37iz\" data-testid=\"tweet\">\n<div class=\"css-1dbjc4n r-1iusvr4 r-16y2uox r-1777fci r-kzbkwu\" style=\"text-align: justify;\">\n<div class=\"css-1dbjc4n\">\n<div class=\"css-1dbjc4n\">\n<div class=\"css-901oao r-18jsvk2 r-1qd0xha r-a023e6 r-16dba41 r-rjixqe r-bcqeeo r-bnwqim r-qvutc0\" dir=\"auto\" lang=\"pt\"><em><span class=\"css-901oao css-16my406 r-poiln3 r-bcqeeo r-qvutc0\"> Ruim citar Shakespeare no meio desse lama\u00e7al, mas a\u00ed vai: \u201cSe a rosa tivesse outro nome, ainda assim teria o mesmo perfume.\u201d Aqui cheira mal.<\/span><\/em><\/div>\n<\/div>\n<\/div>\n<\/div>\n<div dir=\"auto\" lang=\"pt\" style=\"text-align: justify;\"><\/div>\n<div class=\"css-1dbjc4n r-1iusvr4 r-16y2uox r-1777fci r-kzbkwu\">\n<div dir=\"auto\" lang=\"pt\" style=\"text-align: justify;\">Al\u00e9m de Vladimir, diversos especialistas se pronunciaram nesta\u00a0 linha de\u00a0 que <strong><a href=\"https:\/\/www1.folha.uol.com.br\/poder\/2021\/07\/para-especialistas-senadores-nao-podem-mandar-prender-investigado-por-mentira-na-cpi.shtml\">&#8220;Senadores n\u00e3o podem mandar prender investigado na CPI&#8221;.\u00a0<\/a><\/strong><\/div>\n<\/div>\n<\/div>\n<\/div>\n<\/div>\n<\/div>\n<\/article>\n<\/div>\n<\/div>\n<\/div>\n","protected":false},"excerpt":{"rendered":"<p>Em postagens no Twiter na noite desta quarta-feira,7, o procurador federal\u00a0 Vladimir Aras, analisou a pris\u00e3o efetuada pelo presidente da CPI da Covid19 no Senado Federal. O procurador, que j\u00e1 foi promotor p\u00fablico em Feira de Santana, cita, no final, uma frase do dramaturgo ingl\u00eas William Shakespeare em &#8220;Romeu e Julieta&#8221;: N\u00e3o quero colocar \u00e1gua<\/p>\n","protected":false},"author":1,"featured_media":46295,"comment_status":"open","ping_status":"open","sticky":false,"template":"","format":"standard","meta":{"jetpack_post_was_ever_published":false,"cybocfi_hide_featured_image":"","_jetpack_newsletter_access":"","_jetpack_dont_email_post_to_subs":false,"_jetpack_newsletter_tier_id":0,"_jetpack_memberships_contains_paywalled_content":false,"_jetpack_memberships_contains_paid_content":false,"footnotes":"","jetpack_publicize_message":"","jetpack_publicize_feature_enabled":true,"jetpack_social_post_already_shared":true,"jetpack_social_options":{"image_generator_settings":{"template":"highway","default_image_id":0,"font":"","enabled":false},"version":2}},"categories":[1,631],"tags":[],"class_list":["post-46293","post","type-post","status-publish","format-standard","has-post-thumbnail","hentry","category-raiz","category-politica"],"jetpack_publicize_connections":[],"jetpack_featured_media_url":"https:\/\/blogdafeira.com.br\/home\/wp-content\/uploads\/2021\/07\/vladimir-aras2.jpeg","jetpack_shortlink":"https:\/\/wp.me\/p3niVf-c2F","jetpack_sharing_enabled":true,"jetpack-related-posts":[{"id":7939,"url":"https:\/\/blogdafeira.com.br\/home\/2014\/01\/03\/procuradoria-da-republica-cria-unidade-autonoma-e-nomeia-vladimir-aras\/","url_meta":{"origin":46293,"position":0},"title":"Procuradoria da Rep\u00fablica cria &#8216;unidade aut\u00f4noma&#8217; e nomeia Vladimir Aras","author":"Blog da Feira","date":"03\/01\/2014","format":false,"excerpt":"Recusado pelo Senado Federal, no ano passado, para compor o Conselho Nacional do Minist\u00e9rio P\u00fablico, o procurador da Rep\u00fablica, Vladimir Aras, ganhou uma 'compensa\u00e7\u00e3o' da Procuradoria Geral e foi nomeado Secret\u00e1rio de Coopera\u00e7\u00e3o Internacional de uma 'unidade aut\u00f4noma' criada para \"recuperar verbas p\u00fablicas desviadas para para\u00edsos fiscais no exterior\" Vladimir\u2026","rel":"","context":"Em &quot;Home&quot;","block_context":{"text":"Home","link":"https:\/\/blogdafeira.com.br\/home\/categoria\/raiz\/"},"img":{"alt_text":"vladimir","src":"https:\/\/i0.wp.com\/blogdafeira.com.br\/home\/wp-content\/uploads\/2014\/01\/vladimir.jpeg?resize=350%2C200","width":350,"height":200},"classes":[]},{"id":3335,"url":"https:\/\/blogdafeira.com.br\/home\/2013\/07\/05\/procuradores-baianos-condenam-rejeicao-de-vladimir-aras-pelo-senado\/","url_meta":{"origin":46293,"position":1},"title":"Procuradores baianos condenam rejei\u00e7\u00e3o de Vladimir Aras pelo Senado","author":"Blog da Feira","date":"05\/07\/2013","format":false,"excerpt":"Procuradores da Rep\u00fablica do Minist\u00e9rio P\u00fablico Federal (MPF) na Bahia divulgaram\u00a0nota manifestando indigna\u00e7\u00e3o diante da rejei\u00e7\u00e3o pelo Senado de um membro da institui\u00e7\u00e3o, o procurador Vladimir Aras, indicado para uma vaga no Conselho Nacional do Minist\u00e9rio P\u00fablico (CNMP). Com 499 votos, Aras foi o membro mais votado pelo Col\u00e9gio de\u2026","rel":"","context":"Em &quot;Home&quot;","block_context":{"text":"Home","link":"https:\/\/blogdafeira.com.br\/home\/categoria\/raiz\/"},"img":{"alt_text":"","src":"","width":0,"height":0},"classes":[]},{"id":25301,"url":"https:\/\/blogdafeira.com.br\/home\/2017\/01\/09\/vladimir-aras-diz-que-o-pais-precisa-fazer-o-debate-para-a-descriminalizacao-das-drogas\/","url_meta":{"origin":46293,"position":2},"title":"Vladimir Aras diz que o pa\u00eds precisa fazer o debate para a descriminaliza\u00e7\u00e3o das drogas","author":"Blog da Feira","date":"09\/01\/2017","format":false,"excerpt":"Como professor de processo penal, diria que, do ponto de vista da economia, da criminologia e da seguran\u00e7a p\u00fablica, numa perspectiva ideal, a solu\u00e7\u00e3o passa por descriminalizar as drogas, um debate que a sociedade brasileira precisa fazer seriamente e no seu devido tempo, diz o procurador federal Vladimir Aras, em\u2026","rel":"","context":"Em &quot;Home&quot;","block_context":{"text":"Home","link":"https:\/\/blogdafeira.com.br\/home\/categoria\/raiz\/"},"img":{"alt_text":"aras","src":"https:\/\/i0.wp.com\/blogdafeira.com.br\/home\/wp-content\/uploads\/2017\/01\/aras.jpg?resize=350%2C200","width":350,"height":200,"srcset":"https:\/\/i0.wp.com\/blogdafeira.com.br\/home\/wp-content\/uploads\/2017\/01\/aras.jpg?resize=350%2C200 1x, https:\/\/i0.wp.com\/blogdafeira.com.br\/home\/wp-content\/uploads\/2017\/01\/aras.jpg?resize=525%2C300 1.5x, https:\/\/i0.wp.com\/blogdafeira.com.br\/home\/wp-content\/uploads\/2017\/01\/aras.jpg?resize=700%2C400 2x"},"classes":[]},{"id":56698,"url":"https:\/\/blogdafeira.com.br\/home\/2023\/02\/28\/roque-aras-prestou-relevantes-servicos-a-feira-diz-colbert\/","url_meta":{"origin":46293,"position":3},"title":"Roque Aras prestou relevantes servi\u00e7os a Feira, diz Colbert","author":"Blog da Feira","date":"28\/02\/2023","format":false,"excerpt":"Faleceu hoje (ter\u00e7a-feira,28) Roque Aras, jurista de 91 anos e pai do Procurador-Geral da Rep\u00fablica, Augusto Aras. O prefeito de Feira de Santana, Colbert Martins Filho, lamentou a perda e anunciou luto oficial de um dia no munic\u00edpio. \"Roque Aras prestou relevantes servi\u00e7os para Feira de Santana e para a\u2026","rel":"","context":"Em &quot;Geral&quot;","block_context":{"text":"Geral","link":"https:\/\/blogdafeira.com.br\/home\/categoria\/geral\/"},"img":{"alt_text":"","src":"https:\/\/i0.wp.com\/blogdafeira.com.br\/home\/wp-content\/uploads\/2023\/02\/28022023093201.jpg?resize=350%2C200&ssl=1","width":350,"height":200,"srcset":"https:\/\/i0.wp.com\/blogdafeira.com.br\/home\/wp-content\/uploads\/2023\/02\/28022023093201.jpg?resize=350%2C200&ssl=1 1x, https:\/\/i0.wp.com\/blogdafeira.com.br\/home\/wp-content\/uploads\/2023\/02\/28022023093201.jpg?resize=525%2C300&ssl=1 1.5x, https:\/\/i0.wp.com\/blogdafeira.com.br\/home\/wp-content\/uploads\/2023\/02\/28022023093201.jpg?resize=700%2C400&ssl=1 2x, https:\/\/i0.wp.com\/blogdafeira.com.br\/home\/wp-content\/uploads\/2023\/02\/28022023093201.jpg?resize=1050%2C600&ssl=1 3x"},"classes":[]},{"id":6178,"url":"https:\/\/blogdafeira.com.br\/home\/2013\/11\/18\/embaixador-da-china-no-brasil-faz-palestra-para-comerciantes-do-feiraguai\/","url_meta":{"origin":46293,"position":4},"title":"Embaixador da China no Brasil faz palestra para comerciantes do Feiraguai","author":"Blog da Feira","date":"18\/11\/2013","format":false,"excerpt":"O embaixador honor\u00e1rio da China no Brasil, Milton Vladimir Pomar, estar\u00e1 em Feira de Santana quarta-feira, 21, onde realizar\u00e1 encontros e palestras Vladimir \u00e9 \u00a0o primeiro embaixador a visitar oficialmente Feira de Santana este ano. \u00c0s 11 horas est\u00e1 marcada uma audi\u00eancia do Embaixador com o prefeito em exerc\u00edcio, Luciano\u2026","rel":"","context":"Em &quot;Home&quot;","block_context":{"text":"Home","link":"https:\/\/blogdafeira.com.br\/home\/categoria\/raiz\/"},"img":{"alt_text":"","src":"","width":0,"height":0},"classes":[]},{"id":36074,"url":"https:\/\/blogdafeira.com.br\/home\/2020\/03\/10\/ana-da-manicoba-patrimonio-singular-de-feira-de-santana\/","url_meta":{"origin":46293,"position":5},"title":"Ana da Mani\u00e7oba, patrim\u00f4nio singular de Feira de Santana","author":"Laila Geovana Beir\u00e3o","date":"10\/03\/2020","format":false,"excerpt":"Falar sobre Mulher Negra, \u00e9 falar de Resist\u00eancia, For\u00e7a, Perseveran\u00e7a. \u00c9 falar da labuta di\u00e1ria para viver e sobreviver. Registrar a viv\u00eancia \u00e9 ato de cuidado a mem\u00f3ria das pessoas que agregam valor a humanidade e Ana da Mani\u00e7oba \u00e9 uma pessoa que enriqueceu a cultura e a hist\u00f3ria de\u2026","rel":"","context":"Em &quot;Cidade&quot;","block_context":{"text":"Cidade","link":"https:\/\/blogdafeira.com.br\/home\/categoria\/cidade\/"},"img":{"alt_text":"","src":"https:\/\/i0.wp.com\/blogdafeira.com.br\/home\/wp-content\/uploads\/2020\/03\/89528475_227356465052760_1390240923274706944_n.jpg?resize=350%2C200&ssl=1","width":350,"height":200},"classes":[]}],"_links":{"self":[{"href":"https:\/\/blogdafeira.com.br\/home\/wp-json\/wp\/v2\/posts\/46293","targetHints":{"allow":["GET"]}}],"collection":[{"href":"https:\/\/blogdafeira.com.br\/home\/wp-json\/wp\/v2\/posts"}],"about":[{"href":"https:\/\/blogdafeira.com.br\/home\/wp-json\/wp\/v2\/types\/post"}],"author":[{"embeddable":true,"href":"https:\/\/blogdafeira.com.br\/home\/wp-json\/wp\/v2\/users\/1"}],"replies":[{"embeddable":true,"href":"https:\/\/blogdafeira.com.br\/home\/wp-json\/wp\/v2\/comments?post=46293"}],"version-history":[{"count":2,"href":"https:\/\/blogdafeira.com.br\/home\/wp-json\/wp\/v2\/posts\/46293\/revisions"}],"predecessor-version":[{"id":46343,"href":"https:\/\/blogdafeira.com.br\/home\/wp-json\/wp\/v2\/posts\/46293\/revisions\/46343"}],"wp:featuredmedia":[{"embeddable":true,"href":"https:\/\/blogdafeira.com.br\/home\/wp-json\/wp\/v2\/media\/46295"}],"wp:attachment":[{"href":"https:\/\/blogdafeira.com.br\/home\/wp-json\/wp\/v2\/media?parent=46293"}],"wp:term":[{"taxonomy":"category","embeddable":true,"href":"https:\/\/blogdafeira.com.br\/home\/wp-json\/wp\/v2\/categories?post=46293"},{"taxonomy":"post_tag","embeddable":true,"href":"https:\/\/blogdafeira.com.br\/home\/wp-json\/wp\/v2\/tags?post=46293"}],"curies":[{"name":"wp","href":"https:\/\/api.w.org\/{rel}","templated":true}]}}