{"id":47118,"date":"2021-08-23T21:05:21","date_gmt":"2021-08-24T00:05:21","guid":{"rendered":"https:\/\/blogdafeira.com.br\/home\/?p=47118"},"modified":"2021-08-27T19:18:22","modified_gmt":"2021-08-27T22:18:22","slug":"cafe-premium-e-o-novo-lancamento-da-agricultura-familiar-baiana","status":"publish","type":"post","link":"https:\/\/blogdafeira.com.br\/home\/2021\/08\/23\/cafe-premium-e-o-novo-lancamento-da-agricultura-familiar-baiana\/","title":{"rendered":"Caf\u00e9 Premium \u00e9 o novo lan\u00e7amento da agricultura familiar baiana"},"content":{"rendered":"<div id=\"blogd-768122638\" class=\"blogd-fim-do-post-mobile blogd-entity-placement\" style=\"margin-left: auto;margin-right: auto;text-align: center;\"><a href=\"https:\/\/www.sefaz.feiradesantana.ba.gov.br\/\" target=\"_blank\" aria-label=\"728&#215;90 (6)\"><img loading=\"lazy\" decoding=\"async\" src=\"https:\/\/blogdafeira.com.br\/home\/wp-content\/uploads\/2026\/03\/728x90-6.gif\" alt=\"\"  class=\"no-lazyload\" width=\"728\" height=\"90\"  style=\"display: inline-block;\" \/><\/a><\/div><p style=\"text-align: justify;\">Nesta ter\u00e7a-feira (24),\u00a0a agricultura familiar leva para as prateleiras de estabelecimentos comerciais da Bahia mais um produto de qualidade. Desta vez, o lan\u00e7amento \u00e9 um\u00a0caf\u00e9\u00a0premium, produzido no sudoeste baiano, pela\u00a0Cooperativa Mista dos Pequenos Cafeicultores de Barra do Cho\u00e7a e Regi\u00e3o (<em>Cooperbac<\/em>), localizada em Barra do Cho\u00e7a.<\/p><div id=\"blogd-2533418145\" class=\"blogd-conteudo-2-mobile blogd-entity-placement\"><a href=\"https:\/\/feirenses.com.br\/\" target=\"_blank\" aria-label=\"feirenses\"><img loading=\"lazy\" decoding=\"async\" src=\"https:\/\/blogdafeira.com.br\/home\/wp-content\/uploads\/2026\/04\/feirenses.png\" alt=\"\"  srcset=\"https:\/\/blogdafeira.com.br\/home\/wp-content\/uploads\/2026\/04\/feirenses.png 300w, https:\/\/blogdafeira.com.br\/home\/wp-content\/uploads\/2026\/04\/feirenses-170x45.png 170w, https:\/\/blogdafeira.com.br\/home\/wp-content\/uploads\/2026\/04\/feirenses-280x74.png 280w\" sizes=\"(max-width: 300px) 100vw, 300px\" class=\"no-lazyload\" width=\"300\" height=\"79\"  style=\"display: inline-block;\" \/><\/a><\/div>\n<p style=\"text-align: justify;\">Um\u00a0caf\u00e9\u00a0de torra clara, 100% ar\u00e1bica, cultivado em altitudes que variam de 900 a 1.100 metros, de maneira sustent\u00e1vel, e que possui o Selo de Identifica\u00e7\u00e3o da Agricultura Familiar (Sipaf). Uma bebida com sabor suave, cremosa, com aroma floral e acidez m\u00e9dia.<\/p>\n<p style=\"text-align: justify;\">Inicialmente, o\u00a0caf\u00e9\u00a0Cooperbac Premium ser\u00e1 comercializado em gr\u00e3os, em embalagens de 1 quilo, nos\u00a0munic\u00edpios de Vit\u00f3ria da Conquista, Feira de Santana, Serrinha, Juazeiro, Lauro de Freitas e em Salvador.\u00a0A previs\u00e3o \u00e9 que, at\u00e9 o final de 2021, a cooperativa coloque no mercado a vers\u00e3o mo\u00edda, em embalagem de 250g.<\/p>\n<p style=\"text-align: justify;\">A unidade de beneficiamento de\u00a0caf\u00e9\u00a0da Cooperbac tem capacidade de processamento de 12 toneladas por dia, atendendo diretamente a 335 fam\u00edlias agricultoras produtoras de\u00a0caf\u00e9. A cooperativa produz e comercializa gr\u00e3os crus e torrados e\u00a0caf\u00e9\u00a0a v\u00e1cuo. Agora, s\u00e3o quatro marcas de\u00a0caf\u00e9, desde uma mais popular, o Tia Rege, at\u00e9 o Premium, um\u00a0caf\u00e9\u00a0gourmet para consumidores mais exigentes.<\/p>\n<p style=\"text-align: justify;\">De acordo com a presidente da Cooperbac, Joara Oliveira, o lan\u00e7amento do novo\u00a0caf\u00e9\u00a0vai impactar diretamente a vida dos produtores: \u201c\u00c9 a concretiza\u00e7\u00e3o de um sonho que os produtores tinham em comercializar seu produto gourmet, um\u00a0caf\u00e9\u00a0despolpado, seco na estufa com todo cuidado, evitando a venda para atravessadores. Um\u00a0caf\u00e9\u00a0que \u00e9 vendido hoje a R$1 mil, vamos conseguir vender de R$1.500 a R$1.600 a saca\u201d.<\/p>\n<p style=\"text-align: justify;\">A produ\u00e7\u00e3o da Cooperbac ganhou tamb\u00e9m o mercado chin\u00eas. Neste ano, a cooperativa envia sua primeira remessa de\u00a0caf\u00e9\u00a0para a China. Um contrato, inicial de seis meses com a empresa C\u00e2mara Chinesa, que ir\u00e1 permitir a comercializa\u00e7\u00e3o 20 toneladas do\u00a0caf\u00e9\u00a0Cooperbac ar\u00e1bica mo\u00eddo.<\/p>\n<p style=\"text-align: justify;\"><strong>Laborat\u00f3rio de classifica\u00e7\u00e3o\u00a0<\/strong><\/p>\n<p style=\"text-align: justify;\">Toda a produ\u00e7\u00e3o passa pelo Laborat\u00f3rio\u00a0de Classifica\u00e7\u00e3o Sensorial de\u00a0Caf\u00e9, onde s\u00e3o certificados e emitidos laudos t\u00e9cnicos, que habilitam o produto da Cooperbac para a comercializa\u00e7\u00e3o junto com grandes marcas nacionais de\u00a0caf\u00e9. A constru\u00e7\u00e3o do laborat\u00f3rio integra um conjunto de interven\u00e7\u00f5es do Governo do Estado da Bahia, por meio do projeto Bahia Produtiva, da Companhia de Desenvolvimento e A\u00e7\u00e3o Regional (CAR), empresa p\u00fablica vinculada \u00e0 Secretaria de Desenvolvimento Rural (SDR).<\/p>\n<p style=\"text-align: justify;\">No total, est\u00e3o sendo aplicados na Cooperbac, pelo Bahia Produtiva, recursos da ordem de R$ 5,4 milh\u00f5es, com interven\u00e7\u00f5es, tanto na base de produ\u00e7\u00e3o, apoiando os agricultores a melhorarem a produ\u00e7\u00e3o com a aquisi\u00e7\u00e3o de estufas e equipamentos, e assist\u00eancia t\u00e9cnica, como tamb\u00e9m, dentro da unidade de processamento e torrefa\u00e7\u00e3o de\u00a0caf\u00e9, desenvolvimento de embalagens e r\u00f3tulos, e acesso a mercados.<\/p>\n<p style=\"text-align: justify;\">Para o diretor-presidente da CAR, Wilson Dias, esse \u00e9 mais um salto de qualidade expresso no produto e na embalagem que busca sintonia com um mercado cada dia mais exigente: \u201cA inova\u00e7\u00e3o acompanha o crescimento da Cooperbac e por isso nos orgulha muito apoiar este empreendimento que nos surpreende positivamente a cada dia\u201d.<\/p>\n<div id=\"blogd-3230968992\" class=\"blogd-final-post blogd-entity-placement\"><a href=\"https:\/\/www.feiradesantana.ba.leg.br\/\" target=\"_blank\" aria-label=\"BANNER-SITE-ENTREGADECHEQUE-CAMARADEFEIRA\"><img loading=\"lazy\" decoding=\"async\" src=\"https:\/\/blogdafeira.com.br\/home\/wp-content\/uploads\/2026\/03\/BANNER-SITE-ENTREGADECHEQUE-CAMARADEFEIRA.gif\" alt=\"\"  class=\"no-lazyload\" width=\"728\" height=\"90\"   \/><\/a><\/div><p style=\"text-align: justify;\">Joara afirma que o\u00a0caf\u00e9\u00a0gourmet \u00e9 a concretiza\u00e7\u00e3o dos investimentos do projeto Bahia Produtiva: \u201cOs recursos foram destinados para estufas, despolpadores, secador de\u00a0caf\u00e9, a implanta\u00e7\u00e3o do laborat\u00f3rio, onde j\u00e1 tiramos o laudo que referencia os nossos\u00a0caf\u00e9s. Com tudo isso, hoje podemos lan\u00e7ar esse produto e aumentar a renda dos produtores em 50%\u201d.<\/p>\n","protected":false},"excerpt":{"rendered":"<p>Nesta ter\u00e7a-feira (24),\u00a0a agricultura familiar leva para as prateleiras de estabelecimentos comerciais da Bahia mais um produto de qualidade. Desta vez, o lan\u00e7amento \u00e9 um\u00a0caf\u00e9\u00a0premium, produzido no sudoeste baiano, pela\u00a0Cooperativa Mista dos Pequenos Cafeicultores de Barra do Cho\u00e7a e Regi\u00e3o (Cooperbac), localizada em Barra do Cho\u00e7a. Um\u00a0caf\u00e9\u00a0de torra clara, 100% ar\u00e1bica, cultivado em altitudes que<\/p>\n","protected":false},"author":1,"featured_media":47119,"comment_status":"open","ping_status":"open","sticky":false,"template":"","format":"standard","meta":{"jetpack_post_was_ever_published":false,"cybocfi_hide_featured_image":"","_jetpack_newsletter_access":"","_jetpack_dont_email_post_to_subs":false,"_jetpack_newsletter_tier_id":0,"_jetpack_memberships_contains_paywalled_content":false,"_jetpack_memberships_contains_paid_content":false,"footnotes":"","jetpack_publicize_message":"","jetpack_publicize_feature_enabled":true,"jetpack_social_post_already_shared":true,"jetpack_social_options":{"image_generator_settings":{"template":"highway","default_image_id":0,"font":"","enabled":false},"version":2}},"categories":[680,1],"tags":[],"class_list":["post-47118","post","type-post","status-publish","format-standard","has-post-thumbnail","hentry","category-bahia","category-raiz"],"jetpack_publicize_connections":[],"jetpack_featured_media_url":"https:\/\/blogdafeira.com.br\/home\/wp-content\/uploads\/2021\/08\/WhatsApp-Image-2021-08-17-at-16.58.43-1.jpeg","jetpack_shortlink":"https:\/\/wp.me\/p3niVf-cfY","jetpack_sharing_enabled":true,"jetpack-related-posts":[{"id":39186,"url":"https:\/\/blogdafeira.com.br\/home\/2020\/07\/23\/cafe-bom-da-bahia-e-o-que-vem-da-agricultura-familiar\/","url_meta":{"origin":47118,"position":0},"title":"Caf\u00e9 bom da Bahia \u00e9 o que vem da agricultura familiar","author":"Ascom CAR\/SDR\/BA","date":"23\/07\/2020","format":false,"excerpt":"A cultura do caf\u00e9 na Bahia vem ganhando, cada vez mais, lugar de destaque no pa\u00eds, com a qualidade dos gr\u00e3os, especialmente os produzidos por agricultores e agricultoras familiares, em locais como a Chapada Diamantina e o Sudoeste Baiano. Os caf\u00e9s atraem consumidores de diversas partes do mundo. S\u00e3o\u00a0 as\u2026","rel":"","context":"Em &quot;Bahia&quot;","block_context":{"text":"Bahia","link":"https:\/\/blogdafeira.com.br\/home\/categoria\/bahia\/"},"img":{"alt_text":"","src":"https:\/\/i0.wp.com\/blogdafeira.com.br\/home\/wp-content\/uploads\/2020\/07\/WhatsApp-Image-2020-07-22-at-14.31.09-2.jpeg?resize=350%2C200&ssl=1","width":350,"height":200,"srcset":"https:\/\/i0.wp.com\/blogdafeira.com.br\/home\/wp-content\/uploads\/2020\/07\/WhatsApp-Image-2020-07-22-at-14.31.09-2.jpeg?resize=350%2C200&ssl=1 1x, https:\/\/i0.wp.com\/blogdafeira.com.br\/home\/wp-content\/uploads\/2020\/07\/WhatsApp-Image-2020-07-22-at-14.31.09-2.jpeg?resize=525%2C300&ssl=1 1.5x, https:\/\/i0.wp.com\/blogdafeira.com.br\/home\/wp-content\/uploads\/2020\/07\/WhatsApp-Image-2020-07-22-at-14.31.09-2.jpeg?resize=700%2C400&ssl=1 2x, https:\/\/i0.wp.com\/blogdafeira.com.br\/home\/wp-content\/uploads\/2020\/07\/WhatsApp-Image-2020-07-22-at-14.31.09-2.jpeg?resize=1050%2C600&ssl=1 3x"},"classes":[]},{"id":60725,"url":"https:\/\/blogdafeira.com.br\/home\/2024\/01\/05\/agricultura-familiar-baiana-exporta-12-toneladas-de-produtos-para-portugal\/","url_meta":{"origin":47118,"position":1},"title":"Agricultura familiar baiana exporta 12 toneladas de produtos para Portugal","author":"Ascom CAR\/SDR\/BA","date":"05\/01\/2024","format":false,"excerpt":"Nesta sexta-feira (5), um cont\u00eainer com 12 toneladas de produtos da agricultura familiar da Bahia embarcou do Porto de Salvador com destino a Lisboa, Portugal. Os itens exportados foram chocolates, geleias, cervejas artesanais, frutas desidratadas, produtos \u00e0 base de mandioca, castanhas, entre outros. Nesse projeto de exporta\u00e7\u00e3o est\u00e3o envolvidos: a\u2026","rel":"","context":"Em &quot;Economia&quot;","block_context":{"text":"Economia","link":"https:\/\/blogdafeira.com.br\/home\/categoria\/economia\/"},"img":{"alt_text":"","src":"https:\/\/i0.wp.com\/blogdafeira.com.br\/home\/wp-content\/uploads\/2024\/01\/IMG-20240105-WA0167.jpg?resize=350%2C200&ssl=1","width":350,"height":200,"srcset":"https:\/\/i0.wp.com\/blogdafeira.com.br\/home\/wp-content\/uploads\/2024\/01\/IMG-20240105-WA0167.jpg?resize=350%2C200&ssl=1 1x, https:\/\/i0.wp.com\/blogdafeira.com.br\/home\/wp-content\/uploads\/2024\/01\/IMG-20240105-WA0167.jpg?resize=525%2C300&ssl=1 1.5x, https:\/\/i0.wp.com\/blogdafeira.com.br\/home\/wp-content\/uploads\/2024\/01\/IMG-20240105-WA0167.jpg?resize=700%2C400&ssl=1 2x, https:\/\/i0.wp.com\/blogdafeira.com.br\/home\/wp-content\/uploads\/2024\/01\/IMG-20240105-WA0167.jpg?resize=1050%2C600&ssl=1 3x, https:\/\/i0.wp.com\/blogdafeira.com.br\/home\/wp-content\/uploads\/2024\/01\/IMG-20240105-WA0167.jpg?resize=1400%2C800&ssl=1 4x"},"classes":[]},{"id":70477,"url":"https:\/\/blogdafeira.com.br\/home\/2025\/12\/09\/deputado-quer-titular-barra-do-choca-como-capital-do-cafe-arabica-da-bahia\/","url_meta":{"origin":47118,"position":2},"title":"Deputado quer titular Barra do Cho\u00e7a como capital do caf\u00e9 ar\u00e1bica da Bahia","author":"Ascom CAR\/SDR\/BA","date":"09\/12\/2025","format":false,"excerpt":"O munic\u00edpio de Barra do Cho\u00e7a, a 400km de Feita de Santana, est\u00e1 a um passo de ser reconhecido como a capital do caf\u00e9 ar\u00e1bica no Estado da Bahia. Com esse objetivo, o projeto de lei n\u00famero 25411\/2024, de autoria do deputado\u00a0 Hassan (PP), foi aprovado nesta ter\u00e7a-feira (9) pela\u2026","rel":"","context":"Em &quot;Economia&quot;","block_context":{"text":"Economia","link":"https:\/\/blogdafeira.com.br\/home\/categoria\/economia\/"},"img":{"alt_text":"","src":"https:\/\/i0.wp.com\/blogdafeira.com.br\/home\/wp-content\/uploads\/2025\/12\/images-10.jpeg?resize=350%2C200&ssl=1","width":350,"height":200},"classes":[]},{"id":3830,"url":"https:\/\/blogdafeira.com.br\/home\/2013\/07\/25\/cafe-consumido-pelo-papa-no-vaticano-e-produzido-na-bahia\/","url_meta":{"origin":47118,"position":3},"title":"Caf\u00e9 consumido pelo Papa no Vaticano \u00e9 produzido na Bahia","author":"Ascom CAR\/SDR\/BA","date":"25\/07\/2013","format":false,"excerpt":"O ex-cardeal argentino Jorge Mario Bergoglio, o Papa Francisco, toma todo dia pela manh\u00e3 um leg\u00edtimo cafezinho org\u00e2nico brasileiro, do tipo premium,produzido na cidade baiana de Ibicoara, na Chapada Diamantina. O Vaticano recebe, por safra, 30 sacas exclusivas do caf\u00e9 Natura Gourmet, produzido na fazenda Aranquan, dos empres\u00e1rios Luca Giovanni\u2026","rel":"","context":"Em &quot;Home&quot;","block_context":{"text":"Home","link":"https:\/\/blogdafeira.com.br\/home\/categoria\/raiz\/"},"img":{"alt_text":"","src":"","width":0,"height":0},"classes":[]},{"id":57992,"url":"https:\/\/blogdafeira.com.br\/home\/2023\/06\/07\/bahia-farm-2023-tambem-tem-produtos-da-agricultura-familiar\/","url_meta":{"origin":47118,"position":4},"title":"Bahia Farm 2023 tamb\u00e9m tem produtos da agricultura familiar","author":"Ascom CAR\/SDR\/BA","date":"07\/06\/2023","format":false,"excerpt":"Quem visitar a Bahia Farm poder\u00e1 conferir produtos como brincos e chap\u00e9us, latic\u00ednios, chocolates, doces, caf\u00e9s, hamburgueria gourmet, pimenta engarrafadas, derivados do mel e da mandioca, licores e bebidas com base nas frutas do cerrado e da caatinga,tudo da Agricultura Familiar. Bahia Farm Show 2023 conta com um espa\u00e7o para\u2026","rel":"","context":"Em &quot;Economia&quot;","block_context":{"text":"Economia","link":"https:\/\/blogdafeira.com.br\/home\/categoria\/economia\/"},"img":{"alt_text":"","src":"https:\/\/i0.wp.com\/blogdafeira.com.br\/home\/wp-content\/uploads\/2023\/06\/WhatsApp-Image-2023-06-07-at-14.51.51.jpeg?resize=350%2C200&ssl=1","width":350,"height":200,"srcset":"https:\/\/i0.wp.com\/blogdafeira.com.br\/home\/wp-content\/uploads\/2023\/06\/WhatsApp-Image-2023-06-07-at-14.51.51.jpeg?resize=350%2C200&ssl=1 1x, https:\/\/i0.wp.com\/blogdafeira.com.br\/home\/wp-content\/uploads\/2023\/06\/WhatsApp-Image-2023-06-07-at-14.51.51.jpeg?resize=525%2C300&ssl=1 1.5x, https:\/\/i0.wp.com\/blogdafeira.com.br\/home\/wp-content\/uploads\/2023\/06\/WhatsApp-Image-2023-06-07-at-14.51.51.jpeg?resize=700%2C400&ssl=1 2x"},"classes":[]},{"id":44502,"url":"https:\/\/blogdafeira.com.br\/home\/2021\/03\/30\/ovos-de-pascoa-na-bahia-e-feito-com-licuri\/","url_meta":{"origin":47118,"position":5},"title":"Ovos de p\u00e1scoa na Bahia feitos com licuri","author":"Ascom CAR\/SDR\/BA","date":"30\/03\/2021","format":false,"excerpt":"Nesta P\u00e1scoa, al\u00e9m do j\u00e1 tradicional e delicioso chocolate, vem ganhando cada vez mais o gosto de baianos e de brasileiros de outros estados, como S\u00e3o Paulo, o nosso licuri,\u00a0 o coquinho do Sert\u00e3o. O licuri, produzido pela Cooperativa de Produ\u00e7\u00e3o da Regi\u00e3o do Piemonte da Diamantina (Coopes), com sede\u2026","rel":"","context":"Em &quot;Bahia&quot;","block_context":{"text":"Bahia","link":"https:\/\/blogdafeira.com.br\/home\/categoria\/bahia\/"},"img":{"alt_text":"","src":"https:\/\/i0.wp.com\/blogdafeira.com.br\/home\/wp-content\/uploads\/2021\/03\/unnamed-2.jpg?resize=350%2C200&ssl=1","width":350,"height":200},"classes":[]}],"_links":{"self":[{"href":"https:\/\/blogdafeira.com.br\/home\/wp-json\/wp\/v2\/posts\/47118","targetHints":{"allow":["GET"]}}],"collection":[{"href":"https:\/\/blogdafeira.com.br\/home\/wp-json\/wp\/v2\/posts"}],"about":[{"href":"https:\/\/blogdafeira.com.br\/home\/wp-json\/wp\/v2\/types\/post"}],"author":[{"embeddable":true,"href":"https:\/\/blogdafeira.com.br\/home\/wp-json\/wp\/v2\/users\/1"}],"replies":[{"embeddable":true,"href":"https:\/\/blogdafeira.com.br\/home\/wp-json\/wp\/v2\/comments?post=47118"}],"version-history":[{"count":1,"href":"https:\/\/blogdafeira.com.br\/home\/wp-json\/wp\/v2\/posts\/47118\/revisions"}],"predecessor-version":[{"id":47120,"href":"https:\/\/blogdafeira.com.br\/home\/wp-json\/wp\/v2\/posts\/47118\/revisions\/47120"}],"wp:featuredmedia":[{"embeddable":true,"href":"https:\/\/blogdafeira.com.br\/home\/wp-json\/wp\/v2\/media\/47119"}],"wp:attachment":[{"href":"https:\/\/blogdafeira.com.br\/home\/wp-json\/wp\/v2\/media?parent=47118"}],"wp:term":[{"taxonomy":"category","embeddable":true,"href":"https:\/\/blogdafeira.com.br\/home\/wp-json\/wp\/v2\/categories?post=47118"},{"taxonomy":"post_tag","embeddable":true,"href":"https:\/\/blogdafeira.com.br\/home\/wp-json\/wp\/v2\/tags?post=47118"}],"curies":[{"name":"wp","href":"https:\/\/api.w.org\/{rel}","templated":true}]}}