{"id":47181,"date":"2021-08-29T19:58:55","date_gmt":"2021-08-29T22:58:55","guid":{"rendered":"https:\/\/blogdafeira.com.br\/home\/?p=47181"},"modified":"2021-09-01T17:22:50","modified_gmt":"2021-09-01T20:22:50","slug":"taliba-crise-hidrica-e-o-mula-jair","status":"publish","type":"post","link":"https:\/\/blogdafeira.com.br\/home\/2021\/08\/29\/taliba-crise-hidrica-e-o-mula-jair\/","title":{"rendered":"Talib\u00e3, crise energ\u00e9tica e o mul\u00e1 Jair"},"content":{"rendered":"<div id=\"blogd-4165448656\" class=\"blogd-fim-do-post-mobile blogd-entity-placement\" style=\"margin-left: auto;margin-right: auto;text-align: center;\"><a href=\"https:\/\/www.sefaz.feiradesantana.ba.gov.br\/\" target=\"_blank\" aria-label=\"728&#215;90 (6)\"><img loading=\"lazy\" decoding=\"async\" src=\"https:\/\/blogdafeira.com.br\/home\/wp-content\/uploads\/2026\/03\/728x90-6.gif\" alt=\"\"  class=\"no-lazyload\" width=\"728\" height=\"90\"  style=\"display: inline-block;\" \/><\/a><\/div><p style=\"text-align: justify;\">Lembro que, h\u00e1 vinte anos, em 2001, dois temas dominaram o notici\u00e1rio durante boa parte do ano: no primeiro semestre, no Brasil, uma crise h\u00eddrica que levou ao racionamento de energia el\u00e9trica e desgastou bastante o governo do ent\u00e3o presidente Fernando Henrique Cardoso (PSDB). A partir de 11 de setembro, o atentado \u00e0s torres g\u00eameas, em Nova Iorque, projetou o Talib\u00e3, a Al Qaeda de Osama Bin Laden e o Afeganist\u00e3o. Ironicamente, exatamente duas d\u00e9cadas depois, eis os dois temas de volta ao notici\u00e1rio.<\/p><div id=\"blogd-76508982\" class=\"blogd-conteudo-2-mobile blogd-entity-placement\"><a href=\"https:\/\/feirenses.com.br\/\" target=\"_blank\" aria-label=\"feirenses\"><img loading=\"lazy\" decoding=\"async\" src=\"https:\/\/blogdafeira.com.br\/home\/wp-content\/uploads\/2026\/04\/feirenses.png\" alt=\"\"  srcset=\"https:\/\/blogdafeira.com.br\/home\/wp-content\/uploads\/2026\/04\/feirenses.png 300w, https:\/\/blogdafeira.com.br\/home\/wp-content\/uploads\/2026\/04\/feirenses-170x45.png 170w, https:\/\/blogdafeira.com.br\/home\/wp-content\/uploads\/2026\/04\/feirenses-280x74.png 280w\" sizes=\"(max-width: 300px) 100vw, 300px\" class=\"no-lazyload\" width=\"300\" height=\"79\"  style=\"display: inline-block;\" \/><\/a><\/div>\n<p style=\"text-align: justify;\">Coment\u00e1rios de especialistas indicam que \u00e9 grande o risco de apag\u00f5es e racionamento de energia no Brasil. O deplor\u00e1vel governo de Jair Bolsonaro, o \u201cmito\u201d, come\u00e7ou fingindo que o problema n\u00e3o existe. Diante da realidade incontorn\u00e1vel, ensaia rea\u00e7\u00f5es pat\u00e9ticas, confusas. Como uma crise energ\u00e9tica prejudica a campanha \u00e0 reelei\u00e7\u00e3o, mente-se apostando \u2013 canhestramente \u2013 que o brasileiro, distra\u00eddo, nem vai perceber o problema.<\/p>\n<p style=\"text-align: justify;\">O roteiro que se desenha, ali\u00e1s, \u00e9 bastante previs\u00edvel. Primeiro, nega-se o problema. L\u00e1 adiante, arranjam-se culpados, terceirizam-se responsabilidades. Provavelmente vai sobrar at\u00e9 para o brasileiro m\u00e9dio, coitado, que teima em n\u00e3o apagar suas l\u00e2mpadas. Imagino que o pet\u00ea e os governos \u201ccomunistas\u201d que antecederam o \u201cmito\u201d tamb\u00e9m ser\u00e3o responsabilizados pela in\u00e9rcia, por n\u00e3o terem privatizado tudo.<\/p>\n<p style=\"text-align: justify;\">No Afeganist\u00e3o, o vocabul\u00e1rio da \u00e9poca est\u00e1 sendo resgatado. Tudo come\u00e7a pela geografia: Cabul, Kandahar, Jalalabad, Gardez \u2013 remotos lugarejos empoeirados \u2013 voltaram \u00e0 tev\u00ea, povoam as m\u00eddias digitais. E tome mapa, tome especialista explicando os 20 anos de presen\u00e7a norte-americana por l\u00e1 \u2013 a escalada de conflitos come\u00e7ou em 1979 \u2013 e o pa\u00eds, quase esquecido, torna-se de novo familiar ao brasileiro comum. Express\u00f5es antigas tamb\u00e9m j\u00e1 retornaram ao notici\u00e1rio: <em>mujahedin<\/em>, <em>sharia<\/em>, <em>mul\u00e1<\/em> e por a\u00ed vai.<\/p>\n<p style=\"text-align: justify;\">Naquela \u00e9poca, me aventurei escrevendo uns artigos para a imprensa feirense e, posteriormente, fui comprando os livros que iam saindo, fascinado com aquele momento \u00edmpar da Hist\u00f3ria. Estou at\u00e9 relendo um deles: o \u201cVulto das Torres\u201d, de Lawrence Wright, que venceu o prestigiado pr\u00eamio Pulitzer de 2007. \u00c9 ir\u00f4nico, mas, tempos atr\u00e1s, at\u00e9 pensava em me desfazer das publica\u00e7\u00f5es, julgava-as obsoletas. Mas eis que o Talib\u00e3 e o Afeganist\u00e3o retornam ao notici\u00e1rio&#8230;<\/p>\n<p style=\"text-align: justify;\">Por aqui, conhecer a Hist\u00f3ria tamb\u00e9m \u00e9 essencial, por mais inquietante que, \u00e0s vezes pare\u00e7a. At\u00e9 outro dia estava convicto que, no futuro, o Brasil tinha um grande passado pela frente. Agora, hesito. Sob os del\u00edrios do mul\u00e1 Jair e sua seita pag\u00e3, talvez nem isso tenhamos mais: ao inv\u00e9s do passado como futuro, corre-se o risco efetivo de nem termos mais futuro.<\/p>\n<div id=\"blogd-3655200107\" class=\"blogd-final-post blogd-entity-placement\"><a href=\"https:\/\/www.feiradesantana.ba.leg.br\/\" target=\"_blank\" aria-label=\"BANNER-SITE-ENTREGADECHEQUE-CAMARADEFEIRA\"><img loading=\"lazy\" decoding=\"async\" src=\"https:\/\/blogdafeira.com.br\/home\/wp-content\/uploads\/2026\/03\/BANNER-SITE-ENTREGADECHEQUE-CAMARADEFEIRA.gif\" alt=\"\"  class=\"no-lazyload\" width=\"728\" height=\"90\"   \/><\/a><\/div><p style=\"text-align: justify;\">\u00c9 triste, 20 anos depois, deparar-se com os mesmos percal\u00e7os, s\u00f3 que em contextos de muito mais gravidade&#8230;<\/p>\n","protected":false},"excerpt":{"rendered":"<p>Lembro que, h\u00e1 vinte anos, em 2001, dois temas dominaram o notici\u00e1rio durante boa parte do ano: no primeiro semestre, no Brasil, uma crise h\u00eddrica que levou ao racionamento de energia el\u00e9trica e desgastou bastante o governo do ent\u00e3o presidente Fernando Henrique Cardoso (PSDB). A partir de 11 de setembro, o atentado \u00e0s torres g\u00eameas,<\/p>\n","protected":false},"author":13,"featured_media":47189,"comment_status":"open","ping_status":"open","sticky":false,"template":"","format":"standard","meta":{"jetpack_post_was_ever_published":false,"cybocfi_hide_featured_image":"","_jetpack_newsletter_access":"","_jetpack_dont_email_post_to_subs":false,"_jetpack_newsletter_tier_id":0,"_jetpack_memberships_contains_paywalled_content":false,"_jetpack_memberships_contains_paid_content":false,"footnotes":"","jetpack_publicize_message":"","jetpack_publicize_feature_enabled":true,"jetpack_social_post_already_shared":true,"jetpack_social_options":{"image_generator_settings":{"template":"highway","default_image_id":0,"font":"","enabled":false},"version":2}},"categories":[592,1],"tags":[],"class_list":["post-47181","post","type-post","status-publish","format-standard","has-post-thumbnail","hentry","category-colunistas","category-raiz"],"jetpack_publicize_connections":[],"jetpack_featured_media_url":"https:\/\/blogdafeira.com.br\/home\/wp-content\/uploads\/2021\/08\/energia_eletrica_interruptor_de_luz_energia070720211247.jpg","jetpack_shortlink":"https:\/\/wp.me\/p3niVf-cgZ","jetpack_sharing_enabled":true,"jetpack-related-posts":[{"id":51621,"url":"https:\/\/blogdafeira.com.br\/home\/2022\/04\/06\/vamos-abrasileirar-os-precos-dos-combustiveis-e-defender-a-soberania-nacional\/","url_meta":{"origin":47181,"position":0},"title":"Vamos abrasileirar os pre\u00e7os dos combust\u00edveis e defender a soberania nacional","author":"Blog da Feira","date":"06\/04\/2022","format":false,"excerpt":"Sem preservar o planejamento adequado no setor energ\u00e9tico e alterar a pol\u00edtica de pre\u00e7os da Petrobras, o Brasil ficar\u00e1 ref\u00e9m de interesses econ\u00f4micos especulativos internacionais e de cont\u00ednua crise de energia. As mudan\u00e7as no setor e a transi\u00e7\u00e3o para uma economia de baixo carbono est\u00e3o em discuss\u00e3o no mundo todo,\u2026","rel":"","context":"Em &quot;Colunistas&quot;","block_context":{"text":"Colunistas","link":"https:\/\/blogdafeira.com.br\/home\/categoria\/colunistas\/"},"img":{"alt_text":"","src":"https:\/\/i0.wp.com\/blogdafeira.com.br\/home\/wp-content\/uploads\/2022\/04\/IMG-20220406-WA0027.jpg?resize=350%2C200&ssl=1","width":350,"height":200,"srcset":"https:\/\/i0.wp.com\/blogdafeira.com.br\/home\/wp-content\/uploads\/2022\/04\/IMG-20220406-WA0027.jpg?resize=350%2C200&ssl=1 1x, https:\/\/i0.wp.com\/blogdafeira.com.br\/home\/wp-content\/uploads\/2022\/04\/IMG-20220406-WA0027.jpg?resize=525%2C300&ssl=1 1.5x, https:\/\/i0.wp.com\/blogdafeira.com.br\/home\/wp-content\/uploads\/2022\/04\/IMG-20220406-WA0027.jpg?resize=700%2C400&ssl=1 2x"},"classes":[]},{"id":51912,"url":"https:\/\/blogdafeira.com.br\/home\/2022\/04\/22\/preco-da-energia-eletrica-sobe-e-trevas-se-adensam\/","url_meta":{"origin":47181,"position":1},"title":"Pre\u00e7o da energia el\u00e9trica sobe e trevas se adensam","author":"Andr\u00e9 Pomponet","date":"22\/04\/2022","format":false,"excerpt":"Est\u00e1 cada vez mais dif\u00edcil para os baianos jurar pela luz que os alumia: a tarifa de energia el\u00e9trica sofreu mais um reajuste, de inacredit\u00e1veis 20,73%. Jurar, agora, s\u00f3 se for pela luz do sol, porque pela luz el\u00e9trica est\u00e1 ficando impratic\u00e1vel. \u00a0O aumento foi autorizado pela Aneel, a Ag\u00eancia\u2026","rel":"","context":"Em &quot;Colunistas&quot;","block_context":{"text":"Colunistas","link":"https:\/\/blogdafeira.com.br\/home\/categoria\/colunistas\/"},"img":{"alt_text":"","src":"https:\/\/i0.wp.com\/blogdafeira.com.br\/home\/wp-content\/uploads\/2022\/04\/lampadas.jpg?resize=350%2C200&ssl=1","width":350,"height":200,"srcset":"https:\/\/i0.wp.com\/blogdafeira.com.br\/home\/wp-content\/uploads\/2022\/04\/lampadas.jpg?resize=350%2C200&ssl=1 1x, https:\/\/i0.wp.com\/blogdafeira.com.br\/home\/wp-content\/uploads\/2022\/04\/lampadas.jpg?resize=525%2C300&ssl=1 1.5x, https:\/\/i0.wp.com\/blogdafeira.com.br\/home\/wp-content\/uploads\/2022\/04\/lampadas.jpg?resize=700%2C400&ssl=1 2x"},"classes":[]},{"id":37448,"url":"https:\/\/blogdafeira.com.br\/home\/2020\/05\/01\/nao-ha-o-que-comemorar-no-dia-do-trabalho\/","url_meta":{"origin":47181,"position":2},"title":"N\u00e3o h\u00e1 o que comemorar no Dia do Trabalho","author":"Andr\u00e9 Pomponet","date":"01\/05\/2020","format":false,"excerpt":"H\u00e1 pouco o que comemorar hoje (01), no Dia do Trabalho. A pandemia do Covid-19 vai impedir a realiza\u00e7\u00e3o daquelas tradicionais manifesta\u00e7\u00f5es que re\u00fanem milh\u00f5es mundo afora. No Brasil, a restri\u00e7\u00e3o \u00e9 danosa. Afinal, sem mobiliza\u00e7\u00e3o, quem trabalha assiste a uma nova ofensiva contra direitos trabalhistas, desta vez capitaneado pelo\u2026","rel":"","context":"Em &quot;Colunistas&quot;","block_context":{"text":"Colunistas","link":"https:\/\/blogdafeira.com.br\/home\/categoria\/colunistas\/"},"img":{"alt_text":"","src":"https:\/\/i0.wp.com\/blogdafeira.com.br\/home\/wp-content\/uploads\/2020\/05\/protestos-feira-de-santana.jpg?resize=350%2C200&ssl=1","width":350,"height":200,"srcset":"https:\/\/i0.wp.com\/blogdafeira.com.br\/home\/wp-content\/uploads\/2020\/05\/protestos-feira-de-santana.jpg?resize=350%2C200&ssl=1 1x, https:\/\/i0.wp.com\/blogdafeira.com.br\/home\/wp-content\/uploads\/2020\/05\/protestos-feira-de-santana.jpg?resize=525%2C300&ssl=1 1.5x, https:\/\/i0.wp.com\/blogdafeira.com.br\/home\/wp-content\/uploads\/2020\/05\/protestos-feira-de-santana.jpg?resize=700%2C400&ssl=1 2x"},"classes":[]},{"id":67211,"url":"https:\/\/blogdafeira.com.br\/home\/2025\/05\/12\/jeronimo-fala-aos-chineses-sobre-o-potencial-energetico-da-bahia\/","url_meta":{"origin":47181,"position":3},"title":"Jer\u00f4nimo fala aos chineses sobre o potencial energ\u00e9tico da Bahia","author":"Blog da Feira","date":"12\/05\/2025","format":false,"excerpt":"Em seu primeiro dia de trabalho na China, o governador Jer\u00f4nimo Rodrigues falou, nesta segunda-feira (12), para um p\u00fablico formado por cerca de 400 empres\u00e1rios chineses sobre o potencial energ\u00e9tico da Bahia e o conjunto de oportunidades de investimentos em alta tecnologia que isso proporciona. Organizado pela Apex Brasil, ag\u00eancia\u2026","rel":"","context":"Em &quot;Geral&quot;","block_context":{"text":"Geral","link":"https:\/\/blogdafeira.com.br\/home\/categoria\/geral\/"},"img":{"alt_text":"","src":"https:\/\/i0.wp.com\/blogdafeira.com.br\/home\/wp-content\/uploads\/2025\/05\/Foto-Daniel-Sena-GOVBA.jpg?resize=350%2C200&ssl=1","width":350,"height":200,"srcset":"https:\/\/i0.wp.com\/blogdafeira.com.br\/home\/wp-content\/uploads\/2025\/05\/Foto-Daniel-Sena-GOVBA.jpg?resize=350%2C200&ssl=1 1x, https:\/\/i0.wp.com\/blogdafeira.com.br\/home\/wp-content\/uploads\/2025\/05\/Foto-Daniel-Sena-GOVBA.jpg?resize=525%2C300&ssl=1 1.5x, https:\/\/i0.wp.com\/blogdafeira.com.br\/home\/wp-content\/uploads\/2025\/05\/Foto-Daniel-Sena-GOVBA.jpg?resize=700%2C400&ssl=1 2x"},"classes":[]},{"id":70148,"url":"https:\/\/blogdafeira.com.br\/home\/2025\/11\/11\/na-cop30-jeronimo-fortalece-a-pauta-do-bioma-caatinga\/","url_meta":{"origin":47181,"position":4},"title":"Na COP30, Jer\u00f4nimo fortalece a pauta do bioma Caatinga","author":"Blog da Feira","date":"11\/11\/2025","format":false,"excerpt":"A experi\u00eancia da Bahia em pol\u00edticas de incentivo \u00e0 transi\u00e7\u00e3o energ\u00e9tica e o destaque do estado na produ\u00e7\u00e3o de energia sustent\u00e1vel marcaram a participa\u00e7\u00e3o do governador Jer\u00f4nimo Rodrigues na COP30, em Bel\u00e9m, nesta segunda-feira (10). Durante os encontros e pain\u00e9is, o governador enfatizou a import\u00e2ncia de acelerar as a\u00e7\u00f5es de\u2026","rel":"","context":"Em &quot;Geral&quot;","block_context":{"text":"Geral","link":"https:\/\/blogdafeira.com.br\/home\/categoria\/geral\/"},"img":{"alt_text":"","src":"https:\/\/i0.wp.com\/blogdafeira.com.br\/home\/wp-content\/uploads\/2025\/11\/Belem-COP30.-Foto-Daniel-SennaGOVBA-7.jpeg?resize=350%2C200&ssl=1","width":350,"height":200,"srcset":"https:\/\/i0.wp.com\/blogdafeira.com.br\/home\/wp-content\/uploads\/2025\/11\/Belem-COP30.-Foto-Daniel-SennaGOVBA-7.jpeg?resize=350%2C200&ssl=1 1x, https:\/\/i0.wp.com\/blogdafeira.com.br\/home\/wp-content\/uploads\/2025\/11\/Belem-COP30.-Foto-Daniel-SennaGOVBA-7.jpeg?resize=525%2C300&ssl=1 1.5x, https:\/\/i0.wp.com\/blogdafeira.com.br\/home\/wp-content\/uploads\/2025\/11\/Belem-COP30.-Foto-Daniel-SennaGOVBA-7.jpeg?resize=700%2C400&ssl=1 2x, https:\/\/i0.wp.com\/blogdafeira.com.br\/home\/wp-content\/uploads\/2025\/11\/Belem-COP30.-Foto-Daniel-SennaGOVBA-7.jpeg?resize=1050%2C600&ssl=1 3x"},"classes":[]},{"id":47230,"url":"https:\/\/blogdafeira.com.br\/home\/2021\/08\/31\/sobre-lampioes-lamparinas-e-fifos\/","url_meta":{"origin":47181,"position":5},"title":"Sobre lampi\u00f5es, lamparinas e fif\u00f3s","author":"Andr\u00e9 Pomponet","date":"31\/08\/2021","format":false,"excerpt":"Lembro que, na minha inf\u00e2ncia, encantava-me ir ao Centro de Abastecimento e ver, em exposi\u00e7\u00e3o, dezenas de apetrechos indispens\u00e1veis \u00e0 vida no campo. Ficavam \u00e0 venda naquele galp\u00e3o intermedi\u00e1rio, perto dos extintos boxes de artesanato. Um dos artigos que mais despertava a minha aten\u00e7\u00e3o era as lamparinas \u2013 ou fif\u00f3s\u2026","rel":"","context":"Em &quot;Colunistas&quot;","block_context":{"text":"Colunistas","link":"https:\/\/blogdafeira.com.br\/home\/categoria\/colunistas\/"},"img":{"alt_text":"","src":"https:\/\/i0.wp.com\/blogdafeira.com.br\/home\/wp-content\/uploads\/2021\/08\/pexels-krish-chaitu-6145852.jpg?resize=350%2C200&ssl=1","width":350,"height":200,"srcset":"https:\/\/i0.wp.com\/blogdafeira.com.br\/home\/wp-content\/uploads\/2021\/08\/pexels-krish-chaitu-6145852.jpg?resize=350%2C200&ssl=1 1x, https:\/\/i0.wp.com\/blogdafeira.com.br\/home\/wp-content\/uploads\/2021\/08\/pexels-krish-chaitu-6145852.jpg?resize=525%2C300&ssl=1 1.5x, https:\/\/i0.wp.com\/blogdafeira.com.br\/home\/wp-content\/uploads\/2021\/08\/pexels-krish-chaitu-6145852.jpg?resize=700%2C400&ssl=1 2x, https:\/\/i0.wp.com\/blogdafeira.com.br\/home\/wp-content\/uploads\/2021\/08\/pexels-krish-chaitu-6145852.jpg?resize=1050%2C600&ssl=1 3x"},"classes":[]}],"_links":{"self":[{"href":"https:\/\/blogdafeira.com.br\/home\/wp-json\/wp\/v2\/posts\/47181","targetHints":{"allow":["GET"]}}],"collection":[{"href":"https:\/\/blogdafeira.com.br\/home\/wp-json\/wp\/v2\/posts"}],"about":[{"href":"https:\/\/blogdafeira.com.br\/home\/wp-json\/wp\/v2\/types\/post"}],"author":[{"embeddable":true,"href":"https:\/\/blogdafeira.com.br\/home\/wp-json\/wp\/v2\/users\/13"}],"replies":[{"embeddable":true,"href":"https:\/\/blogdafeira.com.br\/home\/wp-json\/wp\/v2\/comments?post=47181"}],"version-history":[{"count":4,"href":"https:\/\/blogdafeira.com.br\/home\/wp-json\/wp\/v2\/posts\/47181\/revisions"}],"predecessor-version":[{"id":47190,"href":"https:\/\/blogdafeira.com.br\/home\/wp-json\/wp\/v2\/posts\/47181\/revisions\/47190"}],"wp:featuredmedia":[{"embeddable":true,"href":"https:\/\/blogdafeira.com.br\/home\/wp-json\/wp\/v2\/media\/47189"}],"wp:attachment":[{"href":"https:\/\/blogdafeira.com.br\/home\/wp-json\/wp\/v2\/media?parent=47181"}],"wp:term":[{"taxonomy":"category","embeddable":true,"href":"https:\/\/blogdafeira.com.br\/home\/wp-json\/wp\/v2\/categories?post=47181"},{"taxonomy":"post_tag","embeddable":true,"href":"https:\/\/blogdafeira.com.br\/home\/wp-json\/wp\/v2\/tags?post=47181"}],"curies":[{"name":"wp","href":"https:\/\/api.w.org\/{rel}","templated":true}]}}