{"id":47200,"date":"2021-08-30T14:46:27","date_gmt":"2021-08-30T17:46:27","guid":{"rendered":"https:\/\/blogdafeira.com.br\/home\/?p=47200"},"modified":"2021-09-03T19:47:34","modified_gmt":"2021-09-03T22:47:34","slug":"grilagem-de-terras-em-feira-sete-anos-do-assassinato-de-gil-porto","status":"publish","type":"post","link":"https:\/\/blogdafeira.com.br\/home\/2021\/08\/30\/grilagem-de-terras-em-feira-sete-anos-do-assassinato-de-gil-porto\/","title":{"rendered":"Grilagem de terras em Feira: sete anos do assassinato de Gil Porto"},"content":{"rendered":"<div id=\"blogd-3718757678\" class=\"blogd-fim-do-post-mobile blogd-entity-placement\" style=\"margin-left: auto;margin-right: auto;text-align: center;\"><a href=\"https:\/\/www.sefaz.feiradesantana.ba.gov.br\/\" target=\"_blank\" aria-label=\"728&#215;90 (6)\"><img loading=\"lazy\" decoding=\"async\" src=\"https:\/\/blogdafeira.com.br\/home\/wp-content\/uploads\/2026\/03\/728x90-6.gif\" alt=\"\"  class=\"no-lazyload\" width=\"728\" height=\"90\"  style=\"display: inline-block;\" \/><\/a><\/div><p style=\"text-align: justify;\">No dia 31 de julho de 2014, a Pol\u00edcia Civil em Feira de Santana convocou a imprensa para informar que a morte do corretor de im\u00f3veis Gil Porto, 32,\u00a0 assassinado na Largo S\u00e3o Francisco,no bairro da Kalil\u00e2ndia em maio daquele ano havia sido perpetrada por um grupo de grileiros urbanos que atuava na cidade, envolvendo um ex-presidi\u00e1rio, Greg\u00f3rio Santos Teles, acusado de ter feito os disparos que mataram o corretor.<\/p><div id=\"blogd-1704014546\" class=\"blogd-conteudo-2-mobile blogd-entity-placement\"><a href=\"https:\/\/feirenses.com.br\/\" target=\"_blank\" aria-label=\"feirenses\"><img loading=\"lazy\" decoding=\"async\" src=\"https:\/\/blogdafeira.com.br\/home\/wp-content\/uploads\/2026\/04\/feirenses.png\" alt=\"\"  srcset=\"https:\/\/blogdafeira.com.br\/home\/wp-content\/uploads\/2026\/04\/feirenses.png 300w, https:\/\/blogdafeira.com.br\/home\/wp-content\/uploads\/2026\/04\/feirenses-170x45.png 170w, https:\/\/blogdafeira.com.br\/home\/wp-content\/uploads\/2026\/04\/feirenses-280x74.png 280w\" sizes=\"(max-width: 300px) 100vw, 300px\" class=\"no-lazyload\" width=\"300\" height=\"79\"  style=\"display: inline-block;\" \/><\/a><\/div>\n<p style=\"text-align: justify;\">A &#8220;elucida\u00e7\u00e3o&#8221; do caso apontava o assassino como &#8220;grande grileiro&#8221; mas acrescentava que ele fazia parte de uma quadrilha que tinha envolvimento, inclusive, de policiais militares. Entre os suspeitos estavam tamb\u00e9m mais duas pessoas.<\/p>\n<p style=\"text-align: justify;\">Gil Porto, de tradicional fam\u00edlia de Feira de Santana, havia vendido um terreno legalmente, nas imedia\u00e7\u00f5es da avenida N\u00f3ide Cerqueira, que foi invadido pelo grupo com quem o corretor teria discutido antes de ser assassinado. Segundo a Pol\u00edcia, Greg\u00f3rio havia &#8220;jurado de morte&#8221; o corretor.<\/p>\n<div id=\"blogd-890823493\" class=\"blogd-final-post blogd-entity-placement\"><a href=\"https:\/\/www.feiradesantana.ba.leg.br\/\" target=\"_blank\" aria-label=\"BANNER-SITE-ENTREGADECHEQUE-CAMARADEFEIRA\"><img loading=\"lazy\" decoding=\"async\" src=\"https:\/\/blogdafeira.com.br\/home\/wp-content\/uploads\/2026\/03\/BANNER-SITE-ENTREGADECHEQUE-CAMARADEFEIRA.gif\" alt=\"\"  class=\"no-lazyload\" width=\"728\" height=\"90\"   \/><\/a><\/div><p style=\"text-align: justify;\">Poucos anos depois do crime os tr\u00eas suspeitos foram assassinados em circunst\u00e2ncias nunca &#8220;elucidadas&#8221;: Eliomar Alexandre Rosa Nunes morreu ap\u00f3s ser baleado em abril de 2017 e o\u00a0<a href=\"https:\/\/g1.globo.com\/bahia\/noticia\/sargento-da-pm-suspeito-de-envolvimento-em-crime-contra-empresario-morre-apos-ser-baleado-perto-de-casa-na-bahia.ghtml\" target=\"_top\" rel=\"noopener\">sargento da PM Ailton Nascimento da Silva em novembro do mesmo ano<\/a>. Em 2019 foi a vez de Greg\u00f3rio.Todos estavam em liberdade por falta de provas.<\/p>\n","protected":false},"excerpt":{"rendered":"<p>No dia 31 de julho de 2014, a Pol\u00edcia Civil em Feira de Santana convocou a imprensa para informar que a morte do corretor de im\u00f3veis Gil Porto, 32,\u00a0 assassinado na Largo S\u00e3o Francisco,no bairro da Kalil\u00e2ndia em maio daquele ano havia sido perpetrada por um grupo de grileiros urbanos que atuava na cidade, envolvendo<\/p>\n","protected":false},"author":1,"featured_media":47202,"comment_status":"open","ping_status":"open","sticky":false,"template":"","format":"standard","meta":{"jetpack_post_was_ever_published":false,"cybocfi_hide_featured_image":"","_jetpack_newsletter_access":"","_jetpack_dont_email_post_to_subs":false,"_jetpack_newsletter_tier_id":0,"_jetpack_memberships_contains_paywalled_content":false,"_jetpack_memberships_contains_paid_content":false,"footnotes":"","jetpack_publicize_message":"","jetpack_publicize_feature_enabled":true,"jetpack_social_post_already_shared":true,"jetpack_social_options":{"image_generator_settings":{"template":"highway","default_image_id":0,"font":"","enabled":false},"version":2}},"categories":[3,1],"tags":[],"class_list":["post-47200","post","type-post","status-publish","format-standard","has-post-thumbnail","hentry","category-cidade","category-raiz"],"jetpack_publicize_connections":[],"jetpack_featured_media_url":"https:\/\/blogdafeira.com.br\/home\/wp-content\/uploads\/2021\/08\/62598-3.jpg","jetpack_shortlink":"https:\/\/wp.me\/p3niVf-chi","jetpack_sharing_enabled":true,"jetpack-related-posts":[{"id":10567,"url":"https:\/\/blogdafeira.com.br\/home\/2014\/05\/25\/assassinato-de-gil-porto-revelou-lado-violento-do-mercado-imobiliario-em-feira\/","url_meta":{"origin":47200,"position":0},"title":"Assassinato de Gil Porto revelou lado violento do mercado imobili\u00e1rio em Feira","author":"Blog da Feira","date":"25\/05\/2014","format":false,"excerpt":"O assassinato do empres\u00e1rio Gil Porto Neto, embora n\u00e3o haja nenhuma conclus\u00e3o t\u00e9cnica sobre os motivos do crime, revelou um lado violento que envolve o mercado imobili\u00e1rio em Feira de Santana. A abertura de novas avenidas e o evidente desenvolvimento econ\u00f4mico-financeiro de Feira fez expandir o mercado imobili\u00e1rio na cidade\u2026","rel":"","context":"Em &quot;Home&quot;","block_context":{"text":"Home","link":"https:\/\/blogdafeira.com.br\/home\/categoria\/raiz\/"},"img":{"alt_text":"","src":"","width":0,"height":0},"classes":[]},{"id":11676,"url":"https:\/\/blogdafeira.com.br\/home\/2014\/08\/01\/acusado-de-assassinar-empresario-gil-porto-em-feira-apresenta-um-alibi\/","url_meta":{"origin":47200,"position":1},"title":"Acusado de assassinar empres\u00e1rio Gil Porto em Feira apresenta um \u00e1libi","author":"Blog da Feira","date":"01\/08\/2014","format":false,"excerpt":"O advogado de Greg\u00f3rio dos Santos Teles, o acusado pela Pol\u00edcia Civil de ter assassinado o empres\u00e1rio Gil Marques Porto Neto, disse que seu cliente tem um \u00e1libi para provar sua inoc\u00eancia: as c\u00e2meras de videomonitoramento da Pra\u00e7a da Matriz em Feira de Santana. Segundo o advogado Jair Almeida, no\u2026","rel":"","context":"Em &quot;Home&quot;","block_context":{"text":"Home","link":"https:\/\/blogdafeira.com.br\/home\/categoria\/raiz\/"},"img":{"alt_text":"","src":"","width":0,"height":0},"classes":[]},{"id":10511,"url":"https:\/\/blogdafeira.com.br\/home\/2014\/05\/21\/pistoleiros-em-motocicleta-assassinam-empresario-em-feira\/","url_meta":{"origin":47200,"position":2},"title":"Pistoleiros em motocicleta assassinam empres\u00e1rio em Feira","author":"Blog da Feira","date":"21\/05\/2014","format":false,"excerpt":"Duas pessoas em uma motocicleta mataram a tiros o empres\u00e1rio do ramo imobili\u00e1rio Gil Marques Porto Neto, 32 anos, na noite desta quarta-feira, em Feira de Santana. O empres\u00e1rio conduzia uma BMW no Largo do S\u00e3o Francisco, bairrro da Kalil\u00e2ndia quando foi alvejado por armas de fogo. Foi socorrido mas\u2026","rel":"","context":"Em &quot;Home&quot;","block_context":{"text":"Home","link":"https:\/\/blogdafeira.com.br\/home\/categoria\/raiz\/"},"img":{"alt_text":"","src":"","width":0,"height":0},"classes":[]},{"id":11902,"url":"https:\/\/blogdafeira.com.br\/home\/2014\/08\/12\/existe-ou-nao-gente-grande-no-assassinato-de-gil-porto\/","url_meta":{"origin":47200,"position":3},"title":"Existe ou n\u00e3o &#8216;gente grande&#8217; no assassinato de Gil Porto?","author":"Blog da Feira","date":"12\/08\/2014","format":false,"excerpt":"Greg\u00f3rio dos Santos Teles, acusado de ser assassino no empres\u00e1rio Gil Porto, preso no pres\u00eddio regional de Feira de Santana, por motivo de seguran\u00e7a a justi\u00e7a autorizou transferi-lo para um pres\u00eddio de Salvador. O acusado, em entrevista \u00e0s emissoras de r\u00e1dio de Feira de Santana disse que ele estava preso\u2026","rel":"","context":"Em &quot;Home&quot;","block_context":{"text":"Home","link":"https:\/\/blogdafeira.com.br\/home\/categoria\/raiz\/"},"img":{"alt_text":"","src":"","width":0,"height":0},"classes":[]},{"id":11377,"url":"https:\/\/blogdafeira.com.br\/home\/2014\/07\/16\/motoqueiros-assassinos-fazem-8a-vitima-so-neste-mes-em-feira\/","url_meta":{"origin":47200,"position":4},"title":"&#8216;Motoqueiros assassinos&#8217; fazem 8\u00aa v\u00edtima s\u00f3 neste m\u00eas em Feira","author":"Blog da Feira","date":"16\/07\/2014","format":false,"excerpt":"J\u00e1 chega a oito o n\u00famero de assassinatos cometidos por homens usando motocicletas em Feira de Santana, somente neste m\u00eas de julho, de acordo com levantamento feito pelo Jornal Folha do Estado.(clique aqui) O \u00faltimo ocorreu esta semana, no bairro do Avi\u00e1rio, quando dois homens em uma motocicleta, usando palet\u00f3s\u2026","rel":"","context":"Em &quot;Home&quot;","block_context":{"text":"Home","link":"https:\/\/blogdafeira.com.br\/home\/categoria\/raiz\/"},"img":{"alt_text":"","src":"","width":0,"height":0},"classes":[]},{"id":12075,"url":"https:\/\/blogdafeira.com.br\/home\/2014\/08\/22\/caso-gil-porto-motoqueiro-matador-continua-nas-ruas-de-feira\/","url_meta":{"origin":47200,"position":5},"title":"Caso Gil Porto: &#8216;motoqueiro matador&#8217; continua nas ruas de Feira","author":"Blog da Feira","date":"22\/08\/2014","format":false,"excerpt":"Continua em liberdade e foragido, Eliomar Alexandre Nunes, \u2018Galego\u2019 \u00a0motoqueiro apontado como o \u2018matador\u2019 do empres\u00e1rio Gil Porto, por \u2018encomenda\u2019 de Greg\u00f3rio Teles e o \u2018Cabo Careca\u2019. Ele tamb\u00e9m \u00e9 apontado pela Pol\u00edcia como envolvido em assassinatos durante a greve da PM em 2012. Em maio passado foi preso e\u2026","rel":"","context":"Em &quot;Home&quot;","block_context":{"text":"Home","link":"https:\/\/blogdafeira.com.br\/home\/categoria\/raiz\/"},"img":{"alt_text":"","src":"","width":0,"height":0},"classes":[]}],"_links":{"self":[{"href":"https:\/\/blogdafeira.com.br\/home\/wp-json\/wp\/v2\/posts\/47200","targetHints":{"allow":["GET"]}}],"collection":[{"href":"https:\/\/blogdafeira.com.br\/home\/wp-json\/wp\/v2\/posts"}],"about":[{"href":"https:\/\/blogdafeira.com.br\/home\/wp-json\/wp\/v2\/types\/post"}],"author":[{"embeddable":true,"href":"https:\/\/blogdafeira.com.br\/home\/wp-json\/wp\/v2\/users\/1"}],"replies":[{"embeddable":true,"href":"https:\/\/blogdafeira.com.br\/home\/wp-json\/wp\/v2\/comments?post=47200"}],"version-history":[{"count":3,"href":"https:\/\/blogdafeira.com.br\/home\/wp-json\/wp\/v2\/posts\/47200\/revisions"}],"predecessor-version":[{"id":47244,"href":"https:\/\/blogdafeira.com.br\/home\/wp-json\/wp\/v2\/posts\/47200\/revisions\/47244"}],"wp:featuredmedia":[{"embeddable":true,"href":"https:\/\/blogdafeira.com.br\/home\/wp-json\/wp\/v2\/media\/47202"}],"wp:attachment":[{"href":"https:\/\/blogdafeira.com.br\/home\/wp-json\/wp\/v2\/media?parent=47200"}],"wp:term":[{"taxonomy":"category","embeddable":true,"href":"https:\/\/blogdafeira.com.br\/home\/wp-json\/wp\/v2\/categories?post=47200"},{"taxonomy":"post_tag","embeddable":true,"href":"https:\/\/blogdafeira.com.br\/home\/wp-json\/wp\/v2\/tags?post=47200"}],"curies":[{"name":"wp","href":"https:\/\/api.w.org\/{rel}","templated":true}]}}