{"id":47486,"date":"2021-09-20T20:31:19","date_gmt":"2021-09-20T23:31:19","guid":{"rendered":"https:\/\/blogdafeira.com.br\/home\/?p=47486"},"modified":"2021-09-23T22:33:06","modified_gmt":"2021-09-24T01:33:06","slug":"a-retomada-da-rotina-no-pos-pandemia","status":"publish","type":"post","link":"https:\/\/blogdafeira.com.br\/home\/2021\/09\/20\/a-retomada-da-rotina-no-pos-pandemia\/","title":{"rendered":"A retomada da rotina no p\u00f3s-pandemia"},"content":{"rendered":"<div id=\"blogd-43386479\" class=\"blogd-fim-do-post-mobile blogd-entity-placement\" style=\"margin-left: auto;margin-right: auto;text-align: center;\"><a href=\"https:\/\/www.sefaz.feiradesantana.ba.gov.br\/\" target=\"_blank\" aria-label=\"728&#215;90 (6)\"><img loading=\"lazy\" decoding=\"async\" src=\"https:\/\/blogdafeira.com.br\/home\/wp-content\/uploads\/2026\/03\/728x90-6.gif\" alt=\"\"  class=\"no-lazyload\" width=\"728\" height=\"90\"  style=\"display: inline-block;\" \/><\/a><\/div><p style=\"text-align: justify;\">Aqueles entardeceres cinematogr\u00e1ficos est\u00e3o de volta e sinalizam para a chegada da primavera aqui na Feira de Santana. Outros sinais tamb\u00e9m s\u00e3o vis\u00edveis: o calor crescente \u2013 mesmo que \u00e0 noite a temperatura caia um pouco \u2013 as flores desabrochando, os p\u00e1ssaros se reproduzindo, a alvorada que encurta as madrugadas. Oficialmente, a esta\u00e7\u00e3o come\u00e7a apenas na quarta-feira, no fim da tarde. Mas j\u00e1 h\u00e1 um clima de primavera no ar, o que qualquer observador atento consegue captar.<\/p><div id=\"blogd-3489413595\" class=\"blogd-conteudo-2-mobile blogd-entity-placement\"><a href=\"https:\/\/feirenses.com.br\/\" target=\"_blank\" aria-label=\"feirenses\"><img loading=\"lazy\" decoding=\"async\" src=\"https:\/\/blogdafeira.com.br\/home\/wp-content\/uploads\/2026\/04\/feirenses.png\" alt=\"\"  srcset=\"https:\/\/blogdafeira.com.br\/home\/wp-content\/uploads\/2026\/04\/feirenses.png 300w, https:\/\/blogdafeira.com.br\/home\/wp-content\/uploads\/2026\/04\/feirenses-170x45.png 170w, https:\/\/blogdafeira.com.br\/home\/wp-content\/uploads\/2026\/04\/feirenses-280x74.png 280w\" sizes=\"(max-width: 300px) 100vw, 300px\" class=\"no-lazyload\" width=\"300\" height=\"79\"  style=\"display: inline-block;\" \/><\/a><\/div>\n<p style=\"text-align: justify;\">A partir da primavera, os feirenses come\u00e7am a se deslocar para as praias. Os mais endinheirados, ultimamente, elegeram o badalado litoral norte baiano como destino preferencial. Mas h\u00e1 quem mantenha a predile\u00e7\u00e3o pela regi\u00e3o de Morro de S\u00e3o Paulo. E o pov\u00e3o? Muitos \u201cdescem\u201d para Salvador aos domingos ou se espalham pelas praias ao redor da Ba\u00eda de Todos os Santos.<\/p>\n<p style=\"text-align: justify;\">H\u00e1 disparidade tamb\u00e9m nos meios de locomo\u00e7\u00e3o: quem tem grana desfila em caminhonetes possantes, em autom\u00f3veis de luxo. O povo, tradicionalmente, embarca nas lota\u00e7\u00f5es em vans, em \u00f4nibus antigos, em carros de passeio. Para o abastado, trata-se de uma rotina agrad\u00e1vel, que se frui at\u00e9 com displic\u00eancia. O pov\u00e3o, n\u00e3o: a tr\u00e9gua no atribulado dia-a-dia exige dedica\u00e7\u00e3o intensa, prazer ostensivo.<\/p>\n<p style=\"text-align: justify;\">Como ser\u00e3o os meses de veraneio que se aproximam? A pandemia, aos poucos, arrefece, permitindo que os fios da rotina sejam lentamente reatados. Em <em>A Peste<\/em>, de Albert Camus, o fim da epidemia de peste bub\u00f4nica levou a popula\u00e7\u00e3o \u00e0s ruas, num delirante \u00eaxtase coletivo. Tudo que se deixara de se fazer era retomado com sofreguid\u00e3o, vivia-se com insensata intensidade. E por aqui? Como as pessoas v\u00e3o se comportar?<\/p>\n<p style=\"text-align: justify;\">\u00c9 claro que muitos ignoraram a Covid-19, for\u00e7ando uma normalidade que os pr\u00f3prios semblantes desmentiam. Agora, n\u00e3o. Apesar do negacionismo ainda em voga, a vacina\u00e7\u00e3o avan\u00e7a e tudo indica que, nos pr\u00f3ximos meses, as mortes cair\u00e3o mais e a retomada vai se intensificar. Ser\u00e1 uma experi\u00eancia interessante observar o comportamento das pessoas nos pr\u00f3ximos meses.<\/p>\n<p style=\"text-align: justify;\">O pior \u00e9 que nuvens sombrias aguardam o brasileiro na linha do horizonte. A desastrosa gest\u00e3o da pandemia, no Brasil, prolongou-a, amplificando os nefastos efeitos econ\u00f4micos. O brasileiro \u2013 sobretudo o mais humilde \u2013 sair\u00e1 ainda mais pobre e sem perspectiva no curto prazo. As dificuldades j\u00e1 s\u00e3o vis\u00edveis pelas ruas, pelas pra\u00e7as, nos sem\u00e1foros. Para piorar, j\u00e1 est\u00e1 a\u00ed uma crise energ\u00e9tica que vai se intensificar nos pr\u00f3ximos meses.<\/p>\n<div id=\"blogd-775286701\" class=\"blogd-final-post blogd-entity-placement\"><a href=\"https:\/\/www.feiradesantana.ba.leg.br\/\" target=\"_blank\" aria-label=\"BANNER-SITE-ENTREGADECHEQUE-CAMARADEFEIRA\"><img loading=\"lazy\" decoding=\"async\" src=\"https:\/\/blogdafeira.com.br\/home\/wp-content\/uploads\/2026\/03\/BANNER-SITE-ENTREGADECHEQUE-CAMARADEFEIRA.gif\" alt=\"\"  class=\"no-lazyload\" width=\"728\" height=\"90\"   \/><\/a><\/div><p style=\"text-align: justify;\">O p\u00f3s-pandemia, portanto, ser\u00e1 muito complicado. N\u00e3o haver\u00e1 aquele \u00eaxtase coletivo da obra de Camus. Sobretudo porque o pa\u00eds seguir\u00e1 sem governo. E ainda h\u00e1 quem fique amuado quando se diz que o diabo zombou do Brasil em 2018, quando Jair Bolsonaro, o \u201cmito\u201d, se elegeu presidente&#8230;<\/p>\n","protected":false},"excerpt":{"rendered":"<p>Aqueles entardeceres cinematogr\u00e1ficos est\u00e3o de volta e sinalizam para a chegada da primavera aqui na Feira de Santana. Outros sinais tamb\u00e9m s\u00e3o vis\u00edveis: o calor crescente \u2013 mesmo que \u00e0 noite a temperatura caia um pouco \u2013 as flores desabrochando, os p\u00e1ssaros se reproduzindo, a alvorada que encurta as madrugadas. Oficialmente, a esta\u00e7\u00e3o come\u00e7a apenas<\/p>\n","protected":false},"author":13,"featured_media":42594,"comment_status":"open","ping_status":"open","sticky":false,"template":"","format":"standard","meta":{"jetpack_post_was_ever_published":false,"cybocfi_hide_featured_image":"","_jetpack_newsletter_access":"","_jetpack_dont_email_post_to_subs":false,"_jetpack_newsletter_tier_id":0,"_jetpack_memberships_contains_paywalled_content":false,"_jetpack_memberships_contains_paid_content":false,"footnotes":"","jetpack_publicize_message":"","jetpack_publicize_feature_enabled":true,"jetpack_social_post_already_shared":true,"jetpack_social_options":{"image_generator_settings":{"template":"highway","default_image_id":0,"font":"","enabled":false},"version":2}},"categories":[592,1],"tags":[],"class_list":["post-47486","post","type-post","status-publish","format-standard","has-post-thumbnail","hentry","category-colunistas","category-raiz"],"jetpack_publicize_connections":[],"jetpack_featured_media_url":"https:\/\/blogdafeira.com.br\/home\/wp-content\/uploads\/2020\/12\/shutterstock_1240283287.jpg","jetpack_shortlink":"https:\/\/wp.me\/p3niVf-clU","jetpack_sharing_enabled":true,"jetpack-related-posts":[{"id":43651,"url":"https:\/\/blogdafeira.com.br\/home\/2021\/02\/26\/lembrancas-dos-veroes-passados\/","url_meta":{"origin":47486,"position":0},"title":"Lembran\u00e7as dos ver\u00f5es passados","author":"Andr\u00e9 Pomponet","date":"26\/02\/2021","format":false,"excerpt":"L\u00e1 fora as cigarras cantam com frequ\u00eancia. E, no crep\u00fasculo, sempre ou\u00e7o um sabi\u00e1 magistral. S\u00e3o sons caracter\u00edsticos do ver\u00e3o que, por sinal, caminha para o final. Sem praias, a Feira de Santana n\u00e3o inspira aquele esp\u00edrito da esta\u00e7\u00e3o, comum em quem mora em cidades litor\u00e2neas. Quem deseja mergulhar neste\u2026","rel":"","context":"Em &quot;Colunistas&quot;","block_context":{"text":"Colunistas","link":"https:\/\/blogdafeira.com.br\/home\/categoria\/colunistas\/"},"img":{"alt_text":"","src":"https:\/\/i0.wp.com\/blogdafeira.com.br\/home\/wp-content\/uploads\/2021\/02\/IMG_2946-scaled.jpg?resize=350%2C200&ssl=1","width":350,"height":200,"srcset":"https:\/\/i0.wp.com\/blogdafeira.com.br\/home\/wp-content\/uploads\/2021\/02\/IMG_2946-scaled.jpg?resize=350%2C200&ssl=1 1x, https:\/\/i0.wp.com\/blogdafeira.com.br\/home\/wp-content\/uploads\/2021\/02\/IMG_2946-scaled.jpg?resize=525%2C300&ssl=1 1.5x, https:\/\/i0.wp.com\/blogdafeira.com.br\/home\/wp-content\/uploads\/2021\/02\/IMG_2946-scaled.jpg?resize=700%2C400&ssl=1 2x, https:\/\/i0.wp.com\/blogdafeira.com.br\/home\/wp-content\/uploads\/2021\/02\/IMG_2946-scaled.jpg?resize=1050%2C600&ssl=1 3x, https:\/\/i0.wp.com\/blogdafeira.com.br\/home\/wp-content\/uploads\/2021\/02\/IMG_2946-scaled.jpg?resize=1400%2C800&ssl=1 4x"},"classes":[]},{"id":59711,"url":"https:\/\/blogdafeira.com.br\/home\/2023\/10\/16\/calor-e-mudancas-de-habitos\/","url_meta":{"origin":47486,"position":1},"title":"Calor e mudan\u00e7as de h\u00e1bitos","author":"Andr\u00e9 Pomponet","date":"16\/10\/2023","format":false,"excerpt":"Mal come\u00e7ou a primavera, mas o calor tem sido rijo aqui na Feira de Santana. As temperaturas s\u00e3o dignas dos ver\u00f5es mais abrasadores. Logo cedo \u2013 a\u00ed por volta das 9 horas \u2013 o suor escorre pelos semblantes e \u00e9 necess\u00e1rio buscar sombras. H\u00e1 quem se proteja com sombrinhas ou\u2026","rel":"","context":"Em &quot;Colunistas&quot;","block_context":{"text":"Colunistas","link":"https:\/\/blogdafeira.com.br\/home\/categoria\/colunistas\/"},"img":{"alt_text":"","src":"https:\/\/i0.wp.com\/blogdafeira.com.br\/home\/wp-content\/uploads\/2023\/10\/Screenshot_20230919-201019-460x260_c.webp?resize=350%2C200&ssl=1","width":350,"height":200},"classes":[]},{"id":47393,"url":"https:\/\/blogdafeira.com.br\/home\/2021\/09\/13\/o-ninho-da-andorinha-junto-a-janela\/","url_meta":{"origin":47486,"position":2},"title":"O ninho da andorinha junto \u00e0 janela","author":"Andr\u00e9 Pomponet","date":"13\/09\/2021","format":false,"excerpt":"Ainda faltam alguns dias para a primavera, mas a reprodu\u00e7\u00e3o dos p\u00e1ssaros come\u00e7ou. Notei ontem \u00e0 noite. Nos intermitentes \u2013 mas solenes, cheios de press\u00e1gios \u2013 sil\u00eancios da noite de domingo, \u00e0s vezes ouvia um pi-pi-pi d\u00e9bil, suplicante. Calava-se e, mais \u00e0 frente, retornava para, mais uma vez, silenciar. Atento,\u2026","rel":"","context":"Em &quot;Colunistas&quot;","block_context":{"text":"Colunistas","link":"https:\/\/blogdafeira.com.br\/home\/categoria\/colunistas\/"},"img":{"alt_text":"","src":"https:\/\/i0.wp.com\/blogdafeira.com.br\/home\/wp-content\/uploads\/2021\/09\/pexels-philip-ackermann-878146.jpg?resize=350%2C200&ssl=1","width":350,"height":200,"srcset":"https:\/\/i0.wp.com\/blogdafeira.com.br\/home\/wp-content\/uploads\/2021\/09\/pexels-philip-ackermann-878146.jpg?resize=350%2C200&ssl=1 1x, https:\/\/i0.wp.com\/blogdafeira.com.br\/home\/wp-content\/uploads\/2021\/09\/pexels-philip-ackermann-878146.jpg?resize=525%2C300&ssl=1 1.5x, https:\/\/i0.wp.com\/blogdafeira.com.br\/home\/wp-content\/uploads\/2021\/09\/pexels-philip-ackermann-878146.jpg?resize=700%2C400&ssl=1 2x, https:\/\/i0.wp.com\/blogdafeira.com.br\/home\/wp-content\/uploads\/2021\/09\/pexels-philip-ackermann-878146.jpg?resize=1050%2C600&ssl=1 3x"},"classes":[]},{"id":54579,"url":"https:\/\/blogdafeira.com.br\/home\/2022\/09\/23\/parque-erivaldo-cerqueira-da-as-boas-vindas-a-primavera\/","url_meta":{"origin":47486,"position":3},"title":"Parque Erivaldo Cerqueira d\u00e1 as boas-vindas \u00e0 Primavera","author":"Blog da Feira","date":"23\/09\/2022","format":false,"excerpt":"O ambiente arborizado e tranquilo do Parque Radialista Erivaldo Cerqueira, o Parque da Lagoa, d\u00e1 as boas-vindas \u00e0 nova esta\u00e7\u00e3o. Em meio ao jardim de bougainville e outras esp\u00e9cies de plantas e ao canto de patos e marrecos, crian\u00e7as a adultos utilizam o espa\u00e7o, seja a pr\u00e1tica de atividade f\u00edsica,\u2026","rel":"","context":"Em &quot;Cidade&quot;","block_context":{"text":"Cidade","link":"https:\/\/blogdafeira.com.br\/home\/categoria\/cidade\/"},"img":{"alt_text":"","src":"https:\/\/i0.wp.com\/blogdafeira.com.br\/home\/wp-content\/uploads\/2022\/09\/22092022152235.jpg?resize=350%2C200&ssl=1","width":350,"height":200,"srcset":"https:\/\/i0.wp.com\/blogdafeira.com.br\/home\/wp-content\/uploads\/2022\/09\/22092022152235.jpg?resize=350%2C200&ssl=1 1x, https:\/\/i0.wp.com\/blogdafeira.com.br\/home\/wp-content\/uploads\/2022\/09\/22092022152235.jpg?resize=525%2C300&ssl=1 1.5x, https:\/\/i0.wp.com\/blogdafeira.com.br\/home\/wp-content\/uploads\/2022\/09\/22092022152235.jpg?resize=700%2C400&ssl=1 2x, https:\/\/i0.wp.com\/blogdafeira.com.br\/home\/wp-content\/uploads\/2022\/09\/22092022152235.jpg?resize=1050%2C600&ssl=1 3x"},"classes":[]},{"id":2737,"url":"https:\/\/blogdafeira.com.br\/home\/2013\/06\/18\/ultimo-dia-do-arraia-do-comercio-em-feira-e-nesta-quarta-feira\/","url_meta":{"origin":47486,"position":4},"title":"\u00daltimo dia do &#8216;Arrai\u00e1 do Com\u00e9rcio&#8217; em Feira \u00e9 nesta quarta-feira","author":"Blog da Feira","date":"18\/06\/2013","format":false,"excerpt":"A programa\u00e7\u00e3o do Arrai\u00e1 do Com\u00e9rcio ser\u00e1 encerrada na quarta-feira. Neste \u00faltimo dia a anima\u00e7\u00e3o come\u00e7a com apresenta\u00e7\u00e3o de Manezinho do Bai\u00e3o. Depois o arrasta-p\u00e9 fica por conta de Zezinho do Nordeste e Trio Primavera. Ainda pelo palco passam Cear\u00e1 & Z\u00e9 Teir, Trio Ingazeira, Z\u00e9 do Norte e o\u2026","rel":"","context":"Em &quot;Cultura&quot;","block_context":{"text":"Cultura","link":"https:\/\/blogdafeira.com.br\/home\/categoria\/cultura\/"},"img":{"alt_text":"","src":"","width":0,"height":0},"classes":[]},{"id":60048,"url":"https:\/\/blogdafeira.com.br\/home\/2023\/11\/18\/as-noites-de-sabado-sao-dos-bebados\/","url_meta":{"origin":47486,"position":5},"title":"As noites de s\u00e1bado s\u00e3o dos b\u00eabados","author":"Andr\u00e9 Pomponet","date":"18\/11\/2023","format":false,"excerpt":"Depois da luz estonteante e do sol escaldante da primavera-ver\u00e3o, vem a noite, com um sopro quase \u00famido. Por instantes, desperta uma ef\u00eamera sensa\u00e7\u00e3o de conforto. J\u00e1 n\u00e3o h\u00e1 o calor indescrit\u00edvel. V\u00ea-se um silencioso fiapo de lua no c\u00e9u. Mas que j\u00e1 vai se afastando, mergulhando em dire\u00e7\u00e3o ao\u2026","rel":"","context":"Em &quot;Colunistas&quot;","block_context":{"text":"Colunistas","link":"https:\/\/blogdafeira.com.br\/home\/categoria\/colunistas\/"},"img":{"alt_text":"","src":"https:\/\/i0.wp.com\/blogdafeira.com.br\/home\/wp-content\/uploads\/2023\/10\/Screenshot_20230919-201019-460x260_c.webp?resize=350%2C200&ssl=1","width":350,"height":200},"classes":[]}],"_links":{"self":[{"href":"https:\/\/blogdafeira.com.br\/home\/wp-json\/wp\/v2\/posts\/47486","targetHints":{"allow":["GET"]}}],"collection":[{"href":"https:\/\/blogdafeira.com.br\/home\/wp-json\/wp\/v2\/posts"}],"about":[{"href":"https:\/\/blogdafeira.com.br\/home\/wp-json\/wp\/v2\/types\/post"}],"author":[{"embeddable":true,"href":"https:\/\/blogdafeira.com.br\/home\/wp-json\/wp\/v2\/users\/13"}],"replies":[{"embeddable":true,"href":"https:\/\/blogdafeira.com.br\/home\/wp-json\/wp\/v2\/comments?post=47486"}],"version-history":[{"count":3,"href":"https:\/\/blogdafeira.com.br\/home\/wp-json\/wp\/v2\/posts\/47486\/revisions"}],"predecessor-version":[{"id":47489,"href":"https:\/\/blogdafeira.com.br\/home\/wp-json\/wp\/v2\/posts\/47486\/revisions\/47489"}],"wp:featuredmedia":[{"embeddable":true,"href":"https:\/\/blogdafeira.com.br\/home\/wp-json\/wp\/v2\/media\/42594"}],"wp:attachment":[{"href":"https:\/\/blogdafeira.com.br\/home\/wp-json\/wp\/v2\/media?parent=47486"}],"wp:term":[{"taxonomy":"category","embeddable":true,"href":"https:\/\/blogdafeira.com.br\/home\/wp-json\/wp\/v2\/categories?post=47486"},{"taxonomy":"post_tag","embeddable":true,"href":"https:\/\/blogdafeira.com.br\/home\/wp-json\/wp\/v2\/tags?post=47486"}],"curies":[{"name":"wp","href":"https:\/\/api.w.org\/{rel}","templated":true}]}}