{"id":47630,"date":"2021-10-03T20:58:46","date_gmt":"2021-10-03T23:58:46","guid":{"rendered":"https:\/\/blogdafeira.com.br\/home\/?p=47630"},"modified":"2021-10-13T23:01:49","modified_gmt":"2021-10-14T02:01:49","slug":"botijao-de-gas-ja-custa-quase-r-100-na-feira","status":"publish","type":"post","link":"https:\/\/blogdafeira.com.br\/home\/2021\/10\/03\/botijao-de-gas-ja-custa-quase-r-100-na-feira\/","title":{"rendered":"Botij\u00e3o de g\u00e1s j\u00e1 custa quase R$ 100 na Feira"},"content":{"rendered":"<div id=\"blogd-1171880641\" class=\"blogd-fim-do-post-mobile blogd-entity-placement\" style=\"margin-left: auto;margin-right: auto;text-align: center;\"><a href=\"https:\/\/www.sefaz.feiradesantana.ba.gov.br\/\" target=\"_blank\" aria-label=\"728&#215;90 (6)\"><img loading=\"lazy\" decoding=\"async\" src=\"https:\/\/blogdafeira.com.br\/home\/wp-content\/uploads\/2026\/03\/728x90-6.gif\" alt=\"\"  class=\"no-lazyload\" width=\"728\" height=\"90\"  style=\"display: inline-block;\" \/><\/a><\/div><p style=\"text-align: justify;\">O casal passou examinando as cercanias da rua silenciosa da Queimadinha. Investigava, parecia \u00e0 procura de alguma coisa. Estava, de fato: pouco depois entrou num terreno baldio e, instantes depois, retornou com uma bra\u00e7ada de freixos, pequenas hastes de madeira, alguns peda\u00e7os de compensado, que se decompunham. A mulher \u2013 resoluta e en\u00e9rgica \u2013 conduzia o achado sob o bra\u00e7o. Sob o sol vigoroso, caminharam algumas quadras at\u00e9 desaparecer numa esquina qualquer.<\/p><div id=\"blogd-3169778434\" class=\"blogd-conteudo-2-mobile blogd-entity-placement\"><a href=\"https:\/\/feirenses.com.br\/\" target=\"_blank\" aria-label=\"feirenses\"><img loading=\"lazy\" decoding=\"async\" src=\"https:\/\/blogdafeira.com.br\/home\/wp-content\/uploads\/2026\/04\/feirenses.png\" alt=\"\"  srcset=\"https:\/\/blogdafeira.com.br\/home\/wp-content\/uploads\/2026\/04\/feirenses.png 300w, https:\/\/blogdafeira.com.br\/home\/wp-content\/uploads\/2026\/04\/feirenses-170x45.png 170w, https:\/\/blogdafeira.com.br\/home\/wp-content\/uploads\/2026\/04\/feirenses-280x74.png 280w\" sizes=\"(max-width: 300px) 100vw, 300px\" class=\"no-lazyload\" width=\"300\" height=\"79\"  style=\"display: inline-block;\" \/><\/a><\/div>\n<p style=\"text-align: justify;\">A cena ficou na mem\u00f3ria, mas a data exata esqueci. Meses atr\u00e1s, talvez. Malvestido, cabelos e pele maltratados, o casal era o retrato destes \u00e1speros tempos para os mais pobres. Voltei a v\u00ea-los semanas depois \u2013 sempre passam sob a janela \u2013 \u00e0 procura de material recicl\u00e1vel: garrafas, pl\u00e1stico, latas, papel\u00e3o, qualquer coisa que se converta nalguns trocados que ajudem a mitigar alguma necessidade.<\/p>\n<p style=\"text-align: justify;\">Imagino que aquela prec\u00e1ria bra\u00e7ada de lenha serviu para alimentar alguma fogueira, combust\u00edvel para preparar alimentos. Afinal, o pre\u00e7o do botij\u00e3o de g\u00e1s tornou-se proibitivo para os mais pobres. Nem lembro quanto custava \u00e0 \u00e9poca. Agora, est\u00e1 bem mais caro: varia entre R$ 95,90 e R$ 97,90 no dinheiro. No cart\u00e3o o pre\u00e7o \u00e9 maior: entre R$ 98,90 e R$ 99,90. Arredondando, o feirense est\u00e1 pagando cem reais pelo botij\u00e3o de g\u00e1s de 13 quilos. Constatei numa consulta pela internet.<\/p>\n<p style=\"text-align: justify;\">H\u00e1 cerca de um m\u00eas soube que j\u00e1 alcan\u00e7ara a marca dos R$ 100. Quem me falou foi um conhecido, morador da periferia da Feira de Santana:<\/p>\n<p style=\"text-align: justify;\">\u2013 No dinheiro sai por 85 reais. Fiado, para quem conhece o revendedor, j\u00e1 sai por 100 reais. O prazo para pagar \u00e9 curto, no m\u00e1ximo 15 dias.<\/p>\n<p style=\"text-align: justify;\">Quanto custar\u00e1 um botij\u00e3o de g\u00e1s a prazo, agora? Talvez, R$ 110, R$ 115. Bem caro para uma fam\u00edlia que sobrevive com um sal\u00e1rio-m\u00ednimo ou \u2013 pior ainda \u2013 de pol\u00edticas de transfer\u00eancia de renda, como o Bolsa Fam\u00edlia. Como o casal que vi, muita gente est\u00e1 improvisando, recorrendo a todo tipo de material para fazer uma fogueira que permita preparar suas magras refei\u00e7\u00f5es.<\/p>\n<p style=\"text-align: justify;\">Pat\u00e9tico, o desgoverno a toda hora anuncia solu\u00e7\u00f5es redentoras: reajustes em benef\u00edcios, vale-g\u00e1s, o diabo a quatro. Ou \u2013 o que \u00e9 ainda pior \u2013 terceiriza responsabilidades, arranja supostos culpados para a pr\u00f3pria incompet\u00eancia. Enfim, o velho e rasteiro populismo com doses cavalares de demagogia.<\/p>\n<p style=\"text-align: justify;\">Enquanto isso, o pobre sofre calado nas periferias e nos bols\u00f5es de pobreza, expondo-se ao risco de acidentes, de queimaduras graves, at\u00e9 de morte. Tudo em nome dos lucros dos acionistas da Petrobras. Quem circula pela periferia da Feira de Santana relata cenas do tipo, cada vez mais frequentes. Mas poucos se importam com essas pessoas.<\/p>\n<div id=\"blogd-2496634591\" class=\"blogd-final-post blogd-entity-placement\"><a href=\"https:\/\/www.feiradesantana.ba.leg.br\/\" target=\"_blank\" aria-label=\"BANNER-SITE-ENTREGADECHEQUE-CAMARADEFEIRA\"><img loading=\"lazy\" decoding=\"async\" src=\"https:\/\/blogdafeira.com.br\/home\/wp-content\/uploads\/2026\/03\/BANNER-SITE-ENTREGADECHEQUE-CAMARADEFEIRA.gif\" alt=\"\"  class=\"no-lazyload\" width=\"728\" height=\"90\"   \/><\/a><\/div><p style=\"text-align: justify;\">Por elas, n\u00e3o se vocifera, com indigna\u00e7\u00e3o, na tribuna da C\u00e2mara Municipal, n\u00e3o se fazem eloquentes discursos. Afinal, aquilo l\u00e1 \u00e9 trincheira de ac\u00f3litos de Jair Bolsonaro, o \u201cmito\u201d&#8230;<\/p>\n","protected":false},"excerpt":{"rendered":"<p>O casal passou examinando as cercanias da rua silenciosa da Queimadinha. Investigava, parecia \u00e0 procura de alguma coisa. Estava, de fato: pouco depois entrou num terreno baldio e, instantes depois, retornou com uma bra\u00e7ada de freixos, pequenas hastes de madeira, alguns peda\u00e7os de compensado, que se decompunham. A mulher \u2013 resoluta e en\u00e9rgica \u2013 conduzia<\/p>\n","protected":false},"author":13,"featured_media":47632,"comment_status":"open","ping_status":"open","sticky":false,"template":"","format":"standard","meta":{"jetpack_post_was_ever_published":false,"cybocfi_hide_featured_image":"","_jetpack_newsletter_access":"","_jetpack_dont_email_post_to_subs":false,"_jetpack_newsletter_tier_id":0,"_jetpack_memberships_contains_paywalled_content":false,"_jetpack_memberships_contains_paid_content":false,"footnotes":"","jetpack_publicize_message":"","jetpack_publicize_feature_enabled":true,"jetpack_social_post_already_shared":true,"jetpack_social_options":{"image_generator_settings":{"template":"highway","default_image_id":0,"font":"","enabled":false},"version":2}},"categories":[592,1],"tags":[],"class_list":["post-47630","post","type-post","status-publish","format-standard","has-post-thumbnail","hentry","category-colunistas","category-raiz"],"jetpack_publicize_connections":[],"jetpack_featured_media_url":"https:\/\/blogdafeira.com.br\/home\/wp-content\/uploads\/2021\/10\/images-8.jpeg","jetpack_shortlink":"https:\/\/wp.me\/p3niVf-coe","jetpack_sharing_enabled":true,"jetpack-related-posts":[{"id":51825,"url":"https:\/\/blogdafeira.com.br\/home\/2022\/04\/16\/as-criancas-o-pai-e-o-canteiro-de-hibiscos\/","url_meta":{"origin":47630,"position":0},"title":"As crian\u00e7as, o pai e o canteiro de hibiscos","author":"Andr\u00e9 Pomponet","date":"16\/04\/2022","format":false,"excerpt":"Como se sabe, os dias que avan\u00e7am neste Brasil enfermi\u00e7o s\u00e3o pouco favor\u00e1veis ao lirismo, \u00e0s contempla\u00e7\u00f5es po\u00e9ticas. Mas o fato \u00e9 que, da janela, testemunhei uma cena inusitada nestes tempos ferozes: o pai e o casal de filhos avan\u00e7avam pela rua, sob as sombras das \u00e1rvores \u2013 era noite\u2026","rel":"","context":"Em &quot;Colunistas&quot;","block_context":{"text":"Colunistas","link":"https:\/\/blogdafeira.com.br\/home\/categoria\/colunistas\/"},"img":{"alt_text":"","src":"https:\/\/i0.wp.com\/blogdafeira.com.br\/home\/wp-content\/uploads\/2022\/04\/Screenshot_20220407-1451272.png?resize=350%2C200&ssl=1","width":350,"height":200,"srcset":"https:\/\/i0.wp.com\/blogdafeira.com.br\/home\/wp-content\/uploads\/2022\/04\/Screenshot_20220407-1451272.png?resize=350%2C200&ssl=1 1x, https:\/\/i0.wp.com\/blogdafeira.com.br\/home\/wp-content\/uploads\/2022\/04\/Screenshot_20220407-1451272.png?resize=525%2C300&ssl=1 1.5x"},"classes":[]},{"id":55381,"url":"https:\/\/blogdafeira.com.br\/home\/2022\/11\/15\/os-sons-de-cachoeira\/","url_meta":{"origin":47630,"position":1},"title":"Os sons de Cachoeira","author":"Andr\u00e9 Pomponet","date":"15\/11\/2022","format":false,"excerpt":"- ...plof...plof.. (...)...plof... \u2013 O Paragua\u00e7u morrendo em ondas mansas na orla de Cachoeira. -P\u00c9IN! P\u00c9IN! P\u00c9IN! \u2013 Vigorosos golpes de martelo na pe\u00e7a met\u00e1lica, desmontando toldos ap\u00f3s a Feira Liter\u00e1ria de Cachoeira, a Flica. - Chep... Chep... Chep... \u2013 O chinelo arrastado do casal de irm\u00e3os que passa com\u2026","rel":"","context":"Em &quot;Colunistas&quot;","block_context":{"text":"Colunistas","link":"https:\/\/blogdafeira.com.br\/home\/categoria\/colunistas\/"},"img":{"alt_text":"","src":"https:\/\/i0.wp.com\/blogdafeira.com.br\/home\/wp-content\/uploads\/2022\/11\/Screenshot_20221116-1203082.png?resize=350%2C200&ssl=1","width":350,"height":200,"srcset":"https:\/\/i0.wp.com\/blogdafeira.com.br\/home\/wp-content\/uploads\/2022\/11\/Screenshot_20221116-1203082.png?resize=350%2C200&ssl=1 1x, https:\/\/i0.wp.com\/blogdafeira.com.br\/home\/wp-content\/uploads\/2022\/11\/Screenshot_20221116-1203082.png?resize=525%2C300&ssl=1 1.5x, https:\/\/i0.wp.com\/blogdafeira.com.br\/home\/wp-content\/uploads\/2022\/11\/Screenshot_20221116-1203082.png?resize=700%2C400&ssl=1 2x"},"classes":[]},{"id":48986,"url":"https:\/\/blogdafeira.com.br\/home\/2021\/11\/30\/o-casal-de-jovens-o-bebe-e-o-semaforo\/","url_meta":{"origin":47630,"position":2},"title":"O casal de jovens, o beb\u00ea e o sem\u00e1foro","author":"Andr\u00e9 Pomponet","date":"30\/11\/2021","format":false,"excerpt":"Sempre vejo o casal de jovens num dos sem\u00e1foros da Avenida Maria Quit\u00e9ria. Enquanto um deles cuida do filho \u2013 um beb\u00ea de colo \u2013 o outro se aventura entre os autom\u00f3veis, oferecendo pacotes de balas de gengibre. Depois, revezam. Sempre ficam pela manh\u00e3. \u00c0 tarde, h\u00e1 outros vendedores. Naquelas\u2026","rel":"","context":"Em &quot;Colunistas&quot;","block_context":{"text":"Colunistas","link":"https:\/\/blogdafeira.com.br\/home\/categoria\/colunistas\/"},"img":{"alt_text":"","src":"https:\/\/i0.wp.com\/blogdafeira.com.br\/home\/wp-content\/uploads\/2021\/11\/semaforo-significados.jpg?resize=350%2C200&ssl=1","width":350,"height":200},"classes":[]},{"id":53506,"url":"https:\/\/blogdafeira.com.br\/home\/2022\/07\/28\/a-noiva-a-espera-do-noivo-em-seabra\/","url_meta":{"origin":47630,"position":3},"title":"A noiva \u00e0 espera do noivo em Seabra","author":"Andr\u00e9 Pomponet","date":"28\/07\/2022","format":false,"excerpt":"O epis\u00f3dio foi l\u00e1 em Seabra, na Chapada Diamantina. Aconteceu h\u00e1 pouco mais de 10 anos. Era ver\u00e3o, a metade da tarde do s\u00e1bado j\u00e1 tinha escoado. Percorria a rua tranquila e silenciosa que conduzia a uma pra\u00e7a ladeada por \u00e1rvores altas, esguias. No centro da pra\u00e7a, a igreja ampla,\u2026","rel":"","context":"Em &quot;Colunistas&quot;","block_context":{"text":"Colunistas","link":"https:\/\/blogdafeira.com.br\/home\/categoria\/colunistas\/"},"img":{"alt_text":"","src":"https:\/\/i0.wp.com\/blogdafeira.com.br\/home\/wp-content\/uploads\/2022\/07\/csm_seabra2_2c04adee3c.jpg?resize=350%2C200&ssl=1","width":350,"height":200,"srcset":"https:\/\/i0.wp.com\/blogdafeira.com.br\/home\/wp-content\/uploads\/2022\/07\/csm_seabra2_2c04adee3c.jpg?resize=350%2C200&ssl=1 1x, https:\/\/i0.wp.com\/blogdafeira.com.br\/home\/wp-content\/uploads\/2022\/07\/csm_seabra2_2c04adee3c.jpg?resize=525%2C300&ssl=1 1.5x, https:\/\/i0.wp.com\/blogdafeira.com.br\/home\/wp-content\/uploads\/2022\/07\/csm_seabra2_2c04adee3c.jpg?resize=700%2C400&ssl=1 2x"},"classes":[]},{"id":46654,"url":"https:\/\/blogdafeira.com.br\/home\/2021\/07\/26\/bie-teve-leve-melhora-e-faz-fisioterapia-sob-cuidados-de-dona-santinha\/","url_meta":{"origin":47630,"position":4},"title":"Bi\u00e9 teve leve melhora e faz fisioterapia; sob cuidados de Dona Santinha","author":"Blog da Feira","date":"26\/07\/2021","format":false,"excerpt":"O sanfoneiro Francisco de Sena, Bi\u00e9 dos 8 Baixos, sofreu um princ\u00edpio de AVC no dia em que iria fazer a live de lan\u00e7amento do primeiro CD, gravado em est\u00fadio profissional. O disco e o EP\u00a0 s\u00e3o compostos de m\u00fasicas que fazem parte do repert\u00f3rio do famoso \"Samba de Bi\u00e9\"\u2026","rel":"","context":"Em &quot;Cultura&quot;","block_context":{"text":"Cultura","link":"https:\/\/blogdafeira.com.br\/home\/categoria\/cultura\/"},"img":{"alt_text":"","src":"https:\/\/i0.wp.com\/blogdafeira.com.br\/home\/wp-content\/uploads\/2021\/07\/FB_IMG_1627293850687.jpg?resize=350%2C200&ssl=1","width":350,"height":200,"srcset":"https:\/\/i0.wp.com\/blogdafeira.com.br\/home\/wp-content\/uploads\/2021\/07\/FB_IMG_1627293850687.jpg?resize=350%2C200&ssl=1 1x, https:\/\/i0.wp.com\/blogdafeira.com.br\/home\/wp-content\/uploads\/2021\/07\/FB_IMG_1627293850687.jpg?resize=525%2C300&ssl=1 1.5x, https:\/\/i0.wp.com\/blogdafeira.com.br\/home\/wp-content\/uploads\/2021\/07\/FB_IMG_1627293850687.jpg?resize=700%2C400&ssl=1 2x"},"classes":[]},{"id":53727,"url":"https:\/\/blogdafeira.com.br\/home\/2022\/08\/10\/o-flamenguista-da-l200-na-delicatessen\/","url_meta":{"origin":47630,"position":5},"title":"O flamenguista da L200 na delicatessen","author":"Andr\u00e9 Pomponet","date":"10\/08\/2022","format":false,"excerpt":"Quem estava na \u00e1rea do self-service foi logo notando. O homem chegou com estr\u00e9pito, manobrando com pressa e f\u00faria para estacionar a caminhonete possante \u2013 uma L200 cabine dupla \u2013 na vaga estreita defronte \u00e0 sofisticada padaria. Depois desceu batendo a porta \u2013 \u00f3culos escuros espelhados, camiseta falsificada do Clube\u2026","rel":"","context":"Em &quot;Colunistas&quot;","block_context":{"text":"Colunistas","link":"https:\/\/blogdafeira.com.br\/home\/categoria\/colunistas\/"},"img":{"alt_text":"","src":"https:\/\/i0.wp.com\/blogdafeira.com.br\/home\/wp-content\/uploads\/2022\/08\/images-3.jpeg?resize=350%2C200&ssl=1","width":350,"height":200,"srcset":"https:\/\/i0.wp.com\/blogdafeira.com.br\/home\/wp-content\/uploads\/2022\/08\/images-3.jpeg?resize=350%2C200&ssl=1 1x, https:\/\/i0.wp.com\/blogdafeira.com.br\/home\/wp-content\/uploads\/2022\/08\/images-3.jpeg?resize=525%2C300&ssl=1 1.5x"},"classes":[]}],"_links":{"self":[{"href":"https:\/\/blogdafeira.com.br\/home\/wp-json\/wp\/v2\/posts\/47630","targetHints":{"allow":["GET"]}}],"collection":[{"href":"https:\/\/blogdafeira.com.br\/home\/wp-json\/wp\/v2\/posts"}],"about":[{"href":"https:\/\/blogdafeira.com.br\/home\/wp-json\/wp\/v2\/types\/post"}],"author":[{"embeddable":true,"href":"https:\/\/blogdafeira.com.br\/home\/wp-json\/wp\/v2\/users\/13"}],"replies":[{"embeddable":true,"href":"https:\/\/blogdafeira.com.br\/home\/wp-json\/wp\/v2\/comments?post=47630"}],"version-history":[{"count":3,"href":"https:\/\/blogdafeira.com.br\/home\/wp-json\/wp\/v2\/posts\/47630\/revisions"}],"predecessor-version":[{"id":47706,"href":"https:\/\/blogdafeira.com.br\/home\/wp-json\/wp\/v2\/posts\/47630\/revisions\/47706"}],"wp:featuredmedia":[{"embeddable":true,"href":"https:\/\/blogdafeira.com.br\/home\/wp-json\/wp\/v2\/media\/47632"}],"wp:attachment":[{"href":"https:\/\/blogdafeira.com.br\/home\/wp-json\/wp\/v2\/media?parent=47630"}],"wp:term":[{"taxonomy":"category","embeddable":true,"href":"https:\/\/blogdafeira.com.br\/home\/wp-json\/wp\/v2\/categories?post=47630"},{"taxonomy":"post_tag","embeddable":true,"href":"https:\/\/blogdafeira.com.br\/home\/wp-json\/wp\/v2\/tags?post=47630"}],"curies":[{"name":"wp","href":"https:\/\/api.w.org\/{rel}","templated":true}]}}