{"id":47676,"date":"2021-10-09T17:54:29","date_gmt":"2021-10-09T20:54:29","guid":{"rendered":"https:\/\/blogdafeira.com.br\/home\/?p=47676"},"modified":"2021-10-21T14:32:45","modified_gmt":"2021-10-21T17:32:45","slug":"camilla-mello-toma-posse-como-procuradora-no-ministerio-publico-do-trabalho","status":"publish","type":"post","link":"https:\/\/blogdafeira.com.br\/home\/2021\/10\/09\/camilla-mello-toma-posse-como-procuradora-no-ministerio-publico-do-trabalho\/","title":{"rendered":"Camilla Mello toma posse como Procuradora no Minist\u00e9rio P\u00fablico do Trabalho"},"content":{"rendered":"<div id=\"blogd-2706556700\" class=\"blogd-fim-do-post-mobile blogd-entity-placement\" style=\"margin-left: auto;margin-right: auto;text-align: center;\"><a href=\"https:\/\/www.sefaz.feiradesantana.ba.gov.br\/\" target=\"_blank\" aria-label=\"728&#215;90 (6)\"><img loading=\"lazy\" decoding=\"async\" src=\"https:\/\/blogdafeira.com.br\/home\/wp-content\/uploads\/2026\/03\/728x90-6.gif\" alt=\"\"  class=\"no-lazyload\" width=\"728\" height=\"90\"  style=\"display: inline-block;\" \/><\/a><\/div><p style=\"text-align: justify;\">Em cerim\u00f4nia h\u00edbrida no Minist\u00e9rio P\u00fablico do Trabalho (MPT), tomaram posse seis novos procuradoras e procuradoras, aprovados no 21\u00ba concurso para procuradoras e procuradores do MPT. Al\u00e9m deles, outros 11 aprovados, nomeados anteriormente, assinaram o termo de posse e exerc\u00edcio.<\/p><div id=\"blogd-1099495796\" class=\"blogd-conteudo-2-mobile blogd-entity-placement\"><a href=\"https:\/\/feirenses.com.br\/\" target=\"_blank\" aria-label=\"feirenses\"><img loading=\"lazy\" decoding=\"async\" src=\"https:\/\/blogdafeira.com.br\/home\/wp-content\/uploads\/2026\/04\/feirenses.png\" alt=\"\"  srcset=\"https:\/\/blogdafeira.com.br\/home\/wp-content\/uploads\/2026\/04\/feirenses.png 300w, https:\/\/blogdafeira.com.br\/home\/wp-content\/uploads\/2026\/04\/feirenses-170x45.png 170w, https:\/\/blogdafeira.com.br\/home\/wp-content\/uploads\/2026\/04\/feirenses-280x74.png 280w\" sizes=\"(max-width: 300px) 100vw, 300px\" class=\"no-lazyload\" width=\"300\" height=\"79\"  style=\"display: inline-block;\" \/><\/a><\/div>\n<p style=\"text-align: justify;\">Dentre esses 11 nomeados anteriormente, est\u00e1 a feirense Dra. Camilla Mello, filha da odont\u00f3loga Suzana Mello, que relatou pra gente o momento de grande emo\u00e7\u00e3o. &#8220;Realmente fomos muito agraciados, Camilla s\u00f3 me enche de orgulho, e essa foi mais uma etapa da grande trajet\u00f3ria que ela est\u00e1 construindo&#8221;, contou.<\/p>\n<p style=\"text-align: justify;\">Compuseram a mesa diretora do evento, o procurador-geral da Rep\u00fablica, Ant\u00f4nio Augusto Brand\u00e3o de Aras, o procurador-geral do Trabalho Jos\u00e9 de Lima Ramos Pereira, o atual ministro do Tribunal Superior do Trabalho e ex-procurador-geral do Trabalho, Alberto Bastos Balazeiro, o procurador-geral de Justi\u00e7a Militar, Ant\u00f4nio Pereira Duarte, o corregedor-geral do Minist\u00e9rio P\u00fablico do Trabalho, Jeferson Luiz Pereira Coelho e o presidente da Associa\u00e7\u00e3o Nacional das Procuradoras e dos Procuradores do Trabalho (ANPT), Jos\u00e9 Antonio Vieira de Freitas Filho.<\/p>\n<p style=\"text-align: justify;\">O procurador rec\u00e9m-empossado, Hermano Martins Domingues, foi respons\u00e1vel por falar em nomes dos aprovados. Em seu discurso, destacou o contexto de mudan\u00e7as trabalhistas e o futuro do mundo do trabalho.<\/p>\n<p style=\"text-align: justify;\">&#8220;<em>N\u00e3o podemos e nem queremos impedir as mudan\u00e7as, mas cabe a n\u00f3s participar democraticamente do processo para que elas sejam uma brisa refrescante de ver\u00e3o, n\u00e3o um furac\u00e3o. A desregulamenta\u00e7\u00e3o, a flexibiliza\u00e7\u00e3o das rela\u00e7\u00f5es de trabalho, a precariza\u00e7\u00e3o ou acreditem, at\u00e9 mesmo o trabalho infantil s\u00e3o gigantes cru\u00e9is que buscam retirar tudo de quem j\u00e1 possui muito pouco e eternizar o ciclo da pobreza que faz com que uma sociedade capitalista supostamente moderna tenha mobilidade social compat\u00edvel com a idade m\u00e9dia na qual o texto foi escrito&#8221;<\/em><\/p>\n<p style=\"text-align: justify;\">Segundo o presidente da ANPT, Jos\u00e9 Antonio Vieira, este concurso foi especialmente desafiador, considerando a necessidade de celeridade e seguran\u00e7a na realiza\u00e7\u00e3o das provas em meio \u00e0 crise da COVID-19. Para o procurador, a entrada de novos membros \u00e9 fundamental no fortalecimento institucional do MPT.<\/p>\n<p style=\"text-align: justify;\">&#8220;Al\u00e9m de determinar a vida profissional dos aprovados e aprovadas, cada novo certame assegura a robustez institucional e a movimenta\u00e7\u00e3o na carreira, mui cara aos que anseiam por se reaproximar de suas refer\u00eancias geoafetivas&#8221;, pontuou.<\/p>\n<p style=\"text-align: justify;\">O ministro do Tribunal Superior do Trabalho, Alberto Bastos Balazeiro, voltou, pela primeira vez, \u00e0 sua antiga casa e celebrou o momento. Ele lembrou que o 21\u00ba concurso foi realizado em condi\u00e7\u00f5es de adversidade, em raz\u00e3o da pandemia do coronav\u00edrus. ?A segunda, terceira, quarta e quinta etapas ocorreram j\u00e1 sob a \u00e9gida da pandemia, o que exigiu inova\u00e7\u00e3o, tecnologia e imensa dedica\u00e7\u00e3o e todos e todas, demonstrando tamb\u00e9m a capacidade de supera\u00e7\u00e3o das institui\u00e7\u00f5es. Parab\u00e9ns ao Minist\u00e9rio P\u00fablico do Trabalho e aos novos procuradores e procuradoras do Trabalho!?, finalizou.<\/p>\n<p style=\"text-align: justify;\">O procurador-geral do Trabalho, Jos\u00e9 de Lima Ramos, refor\u00e7ou o papel do MPT no cen\u00e1rio da pandemia, a fim de minimizar os impactos trabalhistas sofridos? \u2026Esse v\u00edrus e esse caos for\u00e7aram a necessidade de que todas e todos viv\u00eassemos em um mundo diferente: isolado, precarizado, aterrorizado, mas tamb\u00e9m mostraram que a humanidade sabe ser solid\u00e1ria e preocupada e sabe reagir e se adaptar.<\/p>\n<p style=\"text-align: justify;\"><img decoding=\"async\" src=\"http:\/\/www.deolhonacidade.net\/imagem\/86222\/ministerio-publico-do-trabalho-empossa-novos-procuradores-e-procuradoras.jpg\" alt=\"\" \/><\/p>\n<p style=\"text-align: justify;\">Ele tamb\u00e9m lamentou os constantes ataques que a institui\u00e7\u00e3o tem sofrido e pediu a uni\u00e3o de todos os ramos. ?Nesse momento de crise e de trag\u00e9dia, o Minist\u00e9rio P\u00fablico vem sofrendo constantes ataques e temos que juntar esfor\u00e7os, gastar energia, na defesa da garantia de nossas prerrogativas e do pr\u00f3prio sentido da exist\u00eancia do Parquet: ser essencial \u00e0 sociedade, com poderes e princ\u00edpios como o da independ\u00eancia funcional?.<\/p>\n<p style=\"text-align: justify;\">Para o procurador-geral da Rep\u00fablica, Augusto Aras, os novos empossados venceram um rigoroso processo seletivo e t\u00eam a miss\u00e3o de garantir e de resgatar a dignidade humana nas atividades laborais. ?Vossas Excel\u00eancias, al\u00e9m de defenderem ardorosamente o trabalho digno, cumprir\u00e3o ainda a miss\u00e3o de o fazerem de modo eficaz e c\u00e9lere, em especial neste contexto de crise sanit\u00e1ria e econ\u00f4mica. O desafio \u00e9 grande, considerando as limita\u00e7\u00f5es or\u00e7ament\u00e1rias somadas \u00e0 crescente demanda em um cen\u00e1rio de vulnerabilidade de tantos cidad\u00e3os desempregados e empobrecidos neste tempo pand\u00eamico?, destacou.<\/p>\n<p style=\"text-align: justify;\"><strong>Conhe\u00e7a a lista dos seis novos procuradores:<\/strong><\/p>\n<p style=\"text-align: justify;\">&#8211; Hermano Martins Domingues<\/p>\n<p style=\"text-align: justify;\">&#8211; Jaime Fiomaro dos Santos Neto<\/p>\n<p style=\"text-align: justify;\">&#8211; Luiza Barreto Braga Fidalgo<\/p>\n<p style=\"text-align: justify;\">&#8211; Luciana Marcenes Gon\u00e7alves de Souza<\/p>\n<p style=\"text-align: justify;\">&#8211; Franciele D?ambros<\/p>\n<div id=\"blogd-615073112\" class=\"blogd-final-post blogd-entity-placement\"><a href=\"https:\/\/www.feiradesantana.ba.leg.br\/\" target=\"_blank\" aria-label=\"BANNER-SITE-ENTREGADECHEQUE-CAMARADEFEIRA\"><img loading=\"lazy\" decoding=\"async\" src=\"https:\/\/blogdafeira.com.br\/home\/wp-content\/uploads\/2026\/03\/BANNER-SITE-ENTREGADECHEQUE-CAMARADEFEIRA.gif\" alt=\"\"  class=\"no-lazyload\" width=\"728\" height=\"90\"   \/><\/a><\/div><p style=\"text-align: justify;\">&#8211; Lucas Barbosa Brum<\/p>\n","protected":false},"excerpt":{"rendered":"<p>Em cerim\u00f4nia h\u00edbrida no Minist\u00e9rio P\u00fablico do Trabalho (MPT), tomaram posse seis novos procuradoras e procuradoras, aprovados no 21\u00ba concurso para procuradoras e procuradores do MPT. Al\u00e9m deles, outros 11 aprovados, nomeados anteriormente, assinaram o termo de posse e exerc\u00edcio. Dentre esses 11 nomeados anteriormente, est\u00e1 a feirense Dra. Camilla Mello, filha da odont\u00f3loga Suzana<\/p>\n","protected":false},"author":1,"featured_media":47678,"comment_status":"open","ping_status":"open","sticky":false,"template":"","format":"standard","meta":{"jetpack_post_was_ever_published":false,"cybocfi_hide_featured_image":"","_jetpack_newsletter_access":"","_jetpack_dont_email_post_to_subs":false,"_jetpack_newsletter_tier_id":0,"_jetpack_memberships_contains_paywalled_content":false,"_jetpack_memberships_contains_paid_content":false,"footnotes":"","jetpack_publicize_message":"","jetpack_publicize_feature_enabled":true,"jetpack_social_post_already_shared":true,"jetpack_social_options":{"image_generator_settings":{"template":"highway","default_image_id":0,"font":"","enabled":false},"version":2}},"categories":[1],"tags":[],"class_list":["post-47676","post","type-post","status-publish","format-standard","has-post-thumbnail","hentry","category-raiz"],"jetpack_publicize_connections":[],"jetpack_featured_media_url":"https:\/\/blogdafeira.com.br\/home\/wp-content\/uploads\/2021\/10\/ministerio-publico-do-trabalho-empossa-novos-procuradores-e-procuradoras.jpg","jetpack_shortlink":"https:\/\/wp.me\/p3niVf-coY","jetpack_sharing_enabled":true,"jetpack-related-posts":[{"id":36508,"url":"https:\/\/blogdafeira.com.br\/home\/2020\/03\/22\/ministerio-publico-pede-fechamento-de-bares-restaurantes-e-casas-de-show-em-feira\/","url_meta":{"origin":47676,"position":0},"title":"Minist\u00e9rio P\u00fablico pede fechamento de bares, restaurantes e casas de show em Feira","author":"Blog da Feira","date":"22\/03\/2020","format":false,"excerpt":"O Minist\u00e9rio P\u00fablico do Trabalho (MPT) de Feira de Santana ajuizou hoje (22) \u00e0 tarde uma a\u00e7\u00e3o civil p\u00fablica contra o Sindicato de Hot\u00e9is, Restaurantes, Bares e Similares de Feira de Santana (SINDFEIRA) com pedido de paralisa\u00e7\u00e3o tempor\u00e1ria de bares, restaurantes, casas de show e eventos na cidade. O \u00f3rg\u00e3o\u2026","rel":"","context":"Em &quot;Cidade&quot;","block_context":{"text":"Cidade","link":"https:\/\/blogdafeira.com.br\/home\/categoria\/cidade\/"},"img":{"alt_text":"","src":"https:\/\/i0.wp.com\/blogdafeira.com.br\/home\/wp-content\/uploads\/2020\/03\/Inaugura__o-Sede-do-MPT-Fotos-Jorge-Magalh_es.jpg?resize=350%2C200&ssl=1","width":350,"height":200,"srcset":"https:\/\/i0.wp.com\/blogdafeira.com.br\/home\/wp-content\/uploads\/2020\/03\/Inaugura__o-Sede-do-MPT-Fotos-Jorge-Magalh_es.jpg?resize=350%2C200&ssl=1 1x, https:\/\/i0.wp.com\/blogdafeira.com.br\/home\/wp-content\/uploads\/2020\/03\/Inaugura__o-Sede-do-MPT-Fotos-Jorge-Magalh_es.jpg?resize=525%2C300&ssl=1 1.5x, https:\/\/i0.wp.com\/blogdafeira.com.br\/home\/wp-content\/uploads\/2020\/03\/Inaugura__o-Sede-do-MPT-Fotos-Jorge-Magalh_es.jpg?resize=700%2C400&ssl=1 2x"},"classes":[]},{"id":28776,"url":"https:\/\/blogdafeira.com.br\/home\/2017\/12\/11\/ricardo-villaca-toma-posse-em-feira-na-chefia-da-procuradoria-do-interior\/","url_meta":{"origin":47676,"position":1},"title":"Ricardo Villa\u00e7a toma posse em Feira na chefia da Procuradoria do interior","author":"Blog da Feira","date":"11\/12\/2017","format":false,"excerpt":"O procurador do Estado Ricardo Jos\u00e9\u00a0\u00a0Costa Villa\u00e7a toma posse no pr\u00f3ximo dia\u00a0\u00a013, \u00e1s 9 horas,\u00a0\u00a0como chefe da Procuradoria do Interior. A cerim\u00f4nia ser\u00e1 realizada na sede da Procuradoria Geral do Estado da Bahia, no munic\u00edpio de Feira de Santana, e\u00a0\u00a0contar\u00e1 com a presen\u00e7a do procurador geral do Estado, Paulo Moreno\u2026","rel":"","context":"Em &quot;Home&quot;","block_context":{"text":"Home","link":"https:\/\/blogdafeira.com.br\/home\/categoria\/raiz\/"},"img":{"alt_text":"images-2","src":"https:\/\/i0.wp.com\/blogdafeira.com.br\/home\/wp-content\/uploads\/2017\/12\/images-2.jpeg?resize=350%2C200","width":350,"height":200},"classes":[]},{"id":54387,"url":"https:\/\/blogdafeira.com.br\/home\/2022\/09\/12\/oposicao-quer-anular-decreto-de-colbert-que-nomeou-procuradora-interina\/","url_meta":{"origin":47676,"position":2},"title":"Oposi\u00e7\u00e3o quer anular decreto de Colbert que nomeou Procuradora interina","author":"Blog da Feira","date":"12\/09\/2022","format":false,"excerpt":"Atrav\u00e9s de um Decreto Legislativo que ser\u00e1 votado na sess\u00e3o de amanh\u00e3, ter\u00e7a-feira, os vereadores\u00a0 de oposi\u00e7ao querem anular um decreto do Poder Executivo que nomeou, interinamente, como Procuradora Geral do Munic\u00edpio de Feira de Santana, a chefe-de-gabinete da Procuradoria, Caroline Suzarte Cotias Freitas. A pauta \u00e9 o desdobramento da\u2026","rel":"","context":"Em &quot;Home&quot;","block_context":{"text":"Home","link":"https:\/\/blogdafeira.com.br\/home\/categoria\/raiz\/"},"img":{"alt_text":"","src":"https:\/\/i0.wp.com\/blogdafeira.com.br\/home\/wp-content\/uploads\/2022\/08\/CAF_Biodivercidades__6534.jpeg?resize=350%2C200&ssl=1","width":350,"height":200,"srcset":"https:\/\/i0.wp.com\/blogdafeira.com.br\/home\/wp-content\/uploads\/2022\/08\/CAF_Biodivercidades__6534.jpeg?resize=350%2C200&ssl=1 1x, https:\/\/i0.wp.com\/blogdafeira.com.br\/home\/wp-content\/uploads\/2022\/08\/CAF_Biodivercidades__6534.jpeg?resize=525%2C300&ssl=1 1.5x, https:\/\/i0.wp.com\/blogdafeira.com.br\/home\/wp-content\/uploads\/2022\/08\/CAF_Biodivercidades__6534.jpeg?resize=700%2C400&ssl=1 2x, https:\/\/i0.wp.com\/blogdafeira.com.br\/home\/wp-content\/uploads\/2022\/08\/CAF_Biodivercidades__6534.jpeg?resize=1050%2C600&ssl=1 3x"},"classes":[]},{"id":7939,"url":"https:\/\/blogdafeira.com.br\/home\/2014\/01\/03\/procuradoria-da-republica-cria-unidade-autonoma-e-nomeia-vladimir-aras\/","url_meta":{"origin":47676,"position":3},"title":"Procuradoria da Rep\u00fablica cria &#8216;unidade aut\u00f4noma&#8217; e nomeia Vladimir Aras","author":"Blog da Feira","date":"03\/01\/2014","format":false,"excerpt":"Recusado pelo Senado Federal, no ano passado, para compor o Conselho Nacional do Minist\u00e9rio P\u00fablico, o procurador da Rep\u00fablica, Vladimir Aras, ganhou uma 'compensa\u00e7\u00e3o' da Procuradoria Geral e foi nomeado Secret\u00e1rio de Coopera\u00e7\u00e3o Internacional de uma 'unidade aut\u00f4noma' criada para \"recuperar verbas p\u00fablicas desviadas para para\u00edsos fiscais no exterior\" Vladimir\u2026","rel":"","context":"Em &quot;Home&quot;","block_context":{"text":"Home","link":"https:\/\/blogdafeira.com.br\/home\/categoria\/raiz\/"},"img":{"alt_text":"vladimir","src":"https:\/\/i0.wp.com\/blogdafeira.com.br\/home\/wp-content\/uploads\/2014\/01\/vladimir.jpeg?resize=350%2C200","width":350,"height":200},"classes":[]},{"id":63610,"url":"https:\/\/blogdafeira.com.br\/home\/2024\/09\/04\/quem-sao-os-procuradores-candidatos-a-uma-vaga-de-desembargador-no-tjba\/","url_meta":{"origin":47676,"position":4},"title":"Quem s\u00e3o os procuradores candidatos a uma vaga de Desembargador no TJBa","author":"Blog da Feira","date":"04\/09\/2024","format":false,"excerpt":"O Minist\u00e9rio P\u00fablico do Estado da Bahia divulgou hoje, dia 4, a lista s\u00eaxtupla dos candidatos que concorrer\u00e3o \u00e0 vaga de desembargador no Tribunal de Justi\u00e7a da Bahia (TJBA), reservada constitucionalmente \u00e0 Institui\u00e7\u00e3o. A lista \u00e9 composta pelos procuradores de Justi\u00e7a Regina Maria da Silva Carrilho, M\u00e1rcia Regina dos Santos\u2026","rel":"","context":"Em &quot;Geral&quot;","block_context":{"text":"Geral","link":"https:\/\/blogdafeira.com.br\/home\/categoria\/geral\/"},"img":{"alt_text":"","src":"https:\/\/i0.wp.com\/blogdafeira.com.br\/home\/wp-content\/uploads\/2024\/09\/8d830907-44dd-49b1-8bc5-07965b4920c4_0.jpg?resize=350%2C200&ssl=1","width":350,"height":200,"srcset":"https:\/\/i0.wp.com\/blogdafeira.com.br\/home\/wp-content\/uploads\/2024\/09\/8d830907-44dd-49b1-8bc5-07965b4920c4_0.jpg?resize=350%2C200&ssl=1 1x, https:\/\/i0.wp.com\/blogdafeira.com.br\/home\/wp-content\/uploads\/2024\/09\/8d830907-44dd-49b1-8bc5-07965b4920c4_0.jpg?resize=525%2C300&ssl=1 1.5x, https:\/\/i0.wp.com\/blogdafeira.com.br\/home\/wp-content\/uploads\/2024\/09\/8d830907-44dd-49b1-8bc5-07965b4920c4_0.jpg?resize=700%2C400&ssl=1 2x"},"classes":[]},{"id":3335,"url":"https:\/\/blogdafeira.com.br\/home\/2013\/07\/05\/procuradores-baianos-condenam-rejeicao-de-vladimir-aras-pelo-senado\/","url_meta":{"origin":47676,"position":5},"title":"Procuradores baianos condenam rejei\u00e7\u00e3o de Vladimir Aras pelo Senado","author":"Blog da Feira","date":"05\/07\/2013","format":false,"excerpt":"Procuradores da Rep\u00fablica do Minist\u00e9rio P\u00fablico Federal (MPF) na Bahia divulgaram\u00a0nota manifestando indigna\u00e7\u00e3o diante da rejei\u00e7\u00e3o pelo Senado de um membro da institui\u00e7\u00e3o, o procurador Vladimir Aras, indicado para uma vaga no Conselho Nacional do Minist\u00e9rio P\u00fablico (CNMP). Com 499 votos, Aras foi o membro mais votado pelo Col\u00e9gio de\u2026","rel":"","context":"Em &quot;Home&quot;","block_context":{"text":"Home","link":"https:\/\/blogdafeira.com.br\/home\/categoria\/raiz\/"},"img":{"alt_text":"","src":"","width":0,"height":0},"classes":[]}],"_links":{"self":[{"href":"https:\/\/blogdafeira.com.br\/home\/wp-json\/wp\/v2\/posts\/47676","targetHints":{"allow":["GET"]}}],"collection":[{"href":"https:\/\/blogdafeira.com.br\/home\/wp-json\/wp\/v2\/posts"}],"about":[{"href":"https:\/\/blogdafeira.com.br\/home\/wp-json\/wp\/v2\/types\/post"}],"author":[{"embeddable":true,"href":"https:\/\/blogdafeira.com.br\/home\/wp-json\/wp\/v2\/users\/1"}],"replies":[{"embeddable":true,"href":"https:\/\/blogdafeira.com.br\/home\/wp-json\/wp\/v2\/comments?post=47676"}],"version-history":[{"count":2,"href":"https:\/\/blogdafeira.com.br\/home\/wp-json\/wp\/v2\/posts\/47676\/revisions"}],"predecessor-version":[{"id":47787,"href":"https:\/\/blogdafeira.com.br\/home\/wp-json\/wp\/v2\/posts\/47676\/revisions\/47787"}],"wp:featuredmedia":[{"embeddable":true,"href":"https:\/\/blogdafeira.com.br\/home\/wp-json\/wp\/v2\/media\/47678"}],"wp:attachment":[{"href":"https:\/\/blogdafeira.com.br\/home\/wp-json\/wp\/v2\/media?parent=47676"}],"wp:term":[{"taxonomy":"category","embeddable":true,"href":"https:\/\/blogdafeira.com.br\/home\/wp-json\/wp\/v2\/categories?post=47676"},{"taxonomy":"post_tag","embeddable":true,"href":"https:\/\/blogdafeira.com.br\/home\/wp-json\/wp\/v2\/tags?post=47676"}],"curies":[{"name":"wp","href":"https:\/\/api.w.org\/{rel}","templated":true}]}}