{"id":4794,"date":"2013-09-05T06:50:52","date_gmt":"2013-09-05T09:50:52","guid":{"rendered":"http:\/\/blogdafeira.com.br\/home\/?p=4794"},"modified":"2013-09-05T06:56:28","modified_gmt":"2013-09-05T09:56:28","slug":"expofeira-odebrecht-arremata-bezerra-nelore-por-r-100-mil","status":"publish","type":"post","link":"https:\/\/blogdafeira.com.br\/home\/2013\/09\/05\/expofeira-odebrecht-arremata-bezerra-nelore-por-r-100-mil\/","title":{"rendered":"ExpoFeira: Odebrecht arremata bezerra nelore por R$ 100 mil"},"content":{"rendered":"<div id=\"blogd-242927395\" class=\"blogd-fim-do-post-mobile blogd-entity-placement\" style=\"margin-left: auto;margin-right: auto;text-align: center;\"><a href=\"https:\/\/www.sefaz.feiradesantana.ba.gov.br\/\" target=\"_blank\" aria-label=\"728&#215;90 (6)\"><img loading=\"lazy\" decoding=\"async\" src=\"https:\/\/blogdafeira.com.br\/home\/wp-content\/uploads\/2026\/03\/728x90-6.gif\" alt=\"\"  class=\"no-lazyload\" width=\"728\" height=\"90\"  style=\"display: inline-block;\" \/><\/a><\/div><p>O pecuarista Maur\u00edcio Odebrecht, um dos maiores criadores do Nordeste, arrematou uma bezerra da ra\u00e7a nelore por 100 mil reais, em um leil\u00e3o da ExpoFeira, ocorrido ontem.<\/p><div id=\"blogd-3476274695\" class=\"blogd-conteudo-2-mobile blogd-entity-placement\"><a href=\"https:\/\/feirenses.com.br\/\" target=\"_blank\" aria-label=\"feirenses\"><img loading=\"lazy\" decoding=\"async\" src=\"https:\/\/blogdafeira.com.br\/home\/wp-content\/uploads\/2026\/04\/feirenses.png\" alt=\"\"  srcset=\"https:\/\/blogdafeira.com.br\/home\/wp-content\/uploads\/2026\/04\/feirenses.png 300w, https:\/\/blogdafeira.com.br\/home\/wp-content\/uploads\/2026\/04\/feirenses-170x45.png 170w, https:\/\/blogdafeira.com.br\/home\/wp-content\/uploads\/2026\/04\/feirenses-280x74.png 280w\" sizes=\"(max-width: 300px) 100vw, 300px\" class=\"no-lazyload\" width=\"300\" height=\"79\"  style=\"display: inline-block;\" \/><\/a><\/div>\n<p>A &#8216;preciosidade&#8217; tem apenas dois meses de nascida e tem o ex\u00f3tico nome de Khaly Fiv, da fazenda Guanabara, na Bahia.<\/p>\n<p>O arremate aconteceu no \u00a04\u00ba Leil\u00e3o da Princesa. Cerca de 1 milh\u00e3o e 500 mil reais em neg\u00f3cios foram feitos durante o evento.<\/p>\n<div id=\"blogd-1508522726\" class=\"blogd-final-post blogd-entity-placement\"><a href=\"https:\/\/www.feiradesantana.ba.leg.br\/\" target=\"_blank\" aria-label=\"BANNER-SITE-ENTREGADECHEQUE-CAMARADEFEIRA\"><img loading=\"lazy\" decoding=\"async\" src=\"https:\/\/blogdafeira.com.br\/home\/wp-content\/uploads\/2026\/03\/BANNER-SITE-ENTREGADECHEQUE-CAMARADEFEIRA.gif\" alt=\"\"  class=\"no-lazyload\" width=\"728\" height=\"90\"   \/><\/a><\/div><p>O leil\u00e3o \u00e9 organizado pelo Grupo Princesa Embryo, formado por Nelore Cara\u00edbas, Nelore Edap, Nelore Fama e Nelore Jacuricy.<\/p>\n","protected":false},"excerpt":{"rendered":"<p>O pecuarista Maur\u00edcio Odebrecht, um dos maiores criadores do Nordeste, arrematou uma bezerra da ra\u00e7a nelore por 100 mil reais, em um leil\u00e3o da ExpoFeira, ocorrido ontem. A &#8216;preciosidade&#8217; tem apenas dois meses de nascida e tem o ex\u00f3tico nome de Khaly Fiv, da fazenda Guanabara, na Bahia. O arremate aconteceu no \u00a04\u00ba Leil\u00e3o da<\/p>\n","protected":false},"author":1,"featured_media":0,"comment_status":"closed","ping_status":"closed","sticky":false,"template":"","format":"standard","meta":{"jetpack_post_was_ever_published":false,"cybocfi_hide_featured_image":"","_jetpack_newsletter_access":"","_jetpack_dont_email_post_to_subs":false,"_jetpack_newsletter_tier_id":0,"_jetpack_memberships_contains_paywalled_content":false,"_jetpack_memberships_contains_paid_content":false,"footnotes":"","jetpack_publicize_message":"","jetpack_publicize_feature_enabled":true,"jetpack_social_post_already_shared":true,"jetpack_social_options":{"image_generator_settings":{"template":"highway","default_image_id":0,"font":"","enabled":false},"version":2}},"categories":[1],"tags":[],"class_list":["post-4794","post","type-post","status-publish","format-standard","hentry","category-raiz"],"jetpack_publicize_connections":[],"jetpack_featured_media_url":"","jetpack_shortlink":"https:\/\/wp.me\/p3niVf-1fk","jetpack_sharing_enabled":true,"jetpack-related-posts":[{"id":4776,"url":"https:\/\/blogdafeira.com.br\/home\/2013\/09\/04\/gado-da-raca-nelore-e-a-grande-estrela-da-exposicao-agropecuaria-de-feira\/","url_meta":{"origin":4794,"position":0},"title":"Gado da ra\u00e7a nelore \u00e9 a grande estrela da Exposi\u00e7\u00e3o Agropecu\u00e1ria de Feira","author":"Blog da Feira","date":"04\/09\/2013","format":false,"excerpt":"O chamado 'gado branco', da ra\u00e7a nelore, ocupa a maioria das baias abertas na Exposi\u00e7\u00e3o Agropecu\u00e1ria de Feira de Santana, a ExpoFeira. Animais de grande porte, que chegam a pesar cerca de 1300 kg, chamam a aten\u00e7\u00e3o dos visitantes e criadores. Nesta quarta-feira \u00e0 noite, um grande leil\u00e3o desses animais\u2026","rel":"","context":"Em &quot;Home&quot;","block_context":{"text":"Home","link":"https:\/\/blogdafeira.com.br\/home\/categoria\/raiz\/"},"img":{"alt_text":"DSC08704","src":"https:\/\/i0.wp.com\/blogdafeira.com.br\/home\/wp-content\/uploads\/2013\/09\/DSC08704-346x259.jpg?resize=350%2C200","width":350,"height":200},"classes":[]},{"id":63550,"url":"https:\/\/blogdafeira.com.br\/home\/2024\/09\/01\/apos-quatro-anos-expofeira-voltou-e-acontece-ate-o-proximo-domingo8\/","url_meta":{"origin":4794,"position":1},"title":"Ap\u00f3s quatro anos,  ExpoFeira voltou e acontece at\u00e9 o pr\u00f3ximo domingo,8","author":"Blog da Feira","date":"01\/09\/2024","format":false,"excerpt":"Devido \u00e0 pandemia da Covid-19 e aos impactos econ\u00f4micos causados por ela, um dos maiores eventos agropecu\u00e1rios do Norte-Nordeste do Brasil passou quatro anos sem ser realizado. Em 2024, ap\u00f3s um esfor\u00e7o conjunto entre a Prefeitura de Feira de Santana, o SENAR (Servi\u00e7o Nacional de Aprendizagem Rural) e diversas entidades\u2026","rel":"","context":"Em &quot;Economia&quot;","block_context":{"text":"Economia","link":"https:\/\/blogdafeira.com.br\/home\/categoria\/economia\/"},"img":{"alt_text":"","src":"https:\/\/i0.wp.com\/blogdafeira.com.br\/home\/wp-content\/uploads\/2024\/09\/Screenshot_20240901-1306092.png?resize=350%2C200&ssl=1","width":350,"height":200,"srcset":"https:\/\/i0.wp.com\/blogdafeira.com.br\/home\/wp-content\/uploads\/2024\/09\/Screenshot_20240901-1306092.png?resize=350%2C200&ssl=1 1x, https:\/\/i0.wp.com\/blogdafeira.com.br\/home\/wp-content\/uploads\/2024\/09\/Screenshot_20240901-1306092.png?resize=525%2C300&ssl=1 1.5x, https:\/\/i0.wp.com\/blogdafeira.com.br\/home\/wp-content\/uploads\/2024\/09\/Screenshot_20240901-1306092.png?resize=700%2C400&ssl=1 2x, https:\/\/i0.wp.com\/blogdafeira.com.br\/home\/wp-content\/uploads\/2024\/09\/Screenshot_20240901-1306092.png?resize=1050%2C600&ssl=1 3x"},"classes":[]},{"id":63626,"url":"https:\/\/blogdafeira.com.br\/home\/2024\/09\/05\/juma-produz-embrioes-avaliados-em-r-80-mil-cada\/","url_meta":{"origin":4794,"position":2},"title":"Juma produz embri\u00f5es avaliados em R$ 80 mil cada","author":"Blog da Feira","date":"05\/09\/2024","format":false,"excerpt":"Juma, uma vaca nelore branca de 10 anos de idade, \u00e9 o animal mais caro da Exposi\u00e7\u00e3o Agropecu\u00e1ria de Feira de Santana (Expofeira 2024). Ela est\u00e1 avaliada em R$ 800 mil. A vaca est\u00e1 entre as estrelas da feira agropecu\u00e1ria que acontece no Parque de Exposi\u00e7\u00e3o Jo\u00e3o Martins da Silva\u2026","rel":"","context":"Em &quot;Economia&quot;","block_context":{"text":"Economia","link":"https:\/\/blogdafeira.com.br\/home\/categoria\/economia\/"},"img":{"alt_text":"","src":"https:\/\/i0.wp.com\/blogdafeira.com.br\/home\/wp-content\/uploads\/2024\/09\/SECOM-Expofeira-Animais-de-Alto-Valor-Foto-Valto-Novaes2.jpeg?resize=350%2C200&ssl=1","width":350,"height":200,"srcset":"https:\/\/i0.wp.com\/blogdafeira.com.br\/home\/wp-content\/uploads\/2024\/09\/SECOM-Expofeira-Animais-de-Alto-Valor-Foto-Valto-Novaes2.jpeg?resize=350%2C200&ssl=1 1x, https:\/\/i0.wp.com\/blogdafeira.com.br\/home\/wp-content\/uploads\/2024\/09\/SECOM-Expofeira-Animais-de-Alto-Valor-Foto-Valto-Novaes2.jpeg?resize=525%2C300&ssl=1 1.5x, https:\/\/i0.wp.com\/blogdafeira.com.br\/home\/wp-content\/uploads\/2024\/09\/SECOM-Expofeira-Animais-de-Alto-Valor-Foto-Valto-Novaes2.jpeg?resize=700%2C400&ssl=1 2x, https:\/\/i0.wp.com\/blogdafeira.com.br\/home\/wp-content\/uploads\/2024\/09\/SECOM-Expofeira-Animais-de-Alto-Valor-Foto-Valto-Novaes2.jpeg?resize=1050%2C600&ssl=1 3x"},"classes":[]},{"id":4785,"url":"https:\/\/blogdafeira.com.br\/home\/2013\/09\/05\/touro-valente-e-o-animal-mais-pesado-da-expofeira-1-300-kg\/","url_meta":{"origin":4794,"position":3},"title":"Touro Valente \u00e9 o animal mais pesado da ExpoFeira: 1.300 kg","author":"Blog da Feira","date":"05\/09\/2013","format":false,"excerpt":"O \u00a0touro Valente, com seus quase 1,3 mil quilos, n\u00e3o tem nada de valente. Muito pelo contr\u00e1rio. O nelore PO \u00e9 o mais pesado da XXXVIII Exposi\u00e7\u00e3o Agropecu\u00e1ria de Feira de Santana tem uma paci\u00eancia de J\u00f3. \u00c9 alto, com mais de 1,70, e largo. \u00c9 um animal que enche\u2026","rel":"","context":"Em &quot;Home&quot;","block_context":{"text":"Home","link":"https:\/\/blogdafeira.com.br\/home\/categoria\/raiz\/"},"img":{"alt_text":"Expofeira Valente, o touro Foto Robelio Junuior (3)","src":"https:\/\/i0.wp.com\/blogdafeira.com.br\/home\/wp-content\/uploads\/2013\/09\/Expofeira-Valente-o-touro-Foto-Robelio-Junuior-3.jpg?resize=350%2C200","width":350,"height":200,"srcset":"https:\/\/i0.wp.com\/blogdafeira.com.br\/home\/wp-content\/uploads\/2013\/09\/Expofeira-Valente-o-touro-Foto-Robelio-Junuior-3.jpg?resize=350%2C200 1x, https:\/\/i0.wp.com\/blogdafeira.com.br\/home\/wp-content\/uploads\/2013\/09\/Expofeira-Valente-o-touro-Foto-Robelio-Junuior-3.jpg?resize=525%2C300 1.5x"},"classes":[]},{"id":3078,"url":"https:\/\/blogdafeira.com.br\/home\/2013\/06\/28\/criadores-visitam-prefeito-e-garantem-participacao-na-expofeira\/","url_meta":{"origin":4794,"position":4},"title":"Criadores visitam Prefeito e garantem participa\u00e7\u00e3o na ExpoFeira","author":"Blog da Feira","date":"28\/06\/2013","format":false,"excerpt":"Criadores das mais diversas ra\u00e7as de bovinos de alta linhagem gen\u00e9tica garantiram ontem ao prefeito de Feira, Jos\u00e9 Ronaldo, \u00a0apoio e participa\u00e7\u00e3o na Exposi\u00e7\u00e3o Agropecu\u00e1ria de Feira de Santana (Expofeira), que ocorre no m\u00eas de setembro. A reuni\u00e3o foi realizada no Pa\u00e7o Municipal Maria Quit\u00e9ria com o diretor t\u00e9cnico do\u2026","rel":"","context":"Em &quot;Home&quot;","block_context":{"text":"Home","link":"https:\/\/blogdafeira.com.br\/home\/categoria\/raiz\/"},"img":{"alt_text":"","src":"","width":0,"height":0},"classes":[]},{"id":68973,"url":"https:\/\/blogdafeira.com.br\/home\/2025\/08\/14\/adquira-seu-cavalo-de-raca-na-expofeira-atraves-de-compra-direta-ao-criador\/","url_meta":{"origin":4794,"position":5},"title":"Adquira seu cavalo de ra\u00e7a na Expofeira atrav\u00e9s de compra direta ao criador","author":"Blog da Feira","date":"14\/08\/2025","format":false,"excerpt":"A 46\u00aa Exposi\u00e7\u00e3o Agropecu\u00e1ria de Feira de Santana (Expofeira 2025) j\u00e1 tem diversos eventos confirmados para movimentar o Parque de Exposi\u00e7\u00e3o Jo\u00e3o Martins da Silva, no per\u00edodo de 7 a 14 de setembro. S\u00e3o atividades que envolvem diversas ra\u00e7as de bovinos e equinos, as principais estrelas da maior festa agropecu\u00e1ria\u2026","rel":"","context":"Em &quot;Distritos&quot;","block_context":{"text":"Distritos","link":"https:\/\/blogdafeira.com.br\/home\/categoria\/distritos\/"},"img":{"alt_text":"","src":"https:\/\/i0.wp.com\/blogdafeira.com.br\/home\/wp-content\/uploads\/2025\/08\/06082025163706.jpg?resize=350%2C200&ssl=1","width":350,"height":200,"srcset":"https:\/\/i0.wp.com\/blogdafeira.com.br\/home\/wp-content\/uploads\/2025\/08\/06082025163706.jpg?resize=350%2C200&ssl=1 1x, https:\/\/i0.wp.com\/blogdafeira.com.br\/home\/wp-content\/uploads\/2025\/08\/06082025163706.jpg?resize=525%2C300&ssl=1 1.5x, https:\/\/i0.wp.com\/blogdafeira.com.br\/home\/wp-content\/uploads\/2025\/08\/06082025163706.jpg?resize=700%2C400&ssl=1 2x, https:\/\/i0.wp.com\/blogdafeira.com.br\/home\/wp-content\/uploads\/2025\/08\/06082025163706.jpg?resize=1050%2C600&ssl=1 3x"},"classes":[]}],"_links":{"self":[{"href":"https:\/\/blogdafeira.com.br\/home\/wp-json\/wp\/v2\/posts\/4794","targetHints":{"allow":["GET"]}}],"collection":[{"href":"https:\/\/blogdafeira.com.br\/home\/wp-json\/wp\/v2\/posts"}],"about":[{"href":"https:\/\/blogdafeira.com.br\/home\/wp-json\/wp\/v2\/types\/post"}],"author":[{"embeddable":true,"href":"https:\/\/blogdafeira.com.br\/home\/wp-json\/wp\/v2\/users\/1"}],"replies":[{"embeddable":true,"href":"https:\/\/blogdafeira.com.br\/home\/wp-json\/wp\/v2\/comments?post=4794"}],"version-history":[{"count":5,"href":"https:\/\/blogdafeira.com.br\/home\/wp-json\/wp\/v2\/posts\/4794\/revisions"}],"predecessor-version":[{"id":4796,"href":"https:\/\/blogdafeira.com.br\/home\/wp-json\/wp\/v2\/posts\/4794\/revisions\/4796"}],"wp:attachment":[{"href":"https:\/\/blogdafeira.com.br\/home\/wp-json\/wp\/v2\/media?parent=4794"}],"wp:term":[{"taxonomy":"category","embeddable":true,"href":"https:\/\/blogdafeira.com.br\/home\/wp-json\/wp\/v2\/categories?post=4794"},{"taxonomy":"post_tag","embeddable":true,"href":"https:\/\/blogdafeira.com.br\/home\/wp-json\/wp\/v2\/tags?post=4794"}],"curies":[{"name":"wp","href":"https:\/\/api.w.org\/{rel}","templated":true}]}}