{"id":4803,"date":"2013-09-05T10:38:47","date_gmt":"2013-09-05T13:38:47","guid":{"rendered":"http:\/\/blogdafeira.com.br\/home\/?p=4803"},"modified":"2013-09-05T10:38:47","modified_gmt":"2013-09-05T13:38:47","slug":"biblioteca-itinerante-do-conto-em-cena","status":"publish","type":"post","link":"https:\/\/blogdafeira.com.br\/home\/2013\/09\/05\/biblioteca-itinerante-do-conto-em-cena\/","title":{"rendered":"Biblioteca Itinerante do Conto em Cena"},"content":{"rendered":"<div id=\"blogd-617137923\" class=\"blogd-fim-do-post-mobile blogd-entity-placement\" style=\"margin-left: auto;margin-right: auto;text-align: center;\"><a href=\"https:\/\/www.sefaz.feiradesantana.ba.gov.br\/\" target=\"_blank\" aria-label=\"728&#215;90 (6)\"><img loading=\"lazy\" decoding=\"async\" src=\"https:\/\/blogdafeira.com.br\/home\/wp-content\/uploads\/2026\/03\/728x90-6.gif\" alt=\"\"  class=\"no-lazyload\" width=\"728\" height=\"90\"  style=\"display: inline-block;\" \/><\/a><\/div><p>Vencedor do pr\u00eamio Ponto de Leitura, da Funda\u00e7\u00e3o Pedro Calmon, o Conto em Cena manter\u00e1 no foyer da CDL, durante tr\u00eas dias, uma biblioteca itinerante composta por livros de diversos autores da literatura brasileira, assim como faz em todos os ambientes onde se apresenta.<\/p><div id=\"blogd-2532392382\" class=\"blogd-conteudo-2-mobile blogd-entity-placement\"><a href=\"https:\/\/feirenses.com.br\/\" target=\"_blank\" aria-label=\"feirenses\"><img loading=\"lazy\" decoding=\"async\" src=\"https:\/\/blogdafeira.com.br\/home\/wp-content\/uploads\/2026\/04\/feirenses.png\" alt=\"\"  srcset=\"https:\/\/blogdafeira.com.br\/home\/wp-content\/uploads\/2026\/04\/feirenses.png 300w, https:\/\/blogdafeira.com.br\/home\/wp-content\/uploads\/2026\/04\/feirenses-170x45.png 170w, https:\/\/blogdafeira.com.br\/home\/wp-content\/uploads\/2026\/04\/feirenses-280x74.png 280w\" sizes=\"(max-width: 300px) 100vw, 300px\" class=\"no-lazyload\" width=\"300\" height=\"79\"  style=\"display: inline-block;\" \/><\/a><\/div>\n<p><img loading=\"lazy\" decoding=\"async\" class=\"aligncenter size-full wp-image-4806\" alt=\"1174981_510523485693903_841087974_n\" src=\"http:\/\/blogdafeira.com.br\/home\/wp-content\/uploads\/2013\/09\/1174981_510523485693903_841087974_n.jpg\" width=\"960\" height=\"720\" srcset=\"https:\/\/blogdafeira.com.br\/home\/wp-content\/uploads\/2013\/09\/1174981_510523485693903_841087974_n.jpg 960w, https:\/\/blogdafeira.com.br\/home\/wp-content\/uploads\/2013\/09\/1174981_510523485693903_841087974_n-170x127.jpg 170w, https:\/\/blogdafeira.com.br\/home\/wp-content\/uploads\/2013\/09\/1174981_510523485693903_841087974_n-346x259.jpg 346w\" sizes=\"auto, (max-width: 960px) 100vw, 960px\" \/><\/p>\n<p>No mesmo espa\u00e7o teremos declama\u00e7\u00f5es, m\u00fasicas e leituras de textos com: Jorge Souza e Eduardo Kruschewsky na sexta, N\u00edvea Maria Vasconcelos no s\u00e1bado e Grupo Diabo a 4 no domingo.<\/p>\n<div id=\"blogd-3474962552\" class=\"blogd-final-post blogd-entity-placement\"><a href=\"https:\/\/www.feiradesantana.ba.leg.br\/\" target=\"_blank\" aria-label=\"BANNER-SITE-ENTREGADECHEQUE-CAMARADEFEIRA\"><img loading=\"lazy\" decoding=\"async\" src=\"https:\/\/blogdafeira.com.br\/home\/wp-content\/uploads\/2026\/03\/BANNER-SITE-ENTREGADECHEQUE-CAMARADEFEIRA.gif\" alt=\"\"  class=\"no-lazyload\" width=\"728\" height=\"90\"   \/><\/a><\/div><p><strong>Elsimar Pond\u00e9<\/strong><\/p>\n","protected":false},"excerpt":{"rendered":"<p>Vencedor do pr\u00eamio Ponto de Leitura, da Funda\u00e7\u00e3o Pedro Calmon, o Conto em Cena manter\u00e1 no foyer da CDL, durante tr\u00eas dias, uma biblioteca itinerante composta por livros de diversos autores da literatura brasileira, assim como faz em todos os ambientes onde se apresenta. No mesmo espa\u00e7o teremos declama\u00e7\u00f5es, m\u00fasicas e leituras de textos com:<\/p>\n","protected":false},"author":1,"featured_media":0,"comment_status":"closed","ping_status":"closed","sticky":false,"template":"","format":"standard","meta":{"jetpack_post_was_ever_published":false,"cybocfi_hide_featured_image":"","_jetpack_newsletter_access":"","_jetpack_dont_email_post_to_subs":false,"_jetpack_newsletter_tier_id":0,"_jetpack_memberships_contains_paywalled_content":false,"_jetpack_memberships_contains_paid_content":false,"footnotes":"","jetpack_publicize_message":"","jetpack_publicize_feature_enabled":true,"jetpack_social_post_already_shared":true,"jetpack_social_options":{"image_generator_settings":{"template":"highway","default_image_id":0,"font":"","enabled":false},"version":2}},"categories":[1],"tags":[],"class_list":["post-4803","post","type-post","status-publish","format-standard","hentry","category-raiz"],"jetpack_publicize_connections":[],"jetpack_featured_media_url":"","jetpack_shortlink":"https:\/\/wp.me\/p3niVf-1ft","jetpack_sharing_enabled":true,"jetpack-related-posts":[{"id":4674,"url":"https:\/\/blogdafeira.com.br\/home\/2013\/08\/30\/hoje-tem-conto-em-cena-no-cuca\/","url_meta":{"origin":4803,"position":0},"title":"Hoje tem Conto em Cena no Cuca","author":"Blog da Feira","date":"30\/08\/2013","format":false,"excerpt":"O Grupo Conto em Cena apresenta uma \u00f3tima oportunidade para voc\u00ea saborear de uma s\u00f3 vez literatura e teatro, com o projeto Menu de Contos. S\u00e3o tr\u00eas dias para fazer a degusta\u00e7\u00e3o e o p\u00fablico escolhe a encena\u00e7\u00e3o que quiser acompanhar.\u00a0 Os espet\u00e1culos estar\u00e3o em cartaz a partir desta sexta-feira\u2026","rel":"","context":"Em &quot;Home&quot;","block_context":{"text":"Home","link":"https:\/\/blogdafeira.com.br\/home\/categoria\/raiz\/"},"img":{"alt_text":"2XConto Noiva da Morte e o Justo, de Nelson Rodrigues","src":"https:\/\/i0.wp.com\/blogdafeira.com.br\/home\/wp-content\/uploads\/2013\/08\/2XConto-Noiva-da-Morte-e-o-Justo-de-Nelson-Rodrigues-199x300.jpg?resize=350%2C200","width":350,"height":200},"classes":[]},{"id":4930,"url":"https:\/\/blogdafeira.com.br\/home\/2013\/09\/12\/projeto-menu-de-contos-em-amelia-rodrigues\/","url_meta":{"origin":4803,"position":1},"title":"Menu de Contos em Am\u00e9lia Rodrigues","author":"Blog da Feira","date":"12\/09\/2013","format":false,"excerpt":"Depois de duas semanas de sucesso em Feira de Santana, o projeto Menu de Contos chega a cidade de Am\u00e9lia Rodrigues. No pr\u00f3ximo s\u00e1bado (14), a partir das 20 horas, na escola Maria Te\u00f3fila, o grupo Conto em Cena apresenta o elogiado espet\u00e1culo \u201cA Cartomante\u201d, de Machado de Assis.\u00a0 O\u2026","rel":"","context":"Em &quot;Home&quot;","block_context":{"text":"Home","link":"https:\/\/blogdafeira.com.br\/home\/categoria\/raiz\/"},"img":{"alt_text":"A Cartomante","src":"https:\/\/i0.wp.com\/blogdafeira.com.br\/home\/wp-content\/uploads\/2013\/09\/A-Cartomante-199x300.jpg?resize=350%2C200","width":350,"height":200},"classes":[]},{"id":62866,"url":"https:\/\/blogdafeira.com.br\/home\/2024\/07\/15\/projeto-teatral-leva-literatura-brasileira-a-escolas-publicas-de-feira-de-santana\/","url_meta":{"origin":4803,"position":2},"title":"Projeto teatral leva literatura brasileira a escolas p\u00fablicas em Feira de Santana","author":"Blog da Feira","date":"15\/07\/2024","format":false,"excerpt":"A Escola Estadual de Campo do distrito de Maria Quit\u00e9ria recebe nesta quarta-feira, 17, \u00e0s 14h, o espet\u00e1culo \u201cA Cartomante\u201d, de Machado de Assis. A institui\u00e7\u00e3o \u00e9 palco de estreia do projeto \u201cMenu de Contos\u201d, que levar\u00e1, atrav\u00e9s de pe\u00e7as teatrais, a obra de renomados autores da literatura brasileira para\u2026","rel":"","context":"Em &quot;Cultura&quot;","block_context":{"text":"Cultura","link":"https:\/\/blogdafeira.com.br\/home\/categoria\/cultura\/"},"img":{"alt_text":"","src":"https:\/\/i0.wp.com\/blogdafeira.com.br\/home\/wp-content\/uploads\/2024\/07\/A-CARTOMANTE-2.jpeg?resize=350%2C200&ssl=1","width":350,"height":200,"srcset":"https:\/\/i0.wp.com\/blogdafeira.com.br\/home\/wp-content\/uploads\/2024\/07\/A-CARTOMANTE-2.jpeg?resize=350%2C200&ssl=1 1x, https:\/\/i0.wp.com\/blogdafeira.com.br\/home\/wp-content\/uploads\/2024\/07\/A-CARTOMANTE-2.jpeg?resize=525%2C300&ssl=1 1.5x, https:\/\/i0.wp.com\/blogdafeira.com.br\/home\/wp-content\/uploads\/2024\/07\/A-CARTOMANTE-2.jpeg?resize=700%2C400&ssl=1 2x, https:\/\/i0.wp.com\/blogdafeira.com.br\/home\/wp-content\/uploads\/2024\/07\/A-CARTOMANTE-2.jpeg?resize=1050%2C600&ssl=1 3x"},"classes":[]},{"id":70188,"url":"https:\/\/blogdafeira.com.br\/home\/2025\/11\/13\/o-sururu-sobre-a-biblioteca-municipal\/","url_meta":{"origin":4803,"position":3},"title":"O sururu sobre a Biblioteca Municipal","author":"Andr\u00e9 Pomponet","date":"13\/11\/2025","format":false,"excerpt":"Ano que vem entramos na segunda metade da d\u00e9cada. Durante todos estes anos a Biblioteca Municipal Arnold Silva \u2013 ali na rua Geminiano Costa \u2013 esteve em reformas. O equipamento, a prop\u00f3sito, ainda n\u00e3o foi entregue \u00e0 comunidade. Ali\u00e1s, nem se sabe quando ser\u00e1. Chegaram a cogitar uma permuta estapaf\u00fardia:\u2026","rel":"","context":"Em &quot;Colunistas&quot;","block_context":{"text":"Colunistas","link":"https:\/\/blogdafeira.com.br\/home\/categoria\/colunistas\/"},"img":{"alt_text":"","src":"https:\/\/i0.wp.com\/blogdafeira.com.br\/home\/wp-content\/uploads\/2025\/11\/FB_IMG_1763044054862.jpg?resize=350%2C200&ssl=1","width":350,"height":200,"srcset":"https:\/\/i0.wp.com\/blogdafeira.com.br\/home\/wp-content\/uploads\/2025\/11\/FB_IMG_1763044054862.jpg?resize=350%2C200&ssl=1 1x, https:\/\/i0.wp.com\/blogdafeira.com.br\/home\/wp-content\/uploads\/2025\/11\/FB_IMG_1763044054862.jpg?resize=525%2C300&ssl=1 1.5x, https:\/\/i0.wp.com\/blogdafeira.com.br\/home\/wp-content\/uploads\/2025\/11\/FB_IMG_1763044054862.jpg?resize=700%2C400&ssl=1 2x, https:\/\/i0.wp.com\/blogdafeira.com.br\/home\/wp-content\/uploads\/2025\/11\/FB_IMG_1763044054862.jpg?resize=1050%2C600&ssl=1 3x, https:\/\/i0.wp.com\/blogdafeira.com.br\/home\/wp-content\/uploads\/2025\/11\/FB_IMG_1763044054862.jpg?resize=1400%2C800&ssl=1 4x"},"classes":[]},{"id":13647,"url":"https:\/\/blogdafeira.com.br\/home\/2014\/11\/24\/ex-presidente-da-fundacao-biblioteca-nacional-faz-palestra-hoje-em-feira\/","url_meta":{"origin":4803,"position":4},"title":"Ex-presidente da Funda\u00e7\u00e3o Biblioteca Nacional faz palestra hoje em Feira","author":"Blog da Feira","date":"24\/11\/2014","format":false,"excerpt":"O escritor e jornalista Galeno Amorim, ex-presidente da Funda\u00e7\u00e3o Biblioteca Nacional, \u00e9 o palestrante de hoje \u00e0 noite no\u00a0\u201cSimp\u00f3sio das pinturas rupestres ao E-book: Feira de Santana na era da biblioteca digital \u2013 a cultura do livro para todos\u201d, evento que acontece a partir das 19h, na avenida Maria Quit\u00e9ria,\u2026","rel":"","context":"Em &quot;Home&quot;","block_context":{"text":"Home","link":"https:\/\/blogdafeira.com.br\/home\/categoria\/raiz\/"},"img":{"alt_text":"","src":"","width":0,"height":0},"classes":[]},{"id":26651,"url":"https:\/\/blogdafeira.com.br\/home\/2017\/04\/24\/conceicao-da-feira-vai-ter-beco-itinerante-proximo-fim-de-semana\/","url_meta":{"origin":4803,"position":5},"title":"Concei\u00e7\u00e3o da Feira vai ter &#8216;Beco Itinerante&#8217; pr\u00f3ximo fim de semana","author":"Blog da Feira","date":"24\/04\/2017","format":false,"excerpt":"Em decorr\u00eancia do sucesso de todos os projetos promovidos pelo \u201cColetivo do Beco \u00e9 Nosso'\u201d, todo mundo est\u00e1 convidado a conferir o mais novo projeto dessa galera que \u00e9 o \u201cBeco Itinerante\u201d. A primeira edi\u00e7\u00e3o ser\u00e1 neste s\u00e1bado (29) e domingo (30) na cidade de Concei\u00e7\u00e3o da Feira,a 31 Km\u2026","rel":"","context":"Em &quot;Home&quot;","block_context":{"text":"Home","link":"https:\/\/blogdafeira.com.br\/home\/categoria\/raiz\/"},"img":{"alt_text":"img-20170424-wa0032","src":"https:\/\/i0.wp.com\/blogdafeira.com.br\/home\/wp-content\/uploads\/2017\/04\/IMG-20170424-WA0032.jpg?resize=350%2C200","width":350,"height":200,"srcset":"https:\/\/i0.wp.com\/blogdafeira.com.br\/home\/wp-content\/uploads\/2017\/04\/IMG-20170424-WA0032.jpg?resize=350%2C200 1x, https:\/\/i0.wp.com\/blogdafeira.com.br\/home\/wp-content\/uploads\/2017\/04\/IMG-20170424-WA0032.jpg?resize=525%2C300 1.5x, https:\/\/i0.wp.com\/blogdafeira.com.br\/home\/wp-content\/uploads\/2017\/04\/IMG-20170424-WA0032.jpg?resize=700%2C400 2x"},"classes":[]}],"_links":{"self":[{"href":"https:\/\/blogdafeira.com.br\/home\/wp-json\/wp\/v2\/posts\/4803","targetHints":{"allow":["GET"]}}],"collection":[{"href":"https:\/\/blogdafeira.com.br\/home\/wp-json\/wp\/v2\/posts"}],"about":[{"href":"https:\/\/blogdafeira.com.br\/home\/wp-json\/wp\/v2\/types\/post"}],"author":[{"embeddable":true,"href":"https:\/\/blogdafeira.com.br\/home\/wp-json\/wp\/v2\/users\/1"}],"replies":[{"embeddable":true,"href":"https:\/\/blogdafeira.com.br\/home\/wp-json\/wp\/v2\/comments?post=4803"}],"version-history":[{"count":1,"href":"https:\/\/blogdafeira.com.br\/home\/wp-json\/wp\/v2\/posts\/4803\/revisions"}],"predecessor-version":[{"id":4807,"href":"https:\/\/blogdafeira.com.br\/home\/wp-json\/wp\/v2\/posts\/4803\/revisions\/4807"}],"wp:attachment":[{"href":"https:\/\/blogdafeira.com.br\/home\/wp-json\/wp\/v2\/media?parent=4803"}],"wp:term":[{"taxonomy":"category","embeddable":true,"href":"https:\/\/blogdafeira.com.br\/home\/wp-json\/wp\/v2\/categories?post=4803"},{"taxonomy":"post_tag","embeddable":true,"href":"https:\/\/blogdafeira.com.br\/home\/wp-json\/wp\/v2\/tags?post=4803"}],"curies":[{"name":"wp","href":"https:\/\/api.w.org\/{rel}","templated":true}]}}