{"id":48242,"date":"2021-11-10T07:41:48","date_gmt":"2021-11-10T10:41:48","guid":{"rendered":"https:\/\/blogdafeira.com.br\/home\/?p=48242"},"modified":"2021-11-11T20:30:20","modified_gmt":"2021-11-11T23:30:20","slug":"micro-onibus-vao-transportar-passageiros-da-zona-rural-de-feira","status":"publish","type":"post","link":"https:\/\/blogdafeira.com.br\/home\/2021\/11\/10\/micro-onibus-vao-transportar-passageiros-da-zona-rural-de-feira\/","title":{"rendered":"Micro-\u00f4nibus v\u00e3o transportar passageiros da zona rural de Feira"},"content":{"rendered":"<div id=\"blogd-1933394141\" class=\"blogd-fim-do-post-mobile blogd-entity-placement\" style=\"margin-left: auto;margin-right: auto;text-align: center;\"><a href=\"https:\/\/www.sefaz.feiradesantana.ba.gov.br\/\" target=\"_blank\" aria-label=\"728&#215;90 (6)\"><img loading=\"lazy\" decoding=\"async\" src=\"https:\/\/blogdafeira.com.br\/home\/wp-content\/uploads\/2026\/03\/728x90-6.gif\" alt=\"\"  class=\"no-lazyload\" width=\"728\" height=\"90\"  style=\"display: inline-block;\" \/><\/a><\/div><p style=\"text-align: justify;\">A Prefeitura de Feira de Santana come\u00e7a hoje a reorganizar o sistema de transporte p\u00fablico em algumas \u00e1reas rurais do Munic\u00edpio afetadas pela crise no transporte que paralisou as empresas que operavam o transporte com \u00f4nibus convencionais.<\/p><div id=\"blogd-743356306\" class=\"blogd-conteudo-2-mobile blogd-entity-placement\"><a href=\"https:\/\/feirenses.com.br\/\" target=\"_blank\" aria-label=\"feirenses\"><img loading=\"lazy\" decoding=\"async\" src=\"https:\/\/blogdafeira.com.br\/home\/wp-content\/uploads\/2026\/04\/feirenses.png\" alt=\"\"  srcset=\"https:\/\/blogdafeira.com.br\/home\/wp-content\/uploads\/2026\/04\/feirenses.png 300w, https:\/\/blogdafeira.com.br\/home\/wp-content\/uploads\/2026\/04\/feirenses-170x45.png 170w, https:\/\/blogdafeira.com.br\/home\/wp-content\/uploads\/2026\/04\/feirenses-280x74.png 280w\" sizes=\"(max-width: 300px) 100vw, 300px\" class=\"no-lazyload\" width=\"300\" height=\"79\"  style=\"display: inline-block;\" \/><\/a><\/div>\n<p style=\"text-align: justify;\">Os trechos onde os micro-\u00f4nibus v\u00e3o trabalhar s\u00e3o os seguintes:as linhas 50- S\u00e3o Jos\u00e9\/Pra\u00e7a do Tropeiro via Carro Quebrado, 52 &#8211; Candeia Grossa\/ Pra\u00e7a do Tropeiro, 123 &#8211; S\u00e3o Jos\u00e9\/Faz. Morro\/Terminal Norte e 124 &#8211; Santa<br \/>\nQuit\u00e9ria\/Adelba\/Terminal Norte do STCU.<\/p>\n<div id=\"blogd-3816118366\" class=\"blogd-final-post blogd-entity-placement\"><a href=\"https:\/\/www.feiradesantana.ba.leg.br\/\" target=\"_blank\" aria-label=\"BANNER-SITE-ENTREGADECHEQUE-CAMARADEFEIRA\"><img loading=\"lazy\" decoding=\"async\" src=\"https:\/\/blogdafeira.com.br\/home\/wp-content\/uploads\/2026\/03\/BANNER-SITE-ENTREGADECHEQUE-CAMARADEFEIRA.gif\" alt=\"\"  class=\"no-lazyload\" width=\"728\" height=\"90\"   \/><\/a><\/div><p style=\"text-align: justify;\">A Secretaria Municipal de Transportes e Tr\u00e2nsito (SMTT) convocou todos os permission\u00e1rios do Sistema de Transporte P\u00fablico Alternativo e Complementar (STPAC), que possuem ou possam dispor de micro-\u00f4nibus com catraca, a comparecerem HOJE, 10, \u00e0s 11h, na sede do \u00f3rg\u00e3o municipal, a fim de manifestar interesse em operar, em car\u00e1ter emergencial,<\/p>\n","protected":false},"excerpt":{"rendered":"<p>A Prefeitura de Feira de Santana come\u00e7a hoje a reorganizar o sistema de transporte p\u00fablico em algumas \u00e1reas rurais do Munic\u00edpio afetadas pela crise no transporte que paralisou as empresas que operavam o transporte com \u00f4nibus convencionais. Os trechos onde os micro-\u00f4nibus v\u00e3o trabalhar s\u00e3o os seguintes:as linhas 50- S\u00e3o Jos\u00e9\/Pra\u00e7a do Tropeiro via Carro<\/p>\n","protected":false},"author":1,"featured_media":48243,"comment_status":"open","ping_status":"open","sticky":false,"template":"","format":"standard","meta":{"jetpack_post_was_ever_published":false,"cybocfi_hide_featured_image":"","_jetpack_newsletter_access":"","_jetpack_dont_email_post_to_subs":false,"_jetpack_newsletter_tier_id":0,"_jetpack_memberships_contains_paywalled_content":false,"_jetpack_memberships_contains_paid_content":false,"footnotes":"","jetpack_publicize_message":"","jetpack_publicize_feature_enabled":true,"jetpack_social_post_already_shared":true,"jetpack_social_options":{"image_generator_settings":{"template":"highway","default_image_id":0,"font":"","enabled":false},"version":2}},"categories":[748,1],"tags":[],"class_list":["post-48242","post","type-post","status-publish","format-standard","has-post-thumbnail","hentry","category-distritos","category-raiz"],"jetpack_publicize_connections":[],"jetpack_featured_media_url":"https:\/\/blogdafeira.com.br\/home\/wp-content\/uploads\/2021\/11\/MICRO.jpg","jetpack_shortlink":"https:\/\/wp.me\/p3niVf-cy6","jetpack_sharing_enabled":true,"jetpack-related-posts":[{"id":58746,"url":"https:\/\/blogdafeira.com.br\/home\/2023\/07\/24\/linha-de-onibus-para-o-ovo-da-ema-beneficia-mais-oito-comunidades-rurais-de-feira\/","url_meta":{"origin":48242,"position":0},"title":"Linha de \u00f4nibus para o Ovo da Ema beneficia mais oito comunidades rurais de Feira","author":"Blog da Feira","date":"24\/07\/2023","format":false,"excerpt":"A comunidade do povoado Ovo da Ema, no distrito de Maria Quit\u00e9ria, est\u00e1 com acesso ao transporte p\u00fablico interligado ao Terminal Central desde \u00e0s 5h20 de hoje (24). A oferta da linha 123-Fazenda Morro\/Ovo da Ema faz parte da reprograma\u00e7\u00e3o dos itiner\u00e1rios de \u00f4nibus promovida pela Prefeitura de Feira para\u2026","rel":"","context":"Em &quot;Distritos&quot;","block_context":{"text":"Distritos","link":"https:\/\/blogdafeira.com.br\/home\/categoria\/distritos\/"},"img":{"alt_text":"","src":"https:\/\/i0.wp.com\/blogdafeira.com.br\/home\/wp-content\/uploads\/2023\/07\/24072023185037-1.jpg?resize=350%2C200&ssl=1","width":350,"height":200,"srcset":"https:\/\/i0.wp.com\/blogdafeira.com.br\/home\/wp-content\/uploads\/2023\/07\/24072023185037-1.jpg?resize=350%2C200&ssl=1 1x, https:\/\/i0.wp.com\/blogdafeira.com.br\/home\/wp-content\/uploads\/2023\/07\/24072023185037-1.jpg?resize=525%2C300&ssl=1 1.5x, https:\/\/i0.wp.com\/blogdafeira.com.br\/home\/wp-content\/uploads\/2023\/07\/24072023185037-1.jpg?resize=700%2C400&ssl=1 2x, https:\/\/i0.wp.com\/blogdafeira.com.br\/home\/wp-content\/uploads\/2023\/07\/24072023185037-1.jpg?resize=1050%2C600&ssl=1 3x"},"classes":[]},{"id":39954,"url":"https:\/\/blogdafeira.com.br\/home\/2020\/08\/30\/prefeitura-de-feira-amplia-frota-e-horario-do-transporte-coletivo\/","url_meta":{"origin":48242,"position":1},"title":"Prefeitura de Feira amplia frota e hor\u00e1rio do transporte coletivo","author":"Blog da Feira","date":"30\/08\/2020","format":false,"excerpt":"A partir desta segunda-feira (31), a Prefeitura Municipal de Feira de Santana, por meio da Secretaria de Transportes e Tr\u00e2nsito (SMTT), coloca em opera\u00e7\u00e3o 60% da frota de \u00f4nibus coletivos do Sistema Integrado de Transporte (SIT) e o atendimento passa a ser at\u00e9 21h, hor\u00e1rio do \u00faltimo bal\u00e3o. O incremento\u2026","rel":"","context":"Em &quot;Cidade&quot;","block_context":{"text":"Cidade","link":"https:\/\/blogdafeira.com.br\/home\/categoria\/cidade\/"},"img":{"alt_text":"","src":"https:\/\/i0.wp.com\/blogdafeira.com.br\/home\/wp-content\/uploads\/2020\/08\/TERMINAL-CENTRAL-SMTT.jpg?resize=350%2C200&ssl=1","width":350,"height":200,"srcset":"https:\/\/i0.wp.com\/blogdafeira.com.br\/home\/wp-content\/uploads\/2020\/08\/TERMINAL-CENTRAL-SMTT.jpg?resize=350%2C200&ssl=1 1x, https:\/\/i0.wp.com\/blogdafeira.com.br\/home\/wp-content\/uploads\/2020\/08\/TERMINAL-CENTRAL-SMTT.jpg?resize=525%2C300&ssl=1 1.5x, https:\/\/i0.wp.com\/blogdafeira.com.br\/home\/wp-content\/uploads\/2020\/08\/TERMINAL-CENTRAL-SMTT.jpg?resize=700%2C400&ssl=1 2x, https:\/\/i0.wp.com\/blogdafeira.com.br\/home\/wp-content\/uploads\/2020\/08\/TERMINAL-CENTRAL-SMTT.jpg?resize=1050%2C600&ssl=1 3x, https:\/\/i0.wp.com\/blogdafeira.com.br\/home\/wp-content\/uploads\/2020\/08\/TERMINAL-CENTRAL-SMTT.jpg?resize=1400%2C800&ssl=1 4x"},"classes":[]},{"id":55122,"url":"https:\/\/blogdafeira.com.br\/home\/2022\/10\/27\/em-feira-129-onibus-farao-transporte-gratuito-na-eleicao\/","url_meta":{"origin":48242,"position":2},"title":"Em Feira 129 \u00f4nibus far\u00e3o transporte gratuito na elei\u00e7\u00e3o","author":"Blog da Feira","date":"27\/10\/2022","format":false,"excerpt":"Uma opera\u00e7\u00e3o especial com 78 \u00f4nibus extras refor\u00e7a o transporte p\u00fablico em Feira de Santana neste domingo, 30, no segundo turno das elei\u00e7\u00f5es 2022.Ao todo, 129 ve\u00edculos circulam gratuitamente para usu\u00e1rios que possuem cart\u00e3o Via Feira, entre 5h e 20h. Segundo o secret\u00e1rio de Transportes e Tr\u00e2nsito (SMTT), Saulo Figueiredo,\u2026","rel":"","context":"Em &quot;Cidade&quot;","block_context":{"text":"Cidade","link":"https:\/\/blogdafeira.com.br\/home\/categoria\/cidade\/"},"img":{"alt_text":"","src":"https:\/\/i0.wp.com\/blogdafeira.com.br\/home\/wp-content\/uploads\/2022\/10\/27102022165804.jpg?resize=350%2C200&ssl=1","width":350,"height":200,"srcset":"https:\/\/i0.wp.com\/blogdafeira.com.br\/home\/wp-content\/uploads\/2022\/10\/27102022165804.jpg?resize=350%2C200&ssl=1 1x, https:\/\/i0.wp.com\/blogdafeira.com.br\/home\/wp-content\/uploads\/2022\/10\/27102022165804.jpg?resize=525%2C300&ssl=1 1.5x, https:\/\/i0.wp.com\/blogdafeira.com.br\/home\/wp-content\/uploads\/2022\/10\/27102022165804.jpg?resize=700%2C400&ssl=1 2x, https:\/\/i0.wp.com\/blogdafeira.com.br\/home\/wp-content\/uploads\/2022\/10\/27102022165804.jpg?resize=1050%2C600&ssl=1 3x"},"classes":[]},{"id":63924,"url":"https:\/\/blogdafeira.com.br\/home\/2024\/09\/22\/agerba-coloca-onibus-eletrico-em-mais-duas-linhas-de-integracao-com-o-metro\/","url_meta":{"origin":48242,"position":3},"title":"Agerba coloca \u00f4nibus el\u00e9trico em mais duas linhas de integra\u00e7\u00e3o com o Metr\u00f4","author":"Blog da Feira","date":"22\/09\/2024","format":false,"excerpt":"O Governo do Estado, por meio da Ag\u00eancia Estadual de Regula\u00e7\u00e3o de Servi\u00e7os P\u00fablicos de Energia, Transportes e Comunica\u00e7\u00f5es da Bahia (Agerba), passou a oferecer duas novas linhas de integra\u00e7\u00e3o com o metr\u00f4 da Regi\u00e3o Metropolitana de Salvador (RMS), atrav\u00e9s dos \u00f4nibus 100% el\u00e9tricos, desde sexta-feira (20). As linhas fazem\u2026","rel":"","context":"Em &quot;Cidade&quot;","block_context":{"text":"Cidade","link":"https:\/\/blogdafeira.com.br\/home\/categoria\/cidade\/"},"img":{"alt_text":"","src":"https:\/\/i0.wp.com\/blogdafeira.com.br\/home\/wp-content\/uploads\/2024\/09\/Fotos-Feijao-AlmeidaGOVBA-1-1-900x600-1.jpg?resize=350%2C200&ssl=1","width":350,"height":200,"srcset":"https:\/\/i0.wp.com\/blogdafeira.com.br\/home\/wp-content\/uploads\/2024\/09\/Fotos-Feijao-AlmeidaGOVBA-1-1-900x600-1.jpg?resize=350%2C200&ssl=1 1x, https:\/\/i0.wp.com\/blogdafeira.com.br\/home\/wp-content\/uploads\/2024\/09\/Fotos-Feijao-AlmeidaGOVBA-1-1-900x600-1.jpg?resize=525%2C300&ssl=1 1.5x, https:\/\/i0.wp.com\/blogdafeira.com.br\/home\/wp-content\/uploads\/2024\/09\/Fotos-Feijao-AlmeidaGOVBA-1-1-900x600-1.jpg?resize=700%2C400&ssl=1 2x"},"classes":[]},{"id":42409,"url":"https:\/\/blogdafeira.com.br\/home\/2020\/12\/11\/periodo-natalino-onibus-urbanos-passam-a-circular-ate-22h30\/","url_meta":{"origin":48242,"position":4},"title":"Per\u00edodo natalino: \u00f4nibus urbanos passam a circular at\u00e9 22h30","author":"Blog da Feira","date":"11\/12\/2020","format":false,"excerpt":"Desde ontem, 10, os \u00f4nibus coletivos urbanos de Feira de Santana est\u00e3o circulando em hor\u00e1rio especial at\u00e9 \u00e0s 22h30 de segunda a s\u00e1bado para facilitar a mobilidade das popula\u00e7\u00e3o ap\u00f3s as adequa\u00e7\u00f5es da Prefeitura autorizando o hor\u00e1rio excepcional de funcionamento do com\u00e9rcio neste final de ano. A partir das 5h,\u2026","rel":"","context":"Em &quot;Cidade&quot;","block_context":{"text":"Cidade","link":"https:\/\/blogdafeira.com.br\/home\/categoria\/cidade\/"},"img":{"alt_text":"","src":"https:\/\/i0.wp.com\/blogdafeira.com.br\/home\/wp-content\/uploads\/2020\/10\/onibus-brt.jpg?resize=350%2C200&ssl=1","width":350,"height":200,"srcset":"https:\/\/i0.wp.com\/blogdafeira.com.br\/home\/wp-content\/uploads\/2020\/10\/onibus-brt.jpg?resize=350%2C200&ssl=1 1x, https:\/\/i0.wp.com\/blogdafeira.com.br\/home\/wp-content\/uploads\/2020\/10\/onibus-brt.jpg?resize=525%2C300&ssl=1 1.5x, https:\/\/i0.wp.com\/blogdafeira.com.br\/home\/wp-content\/uploads\/2020\/10\/onibus-brt.jpg?resize=700%2C400&ssl=1 2x, https:\/\/i0.wp.com\/blogdafeira.com.br\/home\/wp-content\/uploads\/2020\/10\/onibus-brt.jpg?resize=1050%2C600&ssl=1 3x"},"classes":[]},{"id":28834,"url":"https:\/\/blogdafeira.com.br\/home\/2017\/12\/19\/gata-velha-aposentou-se-ele-foi-uma-especie-de-app-do-transporte-publico-em-feira\/","url_meta":{"origin":48242,"position":5},"title":"&#8216;Gata Velha&#8217; aposentou-se: ele foi uma esp\u00e9cie de &#8216;App&#8217; do transporte p\u00fablico em Feira","author":"Blog da Feira","date":"19\/12\/2017","format":false,"excerpt":"A rotina do vai e vem de \u00f4nibus em terminais \u00e9 certa para quem necessita do transporte p\u00fablico para se locomover pela cidade. Diariamente, milhares de passageiros passam pelos terminais com a inten\u00e7\u00e3o de chegar ao seu destino. As placas e letreiros sinalizam o roteiro de cada linha ofertada, al\u00e9m\u2026","rel":"","context":"Em &quot;Home&quot;","block_context":{"text":"Home","link":"https:\/\/blogdafeira.com.br\/home\/categoria\/raiz\/"},"img":{"alt_text":"gata-velha-5","src":"https:\/\/i0.wp.com\/blogdafeira.com.br\/home\/wp-content\/uploads\/2017\/12\/Gata-Velha-5.jpg?resize=350%2C200","width":350,"height":200},"classes":[]}],"_links":{"self":[{"href":"https:\/\/blogdafeira.com.br\/home\/wp-json\/wp\/v2\/posts\/48242","targetHints":{"allow":["GET"]}}],"collection":[{"href":"https:\/\/blogdafeira.com.br\/home\/wp-json\/wp\/v2\/posts"}],"about":[{"href":"https:\/\/blogdafeira.com.br\/home\/wp-json\/wp\/v2\/types\/post"}],"author":[{"embeddable":true,"href":"https:\/\/blogdafeira.com.br\/home\/wp-json\/wp\/v2\/users\/1"}],"replies":[{"embeddable":true,"href":"https:\/\/blogdafeira.com.br\/home\/wp-json\/wp\/v2\/comments?post=48242"}],"version-history":[{"count":2,"href":"https:\/\/blogdafeira.com.br\/home\/wp-json\/wp\/v2\/posts\/48242\/revisions"}],"predecessor-version":[{"id":48322,"href":"https:\/\/blogdafeira.com.br\/home\/wp-json\/wp\/v2\/posts\/48242\/revisions\/48322"}],"wp:featuredmedia":[{"embeddable":true,"href":"https:\/\/blogdafeira.com.br\/home\/wp-json\/wp\/v2\/media\/48243"}],"wp:attachment":[{"href":"https:\/\/blogdafeira.com.br\/home\/wp-json\/wp\/v2\/media?parent=48242"}],"wp:term":[{"taxonomy":"category","embeddable":true,"href":"https:\/\/blogdafeira.com.br\/home\/wp-json\/wp\/v2\/categories?post=48242"},{"taxonomy":"post_tag","embeddable":true,"href":"https:\/\/blogdafeira.com.br\/home\/wp-json\/wp\/v2\/tags?post=48242"}],"curies":[{"name":"wp","href":"https:\/\/api.w.org\/{rel}","templated":true}]}}