{"id":48350,"date":"2021-11-11T20:03:35","date_gmt":"2021-11-11T23:03:35","guid":{"rendered":"https:\/\/blogdafeira.com.br\/home\/?p=48350"},"modified":"2021-11-16T09:33:04","modified_gmt":"2021-11-16T12:33:04","slug":"bahia-deve-replicar-polarizacao-nas-eleicoes-estaduais","status":"publish","type":"post","link":"https:\/\/blogdafeira.com.br\/home\/2021\/11\/11\/bahia-deve-replicar-polarizacao-nas-eleicoes-estaduais\/","title":{"rendered":"Bahia deve replicar polariza\u00e7\u00e3o nas elei\u00e7\u00f5es estaduais"},"content":{"rendered":"<div id=\"blogd-1541565574\" class=\"blogd-fim-do-post-mobile blogd-entity-placement\" style=\"margin-left: auto;margin-right: auto;text-align: center;\"><a href=\"https:\/\/www.sefaz.feiradesantana.ba.gov.br\/\" target=\"_blank\" aria-label=\"728&#215;90 (6)\"><img loading=\"lazy\" decoding=\"async\" src=\"https:\/\/blogdafeira.com.br\/home\/wp-content\/uploads\/2026\/03\/728x90-6.gif\" alt=\"\"  class=\"no-lazyload\" width=\"728\" height=\"90\"  style=\"display: inline-block;\" \/><\/a><\/div><p style=\"text-align: justify;\">O encontro do eleitor brasileiro com as urnas \u00e9 s\u00f3 daqui a 11 meses. Mas a movimenta\u00e7\u00e3o nos bastidores pol\u00edticos j\u00e1 \u00e9 intensa na Bahia. Tudo indica que a polariza\u00e7\u00e3o \u2013 a palavra se banalizou, mas aplica-se ao contexto baiano \u2013 das \u00faltimas elei\u00e7\u00f5es vai se repetir no estado. Numa trincheira, o petismo e seus aliados sustentando a candidatura do senador Jaques Wagner (PT); do outro lado, o ex-prefeito de Salvador, ACM Neto, que tenta desbancar o petismo liderando o Uni\u00e3o Brasil, legenda que \u00e9 fruto da fus\u00e3o em andamento do DEM com o PSL.<\/p><div id=\"blogd-4165575224\" class=\"blogd-conteudo-2-mobile blogd-entity-placement\"><a href=\"https:\/\/feirenses.com.br\/\" target=\"_blank\" aria-label=\"feirenses\"><img loading=\"lazy\" decoding=\"async\" src=\"https:\/\/blogdafeira.com.br\/home\/wp-content\/uploads\/2026\/04\/feirenses.png\" alt=\"\"  srcset=\"https:\/\/blogdafeira.com.br\/home\/wp-content\/uploads\/2026\/04\/feirenses.png 300w, https:\/\/blogdafeira.com.br\/home\/wp-content\/uploads\/2026\/04\/feirenses-170x45.png 170w, https:\/\/blogdafeira.com.br\/home\/wp-content\/uploads\/2026\/04\/feirenses-280x74.png 280w\" sizes=\"(max-width: 300px) 100vw, 300px\" class=\"no-lazyload\" width=\"300\" height=\"79\"  style=\"display: inline-block;\" \/><\/a><\/div>\n<p style=\"text-align: justify;\">H\u00e1 um ano o cen\u00e1rio na situa\u00e7\u00e3o \u2013 o petismo governa a Bahia h\u00e1 quase 16 anos \u2013 era bem mais confuso. Al\u00e9m do ex-governador Jaques Wagner, o senador Otto Alencar (PSD) e o vice-governador Jo\u00e3o Le\u00e3o (PP) tamb\u00e9m figuravam como potenciais postulantes ao Pal\u00e1cio de Ondina.<\/p>\n<p style=\"text-align: justify;\">A anula\u00e7\u00e3o dos processos contra o ex-presidente Lula (PT) \u2013 maior cabo eleitoral no estado \u2013 cacifou o ex-governador Jaques Wagner e freou os \u00edmpetos de Otto Alencar e Jo\u00e3o Le\u00e3o, embora este \u00faltimo ainda insista no discurso da pr\u00e9-candidatura. Tudo indica, portanto, que a situa\u00e7\u00e3o lan\u00e7ar\u00e1 a candidatura \u00fanica de Jaques Wagner, chancelada pela popularidade e pela for\u00e7a pol\u00edtica do ex-presidente Lula.<\/p>\n<p style=\"text-align: justify;\">L\u00edder nas pesquisas at\u00e9 o momento, o ex-prefeito ACM Neto, por sua vez, enfrenta uma dissid\u00eancia no seu grupo: Jo\u00e3o Roma (Republicanos), al\u00e7ado \u00e0 condi\u00e7\u00e3o de Ministro da Cidadania, at\u00e9 aqui, figura como pr\u00e9-candidato a governador. Sua fun\u00e7\u00e3o seria garantir palanque para Jair Bolsonaro, o \u201cmito\u201d, na Bahia. O atual ministro ser\u00e1 mesmo candidato? N\u00e3o se sabe.<\/p>\n<p style=\"text-align: justify;\">O que se sabe \u00e9 que se especula muito sobre eventuais cis\u00f5es, deser\u00e7\u00f5es, ades\u00f5es, coopta\u00e7\u00f5es. Um dos pilares que d\u00e1 sustenta\u00e7\u00e3o ao projeto petista na Bahia, o PP de Jo\u00e3o Le\u00e3o, vem sendo alvo de in\u00fameras especula\u00e7\u00f5es: manter\u00e1 a alian\u00e7a com o pet\u00ea em 2022? Migrar\u00e1 para a base de ACM Neto, conforme se cogita h\u00e1 tempos? A legenda det\u00e9m dezenas de prefeituras e \u00e9 fiel na balan\u00e7a nas elei\u00e7\u00f5es estaduais. Suas op\u00e7\u00f5es podem ser decisivas em 2022.<\/p>\n<p style=\"text-align: justify;\">Circulando pela Bahia, ACM Neto j\u00e1 contabiliza algumas ades\u00f5es da base petista. Not\u00edcias indicam que, no come\u00e7o de dezembro, sua pr\u00e9-candidatura ser\u00e1 formalizada em um evento na capital. Em entrevistas, ele j\u00e1 alveja as pol\u00edticas de seguran\u00e7a p\u00fablica e de educa\u00e7\u00e3o do atual governo. E, ao que tudo indica, aposta em renova\u00e7\u00e3o, na satura\u00e7\u00e3o do ciclo petista de 16 anos.<\/p>\n<p style=\"text-align: justify;\">Os petistas, por sua vez, apostam no carisma e na popularidade de Lula para alavancar a candidatura de Jaques Wagner, que j\u00e1 foi governador duas vezes. Da\u00ed o esfor\u00e7o para nacionalizar a elei\u00e7\u00e3o, associando ACM Neto ao desastroso desgoverno de Jair Bolsonaro. \u00c9 indiscut\u00edvel o peso eleitoral de Lula na Bahia. Mas ser\u00e1 que a estrat\u00e9gia dar\u00e1 certo?<\/p>\n<div id=\"blogd-2919760554\" class=\"blogd-final-post blogd-entity-placement\"><a href=\"https:\/\/www.feiradesantana.ba.leg.br\/\" target=\"_blank\" aria-label=\"BANNER-SITE-ENTREGADECHEQUE-CAMARADEFEIRA\"><img loading=\"lazy\" decoding=\"async\" src=\"https:\/\/blogdafeira.com.br\/home\/wp-content\/uploads\/2026\/03\/BANNER-SITE-ENTREGADECHEQUE-CAMARADEFEIRA.gif\" alt=\"\"  class=\"no-lazyload\" width=\"728\" height=\"90\"   \/><\/a><\/div><p style=\"text-align: justify;\">Essas e outras d\u00favidas se desfar\u00e3o com o passar dos meses. Mas j\u00e1 \u00e9 evidente que o cen\u00e1rio ficou muito mais n\u00edtido nos \u00faltimos meses. Nele, destacam-se as pr\u00e9-candidaturas de ACM Neto e Jaques Wagner.<\/p>\n","protected":false},"excerpt":{"rendered":"<p>O encontro do eleitor brasileiro com as urnas \u00e9 s\u00f3 daqui a 11 meses. Mas a movimenta\u00e7\u00e3o nos bastidores pol\u00edticos j\u00e1 \u00e9 intensa na Bahia. Tudo indica que a polariza\u00e7\u00e3o \u2013 a palavra se banalizou, mas aplica-se ao contexto baiano \u2013 das \u00faltimas elei\u00e7\u00f5es vai se repetir no estado. Numa trincheira, o petismo e seus<\/p>\n","protected":false},"author":13,"featured_media":48357,"comment_status":"open","ping_status":"open","sticky":false,"template":"","format":"standard","meta":{"jetpack_post_was_ever_published":false,"cybocfi_hide_featured_image":"","_jetpack_newsletter_access":"","_jetpack_dont_email_post_to_subs":false,"_jetpack_newsletter_tier_id":0,"_jetpack_memberships_contains_paywalled_content":false,"_jetpack_memberships_contains_paid_content":false,"footnotes":"","jetpack_publicize_message":"","jetpack_publicize_feature_enabled":true,"jetpack_social_post_already_shared":true,"jetpack_social_options":{"image_generator_settings":{"template":"highway","default_image_id":0,"font":"","enabled":false},"version":2}},"categories":[680,592,1,631],"tags":[],"class_list":["post-48350","post","type-post","status-publish","format-standard","has-post-thumbnail","hentry","category-bahia","category-colunistas","category-raiz","category-politica"],"jetpack_publicize_connections":[],"jetpack_featured_media_url":"https:\/\/blogdafeira.com.br\/home\/wp-content\/uploads\/2021\/11\/750_eleicoes-2022_202172091246427.jpg","jetpack_shortlink":"https:\/\/wp.me\/p3niVf-czQ","jetpack_sharing_enabled":true,"jetpack-related-posts":[{"id":44901,"url":"https:\/\/blogdafeira.com.br\/home\/2021\/04\/15\/absolvicao-de-lula-mudara-cenario-politico-baiano\/","url_meta":{"origin":48350,"position":0},"title":"Absolvi\u00e7\u00e3o de Lula mudar\u00e1 cen\u00e1rio pol\u00edtico baiano?","author":"Andr\u00e9 Pomponet","date":"15\/04\/2021","format":false,"excerpt":"O Supremo Tribunal Federal, o STF, confirmou hoje (15) a anula\u00e7\u00e3o dos processos contra o ex-presidente Lu\u00eds In\u00e1cio Lula da Silva (PT). Com isso, caso queira, Lula pode se candidatar em 2022, j\u00e1 que n\u00e3o ostenta mais a condi\u00e7\u00e3o de ficha-suja. A decis\u00e3o n\u00e3o muda s\u00f3 o cen\u00e1rio das elei\u00e7\u00f5es\u2026","rel":"","context":"Em &quot;Bahia&quot;","block_context":{"text":"Bahia","link":"https:\/\/blogdafeira.com.br\/home\/categoria\/bahia\/"},"img":{"alt_text":"","src":"https:\/\/i0.wp.com\/blogdafeira.com.br\/home\/wp-content\/uploads\/2021\/03\/116985327_065312279-1.jpg?resize=350%2C200&ssl=1","width":350,"height":200,"srcset":"https:\/\/i0.wp.com\/blogdafeira.com.br\/home\/wp-content\/uploads\/2021\/03\/116985327_065312279-1.jpg?resize=350%2C200&ssl=1 1x, https:\/\/i0.wp.com\/blogdafeira.com.br\/home\/wp-content\/uploads\/2021\/03\/116985327_065312279-1.jpg?resize=525%2C300&ssl=1 1.5x"},"classes":[]},{"id":70973,"url":"https:\/\/blogdafeira.com.br\/home\/2026\/01\/19\/psd-movimenta-tabuleiro-eleitoral-baiano\/","url_meta":{"origin":48350,"position":1},"title":"PSD movimenta tabuleiro eleitoral baiano","author":"Andr\u00e9 Pomponet","date":"19\/01\/2026","format":false,"excerpt":"A semana come\u00e7a com uma tremenda novidade no cen\u00e1rio pol\u00edtico baiano: o senador Otto Alencar (PSD), em entrevista, garantiu que, caso deseje, o senador \u00c2ngelo Coronel (PSD) dispor\u00e1 da legenda para lan\u00e7ar candidatura avulsa ao Senado. Como se sabe, o petismo deseja rifar Coronel, lan\u00e7ando os nomes dos ex-governadores Jaques\u2026","rel":"","context":"Em &quot;Colunistas&quot;","block_context":{"text":"Colunistas","link":"https:\/\/blogdafeira.com.br\/home\/categoria\/colunistas\/"},"img":{"alt_text":"","src":"https:\/\/i0.wp.com\/blogdafeira.com.br\/home\/wp-content\/uploads\/2026\/01\/InShot_20260119_113520812.jpg?resize=350%2C200&ssl=1","width":350,"height":200,"srcset":"https:\/\/i0.wp.com\/blogdafeira.com.br\/home\/wp-content\/uploads\/2026\/01\/InShot_20260119_113520812.jpg?resize=350%2C200&ssl=1 1x, https:\/\/i0.wp.com\/blogdafeira.com.br\/home\/wp-content\/uploads\/2026\/01\/InShot_20260119_113520812.jpg?resize=525%2C300&ssl=1 1.5x, https:\/\/i0.wp.com\/blogdafeira.com.br\/home\/wp-content\/uploads\/2026\/01\/InShot_20260119_113520812.jpg?resize=700%2C400&ssl=1 2x, https:\/\/i0.wp.com\/blogdafeira.com.br\/home\/wp-content\/uploads\/2026\/01\/InShot_20260119_113520812.jpg?resize=1050%2C600&ssl=1 3x, https:\/\/i0.wp.com\/blogdafeira.com.br\/home\/wp-content\/uploads\/2026\/01\/InShot_20260119_113520812.jpg?resize=1400%2C800&ssl=1 4x"},"classes":[]},{"id":50963,"url":"https:\/\/blogdafeira.com.br\/home\/2022\/02\/25\/a-surpreendente-reviravolta-eleitoral-na-bahia\/","url_meta":{"origin":48350,"position":2},"title":"A surpreendente reviravolta eleitoral na Bahia","author":"Andr\u00e9 Pomponet","date":"25\/02\/2022","format":false,"excerpt":"Pode n\u00e3o se confirmar, mas a boataria que tomou conta da pol\u00edtica baiana indica que o ex-governador e atual senador Jaques Wagner (PT) n\u00e3o ser\u00e1 mais candidato a governador, conforme se anunciava. Seu lugar ser\u00e1 assumido pelo senador Otto Alencar (PSD). O arranjo, caso se concretize, permitir\u00e1 que o governador\u2026","rel":"","context":"Em &quot;Bahia&quot;","block_context":{"text":"Bahia","link":"https:\/\/blogdafeira.com.br\/home\/categoria\/bahia\/"},"img":{"alt_text":"","src":"https:\/\/i0.wp.com\/blogdafeira.com.br\/home\/wp-content\/uploads\/2022\/02\/1628290805610dbef5181d6_1628290805_3x2_md.jpg?resize=350%2C200&ssl=1","width":350,"height":200,"srcset":"https:\/\/i0.wp.com\/blogdafeira.com.br\/home\/wp-content\/uploads\/2022\/02\/1628290805610dbef5181d6_1628290805_3x2_md.jpg?resize=350%2C200&ssl=1 1x, https:\/\/i0.wp.com\/blogdafeira.com.br\/home\/wp-content\/uploads\/2022\/02\/1628290805610dbef5181d6_1628290805_3x2_md.jpg?resize=525%2C300&ssl=1 1.5x, https:\/\/i0.wp.com\/blogdafeira.com.br\/home\/wp-content\/uploads\/2022\/02\/1628290805610dbef5181d6_1628290805_3x2_md.jpg?resize=700%2C400&ssl=1 2x"},"classes":[]},{"id":42323,"url":"https:\/\/blogdafeira.com.br\/home\/2020\/12\/08\/pre-candidatura-de-otto-alencar-embaralha-sucessao-baiana\/","url_meta":{"origin":48350,"position":3},"title":"Pr\u00e9-candidatura de Otto Alencar embaralha sucess\u00e3o baiana","author":"Andr\u00e9 Pomponet","date":"08\/12\/2020","format":false,"excerpt":"As elei\u00e7\u00f5es de 2022 na Bahia come\u00e7aram assim que terminou a apura\u00e7\u00e3o dos votos do segundo turno para prefeito na Feira de Santana e em Vit\u00f3ria da Conquista. Fiador da vit\u00f3ria nas duas cidades \u2013 em ambas, o MDB virou contra candidatos do PT \u2013 o atual prefeito de Salvador,\u2026","rel":"","context":"Em &quot;Bahia&quot;","block_context":{"text":"Bahia","link":"https:\/\/blogdafeira.com.br\/home\/categoria\/bahia\/"},"img":{"alt_text":"","src":"https:\/\/i0.wp.com\/blogdafeira.com.br\/home\/wp-content\/uploads\/2020\/12\/imagem_materia-1.jpeg?resize=350%2C200&ssl=1","width":350,"height":200,"srcset":"https:\/\/i0.wp.com\/blogdafeira.com.br\/home\/wp-content\/uploads\/2020\/12\/imagem_materia-1.jpeg?resize=350%2C200&ssl=1 1x, https:\/\/i0.wp.com\/blogdafeira.com.br\/home\/wp-content\/uploads\/2020\/12\/imagem_materia-1.jpeg?resize=525%2C300&ssl=1 1.5x, https:\/\/i0.wp.com\/blogdafeira.com.br\/home\/wp-content\/uploads\/2020\/12\/imagem_materia-1.jpeg?resize=700%2C400&ssl=1 2x"},"classes":[]},{"id":64599,"url":"https:\/\/blogdafeira.com.br\/home\/2024\/11\/13\/jaques-wagner-ha-um-cerco-do-centrao-a-lula-pra-que-nada-de-certo\/","url_meta":{"origin":48350,"position":4},"title":"Jaques Wagner: H\u00e1 um cerco do Centr\u00e3o \u00e0 Lula pra que nada d\u00ea certo","author":"Blog da Feira","date":"13\/11\/2024","format":false,"excerpt":"O ex-governador da Bahia, senador Jaques Wagner diz que \"hoje h\u00e1 um cerco ao governo do presidente Lula para que as coisas n\u00e3o deem certo: do Centr\u00e3o, da extrema direita \u00e0 Faria Lima.\". O grande poderio do nosso projeto, encabe\u00e7ado pelo presidente Lula, \u00e9 a ideia de prosperar a vida\u2026","rel":"","context":"Em &quot;Home&quot;","block_context":{"text":"Home","link":"https:\/\/blogdafeira.com.br\/home\/categoria\/raiz\/"},"img":{"alt_text":"","src":"https:\/\/i0.wp.com\/blogdafeira.com.br\/home\/wp-content\/uploads\/2024\/11\/images-2.jpeg?resize=350%2C200&ssl=1","width":350,"height":200,"srcset":"https:\/\/i0.wp.com\/blogdafeira.com.br\/home\/wp-content\/uploads\/2024\/11\/images-2.jpeg?resize=350%2C200&ssl=1 1x, https:\/\/i0.wp.com\/blogdafeira.com.br\/home\/wp-content\/uploads\/2024\/11\/images-2.jpeg?resize=525%2C300&ssl=1 1.5x"},"classes":[]},{"id":37562,"url":"https:\/\/blogdafeira.com.br\/home\/2020\/05\/07\/jaques-wagner-sobre-major-denice-as-pessoas-querem-alguem-com-amor-no-coracao\/","url_meta":{"origin":48350,"position":5},"title":"Jaques Wagner sobre Major Denice: &#8220;as pessoas querem algu\u00e9m com amor no cora\u00e7\u00e3o&#8221;","author":"J\u00e2nio R\u00eago","date":"07\/05\/2020","format":false,"excerpt":"'Considero Major Denice \u00a0uma boa escolha do do PT de Salvador. Al\u00e9m de ser mulher, negra e de uma institui\u00e7\u00e3o respeitada, a Pol\u00edcia\u00a0@policiamilitaba, tem a marca do carinho e sensibilidade. As pessoas n\u00e3o querem apenas uma m\u00e1quina de fazer pol\u00edtica, mas algu\u00e9m com amor no cora\u00e7\u00e3o,\"postou hoje na p\u00e1gina do\u2026","rel":"","context":"Em &quot;Bahia&quot;","block_context":{"text":"Bahia","link":"https:\/\/blogdafeira.com.br\/home\/categoria\/bahia\/"},"img":{"alt_text":"","src":"https:\/\/i0.wp.com\/blogdafeira.com.br\/home\/wp-content\/uploads\/2020\/05\/major-denice.png?resize=350%2C200&ssl=1","width":350,"height":200,"srcset":"https:\/\/i0.wp.com\/blogdafeira.com.br\/home\/wp-content\/uploads\/2020\/05\/major-denice.png?resize=350%2C200&ssl=1 1x, https:\/\/i0.wp.com\/blogdafeira.com.br\/home\/wp-content\/uploads\/2020\/05\/major-denice.png?resize=525%2C300&ssl=1 1.5x, https:\/\/i0.wp.com\/blogdafeira.com.br\/home\/wp-content\/uploads\/2020\/05\/major-denice.png?resize=700%2C400&ssl=1 2x"},"classes":[]}],"_links":{"self":[{"href":"https:\/\/blogdafeira.com.br\/home\/wp-json\/wp\/v2\/posts\/48350","targetHints":{"allow":["GET"]}}],"collection":[{"href":"https:\/\/blogdafeira.com.br\/home\/wp-json\/wp\/v2\/posts"}],"about":[{"href":"https:\/\/blogdafeira.com.br\/home\/wp-json\/wp\/v2\/types\/post"}],"author":[{"embeddable":true,"href":"https:\/\/blogdafeira.com.br\/home\/wp-json\/wp\/v2\/users\/13"}],"replies":[{"embeddable":true,"href":"https:\/\/blogdafeira.com.br\/home\/wp-json\/wp\/v2\/comments?post=48350"}],"version-history":[{"count":3,"href":"https:\/\/blogdafeira.com.br\/home\/wp-json\/wp\/v2\/posts\/48350\/revisions"}],"predecessor-version":[{"id":48358,"href":"https:\/\/blogdafeira.com.br\/home\/wp-json\/wp\/v2\/posts\/48350\/revisions\/48358"}],"wp:featuredmedia":[{"embeddable":true,"href":"https:\/\/blogdafeira.com.br\/home\/wp-json\/wp\/v2\/media\/48357"}],"wp:attachment":[{"href":"https:\/\/blogdafeira.com.br\/home\/wp-json\/wp\/v2\/media?parent=48350"}],"wp:term":[{"taxonomy":"category","embeddable":true,"href":"https:\/\/blogdafeira.com.br\/home\/wp-json\/wp\/v2\/categories?post=48350"},{"taxonomy":"post_tag","embeddable":true,"href":"https:\/\/blogdafeira.com.br\/home\/wp-json\/wp\/v2\/tags?post=48350"}],"curies":[{"name":"wp","href":"https:\/\/api.w.org\/{rel}","templated":true}]}}