{"id":4865,"date":"2013-09-07T09:11:42","date_gmt":"2013-09-07T12:11:42","guid":{"rendered":"http:\/\/blogdafeira.com.br\/home\/?p=4865"},"modified":"2013-09-07T09:11:42","modified_gmt":"2013-09-07T12:11:42","slug":"ciretran-de-feira-muda-horario-e-acaba-filas-no-setor-de-vistorias","status":"publish","type":"post","link":"https:\/\/blogdafeira.com.br\/home\/2013\/09\/07\/ciretran-de-feira-muda-horario-e-acaba-filas-no-setor-de-vistorias\/","title":{"rendered":"Ciretran de Feira muda hor\u00e1rio e acaba filas no setor de vistorias"},"content":{"rendered":"<div id=\"blogd-3999747397\" class=\"blogd-fim-do-post-mobile blogd-entity-placement\" style=\"margin-left: auto;margin-right: auto;text-align: center;\"><a href=\"https:\/\/www.sefaz.feiradesantana.ba.gov.br\/\" target=\"_blank\" aria-label=\"728&#215;90 (6)\"><img loading=\"lazy\" decoding=\"async\" src=\"https:\/\/blogdafeira.com.br\/home\/wp-content\/uploads\/2026\/03\/728x90-6.gif\" alt=\"\"  class=\"no-lazyload\" width=\"728\" height=\"90\"  style=\"display: inline-block;\" \/><\/a><\/div><p>Em vigor desde o \u00faltimo dia 02 de setembro, o novo hor\u00e1rio de funcionamento do servi\u00e7o de vistoria da 3\u00aa Circunscri\u00e7\u00e3o Regional de Tr\u00e2nsito (Ciretran) de Feira de Santana, das 8 \u00e0s 16 horas, sem interrup\u00e7\u00e3o, proporcionou o fim das filas de espera.<\/p><div id=\"blogd-898007185\" class=\"blogd-conteudo-2-mobile blogd-entity-placement\"><a href=\"https:\/\/feirenses.com.br\/\" target=\"_blank\" aria-label=\"feirenses\"><img loading=\"lazy\" decoding=\"async\" src=\"https:\/\/blogdafeira.com.br\/home\/wp-content\/uploads\/2026\/04\/feirenses.png\" alt=\"\"  srcset=\"https:\/\/blogdafeira.com.br\/home\/wp-content\/uploads\/2026\/04\/feirenses.png 300w, https:\/\/blogdafeira.com.br\/home\/wp-content\/uploads\/2026\/04\/feirenses-170x45.png 170w, https:\/\/blogdafeira.com.br\/home\/wp-content\/uploads\/2026\/04\/feirenses-280x74.png 280w\" sizes=\"(max-width: 300px) 100vw, 300px\" class=\"no-lazyload\" width=\"300\" height=\"79\"  style=\"display: inline-block;\" \/><\/a><\/div>\n<p>A equipe de vistoriadores atende uma m\u00e9dia de 150 ve\u00edculos por dia, com intervalo que varia de 12 a 15 minutos cada vistoria<\/p>\n<div id=\"blogd-1505913256\" class=\"blogd-final-post blogd-entity-placement\"><a href=\"https:\/\/www.feiradesantana.ba.leg.br\/\" target=\"_blank\" aria-label=\"BANNER-SITE-ENTREGADECHEQUE-CAMARADEFEIRA\"><img loading=\"lazy\" decoding=\"async\" src=\"https:\/\/blogdafeira.com.br\/home\/wp-content\/uploads\/2026\/03\/BANNER-SITE-ENTREGADECHEQUE-CAMARADEFEIRA.gif\" alt=\"\"  class=\"no-lazyload\" width=\"728\" height=\"90\"   \/><\/a><\/div><p>De acordo com o coordenador do setor de Vistorias, Raimundo Leal Correia, a implanta\u00e7\u00e3o do novo hor\u00e1rio de atendimento, aliada ao agendamento pr\u00e9vio, garante atendimento de qualidade ao cidad\u00e3o e melhores condi\u00e7\u00f5es de trabalho aos servidores.<\/p>\n","protected":false},"excerpt":{"rendered":"<p>Em vigor desde o \u00faltimo dia 02 de setembro, o novo hor\u00e1rio de funcionamento do servi\u00e7o de vistoria da 3\u00aa Circunscri\u00e7\u00e3o Regional de Tr\u00e2nsito (Ciretran) de Feira de Santana, das 8 \u00e0s 16 horas, sem interrup\u00e7\u00e3o, proporcionou o fim das filas de espera. A equipe de vistoriadores atende uma m\u00e9dia de 150 ve\u00edculos por dia,<\/p>\n","protected":false},"author":1,"featured_media":0,"comment_status":"closed","ping_status":"closed","sticky":false,"template":"","format":"standard","meta":{"jetpack_post_was_ever_published":false,"cybocfi_hide_featured_image":"","_jetpack_newsletter_access":"","_jetpack_dont_email_post_to_subs":false,"_jetpack_newsletter_tier_id":0,"_jetpack_memberships_contains_paywalled_content":false,"_jetpack_memberships_contains_paid_content":false,"footnotes":"","jetpack_publicize_message":"","jetpack_publicize_feature_enabled":true,"jetpack_social_post_already_shared":true,"jetpack_social_options":{"image_generator_settings":{"template":"highway","default_image_id":0,"font":"","enabled":false},"version":2}},"categories":[1],"tags":[],"class_list":["post-4865","post","type-post","status-publish","format-standard","hentry","category-raiz"],"jetpack_publicize_connections":[],"jetpack_featured_media_url":"","jetpack_shortlink":"https:\/\/wp.me\/p3niVf-1gt","jetpack_sharing_enabled":true,"jetpack-related-posts":[{"id":10831,"url":"https:\/\/blogdafeira.com.br\/home\/2014\/06\/06\/ciretran-de-feira-amplia-horario-de-atendimento-ao-publico\/","url_meta":{"origin":4865,"position":0},"title":"Ciretran de Feira amplia hor\u00e1rio de atendimento ao p\u00fablico","author":"Blog da Feira","date":"06\/06\/2014","format":false,"excerpt":"A 3\u00aa Circunscri\u00e7\u00e3o Regional de Tr\u00e2nsito (Ciretran) de Feira de Santana ampliou o hor\u00e1rio de atendimento ao cidad\u00e3o nos setores de entrega de documentos de ve\u00edculos e de habilita\u00e7\u00e3o e na Central de Atendimento. Os cidad\u00e3os ser\u00e3o atendidos das 08 \u00e0s 16 horas, sem interrup\u00e7\u00e3o. Os setores administrativos e as\u2026","rel":"","context":"Em &quot;Home&quot;","block_context":{"text":"Home","link":"https:\/\/blogdafeira.com.br\/home\/categoria\/raiz\/"},"img":{"alt_text":"","src":"","width":0,"height":0},"classes":[]},{"id":64281,"url":"https:\/\/blogdafeira.com.br\/home\/2024\/10\/15\/feira-tem-1-500-taxis-prefeitura-faz-vistoria-na-frota-ate-o-20-de-dezembro\/","url_meta":{"origin":4865,"position":1},"title":"Feira tem 1.500 t\u00e1xis; Prefeitura faz vistoria na frota at\u00e9 dia 20 de dezembro","author":"Blog da Feira","date":"15\/10\/2024","format":false,"excerpt":"S\u00e3o 1.500 t\u00e1xis em Feira de Santana, segundo a Prefeitura de Feira de Santana que est\u00e1 realizando\u00a0 vistoria anual e obrigat\u00f3ria dessa frota de\u00a0 ve\u00edculos at\u00e9 o dia 20 de dezembro. A fiscaliza\u00e7\u00e3o ocorre de segunda a sexta-feira, em dois turnos: das 9h \u00e0s 11h30, e das 14h \u00e0s 16h30.\u2026","rel":"","context":"Em &quot;Cidade&quot;","block_context":{"text":"Cidade","link":"https:\/\/blogdafeira.com.br\/home\/categoria\/cidade\/"},"img":{"alt_text":"","src":"https:\/\/i0.wp.com\/blogdafeira.com.br\/home\/wp-content\/uploads\/2024\/10\/20180918_170148_HDR-scaled.jpg?resize=350%2C200&ssl=1","width":350,"height":200,"srcset":"https:\/\/i0.wp.com\/blogdafeira.com.br\/home\/wp-content\/uploads\/2024\/10\/20180918_170148_HDR-scaled.jpg?resize=350%2C200&ssl=1 1x, https:\/\/i0.wp.com\/blogdafeira.com.br\/home\/wp-content\/uploads\/2024\/10\/20180918_170148_HDR-scaled.jpg?resize=525%2C300&ssl=1 1.5x, https:\/\/i0.wp.com\/blogdafeira.com.br\/home\/wp-content\/uploads\/2024\/10\/20180918_170148_HDR-scaled.jpg?resize=700%2C400&ssl=1 2x, https:\/\/i0.wp.com\/blogdafeira.com.br\/home\/wp-content\/uploads\/2024\/10\/20180918_170148_HDR-scaled.jpg?resize=1050%2C600&ssl=1 3x, https:\/\/i0.wp.com\/blogdafeira.com.br\/home\/wp-content\/uploads\/2024\/10\/20180918_170148_HDR-scaled.jpg?resize=1400%2C800&ssl=1 4x"},"classes":[]},{"id":11508,"url":"https:\/\/blogdafeira.com.br\/home\/2014\/07\/23\/vereadores-pedem-interdicao-do-parque-da-cidade-e-vistoria-no-erivaldo-cerqueira\/","url_meta":{"origin":4865,"position":2},"title":"Vereadores pedem interdi\u00e7\u00e3o do Parque da Cidade e vistoria no &#8216;Erivaldo Cerqueira&#8217;","author":"Blog da Feira","date":"23\/07\/2014","format":false,"excerpt":"A Comiss\u00e3o de Obras e Urbanismo e Infraestrutura da C\u00e2mara de Vereadores pediu ao Governo de Feira de Santana que interdite o Parque da Cidade \u2018Frei Monteiro\u2019, onde uma crian\u00e7a sofreu traumatismo craniano em um dos brinquedos, no \u00faltimo domingo. Os vereadores Alberto Nery e Correia Zezito \u00a0visitaram o Parque\u2026","rel":"","context":"Em &quot;Home&quot;","block_context":{"text":"Home","link":"https:\/\/blogdafeira.com.br\/home\/categoria\/raiz\/"},"img":{"alt_text":"PARQUE ERIVALDO CERQUEIRA","src":"https:\/\/i0.wp.com\/blogdafeira.com.br\/home\/wp-content\/uploads\/2014\/07\/PARQUE-ERIVALDO-CERQUEIRA.jpg?resize=350%2C200","width":350,"height":200,"srcset":"https:\/\/i0.wp.com\/blogdafeira.com.br\/home\/wp-content\/uploads\/2014\/07\/PARQUE-ERIVALDO-CERQUEIRA.jpg?resize=350%2C200 1x, https:\/\/i0.wp.com\/blogdafeira.com.br\/home\/wp-content\/uploads\/2014\/07\/PARQUE-ERIVALDO-CERQUEIRA.jpg?resize=525%2C300 1.5x"},"classes":[]},{"id":60673,"url":"https:\/\/blogdafeira.com.br\/home\/2024\/01\/03\/feira-tem-1350-taxis-219-ainda-foram-vistoriados-pela-prefeitura\/","url_meta":{"origin":4865,"position":3},"title":"Feira tem 1350 t\u00e1xis; 219 ainda n\u00e3o foram vistoriados pela Prefeitura","author":"Blog da Feira","date":"03\/01\/2024","format":false,"excerpt":"Taxistas de Feira de Santana que ainda n\u00e3o realizaram a vistoria anual obrigat\u00f3ria de ve\u00edculos do Sistema de Transporte Individual de Passageiros por T\u00e1xi (STIP) tem at\u00e9 o dia 12 para comparecer \u00e0 garagem da SOMA, situada \u00e0 rua Tupinamb\u00e1, s\/n, bairro S\u00e3o Jo\u00e3o. O prazo extra foi concedido pela\u2026","rel":"","context":"Em &quot;Geral&quot;","block_context":{"text":"Geral","link":"https:\/\/blogdafeira.com.br\/home\/categoria\/geral\/"},"img":{"alt_text":"","src":"https:\/\/i0.wp.com\/blogdafeira.com.br\/home\/wp-content\/uploads\/2024\/01\/acfe8a59-f85c-4ad5-ae49-c67d104b9b13.jpg?resize=350%2C200&ssl=1","width":350,"height":200,"srcset":"https:\/\/i0.wp.com\/blogdafeira.com.br\/home\/wp-content\/uploads\/2024\/01\/acfe8a59-f85c-4ad5-ae49-c67d104b9b13.jpg?resize=350%2C200&ssl=1 1x, https:\/\/i0.wp.com\/blogdafeira.com.br\/home\/wp-content\/uploads\/2024\/01\/acfe8a59-f85c-4ad5-ae49-c67d104b9b13.jpg?resize=525%2C300&ssl=1 1.5x, https:\/\/i0.wp.com\/blogdafeira.com.br\/home\/wp-content\/uploads\/2024\/01\/acfe8a59-f85c-4ad5-ae49-c67d104b9b13.jpg?resize=700%2C400&ssl=1 2x, https:\/\/i0.wp.com\/blogdafeira.com.br\/home\/wp-content\/uploads\/2024\/01\/acfe8a59-f85c-4ad5-ae49-c67d104b9b13.jpg?resize=1050%2C600&ssl=1 3x"},"classes":[]},{"id":66715,"url":"https:\/\/blogdafeira.com.br\/home\/2025\/04\/14\/micareta-ministerio-publico-inspeciona-montagem-de-camarotes-e-aponta-problemas\/","url_meta":{"origin":4865,"position":4},"title":"MICARETA: Minist\u00e9rio P\u00fablico inspeciona montagem de camarotes e aponta problemas","author":"Blog da Feira","date":"14\/04\/2025","format":false,"excerpt":"O Minist\u00e9rio P\u00fablico do Estado da Bahia fez hoje (segunda-feira ,14) uma vistoria\u00a0 pr\u00e9via nos camarotes p\u00fablicos e privados que est\u00e3o sendo instalados no circuito oficial da Micareta de Feira de Santana, que acontece entre os dias 1\u00ba e 4 de maio. As inspe\u00e7\u00f5es, que foram realizadas junto com a\u2026","rel":"","context":"Em &quot;Cidade&quot;","block_context":{"text":"Cidade","link":"https:\/\/blogdafeira.com.br\/home\/categoria\/cidade\/"},"img":{"alt_text":"","src":"https:\/\/i0.wp.com\/blogdafeira.com.br\/home\/wp-content\/uploads\/2025\/04\/c028ef65-5732-4453-bbd6-a12420e6a1f4.jpeg?resize=350%2C200&ssl=1","width":350,"height":200,"srcset":"https:\/\/i0.wp.com\/blogdafeira.com.br\/home\/wp-content\/uploads\/2025\/04\/c028ef65-5732-4453-bbd6-a12420e6a1f4.jpeg?resize=350%2C200&ssl=1 1x, https:\/\/i0.wp.com\/blogdafeira.com.br\/home\/wp-content\/uploads\/2025\/04\/c028ef65-5732-4453-bbd6-a12420e6a1f4.jpeg?resize=525%2C300&ssl=1 1.5x, https:\/\/i0.wp.com\/blogdafeira.com.br\/home\/wp-content\/uploads\/2025\/04\/c028ef65-5732-4453-bbd6-a12420e6a1f4.jpeg?resize=700%2C400&ssl=1 2x, https:\/\/i0.wp.com\/blogdafeira.com.br\/home\/wp-content\/uploads\/2025\/04\/c028ef65-5732-4453-bbd6-a12420e6a1f4.jpeg?resize=1050%2C600&ssl=1 3x"},"classes":[]},{"id":47633,"url":"https:\/\/blogdafeira.com.br\/home\/2021\/10\/04\/estado-tem-64-milhoes-para-investir-em-escolasna-feira\/","url_meta":{"origin":4865,"position":5},"title":"Estado tem R$ 64 milh\u00f5es para investir em escolas na Feira","author":"Blog da Feira","date":"04\/10\/2021","format":false,"excerpt":"A Secretaria da Educa\u00e7\u00e3o do Estado (SEC) realizou uma vistoria t\u00e9cnica em unidades da rede estadual de ensino, no s\u00e1bado (2), em Feira de Santana, e em terrenos que poder\u00e3o sediar novas escolas estaduais. Para o munic\u00edpio, o Estado destinou mais de 64 milh\u00f5es para construir novas escolas em tempo\u2026","rel":"","context":"Em &quot;Cidade&quot;","block_context":{"text":"Cidade","link":"https:\/\/blogdafeira.com.br\/home\/categoria\/cidade\/"},"img":{"alt_text":"","src":"https:\/\/i0.wp.com\/blogdafeira.com.br\/home\/wp-content\/uploads\/2021\/10\/WhatsApp-Image-2021-10-02-at-15.02.32.jpeg?resize=350%2C200&ssl=1","width":350,"height":200,"srcset":"https:\/\/i0.wp.com\/blogdafeira.com.br\/home\/wp-content\/uploads\/2021\/10\/WhatsApp-Image-2021-10-02-at-15.02.32.jpeg?resize=350%2C200&ssl=1 1x, https:\/\/i0.wp.com\/blogdafeira.com.br\/home\/wp-content\/uploads\/2021\/10\/WhatsApp-Image-2021-10-02-at-15.02.32.jpeg?resize=525%2C300&ssl=1 1.5x, https:\/\/i0.wp.com\/blogdafeira.com.br\/home\/wp-content\/uploads\/2021\/10\/WhatsApp-Image-2021-10-02-at-15.02.32.jpeg?resize=700%2C400&ssl=1 2x, https:\/\/i0.wp.com\/blogdafeira.com.br\/home\/wp-content\/uploads\/2021\/10\/WhatsApp-Image-2021-10-02-at-15.02.32.jpeg?resize=1050%2C600&ssl=1 3x, https:\/\/i0.wp.com\/blogdafeira.com.br\/home\/wp-content\/uploads\/2021\/10\/WhatsApp-Image-2021-10-02-at-15.02.32.jpeg?resize=1400%2C800&ssl=1 4x"},"classes":[]}],"_links":{"self":[{"href":"https:\/\/blogdafeira.com.br\/home\/wp-json\/wp\/v2\/posts\/4865","targetHints":{"allow":["GET"]}}],"collection":[{"href":"https:\/\/blogdafeira.com.br\/home\/wp-json\/wp\/v2\/posts"}],"about":[{"href":"https:\/\/blogdafeira.com.br\/home\/wp-json\/wp\/v2\/types\/post"}],"author":[{"embeddable":true,"href":"https:\/\/blogdafeira.com.br\/home\/wp-json\/wp\/v2\/users\/1"}],"replies":[{"embeddable":true,"href":"https:\/\/blogdafeira.com.br\/home\/wp-json\/wp\/v2\/comments?post=4865"}],"version-history":[{"count":2,"href":"https:\/\/blogdafeira.com.br\/home\/wp-json\/wp\/v2\/posts\/4865\/revisions"}],"predecessor-version":[{"id":4867,"href":"https:\/\/blogdafeira.com.br\/home\/wp-json\/wp\/v2\/posts\/4865\/revisions\/4867"}],"wp:attachment":[{"href":"https:\/\/blogdafeira.com.br\/home\/wp-json\/wp\/v2\/media?parent=4865"}],"wp:term":[{"taxonomy":"category","embeddable":true,"href":"https:\/\/blogdafeira.com.br\/home\/wp-json\/wp\/v2\/categories?post=4865"},{"taxonomy":"post_tag","embeddable":true,"href":"https:\/\/blogdafeira.com.br\/home\/wp-json\/wp\/v2\/tags?post=4865"}],"curies":[{"name":"wp","href":"https:\/\/api.w.org\/{rel}","templated":true}]}}