{"id":48772,"date":"2021-11-23T07:22:32","date_gmt":"2021-11-23T10:22:32","guid":{"rendered":"https:\/\/blogdafeira.com.br\/home\/?p=48772"},"modified":"2021-11-24T20:44:34","modified_gmt":"2021-11-24T23:44:34","slug":"vereadores-de-feira-podem-instalar-uma-cpi-dos-caixoes-de-defunto","status":"publish","type":"post","link":"https:\/\/blogdafeira.com.br\/home\/2021\/11\/23\/vereadores-de-feira-podem-instalar-uma-cpi-dos-caixoes-de-defunto\/","title":{"rendered":"Vereadores de Feira podem instalar uma &#8216;CPI do Caix\u00e3o de defunto&#8217;"},"content":{"rendered":"<div id=\"blogd-2224305102\" class=\"blogd-fim-do-post-mobile blogd-entity-placement\" style=\"margin-left: auto;margin-right: auto;text-align: center;\"><a href=\"https:\/\/www.sefaz.feiradesantana.ba.gov.br\/\" target=\"_blank\" aria-label=\"728&#215;90 (6)\"><img loading=\"lazy\" decoding=\"async\" src=\"https:\/\/blogdafeira.com.br\/home\/wp-content\/uploads\/2026\/03\/728x90-6.gif\" alt=\"\"  class=\"no-lazyload\" width=\"728\" height=\"90\"  style=\"display: inline-block;\" \/><\/a><\/div><p style=\"text-align: justify;\">A compra de urnas funer\u00e1rias, no valor de R$ 510 mil, pela Prefeitura, est\u00e1 sendo considerada suspeita, pelo vereador Fernando Torres (PSD), presidente da C\u00e2mara de Vereadores de Feira de Santana.<\/p><div id=\"blogd-434232419\" class=\"blogd-conteudo-2-mobile blogd-entity-placement\"><a href=\"https:\/\/feirenses.com.br\/\" target=\"_blank\" aria-label=\"feirenses\"><img loading=\"lazy\" decoding=\"async\" src=\"https:\/\/blogdafeira.com.br\/home\/wp-content\/uploads\/2026\/04\/feirenses.png\" alt=\"\"  srcset=\"https:\/\/blogdafeira.com.br\/home\/wp-content\/uploads\/2026\/04\/feirenses.png 300w, https:\/\/blogdafeira.com.br\/home\/wp-content\/uploads\/2026\/04\/feirenses-170x45.png 170w, https:\/\/blogdafeira.com.br\/home\/wp-content\/uploads\/2026\/04\/feirenses-280x74.png 280w\" sizes=\"(max-width: 300px) 100vw, 300px\" class=\"no-lazyload\" width=\"300\" height=\"79\"  style=\"display: inline-block;\" \/><\/a><\/div>\n<p style=\"text-align: justify;\">Considerado o &#8220;Rei das CPIs&#8221; por um dos vereadores, devido ao n\u00famero de comiss\u00f5es especiais existentes atualmente na Casa, o presidente da C\u00e2mara ainda n\u00e3o levantou a possibilidade de investigar a compra dos <em>caix\u00f5es de defunto <\/em>atrav\u00e9s de uma CPI, mas essa hip\u00f3tese n\u00e3o foi descartada.<\/p>\n<div id=\"blogd-1342272130\" class=\"blogd-final-post blogd-entity-placement\"><a href=\"https:\/\/www.feiradesantana.ba.leg.br\/\" target=\"_blank\" aria-label=\"BANNER-SITE-ENTREGADECHEQUE-CAMARADEFEIRA\"><img loading=\"lazy\" decoding=\"async\" src=\"https:\/\/blogdafeira.com.br\/home\/wp-content\/uploads\/2026\/03\/BANNER-SITE-ENTREGADECHEQUE-CAMARADEFEIRA.gif\" alt=\"\"  class=\"no-lazyload\" width=\"728\" height=\"90\"   \/><\/a><\/div><p style=\"text-align: justify;\">Ontem, Torres subiu \u00e0 tribuna e <em>chamou a aten\u00e7\u00e3o<\/em> do Tribunal de Contas dos Munic\u00edpios e do Minist\u00e9rio P\u00fablico para a necessidade de uma investiga\u00e7\u00e3o, acrescentando pelo menos uma informa\u00e7\u00e3o:&#8221;<em>Um caix\u00e3o deve custar R$ 200,00<\/em>&#8220;. O presidente tamb\u00e9m \u00e9 comerciante em Feira.<\/p>\n","protected":false},"excerpt":{"rendered":"<p>A compra de urnas funer\u00e1rias, no valor de R$ 510 mil, pela Prefeitura, est\u00e1 sendo considerada suspeita, pelo vereador Fernando Torres (PSD), presidente da C\u00e2mara de Vereadores de Feira de Santana. Considerado o &#8220;Rei das CPIs&#8221; por um dos vereadores, devido ao n\u00famero de comiss\u00f5es especiais existentes atualmente na Casa, o presidente da C\u00e2mara ainda<\/p>\n","protected":false},"author":1,"featured_media":48774,"comment_status":"open","ping_status":"open","sticky":false,"template":"","format":"standard","meta":{"jetpack_post_was_ever_published":false,"cybocfi_hide_featured_image":"","_jetpack_newsletter_access":"","_jetpack_dont_email_post_to_subs":false,"_jetpack_newsletter_tier_id":0,"_jetpack_memberships_contains_paywalled_content":false,"_jetpack_memberships_contains_paid_content":false,"footnotes":"","jetpack_publicize_message":"","jetpack_publicize_feature_enabled":true,"jetpack_social_post_already_shared":true,"jetpack_social_options":{"image_generator_settings":{"template":"highway","default_image_id":0,"font":"","enabled":false},"version":2}},"categories":[1,631],"tags":[],"class_list":["post-48772","post","type-post","status-publish","format-standard","has-post-thumbnail","hentry","category-raiz","category-politica"],"jetpack_publicize_connections":[],"jetpack_featured_media_url":"https:\/\/blogdafeira.com.br\/home\/wp-content\/uploads\/2021\/11\/depositphotos_13121903-stock-photo-coffin.jpg","jetpack_shortlink":"https:\/\/wp.me\/p3niVf-cGE","jetpack_sharing_enabled":true,"jetpack-related-posts":[{"id":45065,"url":"https:\/\/blogdafeira.com.br\/home\/2021\/04\/22\/vereadores-falam-em-cpi-para-o-shopping-popular-de-feira\/","url_meta":{"origin":48772,"position":0},"title":"Vereadores falam em CPI para o Shopping Popular de Feira","author":"Blog da Feira","date":"22\/04\/2021","format":false,"excerpt":"Est\u00e1 sendo finalizada uma proposta de abertura de\u00a0 Comiss\u00e3o Parlamentar de Inqu\u00e9rito (CPI) para investigar a Parceria P\u00fablico Privada (PPP) entre a Prefeitura de Feira e a empresa que administra o Shopping Popular. A ideia da CPI j\u00e1 teria sido levada ao presidente da C\u00e2mara de Vereadores,Fernando Torres que prometeu\u2026","rel":"","context":"Em &quot;Cidade&quot;","block_context":{"text":"Cidade","link":"https:\/\/blogdafeira.com.br\/home\/categoria\/cidade\/"},"img":{"alt_text":"","src":"https:\/\/i0.wp.com\/blogdafeira.com.br\/home\/wp-content\/uploads\/2021\/04\/elias-420x280_c.jpg?resize=350%2C200&ssl=1","width":350,"height":200},"classes":[]},{"id":45193,"url":"https:\/\/blogdafeira.com.br\/home\/2021\/04\/29\/gilson-diz-que-cpi-de-cestas-basicas-e-golpe-no-figado\/","url_meta":{"origin":48772,"position":1},"title":"Geilson diz que CPI de Cesta B\u00e1sica \u00e9 &#8216;golpe no f\u00edgado&#8217;","author":"Blog da Feira","date":"29\/04\/2021","format":false,"excerpt":"\u201cO governo municipal est\u00e1 desarticulado na C\u00e2mara de Vereadores\u201d. A constata\u00e7\u00e3o \u00e9 do radialista-deputado Carlos Geilson, em seu programa Jornal TransBrasil, na manh\u00e3 desta quinta-feira (29). \u201cO pedido de CPI para investigar a distribui\u00e7\u00e3o de cestas b\u00e1sicas e leite durante a elei\u00e7\u00e3o de 2020, protocolado na C\u00e2mara Municipal, \u00e9 um\u2026","rel":"","context":"Em &quot;Cidade&quot;","block_context":{"text":"Cidade","link":"https:\/\/blogdafeira.com.br\/home\/categoria\/cidade\/"},"img":{"alt_text":"","src":"https:\/\/i0.wp.com\/blogdafeira.com.br\/home\/wp-content\/uploads\/2021\/04\/images-1.jpeg?resize=350%2C200&ssl=1","width":350,"height":200},"classes":[]},{"id":45167,"url":"https:\/\/blogdafeira.com.br\/home\/2021\/04\/27\/tergilene-deve-ir-a-camara-na-quinta\/","url_meta":{"origin":48772,"position":2},"title":"Tergilene, empres\u00e1rio do Shopping Popular, deve ir \u00e0 C\u00e2mara na quinta","author":"Blog da Feira","date":"27\/04\/2021","format":false,"excerpt":"O empres\u00e1rio respons\u00e1vel pelo cons\u00f3rcio que administra o Centro Comercial Popular, Elias Tergilene, poder\u00e1 utilizar a tribuna livre da C\u00e2mara Municipal de Feira de Santana para prestar esclarecimentos acerca da situa\u00e7\u00e3o dos lojistas do entreposto, bem como, sobre a suposta amea\u00e7a de fechamento do Feiraguay. O convite \u00e9 do vereador\u2026","rel":"","context":"Em &quot;Cidade&quot;","block_context":{"text":"Cidade","link":"https:\/\/blogdafeira.com.br\/home\/categoria\/cidade\/"},"img":{"alt_text":"","src":"https:\/\/i0.wp.com\/blogdafeira.com.br\/home\/wp-content\/uploads\/2019\/09\/20190917_173627_HDR.jpg?resize=350%2C200&ssl=1","width":350,"height":200,"srcset":"https:\/\/i0.wp.com\/blogdafeira.com.br\/home\/wp-content\/uploads\/2019\/09\/20190917_173627_HDR.jpg?resize=350%2C200&ssl=1 1x, https:\/\/i0.wp.com\/blogdafeira.com.br\/home\/wp-content\/uploads\/2019\/09\/20190917_173627_HDR.jpg?resize=525%2C300&ssl=1 1.5x, https:\/\/i0.wp.com\/blogdafeira.com.br\/home\/wp-content\/uploads\/2019\/09\/20190917_173627_HDR.jpg?resize=700%2C400&ssl=1 2x, https:\/\/i0.wp.com\/blogdafeira.com.br\/home\/wp-content\/uploads\/2019\/09\/20190917_173627_HDR.jpg?resize=1050%2C600&ssl=1 3x, https:\/\/i0.wp.com\/blogdafeira.com.br\/home\/wp-content\/uploads\/2019\/09\/20190917_173627_HDR.jpg?resize=1400%2C800&ssl=1 4x"},"classes":[]},{"id":52696,"url":"https:\/\/blogdafeira.com.br\/home\/2022\/06\/01\/jornalista-glauco-wanderley-desmascara-o-vereador-fernando-torres\/","url_meta":{"origin":48772,"position":3},"title":"Jornalista Glauco Wanderley &#8216;desmascara&#8217; o vereador Fernando Torres","author":"J\u00e2nio R\u00eago","date":"01\/06\/2022","format":false,"excerpt":"\"N\u00e3o compreendeu nada ou, volto a ressalvar, n\u00e3o quis compreender\" diz o jornalista Glauco Wanderley em audiovisual onde ele pontua, uma a uma, as transgress\u00f5es interpretativas do presidente da C\u00e2mara de Vereadores, Fernando Torres, durante depoimento do secret\u00e1rio de Comunica\u00e7\u00e3o de Feira de Santana, jornalista Edson Borges. O t\u00edtulo do\u2026","rel":"","context":"Em &quot;Colunistas&quot;","block_context":{"text":"Colunistas","link":"https:\/\/blogdafeira.com.br\/home\/categoria\/colunistas\/"},"img":{"alt_text":"","src":"https:\/\/i0.wp.com\/blogdafeira.com.br\/home\/wp-content\/uploads\/2022\/06\/Screenshot_20220601-1329272.png?resize=350%2C200&ssl=1","width":350,"height":200,"srcset":"https:\/\/i0.wp.com\/blogdafeira.com.br\/home\/wp-content\/uploads\/2022\/06\/Screenshot_20220601-1329272.png?resize=350%2C200&ssl=1 1x, https:\/\/i0.wp.com\/blogdafeira.com.br\/home\/wp-content\/uploads\/2022\/06\/Screenshot_20220601-1329272.png?resize=525%2C300&ssl=1 1.5x, https:\/\/i0.wp.com\/blogdafeira.com.br\/home\/wp-content\/uploads\/2022\/06\/Screenshot_20220601-1329272.png?resize=700%2C400&ssl=1 2x"},"classes":[]},{"id":51132,"url":"https:\/\/blogdafeira.com.br\/home\/2022\/03\/07\/camara-nao-protocolou-documentos-para-a-cpi-da-saude-levados-por-marcelo-brito\/","url_meta":{"origin":48772,"position":4},"title":"C\u00e2mara n\u00e3o protocolou documentos para a CPI da Sa\u00fade levados por Marcelo Brito","author":"Blog da Feira","date":"07\/03\/2022","format":false,"excerpt":"Oficialmente a C\u00e2mara de Vereadores de Feira de Santana n\u00e3o recebeu os documentos levados hoje pelo secret\u00e1rio municipal\u00a0 de Sa\u00fade, Marcelo Brito. Ningu\u00e9m quis assinar o termo de recebimento embora tenha sido autorizado\u00a0 o descarrego dos volumes, cerca de 20 caixas de papel\u00e3o, que chegaram em dois ve\u00edculos. Com a\u2026","rel":"","context":"Em &quot;Home&quot;","block_context":{"text":"Home","link":"https:\/\/blogdafeira.com.br\/home\/categoria\/raiz\/"},"img":{"alt_text":"","src":"https:\/\/i0.wp.com\/blogdafeira.com.br\/home\/wp-content\/uploads\/2022\/03\/marcelo-brito-de.jpg?resize=350%2C200&ssl=1","width":350,"height":200},"classes":[]},{"id":54000,"url":"https:\/\/blogdafeira.com.br\/home\/2022\/08\/23\/camara-de-feira-cria-cpi-para-shopping-popular-quase-10-anos-de-atraso\/","url_meta":{"origin":48772,"position":5},"title":"C\u00e2mara de Feira cria CPI para shopping popular: quase 10 anos de atraso","author":"Blog da Feira","date":"23\/08\/2022","format":false,"excerpt":"Uma CPI para o Shopping Popular de Feira de Santana foi criada nesta ter\u00e7a-feira,23,\u00a0 oito anos depois do ent\u00e3o deputado federal Fernando Torres, hoje o presidente da C\u00e2mara,\u00a0 denunciar a PPP do shopping popular como \"um golpe imobili\u00e1rio\" pela doa\u00e7\u00e3o de um terreno de 30 mil m2 na \u00e1rea do\u2026","rel":"","context":"Em &quot;Home&quot;","block_context":{"text":"Home","link":"https:\/\/blogdafeira.com.br\/home\/categoria\/raiz\/"},"img":{"alt_text":"","src":"https:\/\/i0.wp.com\/blogdafeira.com.br\/home\/wp-content\/uploads\/2022\/08\/Screenshot_20220823-1404442.png?resize=350%2C200&ssl=1","width":350,"height":200,"srcset":"https:\/\/i0.wp.com\/blogdafeira.com.br\/home\/wp-content\/uploads\/2022\/08\/Screenshot_20220823-1404442.png?resize=350%2C200&ssl=1 1x, https:\/\/i0.wp.com\/blogdafeira.com.br\/home\/wp-content\/uploads\/2022\/08\/Screenshot_20220823-1404442.png?resize=525%2C300&ssl=1 1.5x"},"classes":[]}],"_links":{"self":[{"href":"https:\/\/blogdafeira.com.br\/home\/wp-json\/wp\/v2\/posts\/48772","targetHints":{"allow":["GET"]}}],"collection":[{"href":"https:\/\/blogdafeira.com.br\/home\/wp-json\/wp\/v2\/posts"}],"about":[{"href":"https:\/\/blogdafeira.com.br\/home\/wp-json\/wp\/v2\/types\/post"}],"author":[{"embeddable":true,"href":"https:\/\/blogdafeira.com.br\/home\/wp-json\/wp\/v2\/users\/1"}],"replies":[{"embeddable":true,"href":"https:\/\/blogdafeira.com.br\/home\/wp-json\/wp\/v2\/comments?post=48772"}],"version-history":[{"count":4,"href":"https:\/\/blogdafeira.com.br\/home\/wp-json\/wp\/v2\/posts\/48772\/revisions"}],"predecessor-version":[{"id":48833,"href":"https:\/\/blogdafeira.com.br\/home\/wp-json\/wp\/v2\/posts\/48772\/revisions\/48833"}],"wp:featuredmedia":[{"embeddable":true,"href":"https:\/\/blogdafeira.com.br\/home\/wp-json\/wp\/v2\/media\/48774"}],"wp:attachment":[{"href":"https:\/\/blogdafeira.com.br\/home\/wp-json\/wp\/v2\/media?parent=48772"}],"wp:term":[{"taxonomy":"category","embeddable":true,"href":"https:\/\/blogdafeira.com.br\/home\/wp-json\/wp\/v2\/categories?post=48772"},{"taxonomy":"post_tag","embeddable":true,"href":"https:\/\/blogdafeira.com.br\/home\/wp-json\/wp\/v2\/tags?post=48772"}],"curies":[{"name":"wp","href":"https:\/\/api.w.org\/{rel}","templated":true}]}}