{"id":49945,"date":"2022-01-07T15:46:51","date_gmt":"2022-01-07T18:46:51","guid":{"rendered":"https:\/\/blogdafeira.com.br\/home\/?p=49945"},"modified":"2022-01-12T13:09:54","modified_gmt":"2022-01-12T16:09:54","slug":"tve-exibe-o-concerto-de-aniversario-da-osba-neste-sabado-as-18h30","status":"publish","type":"post","link":"https:\/\/blogdafeira.com.br\/home\/2022\/01\/07\/tve-exibe-o-concerto-de-aniversario-da-osba-neste-sabado-as-18h30\/","title":{"rendered":"TVE exibe o \u201cConcerto de Anivers\u00e1rio da OSBA\u201d neste s\u00e1bado, \u00e0s 18h30"},"content":{"rendered":"<div id=\"blogd-3683973768\" class=\"blogd-fim-do-post-mobile blogd-entity-placement\" style=\"margin-left: auto;margin-right: auto;text-align: center;\"><a href=\"https:\/\/www.sefaz.feiradesantana.ba.gov.br\/\" target=\"_blank\" aria-label=\"728&#215;90 (6)\"><img loading=\"lazy\" decoding=\"async\" src=\"https:\/\/blogdafeira.com.br\/home\/wp-content\/uploads\/2026\/03\/728x90-6.gif\" alt=\"\"  class=\"no-lazyload\" width=\"728\" height=\"90\"  style=\"display: inline-block;\" \/><\/a><\/div><p>Neste s\u00e1bado (8), \u00e0s 18h30, o Palco TVE apresenta o Concerto de Anivers\u00e1rio da Orquestra Sinf\u00f4nica da Bahia (OSBA) que comemorou seus 39 anos de exist\u00eancia em setembro de 2021. O espet\u00e1culo foi gravado diretamente do Teatro Castro Alves (TCA), com reg\u00eancia do maestro Carlos Prazeres<\/p><div id=\"blogd-1826617157\" class=\"blogd-conteudo-2-mobile blogd-entity-placement\"><a href=\"https:\/\/feirenses.com.br\/\" target=\"_blank\" aria-label=\"feirenses\"><img loading=\"lazy\" decoding=\"async\" src=\"https:\/\/blogdafeira.com.br\/home\/wp-content\/uploads\/2026\/04\/feirenses.png\" alt=\"\"  srcset=\"https:\/\/blogdafeira.com.br\/home\/wp-content\/uploads\/2026\/04\/feirenses.png 300w, https:\/\/blogdafeira.com.br\/home\/wp-content\/uploads\/2026\/04\/feirenses-170x45.png 170w, https:\/\/blogdafeira.com.br\/home\/wp-content\/uploads\/2026\/04\/feirenses-280x74.png 280w\" sizes=\"(max-width: 300px) 100vw, 300px\" class=\"no-lazyload\" width=\"300\" height=\"79\"  style=\"display: inline-block;\" \/><\/a><\/div>\n<p>Com uma hist\u00f3ria de 39 anos aproximando baianos de v\u00e1rias idades do universo da m\u00fasica cl\u00e1ssica, a Orquestra Sinf\u00f4nica da Bahia(OSBA), apresenta as obras \u2018Concerto para violino em R\u00e9 maior, Op. 35\u2019 e \u2018Uma noite no Monte Calvo\u2019, dos compositores russos Tchaikovsky e Mussorgsky, respectivamente. Al\u00e9m da reg\u00eancia do maestro Carlos Prazeres, os solos de s\u00e3o de Priscila Rato, spalla da Osba.<\/p>\n<p>Criada em 30 de setembro de 1982, a Osba \u00e9 uma companhia estadual que integra os corpos art\u00edsticos do TCA. Durante sua trajet\u00f3ria, a orquestra esteve sob a reg\u00eancia de conceituados maestros, como Christopher Warren-Green, John Neschling, Isaac Karabtchevsky, Alex Klein, Olivier Cuendet e Ricardo Castro. A partir de 2011, o maestro Carlos Prazeres assumiu o posto de regente titular e curador art\u00edstico da Osba.<\/p>\n<p>O show poder\u00e1 ser acompanhado pelo Portal\u00a0<a href=\"http:\/\/www.tve.ba.gov.br\/tveonline\" target=\"_blank\" rel=\"noopener\" data-saferedirecturl=\"https:\/\/www.google.com\/url?q=http:\/\/www.tve.ba.gov.br\/tveonline&amp;source=gmail&amp;ust=1641666647901000&amp;usg=AOvVaw2bGIyiJsbKBzi-07LXT4zl\">www.tve.ba.gov.br\/tveonline<\/a>.<\/p>\n<p><strong>Acompanhe a TVE Bahia nas redes sociais:<\/strong><\/p>\n<p><a href=\"http:\/\/instagram.com\/tvebahia\" target=\"_blank\" rel=\"noopener\" data-saferedirecturl=\"https:\/\/www.google.com\/url?q=http:\/\/instagram.com\/tvebahia&amp;source=gmail&amp;ust=1641666647901000&amp;usg=AOvVaw1DSchuYq4BvFJGGYXuD5TW\">instagram.com\/tvebahia<\/a><\/p>\n<p><a href=\"http:\/\/facebook.com\/tvebahia\" target=\"_blank\" rel=\"noopener\" data-saferedirecturl=\"https:\/\/www.google.com\/url?q=http:\/\/facebook.com\/tvebahia&amp;source=gmail&amp;ust=1641666647901000&amp;usg=AOvVaw253LI5G36sFH_92fCzWMw-\">facebook.com\/tvebahia<\/a><\/p>\n<div id=\"blogd-3858342584\" class=\"blogd-final-post blogd-entity-placement\"><a href=\"https:\/\/www.feiradesantana.ba.leg.br\/\" target=\"_blank\" aria-label=\"BANNER-SITE-ENTREGADECHEQUE-CAMARADEFEIRA\"><img loading=\"lazy\" decoding=\"async\" src=\"https:\/\/blogdafeira.com.br\/home\/wp-content\/uploads\/2026\/03\/BANNER-SITE-ENTREGADECHEQUE-CAMARADEFEIRA.gif\" alt=\"\"  class=\"no-lazyload\" width=\"728\" height=\"90\"   \/><\/a><\/div><p><a href=\"http:\/\/youtube.com\/tvebahia\" target=\"_blank\" rel=\"noopener\" data-saferedirecturl=\"https:\/\/www.google.com\/url?q=http:\/\/youtube.com\/tvebahia&amp;source=gmail&amp;ust=1641666647901000&amp;usg=AOvVaw1Zzi8kE6eLwA9CrZE-B1V5\">youtube.com\/tvebahia<\/a><\/p>\n","protected":false},"excerpt":{"rendered":"<p>Neste s\u00e1bado (8), \u00e0s 18h30, o Palco TVE apresenta o Concerto de Anivers\u00e1rio da Orquestra Sinf\u00f4nica da Bahia (OSBA) que comemorou seus 39 anos de exist\u00eancia em setembro de 2021. O espet\u00e1culo foi gravado diretamente do Teatro Castro Alves (TCA), com reg\u00eancia do maestro Carlos Prazeres Com uma hist\u00f3ria de 39 anos aproximando baianos de<\/p>\n","protected":false},"author":1,"featured_media":49946,"comment_status":"open","ping_status":"open","sticky":false,"template":"","format":"standard","meta":{"jetpack_post_was_ever_published":false,"cybocfi_hide_featured_image":"","_jetpack_newsletter_access":"","_jetpack_dont_email_post_to_subs":false,"_jetpack_newsletter_tier_id":0,"_jetpack_memberships_contains_paywalled_content":false,"_jetpack_memberships_contains_paid_content":false,"footnotes":"","jetpack_publicize_message":"","jetpack_publicize_feature_enabled":true,"jetpack_social_post_already_shared":true,"jetpack_social_options":{"image_generator_settings":{"template":"highway","default_image_id":0,"font":"","enabled":false},"version":2}},"categories":[4],"tags":[],"class_list":["post-49945","post","type-post","status-publish","format-standard","has-post-thumbnail","hentry","category-cultura"],"jetpack_publicize_connections":[],"jetpack_featured_media_url":"https:\/\/blogdafeira.com.br\/home\/wp-content\/uploads\/2022\/01\/osba.jpg","jetpack_shortlink":"https:\/\/wp.me\/p3niVf-cZz","jetpack_sharing_enabled":true,"jetpack-related-posts":[{"id":63975,"url":"https:\/\/blogdafeira.com.br\/home\/2024\/09\/25\/orquestra-sinfonica-da-bahia-vai-levar-a-musica-de-concerto-ao-interior-da-bahia\/","url_meta":{"origin":49945,"position":0},"title":"Orquestra Sinf\u00f4nica vai levar  a m\u00fasica de concerto ao interior da Bahia","author":"Imprensa\/Irdeb","date":"25\/09\/2024","format":false,"excerpt":"A Secretaria de Cultura (Secult-BA) assinou um novo contrato, na ordem de R$26 milh\u00f5es, com a Associa\u00e7\u00e3o Amigos do Teatro Castro Alves (ATCA) para a gest\u00e3o da Orquestra Sinf\u00f4nica da Bahia (OSBA). O ato de assinatura aconteceu nesta quarta-feira (25), durante evento no Cine Teatro Solar Boa Vista, no bairro\u2026","rel":"","context":"Em &quot;Cultura&quot;","block_context":{"text":"Cultura","link":"https:\/\/blogdafeira.com.br\/home\/categoria\/cultura\/"},"img":{"alt_text":"","src":"https:\/\/i0.wp.com\/blogdafeira.com.br\/home\/wp-content\/uploads\/2024\/09\/Fotos-Matheus-LandimGOVBA-5.jpeg?resize=350%2C200&ssl=1","width":350,"height":200,"srcset":"https:\/\/i0.wp.com\/blogdafeira.com.br\/home\/wp-content\/uploads\/2024\/09\/Fotos-Matheus-LandimGOVBA-5.jpeg?resize=350%2C200&ssl=1 1x, https:\/\/i0.wp.com\/blogdafeira.com.br\/home\/wp-content\/uploads\/2024\/09\/Fotos-Matheus-LandimGOVBA-5.jpeg?resize=525%2C300&ssl=1 1.5x, https:\/\/i0.wp.com\/blogdafeira.com.br\/home\/wp-content\/uploads\/2024\/09\/Fotos-Matheus-LandimGOVBA-5.jpeg?resize=700%2C400&ssl=1 2x, https:\/\/i0.wp.com\/blogdafeira.com.br\/home\/wp-content\/uploads\/2024\/09\/Fotos-Matheus-LandimGOVBA-5.jpeg?resize=1050%2C600&ssl=1 3x, https:\/\/i0.wp.com\/blogdafeira.com.br\/home\/wp-content\/uploads\/2024\/09\/Fotos-Matheus-LandimGOVBA-5.jpeg?resize=1400%2C800&ssl=1 4x"},"classes":[]},{"id":5142,"url":"https:\/\/blogdafeira.com.br\/home\/2013\/09\/19\/concerto-da-orquestra-sinfonica-da-bahia-na-praca-da-matriz-em-feira\/","url_meta":{"origin":49945,"position":1},"title":"Concerto da Orquestra Sinf\u00f4nica da Bahia na pra\u00e7a da Matriz em Feira","author":"Imprensa\/Irdeb","date":"19\/09\/2013","format":false,"excerpt":"A Orquestra Sinf\u00f4nica da Bahia se apresenta nesta sexta-feira, a partir das 19 horas, \u00a0na pra\u00e7a Padre Ov\u00eddio (pra\u00e7a da Matriz), em comemora\u00e7\u00e3o aos 180 anos de emancipa\u00e7\u00e3o de Feira de Santana. Sob a reg\u00eancia do maestro Carlos Prazeres, a OSBA apresenta o Cine Concerto, que destaca algumas das mais\u2026","rel":"","context":"Em &quot;Home&quot;","block_context":{"text":"Home","link":"https:\/\/blogdafeira.com.br\/home\/categoria\/raiz\/"},"img":{"alt_text":"","src":"","width":0,"height":0},"classes":[]},{"id":7134,"url":"https:\/\/blogdafeira.com.br\/home\/2013\/12\/12\/orquestra-sinfonica-da-bahia-faz-dois-concertos-no-natal-encantado-de-feira\/","url_meta":{"origin":49945,"position":2},"title":"Orquestra Sinf\u00f4nica da Bahia faz dois concertos no &#8216;Natal Encantado&#8217; de Feira","author":"Imprensa\/Irdeb","date":"12\/12\/2013","format":false,"excerpt":"Com dois concertos sob a reg\u00eancia do maestro\u00a0Carlos Prazeres, a Orquestra Sinf\u00f4nica da Bahia (OSBA),\u00a0 propicia dois \u00a0momentos especiais da programa\u00e7\u00e3o do \u2018Natal Encantado\u2019 \u00a0de\u00a0Feira de Santana. A primeira apresenta\u00e7\u00e3o \u00a0acontece neste domingo,\u00a0dia 15, na\u00a0Igreja Matriz,\u00a0no\u00a0Centro, \u00e0s\u00a018 horas. \u00a0No repert\u00f3rio:\u00a0As Quatro Esta\u00e7\u00f5es,\u00a0 do mestre italiano\u00a0Antonio Vivaldi\u00a0(1678-1741). O solista ser\u00e1 o\u2026","rel":"","context":"Em &quot;Home&quot;","block_context":{"text":"Home","link":"https:\/\/blogdafeira.com.br\/home\/categoria\/raiz\/"},"img":{"alt_text":"Samuel Dias e As Quatro Esta\u00e7\u00f5es na Flica 2013 - Foto Adenor gondim _10","src":"https:\/\/i0.wp.com\/blogdafeira.com.br\/home\/wp-content\/uploads\/2013\/12\/Samuel-Dias-e-As-Quatro-Esta%C3%A7%C3%B5es-na-Flica-2013-Foto-Adenor-gondim-_10.jpg?resize=350%2C200","width":350,"height":200,"srcset":"https:\/\/i0.wp.com\/blogdafeira.com.br\/home\/wp-content\/uploads\/2013\/12\/Samuel-Dias-e-As-Quatro-Esta%C3%A7%C3%B5es-na-Flica-2013-Foto-Adenor-gondim-_10.jpg?resize=350%2C200 1x, https:\/\/i0.wp.com\/blogdafeira.com.br\/home\/wp-content\/uploads\/2013\/12\/Samuel-Dias-e-As-Quatro-Esta%C3%A7%C3%B5es-na-Flica-2013-Foto-Adenor-gondim-_10.jpg?resize=525%2C300 1.5x"},"classes":[]},{"id":69701,"url":"https:\/\/blogdafeira.com.br\/home\/2025\/10\/03\/orquestra-sinfonica-da-bahia-faz-concerto-em-feira-neste-domingo\/","url_meta":{"origin":49945,"position":3},"title":"Orquestra Sinf\u00f4nica da Bahia faz concerto em Feira neste domingo","author":"Imprensa\/Irdeb","date":"03\/10\/2025","format":false,"excerpt":"A Orquestra Sinf\u00f4nica da Bahia abre sua programa\u00e7\u00e3o do m\u00eas de outubro se apresentando no Teatro e Centro de Conven\u00e7\u00f5es de Feira de Santana, neste domingo (05\/10), \u00e0s 17h. O concerto faz parte do projeto OSBA na Estrada e ter\u00e1 reg\u00eancia do maestro Carlos Prazeres. Os ingressos est\u00e3o \u00e0 venda\u2026","rel":"","context":"Em &quot;Cultura&quot;","block_context":{"text":"Cultura","link":"https:\/\/blogdafeira.com.br\/home\/categoria\/cultura\/"},"img":{"alt_text":"","src":"https:\/\/i0.wp.com\/blogdafeira.com.br\/home\/wp-content\/uploads\/2025\/10\/Screenshot_20251003-080826.png?resize=350%2C200&ssl=1","width":350,"height":200,"srcset":"https:\/\/i0.wp.com\/blogdafeira.com.br\/home\/wp-content\/uploads\/2025\/10\/Screenshot_20251003-080826.png?resize=350%2C200&ssl=1 1x, https:\/\/i0.wp.com\/blogdafeira.com.br\/home\/wp-content\/uploads\/2025\/10\/Screenshot_20251003-080826.png?resize=525%2C300&ssl=1 1.5x, https:\/\/i0.wp.com\/blogdafeira.com.br\/home\/wp-content\/uploads\/2025\/10\/Screenshot_20251003-080826.png?resize=700%2C400&ssl=1 2x, https:\/\/i0.wp.com\/blogdafeira.com.br\/home\/wp-content\/uploads\/2025\/10\/Screenshot_20251003-080826.png?resize=1050%2C600&ssl=1 3x"},"classes":[]},{"id":69566,"url":"https:\/\/blogdafeira.com.br\/home\/2025\/09\/16\/orquestra-sinfonica-da-bahia-faz-concerto-com-11-convidados-para-celebrar-gal-costa\/","url_meta":{"origin":49945,"position":4},"title":"Orquestra Sinf\u00f4nica da Bahia faz concerto com 11 convidados para celebrar Gal Costa","author":"Imprensa\/Irdeb","date":"16\/09\/2025","format":false,"excerpt":"No pr\u00f3ximo dia 26 , \u00e0s 19h, na Concha Ac\u00fastica do Teatro Castro Alves, a Orquestra Sinf\u00f4nica da Bahia(OSBA), sob a dire\u00e7\u00e3o musical e reg\u00eancia do maestro Carlos Prazeres e com dire\u00e7\u00e3o art\u00edstica de Manno Go\u00e9s, reunir\u00e1 um time de onze artistas convidados para revisitar e celebrar a obra de\u2026","rel":"","context":"Em &quot;Cultura&quot;","block_context":{"text":"Cultura","link":"https:\/\/blogdafeira.com.br\/home\/categoria\/cultura\/"},"img":{"alt_text":"","src":"https:\/\/i0.wp.com\/blogdafeira.com.br\/home\/wp-content\/uploads\/2025\/09\/02-Card-Gal-80.jpg?resize=350%2C200&ssl=1","width":350,"height":200,"srcset":"https:\/\/i0.wp.com\/blogdafeira.com.br\/home\/wp-content\/uploads\/2025\/09\/02-Card-Gal-80.jpg?resize=350%2C200&ssl=1 1x, https:\/\/i0.wp.com\/blogdafeira.com.br\/home\/wp-content\/uploads\/2025\/09\/02-Card-Gal-80.jpg?resize=525%2C300&ssl=1 1.5x, https:\/\/i0.wp.com\/blogdafeira.com.br\/home\/wp-content\/uploads\/2025\/09\/02-Card-Gal-80.jpg?resize=700%2C400&ssl=1 2x, https:\/\/i0.wp.com\/blogdafeira.com.br\/home\/wp-content\/uploads\/2025\/09\/02-Card-Gal-80.jpg?resize=1050%2C600&ssl=1 3x"},"classes":[]},{"id":61742,"url":"https:\/\/blogdafeira.com.br\/home\/2024\/03\/21\/concerto-de-pascoa-da-orquestra-sinfonica-da-bahia-vai-destacar-composicoes-de-bach\/","url_meta":{"origin":49945,"position":5},"title":"Concerto de P\u00e1scoa da Orquestra Sinf\u00f4nica da Bahia vai destacar composi\u00e7\u00f5es de Bach","author":"Imprensa\/Irdeb","date":"21\/03\/2024","format":false,"excerpt":"A Orquestra Sinf\u00f4nica da Bahia faz o seu tradicional Concerto de P\u00e1scoa, na pr\u00f3xima quinta-feira (28), \u00e0s 20 horas, na Sala do Coro do Teatro Castro Alves. Com a reg\u00eancia do maestro Carlos Prazeres, o programa da apresenta\u00e7\u00e3o traz em destaque obras do compositor alem\u00e3o da era barroca Johann Sebastian\u2026","rel":"","context":"Em &quot;Cultura&quot;","block_context":{"text":"Cultura","link":"https:\/\/blogdafeira.com.br\/home\/categoria\/cultura\/"},"img":{"alt_text":"","src":"https:\/\/i0.wp.com\/blogdafeira.com.br\/home\/wp-content\/uploads\/2024\/03\/OSBA_Saladocoro3_foto_TayllaDePaula-1-1068x712-1.jpg?resize=350%2C200&ssl=1","width":350,"height":200,"srcset":"https:\/\/i0.wp.com\/blogdafeira.com.br\/home\/wp-content\/uploads\/2024\/03\/OSBA_Saladocoro3_foto_TayllaDePaula-1-1068x712-1.jpg?resize=350%2C200&ssl=1 1x, https:\/\/i0.wp.com\/blogdafeira.com.br\/home\/wp-content\/uploads\/2024\/03\/OSBA_Saladocoro3_foto_TayllaDePaula-1-1068x712-1.jpg?resize=525%2C300&ssl=1 1.5x, https:\/\/i0.wp.com\/blogdafeira.com.br\/home\/wp-content\/uploads\/2024\/03\/OSBA_Saladocoro3_foto_TayllaDePaula-1-1068x712-1.jpg?resize=700%2C400&ssl=1 2x, https:\/\/i0.wp.com\/blogdafeira.com.br\/home\/wp-content\/uploads\/2024\/03\/OSBA_Saladocoro3_foto_TayllaDePaula-1-1068x712-1.jpg?resize=1050%2C600&ssl=1 3x"},"classes":[]}],"_links":{"self":[{"href":"https:\/\/blogdafeira.com.br\/home\/wp-json\/wp\/v2\/posts\/49945","targetHints":{"allow":["GET"]}}],"collection":[{"href":"https:\/\/blogdafeira.com.br\/home\/wp-json\/wp\/v2\/posts"}],"about":[{"href":"https:\/\/blogdafeira.com.br\/home\/wp-json\/wp\/v2\/types\/post"}],"author":[{"embeddable":true,"href":"https:\/\/blogdafeira.com.br\/home\/wp-json\/wp\/v2\/users\/1"}],"replies":[{"embeddable":true,"href":"https:\/\/blogdafeira.com.br\/home\/wp-json\/wp\/v2\/comments?post=49945"}],"version-history":[{"count":1,"href":"https:\/\/blogdafeira.com.br\/home\/wp-json\/wp\/v2\/posts\/49945\/revisions"}],"predecessor-version":[{"id":49947,"href":"https:\/\/blogdafeira.com.br\/home\/wp-json\/wp\/v2\/posts\/49945\/revisions\/49947"}],"wp:featuredmedia":[{"embeddable":true,"href":"https:\/\/blogdafeira.com.br\/home\/wp-json\/wp\/v2\/media\/49946"}],"wp:attachment":[{"href":"https:\/\/blogdafeira.com.br\/home\/wp-json\/wp\/v2\/media?parent=49945"}],"wp:term":[{"taxonomy":"category","embeddable":true,"href":"https:\/\/blogdafeira.com.br\/home\/wp-json\/wp\/v2\/categories?post=49945"},{"taxonomy":"post_tag","embeddable":true,"href":"https:\/\/blogdafeira.com.br\/home\/wp-json\/wp\/v2\/tags?post=49945"}],"curies":[{"name":"wp","href":"https:\/\/api.w.org\/{rel}","templated":true}]}}