{"id":49951,"date":"2022-01-07T18:06:56","date_gmt":"2022-01-07T21:06:56","guid":{"rendered":"https:\/\/blogdafeira.com.br\/home\/?p=49951"},"modified":"2022-01-12T13:09:54","modified_gmt":"2022-01-12T16:09:54","slug":"a-vacinacao-infantil-contra-a-covid-19-na-feira","status":"publish","type":"post","link":"https:\/\/blogdafeira.com.br\/home\/2022\/01\/07\/a-vacinacao-infantil-contra-a-covid-19-na-feira\/","title":{"rendered":"A vacina\u00e7\u00e3o infantil contra a Covid-19 na Feira"},"content":{"rendered":"<div id=\"blogd-697552500\" class=\"blogd-fim-do-post-mobile blogd-entity-placement\" style=\"margin-left: auto;margin-right: auto;text-align: center;\"><a href=\"https:\/\/www.sefaz.feiradesantana.ba.gov.br\/\" target=\"_blank\" aria-label=\"728&#215;90 (6)\"><img loading=\"lazy\" decoding=\"async\" src=\"https:\/\/blogdafeira.com.br\/home\/wp-content\/uploads\/2026\/03\/728x90-6.gif\" alt=\"\"  class=\"no-lazyload\" width=\"728\" height=\"90\"  style=\"display: inline-block;\" \/><\/a><\/div><p>Pesquisei, mas n\u00e3o consegui descobrir quantas crian\u00e7as na faixa et\u00e1ria dos cinco aos 11 anos residem na Feira de Santana. Mesmo assim insisti, consultando fontes diversas para tentar alcan\u00e7ar, pelo menos, um n\u00famero aproximado. No site do Instituto Brasileiro de Geografia e Estat\u00edstica, o IBGE, vejo que exatos 78.349 estudantes estavam matriculados no Ensino Fundamental em 2020. \u00c9 aquele n\u00edvel de ensino que abrange a faixa dos 6 aos 14 anos.<\/p><div id=\"blogd-2864698146\" class=\"blogd-conteudo-2-mobile blogd-entity-placement\"><a href=\"https:\/\/feirenses.com.br\/\" target=\"_blank\" aria-label=\"feirenses\"><img loading=\"lazy\" decoding=\"async\" src=\"https:\/\/blogdafeira.com.br\/home\/wp-content\/uploads\/2026\/04\/feirenses.png\" alt=\"\"  srcset=\"https:\/\/blogdafeira.com.br\/home\/wp-content\/uploads\/2026\/04\/feirenses.png 300w, https:\/\/blogdafeira.com.br\/home\/wp-content\/uploads\/2026\/04\/feirenses-170x45.png 170w, https:\/\/blogdafeira.com.br\/home\/wp-content\/uploads\/2026\/04\/feirenses-280x74.png 280w\" sizes=\"(max-width: 300px) 100vw, 300px\" class=\"no-lazyload\" width=\"300\" height=\"79\"  style=\"display: inline-block;\" \/><\/a><\/div>\n<p>\u00c9 necess\u00e1ria, portanto, alguma dedu\u00e7\u00e3o para a faixa dos 12 aos 14 anos. Tamb\u00e9m \u00e9 essencial considerar aqueles que enfrentam o drama da distor\u00e7\u00e3o idade-s\u00e9rie e, dessa forma, tem mais de 15 anos e n\u00e3o figuram na faixa et\u00e1ria que me interessa. Assim, muito grosseiramente, imagino que pelo menos 50 mil crian\u00e7as entre cinco e 11 anos residem na Feira de Santana.<\/p>\n<p>Dados do mesmo IBGE indicam \u2013 \u00e9 uma estimativa realizada anualmente, n\u00e3o a contagem censit\u00e1ria da popula\u00e7\u00e3o \u2013 que, em 2021, 624.107 almas residiam aqui na Feira de Santana. Talvez quase 10% da popula\u00e7\u00e3o feirense tenha entre 5 e 11 anos de idade. \u00c9 um contingente significativo.<\/p>\n<p>Por fim, fui consultar o vacin\u00f4metro da Prefeitura da Feira de Santana e descobri que 505,3 mil pessoas tomaram pelo menos uma dose de vacina contra a Covid-19 e outras 8,6 mil receberam a dose \u00fanica. Considerando todos estes n\u00fameros, deduzo que a imuniza\u00e7\u00e3o da faixa et\u00e1ria dos 5 aos 11 anos vai aproximar \u2013 e muito \u2013 o munic\u00edpio da universaliza\u00e7\u00e3o da vacina\u00e7\u00e3o.<\/p>\n<p>H\u00e1, por\u00e9m, um empecilho significativo: a ostensiva campanha de Jair Bolsonaro, o \u201cmito\u201d \u2013 uma esp\u00e9cie de Herodes dos tempos modernos, para quem gosta de refer\u00eancias b\u00edblicas \u2013 contra a vacina\u00e7\u00e3o infantil. Desde antes do Natal o \u201cmito\u201d vocifera contra a imuniza\u00e7\u00e3o deste p\u00fablico. Movido por sua puls\u00e3o pela morte, n\u00e3o poupa nem as criancinhas brasileiras, coitadas.<\/p>\n<p>Depois de muita lamban\u00e7a os trogloditas cederam e mais \u00e0 frente \u2013 sabe Deus quando \u2013 as vacinas v\u00e3o chegar para as crian\u00e7as brasileiras. Os ac\u00f3litos mais fanatizados do \u201cmito\u201d, no entanto, devem segui-lo, impedindo a vacina\u00e7\u00e3o de seus filhos. O gesto, al\u00e9m de colocar em risco estas crian\u00e7as, expor\u00e1 as demais em escolas e espa\u00e7os recreativos e, tamb\u00e9m, os adultos que convivem com elas. Enfim, o dano ser\u00e1 amplamente socializado.<\/p>\n<p>Aqui na Feira de Santana, pelo menos 443 mil pessoas tomaram as duas doses ou a dose \u00fanica. Falta cerca de 180 mil pessoas faz\u00ea-lo. Avan\u00e7ar com a vacina\u00e7\u00e3o infantil ser\u00e1 um passo significativo para a universaliza\u00e7\u00e3o e o efetivo controle da Covid-19, sem preju\u00edzo de todos os demais cuidados que seguir\u00e3o necess\u00e1rios.<\/p>\n<div id=\"blogd-3950444651\" class=\"blogd-final-post blogd-entity-placement\"><a href=\"https:\/\/www.feiradesantana.ba.leg.br\/\" target=\"_blank\" aria-label=\"BANNER-SITE-ENTREGADECHEQUE-CAMARADEFEIRA\"><img loading=\"lazy\" decoding=\"async\" src=\"https:\/\/blogdafeira.com.br\/home\/wp-content\/uploads\/2026\/03\/BANNER-SITE-ENTREGADECHEQUE-CAMARADEFEIRA.gif\" alt=\"\"  class=\"no-lazyload\" width=\"728\" height=\"90\"   \/><\/a><\/div><p>At\u00e9 aqui, n\u00e3o ouvi l\u00edderes pol\u00edticos locais defendendo a imuniza\u00e7\u00e3o infantil. Muitos s\u00e3o ac\u00f3litos do \u201cmito\u201d e, por esta raz\u00e3o, se calam, para n\u00e3o contrariar o eleitorado mais fanatizado. Os demais perdem uma excelente oportunidade de se posicionar contra a barb\u00e1rie e a puls\u00e3o pela morte que empesteia o ar destes tempos \u00e1speros&#8230;<\/p>\n","protected":false},"excerpt":{"rendered":"<p>Pesquisei, mas n\u00e3o consegui descobrir quantas crian\u00e7as na faixa et\u00e1ria dos cinco aos 11 anos residem na Feira de Santana. Mesmo assim insisti, consultando fontes diversas para tentar alcan\u00e7ar, pelo menos, um n\u00famero aproximado. No site do Instituto Brasileiro de Geografia e Estat\u00edstica, o IBGE, vejo que exatos 78.349 estudantes estavam matriculados no Ensino Fundamental<\/p>\n","protected":false},"author":13,"featured_media":49954,"comment_status":"open","ping_status":"open","sticky":false,"template":"","format":"standard","meta":{"jetpack_post_was_ever_published":false,"cybocfi_hide_featured_image":"","_jetpack_newsletter_access":"","_jetpack_dont_email_post_to_subs":false,"_jetpack_newsletter_tier_id":0,"_jetpack_memberships_contains_paywalled_content":false,"_jetpack_memberships_contains_paid_content":false,"footnotes":"","jetpack_publicize_message":"","jetpack_publicize_feature_enabled":true,"jetpack_social_post_already_shared":true,"jetpack_social_options":{"image_generator_settings":{"template":"highway","default_image_id":0,"font":"","enabled":false},"version":2}},"categories":[592,1],"tags":[],"class_list":["post-49951","post","type-post","status-publish","format-standard","has-post-thumbnail","hentry","category-colunistas","category-raiz"],"jetpack_publicize_connections":[],"jetpack_featured_media_url":"https:\/\/blogdafeira.com.br\/home\/wp-content\/uploads\/2022\/01\/vacinacao-infantil-1024x683-1.jpeg","jetpack_shortlink":"https:\/\/wp.me\/p3niVf-cZF","jetpack_sharing_enabled":true,"jetpack-related-posts":[{"id":59870,"url":"https:\/\/blogdafeira.com.br\/home\/2023\/10\/30\/matanca-explica-reducao-na-populacao-masculina-em-feira\/","url_meta":{"origin":49951,"position":0},"title":"Matan\u00e7a explica redu\u00e7\u00e3o na popula\u00e7\u00e3o masculina em Feira?","author":"Andr\u00e9 Pomponet","date":"30\/10\/2023","format":false,"excerpt":"O Instituto Brasileiro de Geografia e Estat\u00edstica (IBGE) divulgou semana passada uma nova fornada de informa\u00e7\u00f5es sobre o Censo 2022. Nela constata-se, por exemplo, que o n\u00famero de mulheres \u00e9 superior ao de homens na maioria dos estados e em muitos munic\u00edpios brasileiros. A Feira de Santana, obviamente, replica a\u2026","rel":"","context":"Em &quot;Colunistas&quot;","block_context":{"text":"Colunistas","link":"https:\/\/blogdafeira.com.br\/home\/categoria\/colunistas\/"},"img":{"alt_text":"","src":"https:\/\/i0.wp.com\/blogdafeira.com.br\/home\/wp-content\/uploads\/2023\/10\/Screenshot_20230919-201019-460x260_c.webp?resize=350%2C200&ssl=1","width":350,"height":200},"classes":[]},{"id":71625,"url":"https:\/\/blogdafeira.com.br\/home\/2026\/03\/11\/escolaridade-genero-cor-e-residencia\/","url_meta":{"origin":49951,"position":1},"title":"Escolaridade, g\u00eanero, cor e resid\u00eancia","author":"Andr\u00e9 Pomponet","date":"11\/03\/2026","format":false,"excerpt":"At\u00e9 os anos 1980, na Princesa do Sert\u00e3o, era muito comum se deparar com pessoas que n\u00e3o sabiam ler, nem escrever. Muitas vieram do campo, labutaram na ro\u00e7a e possu\u00edam idade avan\u00e7ada; outras, mais jovens, absorvidas pela incontorn\u00e1vel necessidade de trabalhar, abandonavam logo os estudos; para boa parte da popula\u00e7\u00e3o,\u2026","rel":"","context":"Em &quot;Colunistas&quot;","block_context":{"text":"Colunistas","link":"https:\/\/blogdafeira.com.br\/home\/categoria\/colunistas\/"},"img":{"alt_text":"","src":"https:\/\/i0.wp.com\/blogdafeira.com.br\/home\/wp-content\/uploads\/2026\/03\/1773242372739.png?resize=350%2C200&ssl=1","width":350,"height":200,"srcset":"https:\/\/i0.wp.com\/blogdafeira.com.br\/home\/wp-content\/uploads\/2026\/03\/1773242372739.png?resize=350%2C200&ssl=1 1x, https:\/\/i0.wp.com\/blogdafeira.com.br\/home\/wp-content\/uploads\/2026\/03\/1773242372739.png?resize=525%2C300&ssl=1 1.5x, https:\/\/i0.wp.com\/blogdafeira.com.br\/home\/wp-content\/uploads\/2026\/03\/1773242372739.png?resize=700%2C400&ssl=1 2x, https:\/\/i0.wp.com\/blogdafeira.com.br\/home\/wp-content\/uploads\/2026\/03\/1773242372739.png?resize=1050%2C600&ssl=1 3x, https:\/\/i0.wp.com\/blogdafeira.com.br\/home\/wp-content\/uploads\/2026\/03\/1773242372739.png?resize=1400%2C800&ssl=1 4x"},"classes":[]},{"id":72108,"url":"https:\/\/blogdafeira.com.br\/home\/2026\/04\/23\/um-pouco-sobre-bonfim-de-feira\/","url_meta":{"origin":49951,"position":2},"title":"Um pouco sobre Bonfim de Feira","author":"Andr\u00e9 Pomponet","date":"23\/04\/2026","format":false,"excerpt":"Bonfim de Feira \u00e9 o distrito mais a oeste da Feira de Santana. Tamb\u00e9m \u00e9 um dos mais distantes da sede do munic\u00edpio: pouco mais de 30 quil\u00f4metros. Para chegar at\u00e9 l\u00e1 \u00e9 necess\u00e1rio deixar a cidade pela BR 116 Sul e, mais \u00e0 frente, ap\u00f3s a ponte sobre o\u2026","rel":"","context":"Em &quot;Colunistas&quot;","block_context":{"text":"Colunistas","link":"https:\/\/blogdafeira.com.br\/home\/categoria\/colunistas\/"},"img":{"alt_text":"","src":"https:\/\/i0.wp.com\/blogdafeira.com.br\/home\/wp-content\/uploads\/2026\/04\/IMG_20250210_1054049053-scaled.jpg?resize=350%2C200&ssl=1","width":350,"height":200,"srcset":"https:\/\/i0.wp.com\/blogdafeira.com.br\/home\/wp-content\/uploads\/2026\/04\/IMG_20250210_1054049053-scaled.jpg?resize=350%2C200&ssl=1 1x, https:\/\/i0.wp.com\/blogdafeira.com.br\/home\/wp-content\/uploads\/2026\/04\/IMG_20250210_1054049053-scaled.jpg?resize=525%2C300&ssl=1 1.5x, https:\/\/i0.wp.com\/blogdafeira.com.br\/home\/wp-content\/uploads\/2026\/04\/IMG_20250210_1054049053-scaled.jpg?resize=700%2C400&ssl=1 2x, https:\/\/i0.wp.com\/blogdafeira.com.br\/home\/wp-content\/uploads\/2026\/04\/IMG_20250210_1054049053-scaled.jpg?resize=1050%2C600&ssl=1 3x, https:\/\/i0.wp.com\/blogdafeira.com.br\/home\/wp-content\/uploads\/2026\/04\/IMG_20250210_1054049053-scaled.jpg?resize=1400%2C800&ssl=1 4x"},"classes":[]},{"id":60201,"url":"https:\/\/blogdafeira.com.br\/home\/2023\/11\/28\/quem-mais-depende-do-bolsa-familia-em-feira\/","url_meta":{"origin":49951,"position":3},"title":"Quem mais depende do Bolsa Fam\u00edlia em Feira","author":"Andr\u00e9 Pomponet","date":"28\/11\/2023","format":false,"excerpt":"Mulheres, crian\u00e7as e jovens est\u00e3o entre os segmentos da popula\u00e7\u00e3o feirense que mais dependem dos repasses do Programa Bolsa Fam\u00edlia, resgatado no come\u00e7o da atual gest\u00e3o de Lula (PT). As informa\u00e7\u00f5es que embasam a constata\u00e7\u00e3o est\u00e3o dispon\u00edveis no site do Minist\u00e9rio de Desenvolvimento e Assist\u00eancia Social, Fam\u00edlia e Combate \u00e0\u2026","rel":"","context":"Em &quot;Colunistas&quot;","block_context":{"text":"Colunistas","link":"https:\/\/blogdafeira.com.br\/home\/categoria\/colunistas\/"},"img":{"alt_text":"","src":"https:\/\/i0.wp.com\/blogdafeira.com.br\/home\/wp-content\/uploads\/2023\/11\/185768.jpg?resize=350%2C200&ssl=1","width":350,"height":200,"srcset":"https:\/\/i0.wp.com\/blogdafeira.com.br\/home\/wp-content\/uploads\/2023\/11\/185768.jpg?resize=350%2C200&ssl=1 1x, https:\/\/i0.wp.com\/blogdafeira.com.br\/home\/wp-content\/uploads\/2023\/11\/185768.jpg?resize=525%2C300&ssl=1 1.5x"},"classes":[]},{"id":54307,"url":"https:\/\/blogdafeira.com.br\/home\/2022\/09\/08\/prefeitura-de-feira-aguarda-vacinas-para-imunizar-criancas-de-3-a-4-anos\/","url_meta":{"origin":49951,"position":4},"title":"Prefeitura de Feira aguarda vacinas para imunizar crian\u00e7as de 3 a 4 anos","author":"Blog da Feira","date":"08\/09\/2022","format":false,"excerpt":"A vacina\u00e7\u00e3o de crian\u00e7as de 3 e 4 anos contra a Covid-19 est\u00e1 totalmente suspensa em Feira de Santana devido a falta de abastecimento da vacina CoronaVac, por parte do Minist\u00e9rio da Sa\u00fade. O munic\u00edpio aguarda uma nova remessa, mas at\u00e9 o momento n\u00e3o h\u00e1 previs\u00e3o de chegada de novas\u2026","rel":"","context":"Em &quot;Geral&quot;","block_context":{"text":"Geral","link":"https:\/\/blogdafeira.com.br\/home\/categoria\/geral\/"},"img":{"alt_text":"","src":"https:\/\/i0.wp.com\/blogdafeira.com.br\/home\/wp-content\/uploads\/2022\/09\/08092022084341-1.jpg?resize=350%2C200&ssl=1","width":350,"height":200,"srcset":"https:\/\/i0.wp.com\/blogdafeira.com.br\/home\/wp-content\/uploads\/2022\/09\/08092022084341-1.jpg?resize=350%2C200&ssl=1 1x, https:\/\/i0.wp.com\/blogdafeira.com.br\/home\/wp-content\/uploads\/2022\/09\/08092022084341-1.jpg?resize=525%2C300&ssl=1 1.5x, https:\/\/i0.wp.com\/blogdafeira.com.br\/home\/wp-content\/uploads\/2022\/09\/08092022084341-1.jpg?resize=700%2C400&ssl=1 2x, https:\/\/i0.wp.com\/blogdafeira.com.br\/home\/wp-content\/uploads\/2022\/09\/08092022084341-1.jpg?resize=1050%2C600&ssl=1 3x"},"classes":[]},{"id":63967,"url":"https:\/\/blogdafeira.com.br\/home\/2024\/09\/24\/mulheres-dependem-mais-do-bolsa-familia-em-feira\/","url_meta":{"origin":49951,"position":5},"title":"Mulheres dependem mais do Bolsa Fam\u00edlia em Feira","author":"Andr\u00e9 Pomponet","date":"24\/09\/2024","format":false,"excerpt":"Nenhuma mulher figura nas chapas para as elei\u00e7\u00f5es majorit\u00e1rias aqui na Feira de Santana em 2024. Nota-se, tamb\u00e9m, que pouco se fala delas nos programas eleitorais. Mesmo assim, as mulheres constituem a maior parte do eleitorado feirense (55%), de acordo com dados do Tribunal Superior Eleitoral. Por outro lado est\u00e3o,\u2026","rel":"","context":"Em &quot;Colunistas&quot;","block_context":{"text":"Colunistas","link":"https:\/\/blogdafeira.com.br\/home\/categoria\/colunistas\/"},"img":{"alt_text":"","src":"https:\/\/i0.wp.com\/blogdafeira.com.br\/home\/wp-content\/uploads\/2024\/09\/Estes-sao-os-BONUS-que-mulheres-do-Bolsa-Familia-PODEM-receber-e-nao-sabem-veja-1024x683.jpg.webp?resize=350%2C200&ssl=1","width":350,"height":200,"srcset":"https:\/\/i0.wp.com\/blogdafeira.com.br\/home\/wp-content\/uploads\/2024\/09\/Estes-sao-os-BONUS-que-mulheres-do-Bolsa-Familia-PODEM-receber-e-nao-sabem-veja-1024x683.jpg.webp?resize=350%2C200&ssl=1 1x, https:\/\/i0.wp.com\/blogdafeira.com.br\/home\/wp-content\/uploads\/2024\/09\/Estes-sao-os-BONUS-que-mulheres-do-Bolsa-Familia-PODEM-receber-e-nao-sabem-veja-1024x683.jpg.webp?resize=525%2C300&ssl=1 1.5x, https:\/\/i0.wp.com\/blogdafeira.com.br\/home\/wp-content\/uploads\/2024\/09\/Estes-sao-os-BONUS-que-mulheres-do-Bolsa-Familia-PODEM-receber-e-nao-sabem-veja-1024x683.jpg.webp?resize=700%2C400&ssl=1 2x"},"classes":[]}],"_links":{"self":[{"href":"https:\/\/blogdafeira.com.br\/home\/wp-json\/wp\/v2\/posts\/49951","targetHints":{"allow":["GET"]}}],"collection":[{"href":"https:\/\/blogdafeira.com.br\/home\/wp-json\/wp\/v2\/posts"}],"about":[{"href":"https:\/\/blogdafeira.com.br\/home\/wp-json\/wp\/v2\/types\/post"}],"author":[{"embeddable":true,"href":"https:\/\/blogdafeira.com.br\/home\/wp-json\/wp\/v2\/users\/13"}],"replies":[{"embeddable":true,"href":"https:\/\/blogdafeira.com.br\/home\/wp-json\/wp\/v2\/comments?post=49951"}],"version-history":[{"count":2,"href":"https:\/\/blogdafeira.com.br\/home\/wp-json\/wp\/v2\/posts\/49951\/revisions"}],"predecessor-version":[{"id":49953,"href":"https:\/\/blogdafeira.com.br\/home\/wp-json\/wp\/v2\/posts\/49951\/revisions\/49953"}],"wp:featuredmedia":[{"embeddable":true,"href":"https:\/\/blogdafeira.com.br\/home\/wp-json\/wp\/v2\/media\/49954"}],"wp:attachment":[{"href":"https:\/\/blogdafeira.com.br\/home\/wp-json\/wp\/v2\/media?parent=49951"}],"wp:term":[{"taxonomy":"category","embeddable":true,"href":"https:\/\/blogdafeira.com.br\/home\/wp-json\/wp\/v2\/categories?post=49951"},{"taxonomy":"post_tag","embeddable":true,"href":"https:\/\/blogdafeira.com.br\/home\/wp-json\/wp\/v2\/tags?post=49951"}],"curies":[{"name":"wp","href":"https:\/\/api.w.org\/{rel}","templated":true}]}}