{"id":50002,"date":"2022-01-10T21:49:19","date_gmt":"2022-01-11T00:49:19","guid":{"rendered":"https:\/\/blogdafeira.com.br\/home\/?p=50002"},"modified":"2022-01-12T20:15:02","modified_gmt":"2022-01-12T23:15:02","slug":"embalos-de-sabado-a-noite-na-feirinha-do-sobradinho","status":"publish","type":"post","link":"https:\/\/blogdafeira.com.br\/home\/2022\/01\/10\/embalos-de-sabado-a-noite-na-feirinha-do-sobradinho\/","title":{"rendered":"Embalos de s\u00e1bado \u00e0 noite na feirinha do Sobradinho"},"content":{"rendered":"<div id=\"blogd-362547403\" class=\"blogd-fim-do-post-mobile blogd-entity-placement\" style=\"margin-left: auto;margin-right: auto;text-align: center;\"><a href=\"https:\/\/www.sefaz.feiradesantana.ba.gov.br\/\" target=\"_blank\" aria-label=\"728&#215;90 (6)\"><img loading=\"lazy\" decoding=\"async\" src=\"https:\/\/blogdafeira.com.br\/home\/wp-content\/uploads\/2026\/03\/728x90-6.gif\" alt=\"\"  class=\"no-lazyload\" width=\"728\" height=\"90\"  style=\"display: inline-block;\" \/><\/a><\/div><p style=\"text-align: justify;\"><em>\u201c&#8230;Parece que tem espinhos na cama&#8230;\u201d<\/em><\/p><div id=\"blogd-305897727\" class=\"blogd-conteudo-2-mobile blogd-entity-placement\"><a href=\"https:\/\/feirenses.com.br\/\" target=\"_blank\" aria-label=\"feirenses\"><img loading=\"lazy\" decoding=\"async\" src=\"https:\/\/blogdafeira.com.br\/home\/wp-content\/uploads\/2026\/04\/feirenses.png\" alt=\"\"  srcset=\"https:\/\/blogdafeira.com.br\/home\/wp-content\/uploads\/2026\/04\/feirenses.png 300w, https:\/\/blogdafeira.com.br\/home\/wp-content\/uploads\/2026\/04\/feirenses-170x45.png 170w, https:\/\/blogdafeira.com.br\/home\/wp-content\/uploads\/2026\/04\/feirenses-280x74.png 280w\" sizes=\"(max-width: 300px) 100vw, 300px\" class=\"no-lazyload\" width=\"300\" height=\"79\"  style=\"display: inline-block;\" \/><\/a><\/div>\n<p style=\"text-align: justify;\">A frase \u00e9 o refr\u00e3o de uma can\u00e7\u00e3o do Trio Parada Dura. Ouvi-a muito no come\u00e7o dos anos 1980. Fazia bastante sucesso nas r\u00e1dios, tocava sempre. Mas \u2013 n\u00e3o sei exatamente por que \u2013 lembro que tocava infalivelmente nas noites de s\u00e1bado. Estava eu l\u00e1, distra\u00eddo na minha meninice, quando, subitamente, l\u00e1 vinha <em>\u201cespinhos na cama\u201d <\/em>no r\u00e1dio alto do bar da esquina. \u00a0Naqueles tempos, as noites de s\u00e1bado antecediam a animada <em>feirinha<\/em> do Sobradinho.<\/p>\n<p style=\"text-align: justify;\">Essas noites de s\u00e1bado tamb\u00e9m eram animadas. A anima\u00e7\u00e3o, na verdade, come\u00e7ava j\u00e1 no meio da tarde, quando chegavam os primeiros feirantes, atarefados, montando suas barracas. Lembro daqueles caracter\u00edsticos chapel\u00f5es de palha que, \u00e0 dist\u00e2ncia, tornavam pitorescas as silhuetas destes trabalhadores.<\/p>\n<p style=\"text-align: justify;\">Mais tarde, iam chegando as mercadorias: frutas, verduras, legumes. Aquele momento j\u00e1 mobilizava mais gente. Carregadores retesavam m\u00fasculos para transportar fardos pesados, \u00e1geis condutores de carrinhos-de-m\u00e3o moviam-se com per\u00edcia, desviando dos sacos e barracas, ordens e contraordens eram gritadas de l\u00e1 e de c\u00e1.<\/p>\n<p style=\"text-align: justify;\">A aten\u00e7\u00e3o que a faina exigia impunha uma tens\u00e3o que s\u00f3 se dissipava quando a <em>feirinha<\/em> \u2013 at\u00e9 hoje ela espalha-se pelas cercanias do Col\u00e9gio Estadual Coriolano Carvalho, onde estudei \u2013 mergulhava na escurid\u00e3o, \u00e0 noite. De casa via, ent\u00e3o, \u00e0 dist\u00e2ncia, sombras deslizando entre as silhuetas das barracas. Nas minhas fantasias infantis, eram espectros terr\u00edveis vagando, amea\u00e7adores.<\/p>\n<p style=\"text-align: justify;\">No domingo, logo cedo, as vozes, as impreca\u00e7\u00f5es, os risos, os gritos, o mercadejar intenso, tudo ali na Rua da Palma lembrava a <em>feirinha<\/em>. Havia dezenas de barracas e produtos \u2013 frutas, verduras, cereais, carnes, m\u00f3veis, utens\u00edlios pl\u00e1sticos e de alum\u00ednio, at\u00e9 p\u00e1ssaros silvestres \u2013, mas, para mim, o \u00fanico produto essencial eram os brinquedos pl\u00e1sticos que uma preta idosa, de sorriso encantador, vendia a retalho numa banquinha nos fundos do Coriolano Carvalho.<\/p>\n<p style=\"text-align: justify;\">As lembran\u00e7as s\u00e3o inesquec\u00edveis: sempre que apare\u00e7o por l\u00e1, instintivamente, procuro-a no canto em que montava sua banquinha humilde. Sei que, hoje, o que h\u00e1 s\u00e3o boxes que vendem cerveja e churrasco a clientes ruidosos. Mas mesmo assim, busco-a. Provavelmente ela faleceu h\u00e1 muitos anos. Imagino que a procuro buscando refor\u00e7ar os fios afetivos com aqueles tempos.<\/p>\n<p style=\"text-align: justify;\">\u00c0 tarde, a feirinha morria, exangue. Restavam detritos, muita sujeira, barracas desmontadas, b\u00eabados, profunda desola\u00e7\u00e3o. \u00c0s vezes, garis apareciam, aos gritos, antecipando o trabalho, muito vivos, tangendo a tristeza que se abatia e que ficava mais pesada \u00e0 medida que a tarde ca\u00eda. Mas nem sempre eles apareciam. Restava, ent\u00e3o, aos urubus frequentes, a fun\u00e7\u00e3o de emprestar vida \u00e0quela paisagem morta.<\/p>\n<div id=\"blogd-3091555432\" class=\"blogd-final-post blogd-entity-placement\"><a href=\"https:\/\/www.feiradesantana.ba.leg.br\/\" target=\"_blank\" aria-label=\"BANNER-SITE-ENTREGADECHEQUE-CAMARADEFEIRA\"><img loading=\"lazy\" decoding=\"async\" src=\"https:\/\/blogdafeira.com.br\/home\/wp-content\/uploads\/2026\/03\/BANNER-SITE-ENTREGADECHEQUE-CAMARADEFEIRA.gif\" alt=\"\"  class=\"no-lazyload\" width=\"728\" height=\"90\"   \/><\/a><\/div><p style=\"text-align: justify;\">Nem sei porque essa lembran\u00e7as afloraram, t\u00e3o vivas. Talvez seja o desejo difuso de \u2013 sei l\u00e1 \u2013 fazer pazes com o passado; talvez seja a dificuldade de lidar com o presente ruinoso do pa\u00eds, com o seu futuro incerto, impreciso. Pode ser, quem sabe, que as saudades da inf\u00e2ncia cres\u00e7am \u00e0 medida que se vai ficando velho. Nunca ouvi ningu\u00e9m dizer isso, mas talvez seja assim.<\/p>\n","protected":false},"excerpt":{"rendered":"<p>\u201c&#8230;Parece que tem espinhos na cama&#8230;\u201d A frase \u00e9 o refr\u00e3o de uma can\u00e7\u00e3o do Trio Parada Dura. Ouvi-a muito no come\u00e7o dos anos 1980. Fazia bastante sucesso nas r\u00e1dios, tocava sempre. Mas \u2013 n\u00e3o sei exatamente por que \u2013 lembro que tocava infalivelmente nas noites de s\u00e1bado. Estava eu l\u00e1, distra\u00eddo na minha meninice,<\/p>\n","protected":false},"author":13,"featured_media":50040,"comment_status":"open","ping_status":"open","sticky":false,"template":"","format":"standard","meta":{"jetpack_post_was_ever_published":false,"cybocfi_hide_featured_image":"","_jetpack_newsletter_access":"","_jetpack_dont_email_post_to_subs":false,"_jetpack_newsletter_tier_id":0,"_jetpack_memberships_contains_paywalled_content":false,"_jetpack_memberships_contains_paid_content":false,"footnotes":"","jetpack_publicize_message":"","jetpack_publicize_feature_enabled":true,"jetpack_social_post_already_shared":true,"jetpack_social_options":{"image_generator_settings":{"template":"highway","default_image_id":0,"font":"","enabled":false},"version":2}},"categories":[592,1],"tags":[],"class_list":["post-50002","post","type-post","status-publish","format-standard","has-post-thumbnail","hentry","category-colunistas","category-raiz"],"jetpack_publicize_connections":[],"jetpack_featured_media_url":"https:\/\/blogdafeira.com.br\/home\/wp-content\/uploads\/2022\/01\/131360-3.jpg","jetpack_shortlink":"https:\/\/wp.me\/p3niVf-d0u","jetpack_sharing_enabled":true,"jetpack-related-posts":[{"id":37840,"url":"https:\/\/blogdafeira.com.br\/home\/2020\/05\/16\/recordacoes-infantis-do-sabado-a-noite\/","url_meta":{"origin":50002,"position":0},"title":"Recorda\u00e7\u00f5es infantis do s\u00e1bado \u00e0 noite","author":"Andr\u00e9 Pomponet","date":"16\/05\/2020","format":false,"excerpt":"Escrevo, atipicamente, na noite de s\u00e1bado. Normalmente, os s\u00e1bados s\u00e3o dedicados \u00e0 vida social, aos encontros, \u00e0quela cota de prazer e liberdade que se encaixa t\u00e3o bem no atribulado dia-a-dia. A pandemia, por\u00e9m, subverteu a rotina. Mais: subverteu a pr\u00f3pria vida. Pelo menos por enquanto. E, na noite de s\u00e1bado,\u2026","rel":"","context":"Em &quot;Colunistas&quot;","block_context":{"text":"Colunistas","link":"https:\/\/blogdafeira.com.br\/home\/categoria\/colunistas\/"},"img":{"alt_text":"","src":"https:\/\/i0.wp.com\/blogdafeira.com.br\/home\/wp-content\/uploads\/2020\/05\/camera-photography-vintage-travel-46794.jpg?resize=350%2C200&ssl=1","width":350,"height":200,"srcset":"https:\/\/i0.wp.com\/blogdafeira.com.br\/home\/wp-content\/uploads\/2020\/05\/camera-photography-vintage-travel-46794.jpg?resize=350%2C200&ssl=1 1x, https:\/\/i0.wp.com\/blogdafeira.com.br\/home\/wp-content\/uploads\/2020\/05\/camera-photography-vintage-travel-46794.jpg?resize=525%2C300&ssl=1 1.5x, https:\/\/i0.wp.com\/blogdafeira.com.br\/home\/wp-content\/uploads\/2020\/05\/camera-photography-vintage-travel-46794.jpg?resize=700%2C400&ssl=1 2x, https:\/\/i0.wp.com\/blogdafeira.com.br\/home\/wp-content\/uploads\/2020\/05\/camera-photography-vintage-travel-46794.jpg?resize=1050%2C600&ssl=1 3x, https:\/\/i0.wp.com\/blogdafeira.com.br\/home\/wp-content\/uploads\/2020\/05\/camera-photography-vintage-travel-46794.jpg?resize=1400%2C800&ssl=1 4x"},"classes":[]},{"id":60173,"url":"https:\/\/blogdafeira.com.br\/home\/2023\/11\/25\/pugilato-na-feirinha-do-sobradinho\/","url_meta":{"origin":50002,"position":1},"title":"Pugilato na feirinha do Sobradinho","author":"Andr\u00e9 Pomponet","date":"25\/11\/2023","format":false,"excerpt":"Nos anos 1980 a \u00e1rea da feirinha do Sobradinho era mais aberta. N\u00e3o havia aqueles boxes cont\u00edguos \u00e0 Escola Coriolano Carvalho, nem o mercado que hoje abriga os comerciantes de carne. Naquele tempo, o que havia era dezenas de barracas de madeira que, aos domingos, acolhiam os a\u00e7ougueiros que, com\u2026","rel":"","context":"Em &quot;Colunistas&quot;","block_context":{"text":"Colunistas","link":"https:\/\/blogdafeira.com.br\/home\/categoria\/colunistas\/"},"img":{"alt_text":"","src":"https:\/\/i0.wp.com\/blogdafeira.com.br\/home\/wp-content\/uploads\/2023\/11\/Screenshot_20231125-1822142.png?resize=350%2C200&ssl=1","width":350,"height":200,"srcset":"https:\/\/i0.wp.com\/blogdafeira.com.br\/home\/wp-content\/uploads\/2023\/11\/Screenshot_20231125-1822142.png?resize=350%2C200&ssl=1 1x, https:\/\/i0.wp.com\/blogdafeira.com.br\/home\/wp-content\/uploads\/2023\/11\/Screenshot_20231125-1822142.png?resize=525%2C300&ssl=1 1.5x, https:\/\/i0.wp.com\/blogdafeira.com.br\/home\/wp-content\/uploads\/2023\/11\/Screenshot_20231125-1822142.png?resize=700%2C400&ssl=1 2x, https:\/\/i0.wp.com\/blogdafeira.com.br\/home\/wp-content\/uploads\/2023\/11\/Screenshot_20231125-1822142.png?resize=1050%2C600&ssl=1 3x"},"classes":[]},{"id":61125,"url":"https:\/\/blogdafeira.com.br\/home\/2024\/02\/11\/a-mais-estranha-noite-de-domingo-na-feira\/","url_meta":{"origin":50002,"position":2},"title":"A mais estranha noite de domingo na Feira","author":"Andr\u00e9 Pomponet","date":"11\/02\/2024","format":false,"excerpt":"- A feirinha est\u00e1 devagar hoje. \u00c9 o Carnaval... O coment\u00e1rio \u2013 quase um bocejo \u2013 foi lan\u00e7ando por uma feirante ali na feirinha do Sobradinho neste domingo de Carnaval. Havia, de fato, pouca gente. Era poss\u00edvel circular com liberdade entre as barracas, pisando o asfalto umedecido pelas chuvas. Havia,\u2026","rel":"","context":"Em &quot;Colunistas&quot;","block_context":{"text":"Colunistas","link":"https:\/\/blogdafeira.com.br\/home\/categoria\/colunistas\/"},"img":{"alt_text":"","src":"https:\/\/i0.wp.com\/blogdafeira.com.br\/home\/wp-content\/uploads\/2024\/02\/20200201_182958_HDR.jpg?resize=350%2C200&ssl=1","width":350,"height":200,"srcset":"https:\/\/i0.wp.com\/blogdafeira.com.br\/home\/wp-content\/uploads\/2024\/02\/20200201_182958_HDR.jpg?resize=350%2C200&ssl=1 1x, https:\/\/i0.wp.com\/blogdafeira.com.br\/home\/wp-content\/uploads\/2024\/02\/20200201_182958_HDR.jpg?resize=525%2C300&ssl=1 1.5x, https:\/\/i0.wp.com\/blogdafeira.com.br\/home\/wp-content\/uploads\/2024\/02\/20200201_182958_HDR.jpg?resize=700%2C400&ssl=1 2x, https:\/\/i0.wp.com\/blogdafeira.com.br\/home\/wp-content\/uploads\/2024\/02\/20200201_182958_HDR.jpg?resize=1050%2C600&ssl=1 3x, https:\/\/i0.wp.com\/blogdafeira.com.br\/home\/wp-content\/uploads\/2024\/02\/20200201_182958_HDR.jpg?resize=1400%2C800&ssl=1 4x"},"classes":[]},{"id":72030,"url":"https:\/\/blogdafeira.com.br\/home\/2026\/04\/16\/o-ferry-boat-na-subida-do-sobradinho\/","url_meta":{"origin":50002,"position":3},"title":"O Ferry Boat na subida do Sobradinho","author":"Andr\u00e9 Pomponet","date":"16\/04\/2026","format":false,"excerpt":"Naquele tempo, na famosa subida do Sobradinho, havia pouco com\u00e9rcio. Predominavam as fachadas sisudas das antigas resid\u00eancias, algumas delas j\u00e1 desgastadas pelo tempo. O vaiv\u00e9m dos antigos \u00f4nibus sinalizava que a cidade se expandia em dire\u00e7\u00e3o \u00e0 periferia, mas n\u00e3o eram incomuns boiadas pisando os paralelep\u00edpedos azulados, com seu passo\u2026","rel":"","context":"Em &quot;Colunistas&quot;","block_context":{"text":"Colunistas","link":"https:\/\/blogdafeira.com.br\/home\/categoria\/colunistas\/"},"img":{"alt_text":"","src":"https:\/\/i0.wp.com\/blogdafeira.com.br\/home\/wp-content\/uploads\/2026\/01\/Screenshot_20260126-110117.png?resize=350%2C200&ssl=1","width":350,"height":200,"srcset":"https:\/\/i0.wp.com\/blogdafeira.com.br\/home\/wp-content\/uploads\/2026\/01\/Screenshot_20260126-110117.png?resize=350%2C200&ssl=1 1x, https:\/\/i0.wp.com\/blogdafeira.com.br\/home\/wp-content\/uploads\/2026\/01\/Screenshot_20260126-110117.png?resize=525%2C300&ssl=1 1.5x, https:\/\/i0.wp.com\/blogdafeira.com.br\/home\/wp-content\/uploads\/2026\/01\/Screenshot_20260126-110117.png?resize=700%2C400&ssl=1 2x"},"classes":[]},{"id":71455,"url":"https:\/\/blogdafeira.com.br\/home\/2026\/02\/24\/o-ermitao-urbano-no-sobradinho\/","url_meta":{"origin":50002,"position":4},"title":"O ermit\u00e3o urbano no Sobradinho","author":"Andr\u00e9 Pomponet","date":"24\/02\/2026","format":false,"excerpt":"O terreno tinha cerca de dois metros de largura. Constru\u00e7\u00e3o inacabada: \u00e0 frente, a caixa de antigo rel\u00f3gio de energia, encaixada numa coluna cimentada de blocos. No interior, um caminho estreito ladeado por restos de constru\u00e7\u00e3o, ervas daninhas e modestas touceiras de capim, que findava dois metros adiante. Chegava-se, por\u2026","rel":"","context":"Em &quot;Colunistas&quot;","block_context":{"text":"Colunistas","link":"https:\/\/blogdafeira.com.br\/home\/categoria\/colunistas\/"},"img":{"alt_text":"","src":"https:\/\/i0.wp.com\/blogdafeira.com.br\/home\/wp-content\/uploads\/2026\/02\/IMG_20170122_1056590432-scaled.jpg?resize=350%2C200&ssl=1","width":350,"height":200,"srcset":"https:\/\/i0.wp.com\/blogdafeira.com.br\/home\/wp-content\/uploads\/2026\/02\/IMG_20170122_1056590432-scaled.jpg?resize=350%2C200&ssl=1 1x, https:\/\/i0.wp.com\/blogdafeira.com.br\/home\/wp-content\/uploads\/2026\/02\/IMG_20170122_1056590432-scaled.jpg?resize=525%2C300&ssl=1 1.5x, https:\/\/i0.wp.com\/blogdafeira.com.br\/home\/wp-content\/uploads\/2026\/02\/IMG_20170122_1056590432-scaled.jpg?resize=700%2C400&ssl=1 2x, https:\/\/i0.wp.com\/blogdafeira.com.br\/home\/wp-content\/uploads\/2026\/02\/IMG_20170122_1056590432-scaled.jpg?resize=1050%2C600&ssl=1 3x, https:\/\/i0.wp.com\/blogdafeira.com.br\/home\/wp-content\/uploads\/2026\/02\/IMG_20170122_1056590432-scaled.jpg?resize=1400%2C800&ssl=1 4x"},"classes":[]},{"id":52384,"url":"https:\/\/blogdafeira.com.br\/home\/2022\/05\/16\/o-chafariz-na-feirinha-do-sobradinho\/","url_meta":{"origin":50002,"position":5},"title":"O chafariz na feirinha do Sobradinho","author":"Andr\u00e9 Pomponet","date":"16\/05\/2022","format":false,"excerpt":"Naquele tempo \u2013 come\u00e7o dos anos 1980 \u2013 o acesso \u00e0 oferta regular de \u00e1gua encanada ainda era uma aspira\u00e7\u00e3o dos feirenses. Com muita frequ\u00eancia o abastecimento era interrompido, causando transtornos. Quem dispunha de grandes reservat\u00f3rios passava menos aperto, tinha sempre \u00e1gua dispon\u00edvel. Mas como se viravam os demais feirenses?\u2026","rel":"","context":"Em &quot;Colunistas&quot;","block_context":{"text":"Colunistas","link":"https:\/\/blogdafeira.com.br\/home\/categoria\/colunistas\/"},"img":{"alt_text":"","src":"https:\/\/i0.wp.com\/blogdafeira.com.br\/home\/wp-content\/uploads\/2022\/05\/images-2.jpeg?resize=350%2C200&ssl=1","width":350,"height":200,"srcset":"https:\/\/i0.wp.com\/blogdafeira.com.br\/home\/wp-content\/uploads\/2022\/05\/images-2.jpeg?resize=350%2C200&ssl=1 1x, https:\/\/i0.wp.com\/blogdafeira.com.br\/home\/wp-content\/uploads\/2022\/05\/images-2.jpeg?resize=525%2C300&ssl=1 1.5x"},"classes":[]}],"_links":{"self":[{"href":"https:\/\/blogdafeira.com.br\/home\/wp-json\/wp\/v2\/posts\/50002","targetHints":{"allow":["GET"]}}],"collection":[{"href":"https:\/\/blogdafeira.com.br\/home\/wp-json\/wp\/v2\/posts"}],"about":[{"href":"https:\/\/blogdafeira.com.br\/home\/wp-json\/wp\/v2\/types\/post"}],"author":[{"embeddable":true,"href":"https:\/\/blogdafeira.com.br\/home\/wp-json\/wp\/v2\/users\/13"}],"replies":[{"embeddable":true,"href":"https:\/\/blogdafeira.com.br\/home\/wp-json\/wp\/v2\/comments?post=50002"}],"version-history":[{"count":3,"href":"https:\/\/blogdafeira.com.br\/home\/wp-json\/wp\/v2\/posts\/50002\/revisions"}],"predecessor-version":[{"id":50041,"href":"https:\/\/blogdafeira.com.br\/home\/wp-json\/wp\/v2\/posts\/50002\/revisions\/50041"}],"wp:featuredmedia":[{"embeddable":true,"href":"https:\/\/blogdafeira.com.br\/home\/wp-json\/wp\/v2\/media\/50040"}],"wp:attachment":[{"href":"https:\/\/blogdafeira.com.br\/home\/wp-json\/wp\/v2\/media?parent=50002"}],"wp:term":[{"taxonomy":"category","embeddable":true,"href":"https:\/\/blogdafeira.com.br\/home\/wp-json\/wp\/v2\/categories?post=50002"},{"taxonomy":"post_tag","embeddable":true,"href":"https:\/\/blogdafeira.com.br\/home\/wp-json\/wp\/v2\/tags?post=50002"}],"curies":[{"name":"wp","href":"https:\/\/api.w.org\/{rel}","templated":true}]}}