{"id":50385,"date":"2022-01-29T05:29:09","date_gmt":"2022-01-29T08:29:09","guid":{"rendered":"https:\/\/blogdafeira.com.br\/home\/?p=50385"},"modified":"2022-02-03T19:16:31","modified_gmt":"2022-02-03T22:16:31","slug":"vereador-fernando-torres-invade-estudio-da-radio-sociedade-news","status":"publish","type":"post","link":"https:\/\/blogdafeira.com.br\/home\/2022\/01\/29\/vereador-fernando-torres-invade-estudio-da-radio-sociedade-news\/","title":{"rendered":"Vereador Fernando Torres invade est\u00fadio da R\u00e1dio Sociedade News"},"content":{"rendered":"<div id=\"blogd-89005295\" class=\"blogd-fim-do-post-mobile blogd-entity-placement\" style=\"margin-left: auto;margin-right: auto;text-align: center;\"><a href=\"https:\/\/www.sefaz.feiradesantana.ba.gov.br\/\" target=\"_blank\" aria-label=\"728&#215;90 (6)\"><img loading=\"lazy\" decoding=\"async\" src=\"https:\/\/blogdafeira.com.br\/home\/wp-content\/uploads\/2026\/03\/728x90-6.gif\" alt=\"\"  class=\"no-lazyload\" width=\"728\" height=\"90\"  style=\"display: inline-block;\" \/><\/a><\/div><p>O rep\u00f3rter<strong> Paulo Jos\u00e9 (PJ)<\/strong> foi surpreendido ontem \u00e0 tarde, quando apresentava o programa <strong>Jornal das Duas,<\/strong> com a chegada intempestiva ao est\u00fadio\u00a0 da R\u00e1dio Sociedade News o vereador Fernando Torres (PSD), visivelmente transtornado e exigindo ser entrevistado naquele momento pelo comunicador que h\u00e1 pouco havia colocado no ar uma entrevista com o secret\u00e1rio municipal de Sa\u00fade, Marcelo Brito.<\/p><div id=\"blogd-2298597768\" class=\"blogd-conteudo-2-mobile blogd-entity-placement\"><a href=\"https:\/\/feirenses.com.br\/\" target=\"_blank\" aria-label=\"feirenses\"><img loading=\"lazy\" decoding=\"async\" src=\"https:\/\/blogdafeira.com.br\/home\/wp-content\/uploads\/2026\/04\/feirenses.png\" alt=\"\"  srcset=\"https:\/\/blogdafeira.com.br\/home\/wp-content\/uploads\/2026\/04\/feirenses.png 300w, https:\/\/blogdafeira.com.br\/home\/wp-content\/uploads\/2026\/04\/feirenses-170x45.png 170w, https:\/\/blogdafeira.com.br\/home\/wp-content\/uploads\/2026\/04\/feirenses-280x74.png 280w\" sizes=\"(max-width: 300px) 100vw, 300px\" class=\"no-lazyload\" width=\"300\" height=\"79\"  style=\"display: inline-block;\" \/><\/a><\/div>\n<p><strong><a href=\"https:\/\/rotativonews.com\/2022\/01\/28\/fernando-torres-invade-o-estudio-da-sociedade-news-e-exige-ser-entrevistado\/\">Segundo relato do site Rotativo News<\/a><\/strong>, o presidente da C\u00e2mara de Vereadores de Feira de Santana n\u00e3o ouviu os argumentos do apresentador de que a R\u00e1dio havia proibido entrevistas presenciais em virtude do recrudescimento do cont\u00e1gio da Covid19 e<em> de\u00a0 maneira intempestiva\u00a0<\/em>exigiu a entrevista naquele momento para rebater informa\u00e7\u00f5es do Secret\u00e1rio que d\u00e3o conta da possibilidade de fechamento de unidades de sa\u00fade em virtude da <strong><a href=\"https:\/\/blogdafeira.com.br\/home\/2022\/01\/19\/justica-invalida-ldo-da-camara-e-impoe-mais-uma-derrota-a-fernando-torres\/\">n\u00e3o aprova\u00e7\u00e3o do Or\u00e7amento 2022, fato liderado pelo vereador na C\u00e2mara.\u00a0<\/a><\/strong><\/p>\n<p>Essa n\u00e3o \u00e9 a primeira vez que o vereador d\u00e1 demonstra\u00e7\u00f5es expl\u00edcitas de prepot\u00eancia e arrog\u00e2ncia, n\u00e3o s\u00f3 com a imprensa. Desde que assumiu o mandato e a Presid\u00eancia da C\u00e2mara, o vereador tem protagonizado diversos epis\u00f3dios intempestivos, f\u00edsicos e verbais.<\/p>\n<p>J\u00e1 foram v\u00edtimas do Presidente rep\u00f3rteres, servidores da Casa e colegas vereadores, contando para isso com o apoio ou omiss\u00e3o de um grupo de vereadores que ele lidera <strong>(foto)<\/strong><\/p>\n<p>Ladr\u00e3o e chantagista s\u00e3o palavras usuais nos discursos e falas do presidente da C\u00e2mara, dirigidos ao &#8220;alvo&#8221; do momento, que tanto pode ser uma pessoa comum como um vereador ou ex-vereador. O prefeito de Feira, Colbert Filho j\u00e1 foi chamado at\u00e9 de &#8220;cachorro&#8221; da tribuna da Casa da Cidadania.<\/p>\n<p>Quem conhece de perto o vereador afirma que essa n\u00e3o foi a primeira nem ser\u00e1 a \u00faltima &#8220;presepada&#8221; dele. Qual ser\u00e1 a pr\u00f3xima?<\/p>\n<div id=\"blogd-946287755\" class=\"blogd-final-post blogd-entity-placement\"><a href=\"https:\/\/www.feiradesantana.ba.leg.br\/\" target=\"_blank\" aria-label=\"BANNER-SITE-ENTREGADECHEQUE-CAMARADEFEIRA\"><img loading=\"lazy\" decoding=\"async\" src=\"https:\/\/blogdafeira.com.br\/home\/wp-content\/uploads\/2026\/03\/BANNER-SITE-ENTREGADECHEQUE-CAMARADEFEIRA.gif\" alt=\"\"  class=\"no-lazyload\" width=\"728\" height=\"90\"   \/><\/a><\/div><blockquote class=\"wp-embedded-content\" data-secret=\"Py3taWZjlf\"><p><a href=\"https:\/\/blogdafeira.com.br\/home\/2022\/01\/29\/radialista-diz-que-torres-chegou-de-surpresa-e-sem-combinar-mas-nao-foi-invasao\/\">Radialista diz que Torres &#8220;chegou de surpresa e sem combinar&#8221;, mas n\u00e3o foi &#8220;invas\u00e3o&#8221;<\/a><\/p><\/blockquote>\n<p><iframe loading=\"lazy\" class=\"wp-embedded-content\" sandbox=\"allow-scripts\" security=\"restricted\" style=\"position: absolute; clip: rect(1px, 1px, 1px, 1px);\" title=\"&#8220;Radialista diz que Torres &#8220;chegou de surpresa e sem combinar&#8221;, mas n\u00e3o foi &#8220;invas\u00e3o&#8221;&#8221; &#8212; Blog da Feira\" src=\"https:\/\/blogdafeira.com.br\/home\/2022\/01\/29\/radialista-diz-que-torres-chegou-de-surpresa-e-sem-combinar-mas-nao-foi-invasao\/embed\/#?secret=KOEALEJ0M4#?secret=Py3taWZjlf\" data-secret=\"Py3taWZjlf\" width=\"600\" height=\"338\" frameborder=\"0\" marginwidth=\"0\" marginheight=\"0\" scrolling=\"no\"><\/iframe><\/p>\n","protected":false},"excerpt":{"rendered":"<p>O rep\u00f3rter Paulo Jos\u00e9 (PJ) foi surpreendido ontem \u00e0 tarde, quando apresentava o programa Jornal das Duas, com a chegada intempestiva ao est\u00fadio\u00a0 da R\u00e1dio Sociedade News o vereador Fernando Torres (PSD), visivelmente transtornado e exigindo ser entrevistado naquele momento pelo comunicador que h\u00e1 pouco havia colocado no ar uma entrevista com o secret\u00e1rio municipal<\/p>\n","protected":false},"author":1,"featured_media":50389,"comment_status":"open","ping_status":"open","sticky":false,"template":"","format":"standard","meta":{"jetpack_post_was_ever_published":false,"cybocfi_hide_featured_image":"","_jetpack_newsletter_access":"","_jetpack_dont_email_post_to_subs":false,"_jetpack_newsletter_tier_id":0,"_jetpack_memberships_contains_paywalled_content":false,"_jetpack_memberships_contains_paid_content":false,"footnotes":"","jetpack_publicize_message":"","jetpack_publicize_feature_enabled":true,"jetpack_social_post_already_shared":true,"jetpack_social_options":{"image_generator_settings":{"template":"highway","default_image_id":0,"font":"","enabled":false},"version":2}},"categories":[1,631],"tags":[],"class_list":["post-50385","post","type-post","status-publish","format-standard","has-post-thumbnail","hentry","category-raiz","category-politica"],"jetpack_publicize_connections":[],"jetpack_featured_media_url":"https:\/\/blogdafeira.com.br\/home\/wp-content\/uploads\/2022\/01\/Screenshot_20220129-0425043.png","jetpack_shortlink":"https:\/\/wp.me\/p3niVf-d6F","jetpack_sharing_enabled":true,"jetpack-related-posts":[{"id":50393,"url":"https:\/\/blogdafeira.com.br\/home\/2022\/01\/29\/radialista-diz-que-torres-chegou-de-surpresa-e-sem-combinar-mas-nao-foi-invasao\/","url_meta":{"origin":50385,"position":0},"title":"Radialista diz que Torres &#8220;chegou de surpresa e sem combinar&#8221;, mas n\u00e3o foi &#8220;invas\u00e3o&#8221;","author":"Blog da Feira","date":"29\/01\/2022","format":false,"excerpt":"O radialista Paulo Jos\u00e9 (PJ) disse em mensagem direta ao Blog da Feira que o presidente da C\u00e2mara de Vereadores de Feira de Santana, Fernando Torres n\u00e3o \"invadiu\" o est\u00fadio da r\u00e1dio conforme foi noticiado. Ele explicou o fato dizendo que o vereador \"chegou de surpresa e sem combinar\". O\u2026","rel":"","context":"Em &quot;Home&quot;","block_context":{"text":"Home","link":"https:\/\/blogdafeira.com.br\/home\/categoria\/raiz\/"},"img":{"alt_text":"","src":"https:\/\/i0.wp.com\/blogdafeira.com.br\/home\/wp-content\/uploads\/2022\/01\/pj.jpg?resize=350%2C200&ssl=1","width":350,"height":200,"srcset":"https:\/\/i0.wp.com\/blogdafeira.com.br\/home\/wp-content\/uploads\/2022\/01\/pj.jpg?resize=350%2C200&ssl=1 1x, https:\/\/i0.wp.com\/blogdafeira.com.br\/home\/wp-content\/uploads\/2022\/01\/pj.jpg?resize=525%2C300&ssl=1 1.5x"},"classes":[]},{"id":55100,"url":"https:\/\/blogdafeira.com.br\/home\/2022\/10\/26\/deputado-eleito-pablo-roberto-vira-alvo-de-fernando-torres\/","url_meta":{"origin":50385,"position":1},"title":"Deputado eleito Pablo Roberto vira alvo de Fernando Torres","author":"Blog da Feira","date":"26\/10\/2022","format":false,"excerpt":"O deputado estadual eleito Pablo Roberto (PSDB) virou o novo alvo de ataques do presidente da C\u00e2mara de Vereadores de Feira de Santana at\u00e9 o final do ano, o intempestivo vereador Fernando Torres (PSD). Candidato a deputado estadual mais votado em Feira, Pablo Roberto contrariou eleitoralmente outras candidaturas que atribuem\u2026","rel":"","context":"Em &quot;Home&quot;","block_context":{"text":"Home","link":"https:\/\/blogdafeira.com.br\/home\/categoria\/raiz\/"},"img":{"alt_text":"","src":"https:\/\/i0.wp.com\/blogdafeira.com.br\/home\/wp-content\/uploads\/2022\/10\/PRDASA1.jpg?resize=350%2C200&ssl=1","width":350,"height":200,"srcset":"https:\/\/i0.wp.com\/blogdafeira.com.br\/home\/wp-content\/uploads\/2022\/10\/PRDASA1.jpg?resize=350%2C200&ssl=1 1x, https:\/\/i0.wp.com\/blogdafeira.com.br\/home\/wp-content\/uploads\/2022\/10\/PRDASA1.jpg?resize=525%2C300&ssl=1 1.5x"},"classes":[]},{"id":32955,"url":"https:\/\/blogdafeira.com.br\/home\/2019\/09\/25\/colbert-se-responsabiliza-por-atos-do-secretario-edson-borges-que-irritaram-o-presidente-da-camara-de-vereadores\/","url_meta":{"origin":50385,"position":2},"title":"Colbert se responsabiliza por atos do secret\u00e1rio Edson Borges que irritaram o presidente da C\u00e2mara de Vereadores","author":"J\u00e2nio R\u00eago","date":"25\/09\/2019","format":false,"excerpt":"Em entrevista ao rep\u00f3rter Taiuri Reis (Radio Sociedade News FM), ontem, minutos antes de ir para a mesa de abertura da Feira do Livro,\u00a0 o prefeito Colbert Filho se responsabilizou pelas decis\u00f5es do secret\u00e1rio Edson Borges (foto) na pasta de Cultura, ao responder sobre as queixas do vereador Z\u00e9 Carneiro,\u2026","rel":"","context":"Em &quot;Home&quot;","block_context":{"text":"Home","link":"https:\/\/blogdafeira.com.br\/home\/categoria\/raiz\/"},"img":{"alt_text":"","src":"https:\/\/i0.wp.com\/blogdafeira.com.br\/home\/wp-content\/uploads\/2019\/03\/70905-3-346x168.jpg?resize=350%2C200","width":350,"height":200},"classes":[]},{"id":52696,"url":"https:\/\/blogdafeira.com.br\/home\/2022\/06\/01\/jornalista-glauco-wanderley-desmascara-o-vereador-fernando-torres\/","url_meta":{"origin":50385,"position":3},"title":"Jornalista Glauco Wanderley &#8216;desmascara&#8217; o vereador Fernando Torres","author":"J\u00e2nio R\u00eago","date":"01\/06\/2022","format":false,"excerpt":"\"N\u00e3o compreendeu nada ou, volto a ressalvar, n\u00e3o quis compreender\" diz o jornalista Glauco Wanderley em audiovisual onde ele pontua, uma a uma, as transgress\u00f5es interpretativas do presidente da C\u00e2mara de Vereadores, Fernando Torres, durante depoimento do secret\u00e1rio de Comunica\u00e7\u00e3o de Feira de Santana, jornalista Edson Borges. O t\u00edtulo do\u2026","rel":"","context":"Em &quot;Colunistas&quot;","block_context":{"text":"Colunistas","link":"https:\/\/blogdafeira.com.br\/home\/categoria\/colunistas\/"},"img":{"alt_text":"","src":"https:\/\/i0.wp.com\/blogdafeira.com.br\/home\/wp-content\/uploads\/2022\/06\/Screenshot_20220601-1329272.png?resize=350%2C200&ssl=1","width":350,"height":200,"srcset":"https:\/\/i0.wp.com\/blogdafeira.com.br\/home\/wp-content\/uploads\/2022\/06\/Screenshot_20220601-1329272.png?resize=350%2C200&ssl=1 1x, https:\/\/i0.wp.com\/blogdafeira.com.br\/home\/wp-content\/uploads\/2022\/06\/Screenshot_20220601-1329272.png?resize=525%2C300&ssl=1 1.5x, https:\/\/i0.wp.com\/blogdafeira.com.br\/home\/wp-content\/uploads\/2022\/06\/Screenshot_20220601-1329272.png?resize=700%2C400&ssl=1 2x"},"classes":[]},{"id":36532,"url":"https:\/\/blogdafeira.com.br\/home\/2020\/03\/23\/radios-dos-capuchinhos-adotam-medidas-preventivas-contra-coronavirus\/","url_meta":{"origin":50385,"position":4},"title":"R\u00e1dios dos capuchinhos adotam medidas preventivas contra coronav\u00edrus","author":"Blog da Feira","date":"23\/03\/2020","format":false,"excerpt":"A Rede de R\u00e1dio Comunica\u00e7\u00e3o Capuchinhos, respons\u00e1vel pelas emissoras Sociedade News FM e Princesa FM (Feira de Santana), Interativa FM (Itabuna) e Cara\u00edba AM (Senhor do Bonfim), adotou medidas preventivas para evitar o cont\u00e1gio por Covid-19 dentro de suas depend\u00eancias. *Medidas de preven\u00e7\u00e3o:* \u2013 Redu\u00e7\u00e3o da jornada de trabalho; \u2013\u2026","rel":"","context":"Em &quot;Cidade&quot;","block_context":{"text":"Cidade","link":"https:\/\/blogdafeira.com.br\/home\/categoria\/cidade\/"},"img":{"alt_text":"","src":"https:\/\/i0.wp.com\/blogdafeira.com.br\/home\/wp-content\/uploads\/2020\/03\/IMG-20200323-WA0020.jpg?resize=350%2C200&ssl=1","width":350,"height":200,"srcset":"https:\/\/i0.wp.com\/blogdafeira.com.br\/home\/wp-content\/uploads\/2020\/03\/IMG-20200323-WA0020.jpg?resize=350%2C200&ssl=1 1x, https:\/\/i0.wp.com\/blogdafeira.com.br\/home\/wp-content\/uploads\/2020\/03\/IMG-20200323-WA0020.jpg?resize=525%2C300&ssl=1 1.5x, https:\/\/i0.wp.com\/blogdafeira.com.br\/home\/wp-content\/uploads\/2020\/03\/IMG-20200323-WA0020.jpg?resize=700%2C400&ssl=1 2x"},"classes":[]},{"id":52307,"url":"https:\/\/blogdafeira.com.br\/home\/2022\/05\/13\/corte-no-orcamento-de-feira-impede-sao-joao-de-sao-jose-diz-colbert\/","url_meta":{"origin":50385,"position":5},"title":"Corte no Or\u00e7amento de Feira impede S\u00e3o Jo\u00e3o de S\u00e3o Jos\u00e9, diz Colbert","author":"Blog da Feira","date":"13\/05\/2022","format":false,"excerpt":"O prefeito Colbert Filho (MDB) disse hoje em entrevista na R\u00e1dio Sociedade News que o cortes realizados pela C\u00e2mara de Vereadores no Or\u00e7amento do Munic\u00edpio impedem a realiza\u00e7\u00e3o do S\u00e3o Jo\u00e3o de S\u00e3o Jos\u00e9 (distrito de Maria Quit\u00e9ria) com as dimens\u00f5es que o evento sempre teve. \"A C\u00e2mara cortou dois\u2026","rel":"","context":"Em &quot;Distritos&quot;","block_context":{"text":"Distritos","link":"https:\/\/blogdafeira.com.br\/home\/categoria\/distritos\/"},"img":{"alt_text":"","src":"https:\/\/i0.wp.com\/blogdafeira.com.br\/home\/wp-content\/uploads\/2022\/05\/Screenshot_20220510-1656282.png?resize=350%2C200&ssl=1","width":350,"height":200,"srcset":"https:\/\/i0.wp.com\/blogdafeira.com.br\/home\/wp-content\/uploads\/2022\/05\/Screenshot_20220510-1656282.png?resize=350%2C200&ssl=1 1x, https:\/\/i0.wp.com\/blogdafeira.com.br\/home\/wp-content\/uploads\/2022\/05\/Screenshot_20220510-1656282.png?resize=525%2C300&ssl=1 1.5x"},"classes":[]}],"_links":{"self":[{"href":"https:\/\/blogdafeira.com.br\/home\/wp-json\/wp\/v2\/posts\/50385","targetHints":{"allow":["GET"]}}],"collection":[{"href":"https:\/\/blogdafeira.com.br\/home\/wp-json\/wp\/v2\/posts"}],"about":[{"href":"https:\/\/blogdafeira.com.br\/home\/wp-json\/wp\/v2\/types\/post"}],"author":[{"embeddable":true,"href":"https:\/\/blogdafeira.com.br\/home\/wp-json\/wp\/v2\/users\/1"}],"replies":[{"embeddable":true,"href":"https:\/\/blogdafeira.com.br\/home\/wp-json\/wp\/v2\/comments?post=50385"}],"version-history":[{"count":3,"href":"https:\/\/blogdafeira.com.br\/home\/wp-json\/wp\/v2\/posts\/50385\/revisions"}],"predecessor-version":[{"id":50400,"href":"https:\/\/blogdafeira.com.br\/home\/wp-json\/wp\/v2\/posts\/50385\/revisions\/50400"}],"wp:featuredmedia":[{"embeddable":true,"href":"https:\/\/blogdafeira.com.br\/home\/wp-json\/wp\/v2\/media\/50389"}],"wp:attachment":[{"href":"https:\/\/blogdafeira.com.br\/home\/wp-json\/wp\/v2\/media?parent=50385"}],"wp:term":[{"taxonomy":"category","embeddable":true,"href":"https:\/\/blogdafeira.com.br\/home\/wp-json\/wp\/v2\/categories?post=50385"},{"taxonomy":"post_tag","embeddable":true,"href":"https:\/\/blogdafeira.com.br\/home\/wp-json\/wp\/v2\/tags?post=50385"}],"curies":[{"name":"wp","href":"https:\/\/api.w.org\/{rel}","templated":true}]}}