{"id":50435,"date":"2022-02-01T07:34:19","date_gmt":"2022-02-01T10:34:19","guid":{"rendered":"https:\/\/blogdafeira.com.br\/home\/?p=50435"},"modified":"2022-02-03T19:16:14","modified_gmt":"2022-02-03T22:16:14","slug":"cooperativa-produz-300kg-mes-de-file-de-tilapias-na-barragem-de-sobradinho","status":"publish","type":"post","link":"https:\/\/blogdafeira.com.br\/home\/2022\/02\/01\/cooperativa-produz-300kg-mes-de-file-de-tilapias-na-barragem-de-sobradinho\/","title":{"rendered":"Cooperativa produz 300kg\/m\u00eas de fil\u00e9 de til\u00e1pias na barragem de Sobradinho"},"content":{"rendered":"<div id=\"blogd-4248957010\" class=\"blogd-fim-do-post-mobile blogd-entity-placement\" style=\"margin-left: auto;margin-right: auto;text-align: center;\"><a href=\"https:\/\/www.sefaz.feiradesantana.ba.gov.br\/\" target=\"_blank\" aria-label=\"728&#215;90 (6)\"><img loading=\"lazy\" decoding=\"async\" src=\"https:\/\/blogdafeira.com.br\/home\/wp-content\/uploads\/2026\/03\/728x90-6.gif\" alt=\"\"  class=\"no-lazyload\" width=\"728\" height=\"90\"  style=\"display: inline-block;\" \/><\/a><\/div><p>O fil\u00e9 de til\u00e1pia tem excelentes qualidades nutricionais e \u00e9 vers\u00e1til na cozinha, podendo ser utilizado na elabora\u00e7\u00e3o de diversificados pratos. Ele se tornou o principal produto da\u00a0Cooperativa de Produ\u00e7\u00e3o e Comercializa\u00e7\u00e3o dos Derivados de Peixe de\u00a0<strong>Sobradinho<\/strong><b>\u00a0<\/b>(<strong>Coopes<\/strong>), que comercializa o peixe a v\u00e1cuo, em embalagens de 1 quilo.<\/p><div id=\"blogd-3366775675\" class=\"blogd-conteudo-2-mobile blogd-entity-placement\"><a href=\"https:\/\/feirenses.com.br\/\" target=\"_blank\" aria-label=\"feirenses\"><img loading=\"lazy\" decoding=\"async\" src=\"https:\/\/blogdafeira.com.br\/home\/wp-content\/uploads\/2026\/04\/feirenses.png\" alt=\"\"  srcset=\"https:\/\/blogdafeira.com.br\/home\/wp-content\/uploads\/2026\/04\/feirenses.png 300w, https:\/\/blogdafeira.com.br\/home\/wp-content\/uploads\/2026\/04\/feirenses-170x45.png 170w, https:\/\/blogdafeira.com.br\/home\/wp-content\/uploads\/2026\/04\/feirenses-280x74.png 280w\" sizes=\"(max-width: 300px) 100vw, 300px\" class=\"no-lazyload\" width=\"300\" height=\"79\"  style=\"display: inline-block;\" \/><\/a><\/div>\n<p>O peixe, que\u00a0\u00e9\u00a0produzido, estocado e comercializado, seguindo os padr\u00f5es ideais sanit\u00e1rios e de qualidade, possui o\u00a0Selo de Identifica\u00e7\u00e3o da Agricultura Familiar (SIPAF), que garante a sua origem.<\/p>\n<p>Segundo Ros\u00e1lia Vieira, presidente da Coopes, o fil\u00e9 \u00e9 a parte mais nobre da til\u00e1pia, peixe que se adaptou bem aos cultivos da regi\u00e3o. \u201cA<em> til\u00e1pia possui um grande potencial de crescimento e resist\u00eancia. Todo mundo ama comer peixe, mas muita gente tem medo de comer ou n\u00e3o gosta da presen\u00e7a de espinhas, que tamb\u00e9m podem apresentar um risco \u00e0s crian\u00e7as. Ao consumir o nosso fil\u00e9, o nosso cliente n\u00e3o tem esta preocupa\u00e7\u00e3o\u201d.\u00a0<\/em><\/p>\n<p>A produ\u00e7\u00e3o atual da Coopes \u00e9 entre 100 a 300 quilos por m\u00eas. Al\u00e9m da til\u00e1pia a v\u00e1cuo, a cooperativa tamb\u00e9m trabalha com fil\u00e9 de peixe congelado, peixe congelado em posta, espalmado congelado, lingui\u00e7a de peixe, espetinhos de peixe, bolinho de peixe e peixe fresco.\u00a0O consumidor pode adquirir por meio do site\u00a0<a href=\"http:\/\/www.mercaf.com.br\/\" target=\"_blank\" rel=\"noopener\" data-saferedirecturl=\"https:\/\/www.google.com\/url?q=http:\/\/www.mercaf.com.br&amp;source=gmail&amp;ust=1643797709015000&amp;usg=AOvVaw2HGCUeu7lt4_d7WqMPyle4\">www.mercaf.com.br<\/a>.<\/p>\n<p>Com os investimentos realizados pelo Governo do Estado, por meio do projeto Bahia Produtiva, a expectativa \u00e9 que a produ\u00e7\u00e3o aumente para mil quilos por m\u00eas. Est\u00e3o sendo aplicados R$1,6 milh\u00e3o na reforma da unidade de beneficiamento de pescados, constru\u00e7\u00e3o da f\u00e1brica de \u00f3leo e aquisi\u00e7\u00e3o de m\u00e1quinas e equipamentos. A previs\u00e3o \u00e9 que a obra seja entregue no primeiro semestre deste ano.<\/p>\n<p>O Bahia Produtiva \u00e9 um projeto do Governo do Estado executado pela Companhia de Desenvolvimento e A\u00e7\u00e3o Regional (CAR), empresa p\u00fablica vinculada \u00e0 Secretaria de Desenvolvimento Rural (SDR) e cofinanciado pelo Banco Mundial.<\/p>\n<div id=\"blogd-3950055209\" class=\"blogd-final-post blogd-entity-placement\"><a href=\"https:\/\/www.feiradesantana.ba.leg.br\/\" target=\"_blank\" aria-label=\"BANNER-SITE-ENTREGADECHEQUE-CAMARADEFEIRA\"><img loading=\"lazy\" decoding=\"async\" src=\"https:\/\/blogdafeira.com.br\/home\/wp-content\/uploads\/2026\/03\/BANNER-SITE-ENTREGADECHEQUE-CAMARADEFEIRA.gif\" alt=\"\"  class=\"no-lazyload\" width=\"728\" height=\"90\"   \/><\/a><\/div><p>A Coopes recebe tamb\u00e9m apoio do Pr\u00f3-Semi\u00e1rido, por meio do acompanhamento de uma engenheira de Pesca e de um t\u00e9cnico em Desenvolvimento Agroindustrial. Por meio do projeto foi firmado conv\u00eanio com a cooperativa, no valor total de R$439,9 mil. A a\u00e7\u00e3o prev\u00ea a aquisi\u00e7\u00e3o de equipamentos para o beneficiamento do pescado e aproveitamento de res\u00edduos s\u00f3lidos, entre outras a\u00e7\u00f5es, beneficiando 88 fam\u00edlias de piscicultores do Territ\u00f3rio Sert\u00e3o do S\u00e3o Francisco. O Pr\u00f3-Semi\u00e1rido \u00e9 um projeto da CAR\/SDR, cofinanciado pelo Fundo Internacional de Desenvolvimento Agr\u00edcola (FIDA).<\/p>\n","protected":false},"excerpt":{"rendered":"<p>O fil\u00e9 de til\u00e1pia tem excelentes qualidades nutricionais e \u00e9 vers\u00e1til na cozinha, podendo ser utilizado na elabora\u00e7\u00e3o de diversificados pratos. Ele se tornou o principal produto da\u00a0Cooperativa de Produ\u00e7\u00e3o e Comercializa\u00e7\u00e3o dos Derivados de Peixe de\u00a0Sobradinho\u00a0(Coopes), que comercializa o peixe a v\u00e1cuo, em embalagens de 1 quilo. O peixe, que\u00a0\u00e9\u00a0produzido, estocado e comercializado, seguindo<\/p>\n","protected":false},"author":1,"featured_media":50436,"comment_status":"open","ping_status":"open","sticky":false,"template":"","format":"standard","meta":{"jetpack_post_was_ever_published":false,"cybocfi_hide_featured_image":"","_jetpack_newsletter_access":"","_jetpack_dont_email_post_to_subs":false,"_jetpack_newsletter_tier_id":0,"_jetpack_memberships_contains_paywalled_content":false,"_jetpack_memberships_contains_paid_content":false,"footnotes":"","jetpack_publicize_message":"","jetpack_publicize_feature_enabled":true,"jetpack_social_post_already_shared":true,"jetpack_social_options":{"image_generator_settings":{"template":"highway","default_image_id":0,"font":"","enabled":false},"version":2}},"categories":[748,1],"tags":[],"class_list":["post-50435","post","type-post","status-publish","format-standard","has-post-thumbnail","hentry","category-distritos","category-raiz"],"jetpack_publicize_connections":[],"jetpack_featured_media_url":"https:\/\/blogdafeira.com.br\/home\/wp-content\/uploads\/2022\/02\/WhatsApp-Image-2022-01-31-at-13.40.17-1.jpeg","jetpack_shortlink":"https:\/\/wp.me\/p3niVf-d7t","jetpack_sharing_enabled":true,"jetpack-related-posts":[{"id":61210,"url":"https:\/\/blogdafeira.com.br\/home\/2024\/02\/22\/vermelho-a-r45-kg-e-tilapia-a-18-peixe-da-quaresma-e-no-centro-de-abastecimento\/","url_meta":{"origin":50435,"position":0},"title":"Vermelho a R$45\/kg e til\u00e1pia a 18; peixe da Quaresma \u00e9 no Centro de Abastecimento","author":"Ascom\/SDR\/CAR\/Gov.Ba","date":"22\/02\/2024","format":false,"excerpt":"A procura por pescado j\u00e1 tem sido registrada no Centro de Abastecimento. Com o fim do Carnaval, \u00e9 dado o in\u00edcio da Quaresma, um per\u00edodo de 40 dias em que os cat\u00f3licos abst\u00e9m da carne vermelha em prepara\u00e7\u00e3o para a P\u00e1scoa. Entre os pescados, a maior procura \u00e9 pelo camar\u00e3o\u2026","rel":"","context":"Em &quot;Cidade&quot;","block_context":{"text":"Cidade","link":"https:\/\/blogdafeira.com.br\/home\/categoria\/cidade\/"},"img":{"alt_text":"","src":"https:\/\/i0.wp.com\/blogdafeira.com.br\/home\/wp-content\/uploads\/2024\/02\/images-5.jpeg?resize=350%2C200&ssl=1","width":350,"height":200,"srcset":"https:\/\/i0.wp.com\/blogdafeira.com.br\/home\/wp-content\/uploads\/2024\/02\/images-5.jpeg?resize=350%2C200&ssl=1 1x, https:\/\/i0.wp.com\/blogdafeira.com.br\/home\/wp-content\/uploads\/2024\/02\/images-5.jpeg?resize=525%2C300&ssl=1 1.5x, https:\/\/i0.wp.com\/blogdafeira.com.br\/home\/wp-content\/uploads\/2024\/02\/images-5.jpeg?resize=700%2C400&ssl=1 2x"},"classes":[]},{"id":16310,"url":"https:\/\/blogdafeira.com.br\/home\/2015\/08\/24\/tilapia-e-a-atracao-no-centro-cultural-raso-da-catarina-em-paulo-afonso\/","url_meta":{"origin":50435,"position":1},"title":"Til\u00e1pia \u00e9 a atra\u00e7\u00e3o no Centro Cultural &#8216;Raso da Catarina&#8217; em Paulo Afonso","author":"Ascom\/SDR\/CAR\/Gov.Ba","date":"24\/08\/2015","format":false,"excerpt":"Gastronomia e artesanatos feitos \u00e0 base de til\u00e1pia ser\u00e3o algumas das atra\u00e7\u00f5es da 1\u00aa Feira Agroecol\u00f3gica de Paulo Afonso, que come\u00e7a\u00a0nesta ter\u00e7a-feira , no \"Centro Cultural Raso da Catarina\". \u201cTeremos muita coisa diferente para degusta\u00e7\u00e3o, tudo feito com til\u00e1pia, como fil\u00e9s, lingui\u00e7as, hamb\u00fargueres, p\u00f3 para caldos e alm\u00f4ndegas\u201d, explica a\u2026","rel":"","context":"Em &quot;Home&quot;","block_context":{"text":"Home","link":"https:\/\/blogdafeira.com.br\/home\/categoria\/raiz\/"},"img":{"alt_text":"","src":"","width":0,"height":0},"classes":[]},{"id":43473,"url":"https:\/\/blogdafeira.com.br\/home\/2021\/02\/15\/camarao-seco-peixe-e-dende-quaresma-no-centro-de-abastecimento\/","url_meta":{"origin":50435,"position":2},"title":"Camar\u00e3o seco, peixe e dend\u00ea: quaresma no Centro de Abastecimento","author":"Ascom\/SDR\/CAR\/Gov.Ba","date":"15\/02\/2021","format":false,"excerpt":"Os comerciantes do Centro de Abastecimento est\u00e3o preparados para atender a procura pelo pescado. A movimenta\u00e7\u00e3o de consumidores em busca dos ingredientes para a Quarta-feira de Cinzas, ainda n\u00e3o \u00e9 a esperada. Mas, eles est\u00e3o otimistas. Na manh\u00e3 desta segunda-feira, 15, faltando dois dias para o in\u00edcio da Quaresma, per\u00edodo\u2026","rel":"","context":"Em &quot;Cidade&quot;","block_context":{"text":"Cidade","link":"https:\/\/blogdafeira.com.br\/home\/categoria\/cidade\/"},"img":{"alt_text":"","src":"https:\/\/i0.wp.com\/blogdafeira.com.br\/home\/wp-content\/uploads\/2021\/02\/Centro-de-Abastecimento-Wevilly-Monteiro-14.jpg?resize=350%2C200&ssl=1","width":350,"height":200,"srcset":"https:\/\/i0.wp.com\/blogdafeira.com.br\/home\/wp-content\/uploads\/2021\/02\/Centro-de-Abastecimento-Wevilly-Monteiro-14.jpg?resize=350%2C200&ssl=1 1x, https:\/\/i0.wp.com\/blogdafeira.com.br\/home\/wp-content\/uploads\/2021\/02\/Centro-de-Abastecimento-Wevilly-Monteiro-14.jpg?resize=525%2C300&ssl=1 1.5x, https:\/\/i0.wp.com\/blogdafeira.com.br\/home\/wp-content\/uploads\/2021\/02\/Centro-de-Abastecimento-Wevilly-Monteiro-14.jpg?resize=700%2C400&ssl=1 2x, https:\/\/i0.wp.com\/blogdafeira.com.br\/home\/wp-content\/uploads\/2021\/02\/Centro-de-Abastecimento-Wevilly-Monteiro-14.jpg?resize=1050%2C600&ssl=1 3x"},"classes":[]},{"id":60915,"url":"https:\/\/blogdafeira.com.br\/home\/2024\/01\/24\/projeto-fenix-detentos-vao-produzir-tilapias-no-presidio-regional-de-feira\/","url_meta":{"origin":50435,"position":3},"title":"Projeto F\u00eanix: detentos v\u00e3o produzir til\u00e1pias no Pres\u00eddio Regional de Feira","author":"Ascom\/SDR\/CAR\/Gov.Ba","date":"24\/01\/2024","format":false,"excerpt":"O projeto-piloto de piscicultura, chamado Projeto F\u00eanix, foi lan\u00e7ado, hoje (24), no Complexo Prisional de Feira de Santana pelo Secret\u00e1rio Estadual de Administra\u00e7\u00e3o Penitenci\u00e1ria, Jos\u00e9 Ant\u00f4nio Maia, e pelo presidente da Bahia Pesca, Daniel Vict\u00f3ria, juntamente com o Diretor do pres\u00eddio,\u00a0 Jos\u00e9 Freitas J\u00fanior. O projeto tem como foco a\u2026","rel":"","context":"Em &quot;Geral&quot;","block_context":{"text":"Geral","link":"https:\/\/blogdafeira.com.br\/home\/categoria\/geral\/"},"img":{"alt_text":"","src":"https:\/\/i0.wp.com\/blogdafeira.com.br\/home\/wp-content\/uploads\/2024\/01\/Screenshot_20240124-182114.png?resize=350%2C200&ssl=1","width":350,"height":200,"srcset":"https:\/\/i0.wp.com\/blogdafeira.com.br\/home\/wp-content\/uploads\/2024\/01\/Screenshot_20240124-182114.png?resize=350%2C200&ssl=1 1x, https:\/\/i0.wp.com\/blogdafeira.com.br\/home\/wp-content\/uploads\/2024\/01\/Screenshot_20240124-182114.png?resize=525%2C300&ssl=1 1.5x, https:\/\/i0.wp.com\/blogdafeira.com.br\/home\/wp-content\/uploads\/2024\/01\/Screenshot_20240124-182114.png?resize=700%2C400&ssl=1 2x, https:\/\/i0.wp.com\/blogdafeira.com.br\/home\/wp-content\/uploads\/2024\/01\/Screenshot_20240124-182114.png?resize=1050%2C600&ssl=1 3x"},"classes":[]},{"id":40889,"url":"https:\/\/blogdafeira.com.br\/home\/2020\/10\/02\/pescadoras-de-ipuacu-aprendem-mais-sobre-tilapias\/","url_meta":{"origin":50435,"position":4},"title":"Pescadoras de Ipua\u00e7u aprendem mais sobre til\u00e1pias","author":"Ascom\/SDR\/CAR\/Gov.Ba","date":"02\/10\/2020","format":false,"excerpt":"Um curso promovido pela Associa\u00e7\u00e3o dos Produtores Rurais e Pescadores do distrito rural de Ipua\u00e7u, em Feira de Santana, oportunizou moradores locais a garantir uma renda extra, a partir do beneficiamento de til\u00e1pias. Assista a reportagem em v\u00eddeo: https:\/\/www.youtube.com\/watch?v=IrjNe1mXTbY&feature=emb_logo \u00a0","rel":"","context":"Em &quot;Distritos&quot;","block_context":{"text":"Distritos","link":"https:\/\/blogdafeira.com.br\/home\/categoria\/distritos\/"},"img":{"alt_text":"","src":"https:\/\/i0.wp.com\/blogdafeira.com.br\/home\/wp-content\/uploads\/2020\/10\/tilapia.jpg?resize=350%2C200&ssl=1","width":350,"height":200,"srcset":"https:\/\/i0.wp.com\/blogdafeira.com.br\/home\/wp-content\/uploads\/2020\/10\/tilapia.jpg?resize=350%2C200&ssl=1 1x, https:\/\/i0.wp.com\/blogdafeira.com.br\/home\/wp-content\/uploads\/2020\/10\/tilapia.jpg?resize=525%2C300&ssl=1 1.5x, https:\/\/i0.wp.com\/blogdafeira.com.br\/home\/wp-content\/uploads\/2020\/10\/tilapia.jpg?resize=700%2C400&ssl=1 2x, https:\/\/i0.wp.com\/blogdafeira.com.br\/home\/wp-content\/uploads\/2020\/10\/tilapia.jpg?resize=1050%2C600&ssl=1 3x"},"classes":[]},{"id":44502,"url":"https:\/\/blogdafeira.com.br\/home\/2021\/03\/30\/ovos-de-pascoa-na-bahia-e-feito-com-licuri\/","url_meta":{"origin":50435,"position":5},"title":"Ovos de p\u00e1scoa na Bahia feitos com licuri","author":"Ascom\/SDR\/CAR\/Gov.Ba","date":"30\/03\/2021","format":false,"excerpt":"Nesta P\u00e1scoa, al\u00e9m do j\u00e1 tradicional e delicioso chocolate, vem ganhando cada vez mais o gosto de baianos e de brasileiros de outros estados, como S\u00e3o Paulo, o nosso licuri,\u00a0 o coquinho do Sert\u00e3o. O licuri, produzido pela Cooperativa de Produ\u00e7\u00e3o da Regi\u00e3o do Piemonte da Diamantina (Coopes), com sede\u2026","rel":"","context":"Em &quot;Bahia&quot;","block_context":{"text":"Bahia","link":"https:\/\/blogdafeira.com.br\/home\/categoria\/bahia\/"},"img":{"alt_text":"","src":"https:\/\/i0.wp.com\/blogdafeira.com.br\/home\/wp-content\/uploads\/2021\/03\/unnamed-2.jpg?resize=350%2C200&ssl=1","width":350,"height":200},"classes":[]}],"_links":{"self":[{"href":"https:\/\/blogdafeira.com.br\/home\/wp-json\/wp\/v2\/posts\/50435","targetHints":{"allow":["GET"]}}],"collection":[{"href":"https:\/\/blogdafeira.com.br\/home\/wp-json\/wp\/v2\/posts"}],"about":[{"href":"https:\/\/blogdafeira.com.br\/home\/wp-json\/wp\/v2\/types\/post"}],"author":[{"embeddable":true,"href":"https:\/\/blogdafeira.com.br\/home\/wp-json\/wp\/v2\/users\/1"}],"replies":[{"embeddable":true,"href":"https:\/\/blogdafeira.com.br\/home\/wp-json\/wp\/v2\/comments?post=50435"}],"version-history":[{"count":1,"href":"https:\/\/blogdafeira.com.br\/home\/wp-json\/wp\/v2\/posts\/50435\/revisions"}],"predecessor-version":[{"id":50437,"href":"https:\/\/blogdafeira.com.br\/home\/wp-json\/wp\/v2\/posts\/50435\/revisions\/50437"}],"wp:featuredmedia":[{"embeddable":true,"href":"https:\/\/blogdafeira.com.br\/home\/wp-json\/wp\/v2\/media\/50436"}],"wp:attachment":[{"href":"https:\/\/blogdafeira.com.br\/home\/wp-json\/wp\/v2\/media?parent=50435"}],"wp:term":[{"taxonomy":"category","embeddable":true,"href":"https:\/\/blogdafeira.com.br\/home\/wp-json\/wp\/v2\/categories?post=50435"},{"taxonomy":"post_tag","embeddable":true,"href":"https:\/\/blogdafeira.com.br\/home\/wp-json\/wp\/v2\/tags?post=50435"}],"curies":[{"name":"wp","href":"https:\/\/api.w.org\/{rel}","templated":true}]}}