{"id":50468,"date":"2022-02-02T05:56:04","date_gmt":"2022-02-02T08:56:04","guid":{"rendered":"https:\/\/blogdafeira.com.br\/home\/?p=50468"},"modified":"2022-02-03T19:16:14","modified_gmt":"2022-02-03T22:16:14","slug":"na-assembleia-rui-destaca-investimentos-no-combate-a-pandemia","status":"publish","type":"post","link":"https:\/\/blogdafeira.com.br\/home\/2022\/02\/02\/na-assembleia-rui-destaca-investimentos-no-combate-a-pandemia\/","title":{"rendered":"Na Assembleia, Rui destaca investimentos no combate \u00e0 pandemia"},"content":{"rendered":"<div>\n<div>O governador Rui Costa participou da sess\u00e3o solene de reabertura dos trabalhos da Assembleia Legislativa da Bahia (Alba), em Salvador, na manh\u00e3 de ontem, ter\u00e7a-feira (1\u00ba). Em seu discurso, o chefe do executivo baiano transmitiu sua mensagem ao poder legislativo e destacou os desafios enfrentados pela Bahia no \u00faltimo ano, com as a\u00e7\u00f5es de combate \u00e0 pandemia de Covid-19 e de reconstru\u00e7\u00e3o do que foi destru\u00eddo pelas chuvas que atingiram diversas regi\u00f5es do estado, deixando milhares de desabrigados.<\/p>\n<\/div>\n<div><em>\u201cA pandemia, infelizmente, mostrou a sua face mais cruel entre as popula\u00e7\u00f5es mais vulner\u00e1veis. Por isso, para estender a m\u00e3o aos que mais precisavam, tivemos, desde 2020, que aportar R$ 800 milh\u00f5es, que, originalmente, n\u00e3o estavam previstos no or\u00e7amento. Al\u00e9m disso, h\u00e1 dois meses vivemos uma das maiores trag\u00e9dias clim\u00e1ticas e ambientais da hist\u00f3ria da Bahia. 213 munic\u00edpios foram afetados pelas enchentes, impactando a vida de mais de 1 milh\u00e3o de habitantes e deixando 25.901 desabrigados<\/em>\u201d, afirmou.<\/p>\n<\/div>\n<div>Na oportunidade, o governador agradeceu a solidariedade das pessoas que atuaram, tanto na pandemia quanto nas enchentes. Ele mencionou os profissionais da sa\u00fade e da seguran\u00e7a e todos aqueles que, at\u00e9 hoje, est\u00e3o sobrecarregados na luta contra a Covid-19. Tamb\u00e9m incluiu na lista os volunt\u00e1rios, organismos internacionais e integrantes de diferentes grupos da sociedade, que fizeram doa\u00e7\u00f5es para as v\u00edtimas das enchentes. Rui mencionou ainda os servidores p\u00fablicos que atuam nas a\u00e7\u00f5es emergenciais, especialmente os bombeiros e as equipes t\u00e9cnicas. Ele agradeceu aos governadores que disponibilizaram helic\u00f3pteros, donativos e pessoal especializado para o socorro humanit\u00e1rio.<\/p>\n<\/div>\n<div>O governador falou sobre os projetos de apoio aos empres\u00e1rios, com empr\u00e9stimos a juro zero oferecidos aos comerciantes e prestadores de servi\u00e7os atingidos pelas chuvas, e dos investimentos na recupera\u00e7\u00e3o da infraestrutura destru\u00edda pelos temporais. \u201cTamb\u00e9m iniciamos a reconstru\u00e7\u00e3o de estruturas inteiras. Em parceria com os prefeitos, vamos recuperar pavimenta\u00e7\u00f5es urbanas, estradas vicinais e pontes, come\u00e7ando pelas priorit\u00e1rias. Nesse sentido, adquirimos e distribu\u00edmos aos cons\u00f3rcios 60 m\u00e1quinas, entre escavadeiras hidr\u00e1ulicas, p\u00e1s-carregadeiras e motoniveladoras. Da mesma forma, vamos construir, em mutir\u00e3o com os munic\u00edpios, as unidades habitacionais para as pessoas que tiveram as suas casas destru\u00eddas, muitas delas em novas \u00e1reas, mais seguras e distantes das margens dos rios\u201c.<\/p>\n<\/div>\n<div><b>Estado Solid\u00e1rio &#8211;\u00a0<\/b>Rui lembrou que, apesar dos desafios, a Bahia continuou fazendo investimentos, a exemplo do programa Estado Solid\u00e1rio, lan\u00e7ado em mar\u00e7o de 2021. \u201c\u00c9 um pacote de ajuda econ\u00f4mica com m\u00faltiplas frentes, seja na educa\u00e7\u00e3o e nos tributos, seja no microcr\u00e9dito. De imediato, assumimos o aporte de mais de R$ 17 milh\u00f5es para o pagamento das faturas residenciais de \u00e1gua de cerca de 860 mil baianos consumidores de baixa renda, benefici\u00e1rios de tarifa social\u201d.<\/p>\n<\/div>\n<div>Na \u00e1rea da educa\u00e7\u00e3o, o programa contempla medidas como o Aux\u00edlio Alimenta\u00e7\u00e3o, de R$ 55 por estudante, e a bolsa de R$ 100 para 52 mil monitores de L\u00edngua Portuguesa, Matem\u00e1tica e Educa\u00e7\u00e3o Cient\u00edfica, do programa Mais Estudo. Tamb\u00e9m integram a iniciativa o Programa Educar Para Trabalhar, com a oferta de mais de 200 mil vagas para cursos de qualifica\u00e7\u00e3o profissional na primeira etapa, e o Bolsa Presen\u00e7a, que \u00e9 voltado a fam\u00edlias com filhos matriculados na rede estadual de ensino e em condi\u00e7\u00e3o de vulnerabilidade socioecon\u00f4mica e que vai garantir o pagamento de R$ 150 por fam\u00edlia inscrita no Cad\u00danico.<\/p>\n<\/div>\n<div>Tamb\u00e9m fazem parte do programa medidas como a prorroga\u00e7\u00e3o do pagamento do IPVA para transporte escolar, de turismo e autoescolas, e a prorroga\u00e7\u00e3o e parcelamento do ICMS de mar\u00e7o e abril para 60 mil empresas, al\u00e9m do pagamento de contas da Embasa por tr\u00eas meses para 860 mil baianos e linhas de cr\u00e9dito especial de R$ 100 milh\u00f5es para microempreendedores formais e informais. \u201c\u00c9 um esfor\u00e7o fiscal gigantesco para a Bahia, mas a servi\u00e7o da principal a\u00e7\u00e3o de governo que, na minha opini\u00e3o, \u00e9 cuidar da sa\u00fade e da vida das pessoas. E disso eu n\u00e3o abro m\u00e3o\u201d, ressaltou o governador.<\/div>\n<div><\/div>\n<div><b>Outros investimentos &#8211;\u00a0<\/b>Ainda em seu discurso, Rui lembrou outros investimentos realizados pelo Governo do Estado ao longo dos \u00faltimos sete anos. \u201cNesse per\u00edodo, realizamos o maior programa de prote\u00e7\u00e3o de encostas que a Bahia j\u00e1 viu, onde investimos R$ 216 milh\u00f5es nessas obras que salvam vidas; recuperamos mais de 8 mil quil\u00f4metros de estradas, com aporte da ordem de R$ 2 bilh\u00f5es; e estamos aplicando R$ 2,3 bilh\u00f5es em apoio \u00e0 agricultura familiar, por meio do Bahia Produtiva. Al\u00e9m disso, estamos fazendo o maior investimento em infraestrutura escolar j\u00e1 realizado na hist\u00f3ria da Bahia. Somente de 2021 para c\u00e1, aplicamos R$ 2,9 bilh\u00f5es em constru\u00e7\u00e3o, amplia\u00e7\u00e3o e requalifica\u00e7\u00e3o de escolas\u201d.<\/p>\n<\/div>\n<div>Os investimentos realizados na \u00e1rea da sa\u00fade com as policl\u00ednicas regionais tamb\u00e9m foram destacados pelo governador Rui Costa. &#8220;At\u00e9 o fim do ano, teremos 26 policl\u00ednicas em funcionamento. Um investimento de R$ 814 milh\u00f5es com recursos do Governo do Estado. J\u00e1 constru\u00edmos e implantamos 23 dessas unidades. Em breve, ser\u00e1 inaugurada a Policl\u00ednica de Santa Maria da Vit\u00f3ria, na Bacia do Rio Corrente, e a do Rec\u00f4ncavo, em S\u00e3o Francisco do Conde. Recentemente, iniciamos a constru\u00e7\u00e3o da Policl\u00ednica de Ilh\u00e9us&#8221;.<\/p>\n<\/div>\n<div>Concluindo sua participa\u00e7\u00e3o na solenidade, Rui citou as a\u00e7\u00f5es do Governo do Estado na \u00e1rea da Seguran\u00e7a P\u00fablica. &#8220;Aplicamos mais de R$ 2 bilh\u00f5es, desde 2015, em estruturas f\u00edsicas, na compra de equipamentos, no aprimorando do setor de intelig\u00eancia, no aumento do efetivo e na valoriza\u00e7\u00e3o dos policiais militares, civis e t\u00e9cnicos&#8221;, ressaltou.<\/p>\n<\/div>\n<\/div>\n<div id=\"blogd-1732695115\" class=\"blogd-final-post blogd-entity-placement\"><a href=\"https:\/\/www.feiradesantana.ba.leg.br\/\" target=\"_blank\" aria-label=\"BANNER-SITE-ENTREGADECHEQUE-CAMARADEFEIRA\"><img loading=\"lazy\" decoding=\"async\" src=\"https:\/\/blogdafeira.com.br\/home\/wp-content\/uploads\/2026\/03\/BANNER-SITE-ENTREGADECHEQUE-CAMARADEFEIRA.gif\" alt=\"\"  class=\"no-lazyload\" width=\"728\" height=\"90\"   \/><\/a><\/div><div><i><b>Foto: Alberto Coutinho<\/b><\/i><\/div>\n","protected":false},"excerpt":{"rendered":"<p>O governador Rui Costa participou da sess\u00e3o solene de reabertura dos trabalhos da Assembleia Legislativa da Bahia (Alba), em Salvador, na manh\u00e3 de ontem, ter\u00e7a-feira (1\u00ba). Em seu discurso, o chefe do executivo baiano transmitiu sua mensagem ao poder legislativo e destacou os desafios enfrentados pela Bahia no \u00faltimo ano, com as a\u00e7\u00f5es de combate<\/p>\n","protected":false},"author":1,"featured_media":50469,"comment_status":"open","ping_status":"open","sticky":false,"template":"","format":"standard","meta":{"jetpack_post_was_ever_published":false,"cybocfi_hide_featured_image":"","_jetpack_newsletter_access":"","_jetpack_dont_email_post_to_subs":false,"_jetpack_newsletter_tier_id":0,"_jetpack_memberships_contains_paywalled_content":false,"_jetpack_memberships_contains_paid_content":false,"footnotes":"","jetpack_publicize_message":"","jetpack_publicize_feature_enabled":true,"jetpack_social_post_already_shared":true,"jetpack_social_options":{"image_generator_settings":{"template":"highway","default_image_id":0,"font":"","enabled":false},"version":2}},"categories":[680,1,631],"tags":[],"class_list":["post-50468","post","type-post","status-publish","format-standard","has-post-thumbnail","hentry","category-bahia","category-raiz","category-politica"],"jetpack_publicize_connections":[],"jetpack_featured_media_url":"https:\/\/blogdafeira.com.br\/home\/wp-content\/uploads\/2022\/02\/Foto-Alberto-Coutinho_GOVBA-3.jpeg","jetpack_shortlink":"https:\/\/wp.me\/p3niVf-d80","jetpack_sharing_enabled":true,"jetpack-related-posts":[{"id":37508,"url":"https:\/\/blogdafeira.com.br\/home\/2020\/05\/04\/governador-da-bahia-propoe-uma-lei-estadual-para-combater-fake-news\/","url_meta":{"origin":50468,"position":0},"title":"Governador da Bahia prop\u00f5e uma lei estadual para combater fake news","author":"Secom\/BAHIA","date":"04\/05\/2020","format":false,"excerpt":"Em transmiss\u00e3o ao vivo por meio das redes sociais, na noite desta segunda-feira (4), o governador Rui Costa, destacou o projeto de lei que ser\u00e1 encaminhado \u00e0 Assembleia Legislativa da Bahia nesta ter\u00e7a-feira (5), para combater a divulga\u00e7\u00e3o de not\u00edcias falsas sobre epidemias, endemias e pandemias em toda Bahia. A\u2026","rel":"","context":"Em &quot;Cidade&quot;","block_context":{"text":"Cidade","link":"https:\/\/blogdafeira.com.br\/home\/categoria\/cidade\/"},"img":{"alt_text":"","src":"https:\/\/i0.wp.com\/blogdafeira.com.br\/home\/wp-content\/uploads\/2020\/05\/b323f3e1-baac-4ee4-bf3c-b2c4ce43cd4e.jpg?resize=350%2C200&ssl=1","width":350,"height":200,"srcset":"https:\/\/i0.wp.com\/blogdafeira.com.br\/home\/wp-content\/uploads\/2020\/05\/b323f3e1-baac-4ee4-bf3c-b2c4ce43cd4e.jpg?resize=350%2C200&ssl=1 1x, https:\/\/i0.wp.com\/blogdafeira.com.br\/home\/wp-content\/uploads\/2020\/05\/b323f3e1-baac-4ee4-bf3c-b2c4ce43cd4e.jpg?resize=525%2C300&ssl=1 1.5x, https:\/\/i0.wp.com\/blogdafeira.com.br\/home\/wp-content\/uploads\/2020\/05\/b323f3e1-baac-4ee4-bf3c-b2c4ce43cd4e.jpg?resize=700%2C400&ssl=1 2x, https:\/\/i0.wp.com\/blogdafeira.com.br\/home\/wp-content\/uploads\/2020\/05\/b323f3e1-baac-4ee4-bf3c-b2c4ce43cd4e.jpg?resize=1050%2C600&ssl=1 3x"},"classes":[]},{"id":43216,"url":"https:\/\/blogdafeira.com.br\/home\/2021\/02\/02\/novo-presidente-diz-que-a-alba-vai-viver-sob-o-signo-da-austeridade\/","url_meta":{"origin":50468,"position":1},"title":"Novo presidente diz que a ALBA vai viver sob o &#8216;signo da austeridade&#8217;","author":"Secom\/BAHIA","date":"02\/02\/2021","format":false,"excerpt":"O novo presidente da Assembleia Legislativa da Bahia \u2013 ALBA, deputado estadual Adolfo Menezes, comandou hoje (02.02) a abertura dos trabalhos da 3\u00aa sess\u00e3o legislativa da 19\u00aa Legislatura que vai de 2021 a 2023. Nessa ocasi\u00e3o o governador Rui Costa apresentou a sua mensagem anual ao Poder Legislativo, realizando um\u2026","rel":"","context":"Em &quot;Bahia&quot;","block_context":{"text":"Bahia","link":"https:\/\/blogdafeira.com.br\/home\/categoria\/bahia\/"},"img":{"alt_text":"","src":"https:\/\/i0.wp.com\/blogdafeira.com.br\/home\/wp-content\/uploads\/2021\/02\/Screenshot_20210202-1216272.png?resize=350%2C200&ssl=1","width":350,"height":200,"srcset":"https:\/\/i0.wp.com\/blogdafeira.com.br\/home\/wp-content\/uploads\/2021\/02\/Screenshot_20210202-1216272.png?resize=350%2C200&ssl=1 1x, https:\/\/i0.wp.com\/blogdafeira.com.br\/home\/wp-content\/uploads\/2021\/02\/Screenshot_20210202-1216272.png?resize=525%2C300&ssl=1 1.5x, https:\/\/i0.wp.com\/blogdafeira.com.br\/home\/wp-content\/uploads\/2021\/02\/Screenshot_20210202-1216272.png?resize=700%2C400&ssl=1 2x"},"classes":[]},{"id":36889,"url":"https:\/\/blogdafeira.com.br\/home\/2020\/04\/04\/bahia-continua-no-isolamento-rui-prorrogou-medidas\/","url_meta":{"origin":50468,"position":2},"title":"Bahia continua no isolamento: Rui prorrogou medidas","author":"Secom\/BAHIA","date":"04\/04\/2020","format":false,"excerpt":"O governador da Bahia prorrogou\u00a0 at\u00e9 o dia 15 de abril a suspens\u00e3o de \u00f4nibus interestaduais em todo o territ\u00f3rio da Bahia e de \u00f4nibus intermunicipais em 49 cidades. S\u00e3o medidas duras, mas estamos em guerra contra o #coronav\u00edrus e n\u00e3o vamos medir esfor\u00e7os para vencer! ,\u00a0 disse. Bahia registra\u2026","rel":"","context":"Em &quot;Cidade&quot;","block_context":{"text":"Cidade","link":"https:\/\/blogdafeira.com.br\/home\/categoria\/cidade\/"},"img":{"alt_text":"","src":"https:\/\/i0.wp.com\/blogdafeira.com.br\/home\/wp-content\/uploads\/2020\/04\/Imagem-padrao-portal-novo-coronavirus-covid19.3-768x511-1.jpeg?resize=350%2C200&ssl=1","width":350,"height":200,"srcset":"https:\/\/i0.wp.com\/blogdafeira.com.br\/home\/wp-content\/uploads\/2020\/04\/Imagem-padrao-portal-novo-coronavirus-covid19.3-768x511-1.jpeg?resize=350%2C200&ssl=1 1x, https:\/\/i0.wp.com\/blogdafeira.com.br\/home\/wp-content\/uploads\/2020\/04\/Imagem-padrao-portal-novo-coronavirus-covid19.3-768x511-1.jpeg?resize=525%2C300&ssl=1 1.5x, https:\/\/i0.wp.com\/blogdafeira.com.br\/home\/wp-content\/uploads\/2020\/04\/Imagem-padrao-portal-novo-coronavirus-covid19.3-768x511-1.jpeg?resize=700%2C400&ssl=1 2x"},"classes":[]},{"id":50353,"url":"https:\/\/blogdafeira.com.br\/home\/2022\/01\/27\/assembleia-legislativa-retoma-os-trabalhos-proxima-terca-feira\/","url_meta":{"origin":50468,"position":3},"title":"Assembleia Legislativa retoma os trabalhos pr\u00f3xima ter\u00e7a-feira","author":"Secom\/BAHIA","date":"27\/01\/2022","format":false,"excerpt":"A Assembleia Legislativa da Bahia - ALBA retoma os trabalhos de plen\u00e1rio e comiss\u00f5es t\u00e9cnicas no dia primeiro de fevereiro (ter\u00e7a-feira) \u00e0s 10h, em ato solene que contar\u00e1 com as presen\u00e7as do governador Rui Costa, que ler\u00e1 a sua mensagem anual ao Legislativo, e das mais elevadas autoridades civis e\u2026","rel":"","context":"Em &quot;Home&quot;","block_context":{"text":"Home","link":"https:\/\/blogdafeira.com.br\/home\/categoria\/raiz\/"},"img":{"alt_text":"","src":"https:\/\/i0.wp.com\/blogdafeira.com.br\/home\/wp-content\/uploads\/2022\/01\/IMG-20220126-WA0068.jpg?resize=350%2C200&ssl=1","width":350,"height":200},"classes":[]},{"id":61876,"url":"https:\/\/blogdafeira.com.br\/home\/2024\/04\/08\/a-pandemia-esquecida\/","url_meta":{"origin":50468,"position":4},"title":"A pandemia esquecida","author":"Secom\/BAHIA","date":"08\/04\/2024","format":false,"excerpt":"Recentemente, ve\u00edculos de comunica\u00e7\u00e3o publicaram e repercutiram textos baseados na dela\u00e7\u00e3o premiada de uma empres\u00e1ria que, em plena pandemia da Covid-19, chegou a ser presa na Bahia por receber dinheiro p\u00fablico para a venda de respiradores e n\u00e3o entregar os equipamentos. Nessa essa dela\u00e7\u00e3o, supostamente vazada, ela tenta implicar o\u2026","rel":"","context":"Em &quot;Colunistas&quot;","block_context":{"text":"Colunistas","link":"https:\/\/blogdafeira.com.br\/home\/categoria\/colunistas\/"},"img":{"alt_text":"","src":"https:\/\/i0.wp.com\/blogdafeira.com.br\/home\/wp-content\/uploads\/2024\/04\/images-1.jpeg?resize=350%2C200&ssl=1","width":350,"height":200,"srcset":"https:\/\/i0.wp.com\/blogdafeira.com.br\/home\/wp-content\/uploads\/2024\/04\/images-1.jpeg?resize=350%2C200&ssl=1 1x, https:\/\/i0.wp.com\/blogdafeira.com.br\/home\/wp-content\/uploads\/2024\/04\/images-1.jpeg?resize=525%2C300&ssl=1 1.5x"},"classes":[]},{"id":37718,"url":"https:\/\/blogdafeira.com.br\/home\/2020\/05\/13\/arimateia-quer-mais-explicacoes-sobre-as-financas-do-estado-nessa-pandemia\/","url_meta":{"origin":50468,"position":5},"title":"Arimateia quer mais explica\u00e7\u00f5es sobre as finan\u00e7as do Estado nessa pandemia","author":"Secom\/BAHIA","date":"13\/05\/2020","format":false,"excerpt":"Em sess\u00e3o remota nesta ter\u00e7a-feira, 12 de maio, o deputado estadual Jos\u00e9 de Arimateia (Republicanos) cobrou mais uma vez um posicionamento do Governo do Estado a respeito da sa\u00fade financeira da Bahia frente \u00e0 situa\u00e7\u00e3o de pandemia do coronav\u00edrus. Motivado pelas not\u00edcias a respeito do investimento de R$ 49 milh\u00f5es\u2026","rel":"","context":"Em &quot;Bahia&quot;","block_context":{"text":"Bahia","link":"https:\/\/blogdafeira.com.br\/home\/categoria\/bahia\/"},"img":{"alt_text":"","src":"https:\/\/i0.wp.com\/blogdafeira.com.br\/home\/wp-content\/uploads\/2020\/05\/sessao-12-05-2020-2.jpg?resize=350%2C200&ssl=1","width":350,"height":200,"srcset":"https:\/\/i0.wp.com\/blogdafeira.com.br\/home\/wp-content\/uploads\/2020\/05\/sessao-12-05-2020-2.jpg?resize=350%2C200&ssl=1 1x, https:\/\/i0.wp.com\/blogdafeira.com.br\/home\/wp-content\/uploads\/2020\/05\/sessao-12-05-2020-2.jpg?resize=525%2C300&ssl=1 1.5x, https:\/\/i0.wp.com\/blogdafeira.com.br\/home\/wp-content\/uploads\/2020\/05\/sessao-12-05-2020-2.jpg?resize=700%2C400&ssl=1 2x, https:\/\/i0.wp.com\/blogdafeira.com.br\/home\/wp-content\/uploads\/2020\/05\/sessao-12-05-2020-2.jpg?resize=1050%2C600&ssl=1 3x"},"classes":[]}],"_links":{"self":[{"href":"https:\/\/blogdafeira.com.br\/home\/wp-json\/wp\/v2\/posts\/50468","targetHints":{"allow":["GET"]}}],"collection":[{"href":"https:\/\/blogdafeira.com.br\/home\/wp-json\/wp\/v2\/posts"}],"about":[{"href":"https:\/\/blogdafeira.com.br\/home\/wp-json\/wp\/v2\/types\/post"}],"author":[{"embeddable":true,"href":"https:\/\/blogdafeira.com.br\/home\/wp-json\/wp\/v2\/users\/1"}],"replies":[{"embeddable":true,"href":"https:\/\/blogdafeira.com.br\/home\/wp-json\/wp\/v2\/comments?post=50468"}],"version-history":[{"count":1,"href":"https:\/\/blogdafeira.com.br\/home\/wp-json\/wp\/v2\/posts\/50468\/revisions"}],"predecessor-version":[{"id":50470,"href":"https:\/\/blogdafeira.com.br\/home\/wp-json\/wp\/v2\/posts\/50468\/revisions\/50470"}],"wp:featuredmedia":[{"embeddable":true,"href":"https:\/\/blogdafeira.com.br\/home\/wp-json\/wp\/v2\/media\/50469"}],"wp:attachment":[{"href":"https:\/\/blogdafeira.com.br\/home\/wp-json\/wp\/v2\/media?parent=50468"}],"wp:term":[{"taxonomy":"category","embeddable":true,"href":"https:\/\/blogdafeira.com.br\/home\/wp-json\/wp\/v2\/categories?post=50468"},{"taxonomy":"post_tag","embeddable":true,"href":"https:\/\/blogdafeira.com.br\/home\/wp-json\/wp\/v2\/tags?post=50468"}],"curies":[{"name":"wp","href":"https:\/\/api.w.org\/{rel}","templated":true}]}}