{"id":5066,"date":"2013-09-17T16:27:32","date_gmt":"2013-09-17T19:27:32","guid":{"rendered":"http:\/\/blogdafeira.com.br\/home\/?p=5066"},"modified":"2013-09-17T16:27:32","modified_gmt":"2013-09-17T19:27:32","slug":"oab-de-feira-faz-proposta-de-intervencao-federal-no-tribunal-de-justica-da-bahia","status":"publish","type":"post","link":"https:\/\/blogdafeira.com.br\/home\/2013\/09\/17\/oab-de-feira-faz-proposta-de-intervencao-federal-no-tribunal-de-justica-da-bahia\/","title":{"rendered":"OAB de Feira faz proposta de &#8216;interven\u00e7\u00e3o federal&#8217; no Tribunal de Justi\u00e7a da Bahia"},"content":{"rendered":"<div id=\"blogd-1507963186\" class=\"blogd-fim-do-post-mobile blogd-entity-placement\" style=\"margin-left: auto;margin-right: auto;text-align: center;\"><a href=\"https:\/\/www.sefaz.feiradesantana.ba.gov.br\/\" target=\"_blank\" aria-label=\"728&#215;90 (6)\"><img loading=\"lazy\" decoding=\"async\" src=\"https:\/\/blogdafeira.com.br\/home\/wp-content\/uploads\/2026\/03\/728x90-6.gif\" alt=\"\"  class=\"no-lazyload\" width=\"728\" height=\"90\"  style=\"display: inline-block;\" \/><\/a><\/div><p><img loading=\"lazy\" decoding=\"async\" class=\"aligncenter size-full wp-image-5067\" alt=\"DSC08831\" src=\"http:\/\/blogdafeira.com.br\/home\/wp-content\/uploads\/2013\/09\/DSC08831.jpg\" width=\"640\" height=\"480\" srcset=\"https:\/\/blogdafeira.com.br\/home\/wp-content\/uploads\/2013\/09\/DSC08831.jpg 640w, https:\/\/blogdafeira.com.br\/home\/wp-content\/uploads\/2013\/09\/DSC08831-170x127.jpg 170w, https:\/\/blogdafeira.com.br\/home\/wp-content\/uploads\/2013\/09\/DSC08831-346x259.jpg 346w\" sizes=\"auto, (max-width: 640px) 100vw, 640px\" \/>A sec\u00e7\u00e3o da OAB de Feira de Santana levantou a proposta de uma &#8216;interven\u00e7\u00e3o federal&#8217; no Tribunal de Justi\u00e7a da Bahia, durante o movimento realizado pelos advogados nesta ter\u00e7a, em Feira de Santana, com a presen\u00e7a do Conselho Pleno da OAB da Bahia.<\/p><div id=\"blogd-2613156779\" class=\"blogd-conteudo-2-mobile blogd-entity-placement\"><a href=\"https:\/\/feirenses.com.br\/\" target=\"_blank\" aria-label=\"feirenses\"><img loading=\"lazy\" decoding=\"async\" src=\"https:\/\/blogdafeira.com.br\/home\/wp-content\/uploads\/2026\/04\/feirenses.png\" alt=\"\"  srcset=\"https:\/\/blogdafeira.com.br\/home\/wp-content\/uploads\/2026\/04\/feirenses.png 300w, https:\/\/blogdafeira.com.br\/home\/wp-content\/uploads\/2026\/04\/feirenses-170x45.png 170w, https:\/\/blogdafeira.com.br\/home\/wp-content\/uploads\/2026\/04\/feirenses-280x74.png 280w\" sizes=\"(max-width: 300px) 100vw, 300px\" class=\"no-lazyload\" width=\"300\" height=\"79\"  style=\"display: inline-block;\" \/><\/a><\/div>\n<p>A proposta n\u00e3o foi assumida pelo presidente da OAB\/Bahia, Luiz Viana, mas ser\u00e1 levada a outras reuni\u00f5es semelhantes que acontecer\u00e3o em outros munic\u00edpios baianos.<\/p>\n<p>Ap\u00f3s uma caminhada pelo centro de Feira, os advogados fizeram uma reuni\u00e3o no Sal\u00e3o do J\u00fari do F\u00f3rum Filinto Bastos, quando a diretora do F\u00f3rum, ju\u00edza Ana Maria, discorreu sobre medidas tomadas pelo melhor funcionamento da Justi\u00e7a em Feira, ressaltando tamb\u00e9m as defici\u00eancias existentes.<\/p>\n<div id=\"blogd-3107717677\" class=\"blogd-final-post blogd-entity-placement\"><a href=\"https:\/\/www.feiradesantana.ba.leg.br\/\" target=\"_blank\" aria-label=\"BANNER-SITE-ENTREGADECHEQUE-CAMARADEFEIRA\"><img loading=\"lazy\" decoding=\"async\" src=\"https:\/\/blogdafeira.com.br\/home\/wp-content\/uploads\/2026\/03\/BANNER-SITE-ENTREGADECHEQUE-CAMARADEFEIRA.gif\" alt=\"\"  class=\"no-lazyload\" width=\"728\" height=\"90\"   \/><\/a><\/div><p>A presidente da Associa\u00e7\u00e3o dos Magistrados da Bahia, Natir Veber, assim como o presidente da OAB tamb\u00e9m usaram a palavra para destacar o estado de dificuldades em que vive, segundo eles, o Judici\u00e1rio baiano.<\/p>\n","protected":false},"excerpt":{"rendered":"<p>A sec\u00e7\u00e3o da OAB de Feira de Santana levantou a proposta de uma &#8216;interven\u00e7\u00e3o federal&#8217; no Tribunal de Justi\u00e7a da Bahia, durante o movimento realizado pelos advogados nesta ter\u00e7a, em Feira de Santana, com a presen\u00e7a do Conselho Pleno da OAB da Bahia. A proposta n\u00e3o foi assumida pelo presidente da OAB\/Bahia, Luiz Viana, mas<\/p>\n","protected":false},"author":1,"featured_media":0,"comment_status":"closed","ping_status":"closed","sticky":false,"template":"","format":"standard","meta":{"jetpack_post_was_ever_published":false,"cybocfi_hide_featured_image":"","_jetpack_newsletter_access":"","_jetpack_dont_email_post_to_subs":false,"_jetpack_newsletter_tier_id":0,"_jetpack_memberships_contains_paywalled_content":false,"_jetpack_memberships_contains_paid_content":false,"footnotes":"","jetpack_publicize_message":"","jetpack_publicize_feature_enabled":true,"jetpack_social_post_already_shared":true,"jetpack_social_options":{"image_generator_settings":{"template":"highway","default_image_id":0,"font":"","enabled":false},"version":2}},"categories":[1],"tags":[],"class_list":["post-5066","post","type-post","status-publish","format-standard","hentry","category-raiz"],"jetpack_publicize_connections":[],"jetpack_featured_media_url":"","jetpack_shortlink":"https:\/\/wp.me\/p3niVf-1jI","jetpack_sharing_enabled":true,"jetpack-related-posts":[{"id":4484,"url":"https:\/\/blogdafeira.com.br\/home\/2013\/08\/21\/presidente-da-oabbahia-tem-reuniao-com-advogados-hoje-em-feira\/","url_meta":{"origin":5066,"position":0},"title":"Presidente da OAB\/Bahia tem reuni\u00e3o com advogados hoje em Feira","author":"Blog da Feira","date":"21\/08\/2013","format":false,"excerpt":"O ac\u00famulo de processos sem tramita\u00e7\u00e3o no F\u00f3rum Filinto Bastos \u00e9 uma dos motivos da presen\u00e7a do presidente da OAB da Bahia, advogado Luiz Viana, hoje em Feira de Santana. Viana far\u00e1 uma reuni\u00e3o com advogados militantes no F\u00f3rum que reclamam que o Sistema de Automa\u00e7\u00e3o n\u00e3o est\u00e1 sendo operado\u2026","rel":"","context":"Em &quot;Home&quot;","block_context":{"text":"Home","link":"https:\/\/blogdafeira.com.br\/home\/categoria\/raiz\/"},"img":{"alt_text":"09","src":"https:\/\/i0.wp.com\/blogdafeira.com.br\/home\/wp-content\/uploads\/2013\/08\/09-170x113.jpg?resize=350%2C200","width":350,"height":200},"classes":[]},{"id":4816,"url":"https:\/\/blogdafeira.com.br\/home\/2013\/09\/05\/advogados-de-feira-vao-as-ruas-protestar-contra-a-justica-baiana\/","url_meta":{"origin":5066,"position":1},"title":"Advogados de Feira v\u00e3o \u00e0s ruas protestar contra a Justi\u00e7a baiana","author":"Blog da Feira","date":"05\/09\/2013","format":false,"excerpt":"Liderados pela Ordem dos Advogados do Brasil, seccional Bahia, os advogados de Feira de Santana v\u00e3o realizar uma manifesta\u00e7\u00e3o pelas ruas da cidade, no pr\u00f3ximo dia 17, reivindicando uma Justi\u00e7a mais eficiente e \u00e1gil. No dia anterior anterior \u00e0 manifesta\u00e7\u00e3o,16, o Conselho Pleno da OAB\/Bahia far\u00e1 uma reuni\u00e3o oficial na\u2026","rel":"","context":"Em &quot;Home&quot;","block_context":{"text":"Home","link":"https:\/\/blogdafeira.com.br\/home\/categoria\/raiz\/"},"img":{"alt_text":"","src":"","width":0,"height":0},"classes":[]},{"id":1881,"url":"https:\/\/blogdafeira.com.br\/home\/2013\/05\/23\/estagiario-ocupando-espaco-de-profissional-preocupa-oab-em-feira\/","url_meta":{"origin":5066,"position":2},"title":"Estagi\u00e1rio ocupando espa\u00e7o de profissional preocupa OAB em Feira","author":"Blog da Feira","date":"23\/05\/2013","format":false,"excerpt":"Em audi\u00eancia p\u00fablica sobre o Judici\u00e1rio ocorrida no F\u00f3rum Filinto Bastos, esta semana em Feira de Santana, o advogado Alexandre Brand\u00e3o, vice-presidente da OAB , apontou para um aspecto da crise no Judici\u00e1rio que \u00e9 pouco abordado: \u201cA\u00a0grande\u00a0maioria\u00a0dos\u00a0servidores est\u00e1\u00a0se\u00a0aposentando\u00a0e\u00a0sendo\u00a0substitu\u00edda\u00a0por\u00a0estagi\u00e1rios.\u00a0Temos que\u00a0cobrar\u00a0servidores\u201d,\u00a0declarou. \u00a0A dire\u00e7\u00e3o do F\u00f3rum reconheceu que h\u00e1 um 'd\u00e9ficit' de\u2026","rel":"","context":"Em &quot;Cidade&quot;","block_context":{"text":"Cidade","link":"https:\/\/blogdafeira.com.br\/home\/categoria\/cidade\/"},"img":{"alt_text":"brand\u00e3o","src":"https:\/\/i0.wp.com\/blogdafeira.com.br\/home\/wp-content\/uploads\/2013\/05\/brand%C3%A3o-170x121.jpg?resize=350%2C200","width":350,"height":200},"classes":[]},{"id":16581,"url":"https:\/\/blogdafeira.com.br\/home\/2015\/09\/09\/candidato-a-presidente-da-oab-critica-interdicao-do-forum-de-feira\/","url_meta":{"origin":5066,"position":3},"title":"Candidato a presidente da OAB critica interdi\u00e7\u00e3o do F\u00f3rum de Feira","author":"Blog da Feira","date":"09\/09\/2015","format":false,"excerpt":"\u201c\u00c9 inadmiss\u00edvel que uma cidade como Feira de Santana, a segunda maior do estado, tenha o F\u00f3rum interditado por semanas\u201d, lamentou o pr\u00e9-candidato a presidente da OAB da Bahia, advogado Carlos R\u00e1tis que estar\u00e1\u00a0na\u00a0Feira em um almo\u00e7o a convite de um clube de servi\u00e7os da cidade. O F\u00f3rum Desembargador Filinto\u2026","rel":"","context":"Em &quot;Home&quot;","block_context":{"text":"Home","link":"https:\/\/blogdafeira.com.br\/home\/categoria\/raiz\/"},"img":{"alt_text":"Foto","src":"https:\/\/i0.wp.com\/blogdafeira.com.br\/home\/wp-content\/uploads\/2015\/09\/Foto--300x300.jpg?resize=350%2C200","width":350,"height":200},"classes":[]},{"id":1589,"url":"https:\/\/blogdafeira.com.br\/home\/2013\/05\/14\/barrado-no-baile-da-oab-sergio-carneiro-coloca-a-barriga-no-balcao\/","url_meta":{"origin":5066,"position":4},"title":"&#8216;Barrado no baile&#8217; da OAB, S\u00e9rgio Carneiro coloca &#8216;a barriga no balc\u00e3o&#8217;","author":"Blog da Feira","date":"14\/05\/2013","format":false,"excerpt":"Essa foto foi postada hoje no facebook pelo \u00a0ex-deputado S\u00e9rgio Carneiro, com a seguinte frase: 'Em homenagem a todos os colegas advogados, mais um dia de trabalho com a barriga no balc\u00e3o.' S\u00e9rgio foi preterido, recentemente, \u00a0pela OAB, \u00a0na disputa por uma vaga de desembargador no Tribunal de Justi\u00e7a da\u2026","rel":"","context":"Em &quot;Cidade&quot;","block_context":{"text":"Cidade","link":"https:\/\/blogdafeira.com.br\/home\/categoria\/cidade\/"},"img":{"alt_text":"sergio","src":"https:\/\/i0.wp.com\/blogdafeira.com.br\/home\/wp-content\/uploads\/2013\/05\/sergio-225x300.jpg?resize=350%2C200","width":350,"height":200},"classes":[]},{"id":64544,"url":"https:\/\/blogdafeira.com.br\/home\/2024\/11\/06\/presidente-da-oab-de-feira-recebe-comenda-maria-quiteria-nesta-sexta-feira\/","url_meta":{"origin":5066,"position":5},"title":"Presidente da OAB de Feira recebe Comenda Maria Quit\u00e9ria nesta sexta-feira","author":"Blog da Feira","date":"06\/11\/2024","format":false,"excerpt":"O presidente da Subse\u00e7\u00e3o da Ordem dos Advogados do Brasil em Feira de Santana, Raphael Pitombo, ser\u00e1 homenageado pela C\u00e2mara Municipal com a Comenda Maria Quit\u00e9ria na sexta-feira (8), \u00e0s 10h. Maior honraria concedida pelo Poder Legislativo, a homenagem ao advogado \u00e9 prevista no Projeto de Decreto Legislativo 35\/2024, aprovado\u2026","rel":"","context":"Em &quot;Geral&quot;","block_context":{"text":"Geral","link":"https:\/\/blogdafeira.com.br\/home\/categoria\/geral\/"},"img":{"alt_text":"","src":"https:\/\/i0.wp.com\/blogdafeira.com.br\/home\/wp-content\/uploads\/2024\/11\/IMG-20241105-WA01102.jpg?resize=350%2C200&ssl=1","width":350,"height":200,"srcset":"https:\/\/i0.wp.com\/blogdafeira.com.br\/home\/wp-content\/uploads\/2024\/11\/IMG-20241105-WA01102.jpg?resize=350%2C200&ssl=1 1x, https:\/\/i0.wp.com\/blogdafeira.com.br\/home\/wp-content\/uploads\/2024\/11\/IMG-20241105-WA01102.jpg?resize=525%2C300&ssl=1 1.5x"},"classes":[]}],"_links":{"self":[{"href":"https:\/\/blogdafeira.com.br\/home\/wp-json\/wp\/v2\/posts\/5066","targetHints":{"allow":["GET"]}}],"collection":[{"href":"https:\/\/blogdafeira.com.br\/home\/wp-json\/wp\/v2\/posts"}],"about":[{"href":"https:\/\/blogdafeira.com.br\/home\/wp-json\/wp\/v2\/types\/post"}],"author":[{"embeddable":true,"href":"https:\/\/blogdafeira.com.br\/home\/wp-json\/wp\/v2\/users\/1"}],"replies":[{"embeddable":true,"href":"https:\/\/blogdafeira.com.br\/home\/wp-json\/wp\/v2\/comments?post=5066"}],"version-history":[{"count":3,"href":"https:\/\/blogdafeira.com.br\/home\/wp-json\/wp\/v2\/posts\/5066\/revisions"}],"predecessor-version":[{"id":5086,"href":"https:\/\/blogdafeira.com.br\/home\/wp-json\/wp\/v2\/posts\/5066\/revisions\/5086"}],"wp:attachment":[{"href":"https:\/\/blogdafeira.com.br\/home\/wp-json\/wp\/v2\/media?parent=5066"}],"wp:term":[{"taxonomy":"category","embeddable":true,"href":"https:\/\/blogdafeira.com.br\/home\/wp-json\/wp\/v2\/categories?post=5066"},{"taxonomy":"post_tag","embeddable":true,"href":"https:\/\/blogdafeira.com.br\/home\/wp-json\/wp\/v2\/tags?post=5066"}],"curies":[{"name":"wp","href":"https:\/\/api.w.org\/{rel}","templated":true}]}}