{"id":50679,"date":"2022-02-11T18:20:49","date_gmt":"2022-02-11T21:20:49","guid":{"rendered":"https:\/\/blogdafeira.com.br\/home\/?p=50679"},"modified":"2022-02-15T00:25:08","modified_gmt":"2022-02-15T03:25:08","slug":"preco-da-gasolina-desconverte-ultraliberal","status":"publish","type":"post","link":"https:\/\/blogdafeira.com.br\/home\/2022\/02\/11\/preco-da-gasolina-desconverte-ultraliberal\/","title":{"rendered":"Pre\u00e7o da gasolina desconverte ultraliberal"},"content":{"rendered":"<div id=\"blogd-1376784025\" class=\"blogd-fim-do-post-mobile blogd-entity-placement\" style=\"margin-left: auto;margin-right: auto;text-align: center;\"><a href=\"https:\/\/www.sefaz.feiradesantana.ba.gov.br\/\" target=\"_blank\" aria-label=\"728&#215;90 (6)\"><img loading=\"lazy\" decoding=\"async\" src=\"https:\/\/blogdafeira.com.br\/home\/wp-content\/uploads\/2026\/03\/728x90-6.gif\" alt=\"\"  class=\"no-lazyload\" width=\"728\" height=\"90\"  style=\"display: inline-block;\" \/><\/a><\/div><p>Era um liberal. Mais: um ultraliberal. Um privatista. Um fervoroso fiel da f\u00e9 de que o Estado \u00e9 viciosamente ineficiente e a iniciativa privada competente e competitiva por princ\u00edpio, por motiva\u00e7\u00e3o intr\u00ednseca. N\u00e3o, o homem n\u00e3o estudou em Chicago, nem em nenhuma dessas prestigiosas faculdades de Economia espalhadas pelos pa\u00edses ricos. Na verdade, provavelmente estudou pouco: quando um interlocutor indagava, torcia a conversa, o olho brilhando um brilho de rancor e recrimina\u00e7\u00e3o.<\/p><div id=\"blogd-2400026583\" class=\"blogd-conteudo-2-mobile blogd-entity-placement\"><a href=\"https:\/\/feirenses.com.br\/\" target=\"_blank\" aria-label=\"feirenses\"><img loading=\"lazy\" decoding=\"async\" src=\"https:\/\/blogdafeira.com.br\/home\/wp-content\/uploads\/2026\/04\/feirenses.png\" alt=\"\"  srcset=\"https:\/\/blogdafeira.com.br\/home\/wp-content\/uploads\/2026\/04\/feirenses.png 300w, https:\/\/blogdafeira.com.br\/home\/wp-content\/uploads\/2026\/04\/feirenses-170x45.png 170w, https:\/\/blogdafeira.com.br\/home\/wp-content\/uploads\/2026\/04\/feirenses-280x74.png 280w\" sizes=\"(max-width: 300px) 100vw, 300px\" class=\"no-lazyload\" width=\"300\" height=\"79\"  style=\"display: inline-block;\" \/><\/a><\/div>\n<p>\u2013 Estado m\u00ednimo, a carga tribut\u00e1ria \u00e9 alta, exploram a gente! \u2013 Recitava.<\/p>\n<p>Exibia um antigo aparelho celular, mas, manuseando-o, demonstrava pouca intimidade com a tecnologia. De onde vinham aquelas no\u00e7\u00f5es difusas, aquelas frases feitas, aquela leitura manique\u00edsta do papel do Estado? Muitos hoje se instruem lendo <em>tweets<\/em>, assistindo v\u00eddeos no <em>Instagram<\/em> ou absorvendo frases feitas nos <em>cards<\/em> do <em>Facebook<\/em>. Os mais letrados enveredam por encarni\u00e7ados debates nessas m\u00eddias. Mas ele, n\u00e3o.<\/p>\n<p>\u2013 A gente paga imposto caro at\u00e9 na dose de pinga!<\/p>\n<p>Lan\u00e7ava a frase, quase invari\u00e1vel, no met\u00f3dico ritual de entornar a dose de cacha\u00e7a que descansava sobre o balc\u00e3o. Fungava, franzia a testa, os dedos finos tremiam suavemente. Ent\u00e3o, com valentia, engolia tudo num gole guloso. A\u00ed tirava o gosto mastigando uma fatia de laranja, um peda\u00e7o de caju, uma rodela de lim\u00e3o.<\/p>\n<p>\u2013 Funcion\u00e1rio p\u00fablico ganha bem, n\u00e3o trabalha, se aposenta cedo! Tem que privatizar tudo, vender a <em>zorra<\/em> toda!<\/p>\n<p>A\u00ed ele desfiava exemplos, o olho mi\u00fado cintilando de indigna\u00e7\u00e3o. Nem sempre as senten\u00e7as candentes repercutiam: frequentava as barracas ou as biroscas populares do centro da Feira de Santana, do Centro de Abastecimento, da feira-livre da Esta\u00e7\u00e3o Nova. Nelas, ambulantes, camel\u00f4s, trabalhadores informais e biscateiros envolviam-se pouco com o papo, atarefados.<\/p>\n<p>\u00c0s vezes, por\u00e9m, encontrava um interlocutor. A\u00ed, exultava:<\/p>\n<p>\u2013 Veja voc\u00ea: estrada esburacada, a gente pagando imposto e nada. Escola ruim, n\u00e3o tem servi\u00e7o de sa\u00fade, \u00e1gua encanada custando uma fortuna! Tem que vender, a\u00ed os empres\u00e1rios investem, tem concorr\u00eancia, o pre\u00e7o cai! \u00c9 assim nos Estados Unidos, l\u00e1 tudo \u00e9 barato!<\/p>\n<p>A cantilena arrastava-se. Na verdade, um mon\u00f3logo. Quando o interlocutor concordava, assentia com gravidade, solene. Qualquer contesta\u00e7\u00e3o, por\u00e9m, abespinhava-o. Mais velho \u2013 o cabelo branco, encanecido, exibia falhas que ele, pateticamente, tentava corrigir com o pente \u2013 n\u00e3o admitia questionamentos, indaga\u00e7\u00f5es. Exigia respeito: mulheres, jovens, pretos, pobres \u2013 ele se via como classe m\u00e9dia, conservador, sisudo \u2013 tinham que se por no seu lugar, a sociedade tem suas castas, sempre teve. Agora, queriam subverter tudo.<\/p>\n<p>Delirou com a vit\u00f3ria de Jair Bolsonaro, o \u201cmito\u201d. Circulava sorridente \u2013 os dentes, tortos, amarelados pelo cigarro \u2013 e prognosticava conservadorismo, ultraliberalismo, patriotismo, tudo sob a tutela da fam\u00edlia, da religi\u00e3o. O pior \u00e9 que veio a desgra\u00e7a: a pol\u00edtica de pre\u00e7os da Petrobras, a privatiza\u00e7\u00e3o de refinarias, os pre\u00e7os dos combust\u00edveis numa escalada ensandecida, enfim: economia de mercado. Propriet\u00e1rio de um antigo Fiat Uno \u2013 rel\u00edquia dos anos 1990, cheia de mossas e ferrugem \u2013 revi-o num posto de combust\u00edveis da Avenida Maria Quit\u00e9ria, lamentoso:<\/p>\n<p>\u2013 O pre\u00e7o da gasolina sobe todo dia, est\u00e1 um horror! Preciso do carro para ir ao m\u00e9dico, levar algu\u00e9m aqui ou ali, a cidade n\u00e3o tem transporte&#8230;<\/p>\n<p>Aguardei. O frentista conclu\u00eda seu trabalho, ele estendeu a nota de cinquenta \u2013 filha \u00fanica, lamentou \u2013, olhou o piso de cimento do posto enxergando o vazio e arrematou:<\/p>\n<p>\u2013 O governo n\u00e3o faz nada, n\u00e3o h\u00e1 um homem para governar esse Pa\u00eds&#8230;<\/p>\n<div id=\"blogd-1458218994\" class=\"blogd-final-post blogd-entity-placement\"><a href=\"https:\/\/www.feiradesantana.ba.leg.br\/\" target=\"_blank\" aria-label=\"BANNER-SITE-ENTREGADECHEQUE-CAMARADEFEIRA\"><img loading=\"lazy\" decoding=\"async\" src=\"https:\/\/blogdafeira.com.br\/home\/wp-content\/uploads\/2026\/03\/BANNER-SITE-ENTREGADECHEQUE-CAMARADEFEIRA.gif\" alt=\"\"  class=\"no-lazyload\" width=\"728\" height=\"90\"   \/><\/a><\/div><p>A\u00ed ligou o motor e, aos arrancos, soltando fuma\u00e7a, foi embora.<\/p>\n","protected":false},"excerpt":{"rendered":"<p>Era um liberal. Mais: um ultraliberal. Um privatista. Um fervoroso fiel da f\u00e9 de que o Estado \u00e9 viciosamente ineficiente e a iniciativa privada competente e competitiva por princ\u00edpio, por motiva\u00e7\u00e3o intr\u00ednseca. N\u00e3o, o homem n\u00e3o estudou em Chicago, nem em nenhuma dessas prestigiosas faculdades de Economia espalhadas pelos pa\u00edses ricos. Na verdade, provavelmente estudou<\/p>\n","protected":false},"author":13,"featured_media":50685,"comment_status":"open","ping_status":"open","sticky":false,"template":"","format":"standard","meta":{"jetpack_post_was_ever_published":false,"cybocfi_hide_featured_image":"","_jetpack_newsletter_access":"","_jetpack_dont_email_post_to_subs":false,"_jetpack_newsletter_tier_id":0,"_jetpack_memberships_contains_paywalled_content":false,"_jetpack_memberships_contains_paid_content":false,"footnotes":"","jetpack_publicize_message":"","jetpack_publicize_feature_enabled":true,"jetpack_social_post_already_shared":true,"jetpack_social_options":{"image_generator_settings":{"template":"highway","default_image_id":0,"font":"","enabled":false},"version":2}},"categories":[592,1],"tags":[],"class_list":["post-50679","post","type-post","status-publish","format-standard","has-post-thumbnail","hentry","category-colunistas","category-raiz"],"jetpack_publicize_connections":[],"jetpack_featured_media_url":"https:\/\/blogdafeira.com.br\/home\/wp-content\/uploads\/2022\/02\/avenida-contorno.jpg","jetpack_shortlink":"https:\/\/wp.me\/p3niVf-dbp","jetpack_sharing_enabled":true,"jetpack-related-posts":[{"id":61660,"url":"https:\/\/blogdafeira.com.br\/home\/2024\/03\/18\/estado-completa-74-escolas-de-ensino-integral-entregues-em-pouco-mais-de-um-ano\/","url_meta":{"origin":50679,"position":0},"title":"Estado completa 74 escolas de ensino integral entregues em pouco mais de um ano","author":"Blog da Feira","date":"18\/03\/2024","format":false,"excerpt":"O Col\u00e9gio Estadual Carlito de Carvalho, em Macajuba, na regi\u00e3o do Piemonte do Paragua\u00e7u, \u00e9 mais uma das 74\u00a0 unidades de ensino integral inauguradas na Bahia desde o in\u00edcio de 2023. O equipamento, que foi ampliado e modernizado, est\u00e1 entre os investimentos realizados pelo Estado no munic\u00edpio que, neste s\u00e1bado\u2026","rel":"","context":"Em &quot;Bahia&quot;","block_context":{"text":"Bahia","link":"https:\/\/blogdafeira.com.br\/home\/categoria\/bahia\/"},"img":{"alt_text":"","src":"https:\/\/i0.wp.com\/blogdafeira.com.br\/home\/wp-content\/uploads\/2024\/03\/Fotos_-Joa-Souza_GOVBAApp-Image-2024-03-16-at-12.42.10.jpeg?resize=350%2C200&ssl=1","width":350,"height":200,"srcset":"https:\/\/i0.wp.com\/blogdafeira.com.br\/home\/wp-content\/uploads\/2024\/03\/Fotos_-Joa-Souza_GOVBAApp-Image-2024-03-16-at-12.42.10.jpeg?resize=350%2C200&ssl=1 1x, https:\/\/i0.wp.com\/blogdafeira.com.br\/home\/wp-content\/uploads\/2024\/03\/Fotos_-Joa-Souza_GOVBAApp-Image-2024-03-16-at-12.42.10.jpeg?resize=525%2C300&ssl=1 1.5x, https:\/\/i0.wp.com\/blogdafeira.com.br\/home\/wp-content\/uploads\/2024\/03\/Fotos_-Joa-Souza_GOVBAApp-Image-2024-03-16-at-12.42.10.jpeg?resize=700%2C400&ssl=1 2x, https:\/\/i0.wp.com\/blogdafeira.com.br\/home\/wp-content\/uploads\/2024\/03\/Fotos_-Joa-Souza_GOVBAApp-Image-2024-03-16-at-12.42.10.jpeg?resize=1050%2C600&ssl=1 3x, https:\/\/i0.wp.com\/blogdafeira.com.br\/home\/wp-content\/uploads\/2024\/03\/Fotos_-Joa-Souza_GOVBAApp-Image-2024-03-16-at-12.42.10.jpeg?resize=1400%2C800&ssl=1 4x"},"classes":[]},{"id":53133,"url":"https:\/\/blogdafeira.com.br\/home\/2022\/07\/01\/fundacao-dom-cabral-fara-estudo-sobre-ferrovias-da-bahia\/","url_meta":{"origin":50679,"position":1},"title":"Funda\u00e7\u00e3o Dom Cabral far\u00e1 estudo sobre ferrovias da Bahia","author":"Blog da Feira","date":"01\/07\/2022","format":false,"excerpt":"Os resultados alcan\u00e7ados pela minera\u00e7\u00e3o baiana colocam o estado entre os principais do Brasil. Mas, o escoamento do que \u00e9 produzido por empresas de grande e m\u00e9dio porte \u00e9 prejudicado pela falta de uma malha ferrovi\u00e1ria eficiente, economicamente vi\u00e1vel e que contemple rotas estrat\u00e9gicas. A Companhia Baiana de Pesquisa Mineral\u2026","rel":"","context":"Em &quot;Geral&quot;","block_context":{"text":"Geral","link":"https:\/\/blogdafeira.com.br\/home\/categoria\/geral\/"},"img":{"alt_text":"","src":"https:\/\/i0.wp.com\/blogdafeira.com.br\/home\/wp-content\/uploads\/2022\/07\/49911129776_0ec2051a5d_6k.jpg?resize=350%2C200&ssl=1","width":350,"height":200,"srcset":"https:\/\/i0.wp.com\/blogdafeira.com.br\/home\/wp-content\/uploads\/2022\/07\/49911129776_0ec2051a5d_6k.jpg?resize=350%2C200&ssl=1 1x, https:\/\/i0.wp.com\/blogdafeira.com.br\/home\/wp-content\/uploads\/2022\/07\/49911129776_0ec2051a5d_6k.jpg?resize=525%2C300&ssl=1 1.5x, https:\/\/i0.wp.com\/blogdafeira.com.br\/home\/wp-content\/uploads\/2022\/07\/49911129776_0ec2051a5d_6k.jpg?resize=700%2C400&ssl=1 2x, https:\/\/i0.wp.com\/blogdafeira.com.br\/home\/wp-content\/uploads\/2022\/07\/49911129776_0ec2051a5d_6k.jpg?resize=1050%2C600&ssl=1 3x, https:\/\/i0.wp.com\/blogdafeira.com.br\/home\/wp-content\/uploads\/2022\/07\/49911129776_0ec2051a5d_6k.jpg?resize=1400%2C800&ssl=1 4x"},"classes":[]},{"id":43277,"url":"https:\/\/blogdafeira.com.br\/home\/2021\/02\/04\/governo-do-estado-vai-selecionar-estudantes-para-monitorias-nas-escolas\/","url_meta":{"origin":50679,"position":2},"title":"Governo do Estado vai selecionar estudantes para monitorias nas escolas","author":"Blog da Feira","date":"04\/02\/2021","format":false,"excerpt":"O Governo do Estado encaminhou \u00e0 Assembleia Legislativa da Bahia (Alba), nesta quinta-feira (4), o projeto de lei que institui o Programa Mais Estudo no \u00e2mbito das escolas da rede estadual de ensino. O programa tem o objetivo de estimular a participa\u00e7\u00e3o dos estudantes em a\u00e7\u00f5es de aux\u00edlio e refor\u00e7o\u2026","rel":"","context":"Em &quot;Bahia&quot;","block_context":{"text":"Bahia","link":"https:\/\/blogdafeira.com.br\/home\/categoria\/bahia\/"},"img":{"alt_text":"","src":"https:\/\/i0.wp.com\/blogdafeira.com.br\/home\/wp-content\/uploads\/2021\/02\/Screenshot_20210204-213845.png?resize=350%2C200&ssl=1","width":350,"height":200,"srcset":"https:\/\/i0.wp.com\/blogdafeira.com.br\/home\/wp-content\/uploads\/2021\/02\/Screenshot_20210204-213845.png?resize=350%2C200&ssl=1 1x, https:\/\/i0.wp.com\/blogdafeira.com.br\/home\/wp-content\/uploads\/2021\/02\/Screenshot_20210204-213845.png?resize=525%2C300&ssl=1 1.5x, https:\/\/i0.wp.com\/blogdafeira.com.br\/home\/wp-content\/uploads\/2021\/02\/Screenshot_20210204-213845.png?resize=700%2C400&ssl=1 2x"},"classes":[]},{"id":68390,"url":"https:\/\/blogdafeira.com.br\/home\/2025\/07\/16\/marcia-marcinha-vai-dizer-no-cha-com-ze-quem-e-a-sambadeira-que-brilha-na-praca-do-tropeiro\/","url_meta":{"origin":50679,"position":3},"title":"M\u00e1rcia Marcinha vai dizer no &#8220;Ch\u00e1 com Z\u00e9&#8221; quem \u00e9 a sambadeira que brilha na Pra\u00e7a do Tropeiro","author":"Blog da Feira","date":"16\/07\/2025","format":false,"excerpt":"Quem \u00e9 M\u00e1rcia Marcinha? A sambadeira que toda segunda-feira \u00e9 estrela do Samba da Pra\u00e7a do Tropeiro, puxadora de samba e artista da alegria vai ter oportunidade de falar com o comunicador Z\u00e9 das Virgens no podcast \"Ch\u00e1 com Z\u00e9\", sexta-feira, ao vivo, a partir das 19 horas, pelo YouTube,\u2026","rel":"","context":"Em &quot;Cultura&quot;","block_context":{"text":"Cultura","link":"https:\/\/blogdafeira.com.br\/home\/categoria\/cultura\/"},"img":{"alt_text":"","src":"https:\/\/i0.wp.com\/blogdafeira.com.br\/home\/wp-content\/uploads\/2025\/07\/Screenshot_20250716-1712382.png?resize=350%2C200&ssl=1","width":350,"height":200,"srcset":"https:\/\/i0.wp.com\/blogdafeira.com.br\/home\/wp-content\/uploads\/2025\/07\/Screenshot_20250716-1712382.png?resize=350%2C200&ssl=1 1x, https:\/\/i0.wp.com\/blogdafeira.com.br\/home\/wp-content\/uploads\/2025\/07\/Screenshot_20250716-1712382.png?resize=525%2C300&ssl=1 1.5x, https:\/\/i0.wp.com\/blogdafeira.com.br\/home\/wp-content\/uploads\/2025\/07\/Screenshot_20250716-1712382.png?resize=700%2C400&ssl=1 2x"},"classes":[]},{"id":31631,"url":"https:\/\/blogdafeira.com.br\/home\/2019\/06\/09\/equipe-do-governo-rui-costa-avalia-impacto-da-rwforma-da-previdencia-no-deficit-do-estado\/","url_meta":{"origin":50679,"position":4},"title":"Equipe do Governo Rui Costa avalia impacto da reforma da Previd\u00eancia no d\u00e9ficit do Estado","author":"J\u00e2nio R\u00eago","date":"09\/06\/2019","format":false,"excerpt":"Na edi\u00e7\u00e3o de domingo da Folha de S\u00e3o Paulo, coluna 'Painel': \"O governador da Bahia, Rui Costa (PT), diz que \u201cningu\u00e9m discute a necessidade da reforma da Previd\u00eancia\u201d. \u201cO problema \u00e9: qual o eixo?\u201d. Sua equipe fez estudo sobre o impacto do projeto\u00a0do governo Bolsonaro. Alguns pontos, ele diz, oneram\u2026","rel":"","context":"Em &quot;Home&quot;","block_context":{"text":"Home","link":"https:\/\/blogdafeira.com.br\/home\/categoria\/raiz\/"},"img":{"alt_text":"","src":"https:\/\/i0.wp.com\/blogdafeira.com.br\/home\/wp-content\/uploads\/2019\/05\/images-3.jpeg?resize=350%2C200","width":350,"height":200,"srcset":"https:\/\/i0.wp.com\/blogdafeira.com.br\/home\/wp-content\/uploads\/2019\/05\/images-3.jpeg?resize=350%2C200 1x, https:\/\/i0.wp.com\/blogdafeira.com.br\/home\/wp-content\/uploads\/2019\/05\/images-3.jpeg?resize=525%2C300 1.5x"},"classes":[]},{"id":48400,"url":"https:\/\/blogdafeira.com.br\/home\/2021\/11\/14\/estudo-aponta-perda-acumulada-de-50-no-salario-do-servidor-publico-da-bahia\/","url_meta":{"origin":50679,"position":5},"title":"Sal\u00e1rio do servidor p\u00fablico da Bahia tem perda acumulada de 50%, diz estudo","author":"Blog da Feira","date":"14\/11\/2021","format":false,"excerpt":"Tr\u00eas entidades classistas da Bahia - Instituto dos Auditores Fiscais do Estado da Bahia \u2013 IAF Sindical; a Associa\u00e7\u00e3o dos Gestores Governamentais do Estado da Bahia \u2013 AGGEB; e a Associa\u00e7\u00e3o dos Procuradores do Estado da Bahia \u2013 APEB, - entraram no Tribunal de Justi\u00e7a com uma A\u00e7\u00e3o Direta de\u2026","rel":"","context":"Em &quot;Geral&quot;","block_context":{"text":"Geral","link":"https:\/\/blogdafeira.com.br\/home\/categoria\/geral\/"},"img":{"alt_text":"","src":"https:\/\/i0.wp.com\/blogdafeira.com.br\/home\/wp-content\/uploads\/2021\/11\/banner_servidor_publico.jpg?resize=350%2C200&ssl=1","width":350,"height":200,"srcset":"https:\/\/i0.wp.com\/blogdafeira.com.br\/home\/wp-content\/uploads\/2021\/11\/banner_servidor_publico.jpg?resize=350%2C200&ssl=1 1x, https:\/\/i0.wp.com\/blogdafeira.com.br\/home\/wp-content\/uploads\/2021\/11\/banner_servidor_publico.jpg?resize=525%2C300&ssl=1 1.5x"},"classes":[]}],"_links":{"self":[{"href":"https:\/\/blogdafeira.com.br\/home\/wp-json\/wp\/v2\/posts\/50679","targetHints":{"allow":["GET"]}}],"collection":[{"href":"https:\/\/blogdafeira.com.br\/home\/wp-json\/wp\/v2\/posts"}],"about":[{"href":"https:\/\/blogdafeira.com.br\/home\/wp-json\/wp\/v2\/types\/post"}],"author":[{"embeddable":true,"href":"https:\/\/blogdafeira.com.br\/home\/wp-json\/wp\/v2\/users\/13"}],"replies":[{"embeddable":true,"href":"https:\/\/blogdafeira.com.br\/home\/wp-json\/wp\/v2\/comments?post=50679"}],"version-history":[{"count":1,"href":"https:\/\/blogdafeira.com.br\/home\/wp-json\/wp\/v2\/posts\/50679\/revisions"}],"predecessor-version":[{"id":50680,"href":"https:\/\/blogdafeira.com.br\/home\/wp-json\/wp\/v2\/posts\/50679\/revisions\/50680"}],"wp:featuredmedia":[{"embeddable":true,"href":"https:\/\/blogdafeira.com.br\/home\/wp-json\/wp\/v2\/media\/50685"}],"wp:attachment":[{"href":"https:\/\/blogdafeira.com.br\/home\/wp-json\/wp\/v2\/media?parent=50679"}],"wp:term":[{"taxonomy":"category","embeddable":true,"href":"https:\/\/blogdafeira.com.br\/home\/wp-json\/wp\/v2\/categories?post=50679"},{"taxonomy":"post_tag","embeddable":true,"href":"https:\/\/blogdafeira.com.br\/home\/wp-json\/wp\/v2\/tags?post=50679"}],"curies":[{"name":"wp","href":"https:\/\/api.w.org\/{rel}","templated":true}]}}