{"id":50710,"date":"2022-02-13T07:38:26","date_gmt":"2022-02-13T10:38:26","guid":{"rendered":"https:\/\/blogdafeira.com.br\/home\/?p=50710"},"modified":"2022-02-16T10:48:00","modified_gmt":"2022-02-16T13:48:00","slug":"quem-matou-kethellen-mayane-bispo-franca-na-avenida-olney-sao-paulo","status":"publish","type":"post","link":"https:\/\/blogdafeira.com.br\/home\/2022\/02\/13\/quem-matou-kethellen-mayane-bispo-franca-na-avenida-olney-sao-paulo\/","title":{"rendered":"Quem matou Kethellen Mayane Bispo Fran\u00e7a na avenida Olney S\u00e3o Paulo?"},"content":{"rendered":"<div id=\"blogd-3867390647\" class=\"blogd-fim-do-post-mobile blogd-entity-placement\" style=\"margin-left: auto;margin-right: auto;text-align: center;\"><a href=\"https:\/\/www.sefaz.feiradesantana.ba.gov.br\/\" target=\"_blank\" aria-label=\"728&#215;90 (6)\"><img loading=\"lazy\" decoding=\"async\" src=\"https:\/\/blogdafeira.com.br\/home\/wp-content\/uploads\/2026\/03\/728x90-6.gif\" alt=\"\"  class=\"no-lazyload\" width=\"728\" height=\"90\"  style=\"display: inline-block;\" \/><\/a><\/div><p>O que mais chamou a aten\u00e7\u00e3o na not\u00edcia foi a enf\u00e1tica afirmativa policial, supostamente reproduzindo um relato da pr\u00f3pria m\u00e3e da crian\u00e7a,\u00a0<strong><a href=\"https:\/\/www.acordacidade.com.br\/noticias\/254722\/crianca-morre-com-tiro-na-testa-enquanto-voltava-do-mercado-com-a-mae-em-feira-de-santana.html\"> de que o tiro &#8220;na testa&#8221; de Kathellen foi &#8220;proposital&#8221;<\/a><\/strong>. Essa convic\u00e7\u00e3o da vers\u00e3o policial em dois dias se dissipou com outra not\u00edcia no mesmo ve\u00edculo dando conta de que <strong><a href=\"https:\/\/www.acordacidade.com.br\/noticias\/254946\/policia-ainda-nao-conseguiu-localizar-mae-da-menina-de-2-anos-morta-com-tiro-na-cabeca-no-aviario-.html\">a Pol\u00edcia sequer havia localizado essa m\u00e3e para ouv\u00ed-la acerca do que aconteceu naquela noite na avenida Olney S\u00e3o Paulo, no bairro do Avi\u00e1rio em Feira de Santana.\u00a0<\/a><\/strong><\/p><div id=\"blogd-205772046\" class=\"blogd-conteudo-2-mobile blogd-entity-placement\"><a href=\"https:\/\/feirenses.com.br\/\" target=\"_blank\" aria-label=\"feirenses\"><img loading=\"lazy\" decoding=\"async\" src=\"https:\/\/blogdafeira.com.br\/home\/wp-content\/uploads\/2026\/04\/feirenses.png\" alt=\"\"  srcset=\"https:\/\/blogdafeira.com.br\/home\/wp-content\/uploads\/2026\/04\/feirenses.png 300w, https:\/\/blogdafeira.com.br\/home\/wp-content\/uploads\/2026\/04\/feirenses-170x45.png 170w, https:\/\/blogdafeira.com.br\/home\/wp-content\/uploads\/2026\/04\/feirenses-280x74.png 280w\" sizes=\"(max-width: 300px) 100vw, 300px\" class=\"no-lazyload\" width=\"300\" height=\"79\"  style=\"display: inline-block;\" \/><\/a><\/div>\n<p>Olney S\u00e3o Paulo foi um cineasta e <strong><a href=\"https:\/\/blogdafeira.com.br\/home\/2013\/07\/25\/um-crime-na-rua-primeiro-filme-de-olney-sao-paulo-feito-em-feira\/\">um dos filmes dele rodado em Feira conta a hist\u00f3ria de um homic\u00eddio<\/a> <\/strong>na feira livre da cidade. A avenida que o homenageia com o nome \u00e9 a estrada velha, que a modernidade substituiu pela BR-324, que vai por Limoeiro e chega-se em Humildes, o mais populoso distrito rural de Feira de Santana que at\u00e9 Munic\u00edpio j\u00e1 tentou ser. Pois nessa estrada foi morta, no s\u00e1bado, 5 de fevereiro, <strong>Kethellen Mayane Bispo Fran\u00e7a.<\/strong><\/p>\n<div id=\"blogd-1649110613\" class=\"blogd-final-post blogd-entity-placement\"><a href=\"https:\/\/www.feiradesantana.ba.leg.br\/\" target=\"_blank\" aria-label=\"BANNER-SITE-ENTREGADECHEQUE-CAMARADEFEIRA\"><img loading=\"lazy\" decoding=\"async\" src=\"https:\/\/blogdafeira.com.br\/home\/wp-content\/uploads\/2026\/03\/BANNER-SITE-ENTREGADECHEQUE-CAMARADEFEIRA.gif\" alt=\"\"  class=\"no-lazyload\" width=\"728\" height=\"90\"   \/><\/a><\/div><p>Quem a matou?<\/p>\n","protected":false},"excerpt":{"rendered":"<p>O que mais chamou a aten\u00e7\u00e3o na not\u00edcia foi a enf\u00e1tica afirmativa policial, supostamente reproduzindo um relato da pr\u00f3pria m\u00e3e da crian\u00e7a,\u00a0 de que o tiro &#8220;na testa&#8221; de Kathellen foi &#8220;proposital&#8221;. Essa convic\u00e7\u00e3o da vers\u00e3o policial em dois dias se dissipou com outra not\u00edcia no mesmo ve\u00edculo dando conta de que a Pol\u00edcia sequer<\/p>\n","protected":false},"author":1,"featured_media":50711,"comment_status":"open","ping_status":"open","sticky":false,"template":"","format":"standard","meta":{"jetpack_post_was_ever_published":false,"cybocfi_hide_featured_image":"","_jetpack_newsletter_access":"","_jetpack_dont_email_post_to_subs":false,"_jetpack_newsletter_tier_id":0,"_jetpack_memberships_contains_paywalled_content":false,"_jetpack_memberships_contains_paid_content":false,"footnotes":"","jetpack_publicize_message":"","jetpack_publicize_feature_enabled":true,"jetpack_social_post_already_shared":true,"jetpack_social_options":{"image_generator_settings":{"template":"highway","default_image_id":0,"font":"","enabled":false},"version":2}},"categories":[3,1],"tags":[],"class_list":["post-50710","post","type-post","status-publish","format-standard","has-post-thumbnail","hentry","category-cidade","category-raiz"],"jetpack_publicize_connections":[],"jetpack_featured_media_url":"https:\/\/blogdafeira.com.br\/home\/wp-content\/uploads\/2022\/02\/crianca-morta.jpg","jetpack_shortlink":"https:\/\/wp.me\/p3niVf-dbU","jetpack_sharing_enabled":true,"jetpack-related-posts":[{"id":67863,"url":"https:\/\/blogdafeira.com.br\/home\/2025\/06\/17\/olney-sao-paulo-do-asfalto-quente-as-crateras-lunares-essa-avenida-merece-um-documentario\/","url_meta":{"origin":50710,"position":0},"title":"Olney S\u00e3o Paulo, do asfalto quente \u00e0s &#8220;crateras lunares&#8221;, essa avenida merece um document\u00e1rio","author":"Blog da Feira","date":"17\/06\/2025","format":false,"excerpt":"Olney S\u00e3o Paulo foi um ativo e provocativo cineasta baiano que teve uma rela\u00e7\u00e3o profunda com Feira de Santana a ponto de ser nome dessa avenida que, como ele, chama a aten\u00e7\u00e3o de grande parte da cidade que por ali trafega e da imprensa que acompanha a vida dela desde\u2026","rel":"","context":"Em &quot;Cidade&quot;","block_context":{"text":"Cidade","link":"https:\/\/blogdafeira.com.br\/home\/categoria\/cidade\/"},"img":{"alt_text":"","src":"https:\/\/i0.wp.com\/blogdafeira.com.br\/home\/wp-content\/uploads\/2025\/06\/Screenshot_20250617-074323.png?resize=350%2C200&ssl=1","width":350,"height":200,"srcset":"https:\/\/i0.wp.com\/blogdafeira.com.br\/home\/wp-content\/uploads\/2025\/06\/Screenshot_20250617-074323.png?resize=350%2C200&ssl=1 1x, https:\/\/i0.wp.com\/blogdafeira.com.br\/home\/wp-content\/uploads\/2025\/06\/Screenshot_20250617-074323.png?resize=525%2C300&ssl=1 1.5x, https:\/\/i0.wp.com\/blogdafeira.com.br\/home\/wp-content\/uploads\/2025\/06\/Screenshot_20250617-074323.png?resize=700%2C400&ssl=1 2x, https:\/\/i0.wp.com\/blogdafeira.com.br\/home\/wp-content\/uploads\/2025\/06\/Screenshot_20250617-074323.png?resize=1050%2C600&ssl=1 3x"},"classes":[]},{"id":9856,"url":"https:\/\/blogdafeira.com.br\/home\/2014\/03\/24\/a-terceira-lagrima-de-olney-sao-paulo-a-chico-oliveira\/","url_meta":{"origin":50710,"position":1},"title":"&#8216;A Terceira L\u00e1grima&#8217;, de Olney S\u00e3o Paulo a Chico Oliveira","author":"Blog da Feira","date":"24\/03\/2014","format":false,"excerpt":"Se vivo fosse teria feito 76 anos no dia 15 de fevereiro o cineasta Olney S\u00e3o Paulo, autor de Grito da Terra, Manh\u00e3 Cinzenta e O Forte, filmes que marcaram uma \u00e9poca de pioneirismo do jovem nascido em Riach\u00e3o do Jacu\u00edpe, terra da \u201cbarriguda\u201d, mas que teve sua viv\u00eancia em\u2026","rel":"","context":"Em &quot;Home&quot;","block_context":{"text":"Home","link":"https:\/\/blogdafeira.com.br\/home\/categoria\/raiz\/"},"img":{"alt_text":"chico oliveira","src":"https:\/\/i0.wp.com\/blogdafeira.com.br\/home\/wp-content\/uploads\/2014\/03\/chico-oliveira-180x300.jpg?resize=350%2C200","width":350,"height":200},"classes":[]},{"id":3840,"url":"https:\/\/blogdafeira.com.br\/home\/2013\/07\/25\/um-crime-na-rua-primeiro-filme-de-olney-sao-paulo-feito-em-feira\/","url_meta":{"origin":50710,"position":2},"title":"&#8220;Um crime na rua&#8221;: primeiro filme de Olney S\u00e3o Paulo feito em Feira","author":"Blog da Feira","date":"25\/07\/2013","format":false,"excerpt":"No pr\u00f3ximo dia 9 de agosto a Funda\u00e7\u00e3o Senhor dos Passos vai fazer uma exibi\u00e7\u00e3o especial do filme \"Um Crime Na Rua', do cineasta baiano Olney S\u00e3o Paulo, um curta-metragem filmado nas ruas de Feira de Santana em 1955. O cineasta Henrique Dantas, autor do document\u00e1rio \"Sinais de Cinza: a\u2026","rel":"","context":"Em &quot;Home&quot;","block_context":{"text":"Home","link":"https:\/\/blogdafeira.com.br\/home\/categoria\/raiz\/"},"img":{"alt_text":"","src":"","width":0,"height":0},"classes":[]},{"id":4079,"url":"https:\/\/blogdafeira.com.br\/home\/2013\/08\/02\/fundacao-sr-dos-passos-exibe-filme-de-olney-sao-paulo-dia-9\/","url_meta":{"origin":50710,"position":3},"title":"Funda\u00e7\u00e3o Sr. dos Passos exibe filme de Olney S\u00e3o Paulo dia 9","author":"Blog da Feira","date":"02\/08\/2013","format":false,"excerpt":"No pr\u00f3ximo dia 9 de agosto a\u00a0Funda\u00e7\u00e3o Senhor dos Passos\u00a0vai fazer uma exibi\u00e7\u00e3o especial do filme \u201cUm Crime Na Rua\u2019, do cineasta baiano Olney S\u00e3o Paulo, um curta-metragem filmado nas ruas de Feira de Santana em 1955. O cineasta Henrique Dantas, autor do document\u00e1rio \u201cSinais de Cinza: a peleja de\u2026","rel":"","context":"Em &quot;Home&quot;","block_context":{"text":"Home","link":"https:\/\/blogdafeira.com.br\/home\/categoria\/raiz\/"},"img":{"alt_text":"","src":"","width":0,"height":0},"classes":[]},{"id":9863,"url":"https:\/\/blogdafeira.com.br\/home\/2014\/03\/25\/terceira-lagrima-dimas-contesta-tracaja-ele-nao-entende-de-cinema\/","url_meta":{"origin":50710,"position":4},"title":"\u2018Terceira L\u00e1grima\u2019-  Dimas contesta Tracaj\u00e1: \u2018ele n\u00e3o entende de cinema\u2019","author":"Blog da Feira","date":"25\/03\/2014","format":false,"excerpt":"Em sua coluna \"Foto & Grafia\", o fot\u00f3grafo Reginaldo Pereira Tracaj\u00e1, que nunca foi visto numa sess\u00e3o de cinema, anda querendo entender a s\u00e9tima arte, mas erra feio ao se referir ao cineasta Olney S\u00e3o Paulo: \"Se vivo fosse teria feito 76 anos no dia 15 de fevereiro\". O cineasta\u2026","rel":"","context":"Em &quot;Home&quot;","block_context":{"text":"Home","link":"https:\/\/blogdafeira.com.br\/home\/categoria\/raiz\/"},"img":{"alt_text":"","src":"","width":0,"height":0},"classes":[]},{"id":38210,"url":"https:\/\/blogdafeira.com.br\/home\/2020\/06\/03\/escritor-feirense-fernando-ramos-tem-sua-trajetoria-retratada-em-video-veja\/","url_meta":{"origin":50710,"position":5},"title":"Trajet\u00f3ria do escritor feirense Fernando Ramos \u00e9 retratada em v\u00eddeo, veja","author":"Blog da Feira","date":"03\/06\/2020","format":false,"excerpt":"O lobisomem de Feira de Santana\u00a0\u00e9 o t\u00edtulo de um dos romances do escritor feirense Fernando de Souza Ramos, que nasceu em 1931 e morreu em 2008, deixando um importante legado liter\u00e1rio para a cultura da Bahia. Al\u00e9m de\u00a0O lobisomem de Feira de Santana, Fernando Ramos tamb\u00e9m escreveu os romances\u00a0Uau\u00e1\u2026","rel":"","context":"Em &quot;Cidade&quot;","block_context":{"text":"Cidade","link":"https:\/\/blogdafeira.com.br\/home\/categoria\/cidade\/"},"img":{"alt_text":"","src":"https:\/\/i0.wp.com\/blogdafeira.com.br\/home\/wp-content\/uploads\/2020\/06\/fernando-ramos.jpg?resize=350%2C200&ssl=1","width":350,"height":200,"srcset":"https:\/\/i0.wp.com\/blogdafeira.com.br\/home\/wp-content\/uploads\/2020\/06\/fernando-ramos.jpg?resize=350%2C200&ssl=1 1x, https:\/\/i0.wp.com\/blogdafeira.com.br\/home\/wp-content\/uploads\/2020\/06\/fernando-ramos.jpg?resize=525%2C300&ssl=1 1.5x, https:\/\/i0.wp.com\/blogdafeira.com.br\/home\/wp-content\/uploads\/2020\/06\/fernando-ramos.jpg?resize=700%2C400&ssl=1 2x, https:\/\/i0.wp.com\/blogdafeira.com.br\/home\/wp-content\/uploads\/2020\/06\/fernando-ramos.jpg?resize=1050%2C600&ssl=1 3x"},"classes":[]}],"_links":{"self":[{"href":"https:\/\/blogdafeira.com.br\/home\/wp-json\/wp\/v2\/posts\/50710","targetHints":{"allow":["GET"]}}],"collection":[{"href":"https:\/\/blogdafeira.com.br\/home\/wp-json\/wp\/v2\/posts"}],"about":[{"href":"https:\/\/blogdafeira.com.br\/home\/wp-json\/wp\/v2\/types\/post"}],"author":[{"embeddable":true,"href":"https:\/\/blogdafeira.com.br\/home\/wp-json\/wp\/v2\/users\/1"}],"replies":[{"embeddable":true,"href":"https:\/\/blogdafeira.com.br\/home\/wp-json\/wp\/v2\/comments?post=50710"}],"version-history":[{"count":4,"href":"https:\/\/blogdafeira.com.br\/home\/wp-json\/wp\/v2\/posts\/50710\/revisions"}],"predecessor-version":[{"id":50715,"href":"https:\/\/blogdafeira.com.br\/home\/wp-json\/wp\/v2\/posts\/50710\/revisions\/50715"}],"wp:featuredmedia":[{"embeddable":true,"href":"https:\/\/blogdafeira.com.br\/home\/wp-json\/wp\/v2\/media\/50711"}],"wp:attachment":[{"href":"https:\/\/blogdafeira.com.br\/home\/wp-json\/wp\/v2\/media?parent=50710"}],"wp:term":[{"taxonomy":"category","embeddable":true,"href":"https:\/\/blogdafeira.com.br\/home\/wp-json\/wp\/v2\/categories?post=50710"},{"taxonomy":"post_tag","embeddable":true,"href":"https:\/\/blogdafeira.com.br\/home\/wp-json\/wp\/v2\/tags?post=50710"}],"curies":[{"name":"wp","href":"https:\/\/api.w.org\/{rel}","templated":true}]}}