{"id":50797,"date":"2022-02-16T21:13:47","date_gmt":"2022-02-17T00:13:47","guid":{"rendered":"https:\/\/blogdafeira.com.br\/home\/?p=50797"},"modified":"2022-02-21T13:28:36","modified_gmt":"2022-02-21T16:28:36","slug":"em-2022-quase-50-obitos-suspeitos-ou-confirmados-por-covid-19-em-feira","status":"publish","type":"post","link":"https:\/\/blogdafeira.com.br\/home\/2022\/02\/16\/em-2022-quase-50-obitos-suspeitos-ou-confirmados-por-covid-19-em-feira\/","title":{"rendered":"Em 2022, quase 50 \u00f3bitos suspeitos ou confirmados por Covid-19 em Feira"},"content":{"rendered":"<div id=\"blogd-3511102619\" class=\"blogd-fim-do-post-mobile blogd-entity-placement\" style=\"margin-left: auto;margin-right: auto;text-align: center;\"><a href=\"https:\/\/www.sefaz.feiradesantana.ba.gov.br\/\" target=\"_blank\" aria-label=\"728&#215;90 (6)\"><img loading=\"lazy\" decoding=\"async\" src=\"https:\/\/blogdafeira.com.br\/home\/wp-content\/uploads\/2026\/03\/728x90-6.gif\" alt=\"\"  class=\"no-lazyload\" width=\"728\" height=\"90\"  style=\"display: inline-block;\" \/><\/a><\/div><p style=\"text-align: justify;\">Quando a variante \u00f4micron da Covid-19 chegou ao Brasil, Jair Bolsonaro, o \u201cmito\u201d, disse que esta era \u201cbem-vinda\u201d. Cultivava-se, naquele momento, a ilus\u00e3o de que a \u00f4micron matava pouco, que era menos letal e outras fantasias. A nova onda alastrou-se pelo Brasil \u2013 e por todo o planeta \u2013 de maneira avassaladora, matando relativamente menos por aqui por conta da vacina\u00e7\u00e3o. Mas, mesmo assim, os n\u00fameros s\u00e3o inquietantes.<\/p><div id=\"blogd-365064571\" class=\"blogd-conteudo-2-mobile blogd-entity-placement\"><a href=\"https:\/\/feirenses.com.br\/\" target=\"_blank\" aria-label=\"feirenses\"><img loading=\"lazy\" decoding=\"async\" src=\"https:\/\/blogdafeira.com.br\/home\/wp-content\/uploads\/2026\/04\/feirenses.png\" alt=\"\"  srcset=\"https:\/\/blogdafeira.com.br\/home\/wp-content\/uploads\/2026\/04\/feirenses.png 300w, https:\/\/blogdafeira.com.br\/home\/wp-content\/uploads\/2026\/04\/feirenses-170x45.png 170w, https:\/\/blogdafeira.com.br\/home\/wp-content\/uploads\/2026\/04\/feirenses-280x74.png 280w\" sizes=\"(max-width: 300px) 100vw, 300px\" class=\"no-lazyload\" width=\"300\" height=\"79\"  style=\"display: inline-block;\" \/><\/a><\/div>\n<p style=\"text-align: justify;\">Na Feira de Santana, por exemplo, morreram 49 pessoas com suspeita ou confirma\u00e7\u00e3o de Covid-19 desde o come\u00e7o de janeiro. Ano passado, no mesmo intervalo \u2013 naquele momento a vacina\u00e7\u00e3o apenas come\u00e7ava \u2013 foram registradas 89 mortes. Os n\u00fameros s\u00e3o da Central de Informa\u00e7\u00e3o de Registro Civil \u2013 CRC Nacional \u2013 e podem ser acessadas pelo endere\u00e7o eletr\u00f4nico <a href=\"https:\/\/transparencia.registrocivil.org.br\/especial-covid\">https:\/\/transparencia.registrocivil.org.br\/especial-covid<\/a>.<\/p>\n<p style=\"text-align: justify;\">No mesmo site \u00e9 poss\u00edvel observar que a m\u00e9dia m\u00f3vel de mortes suspeitas ou confirmadas por Covid-19 oscilou a partir do in\u00edcio de fevereiro, alcan\u00e7ando dois \u00f3bitos di\u00e1rios. Desde segunda-feira (14), por\u00e9m, esta m\u00e9dia voltou a um caso. Note-se que o patamar estava em um \u00f3bito di\u00e1rio desde o come\u00e7o de agosto, elevando-se agora em fevereiro.<\/p>\n<p style=\"text-align: justify;\">\u00c9 bom ressaltar os n\u00fameros positivos da vacina\u00e7\u00e3o na Feira de Santana, que vem avan\u00e7ando inclusive entre as crian\u00e7as, freando os \u00f3bitos. Mas, mesmo assim, mortes seguem acontecendo, seja entre quem n\u00e3o se vacinou, seja entre pessoas com comorbidades ou mais idosas. N\u00e3o \u00e9 o momento, portanto, de relaxar em rela\u00e7\u00e3o aos cuidados. Alertas s\u00e3o feitos com muita frequ\u00eancia por especialistas.<\/p>\n<p style=\"text-align: justify;\">Desde o come\u00e7o da pandemia \u2013 o n\u00famero \u00e9 do CRC Nacional \u2013 aconteceram 1.150 \u00f3bitos suspeitos ou confirmados por Covid-19 na Feira de Santana. O n\u00famero \u00e9 computado desde 06 de mar\u00e7o de 2020, quando os primeiros casos come\u00e7aram a ser registrados no Brasil.<\/p>\n<p style=\"text-align: justify;\">Aparentemente, nos pr\u00f3ximos dias o n\u00famero de casos deve come\u00e7ar a cair por aqui tamb\u00e9m. \u00c9 a expectativa das autoridades sanit\u00e1rias, replicando o padr\u00e3o observado em pa\u00edses que j\u00e1 atravessaram a fase mais severa da variante \u00f4micron. As mortes, de fato, ca\u00edram a partir da vacina\u00e7\u00e3o. Mas, mesmo assim, seguem acontecendo. Com moderado otimismo, h\u00e1 a expectativa de que, a partir de mar\u00e7o, haja um refluxo intenso da doen\u00e7a.<\/p>\n<p style=\"text-align: justify;\">Ao contr\u00e1rio do que vomitaram por a\u00ed, a \u00f4micron n\u00e3o \u00e9 bem-vinda. A afirma\u00e7\u00e3o, inclusive, \u00e9 um insulto \u00e0s muitas fam\u00edlias enlutadas. Talvez a pandemia da Covid-19 reverta-se em epidemia ainda em 2022, caso a vacina\u00e7\u00e3o siga avan\u00e7ando mundo afora. \u00c9 o que estima a pr\u00f3pria Organiza\u00e7\u00e3o Mundial de Sa\u00fade, a OMS.<\/p>\n<div id=\"blogd-2576279833\" class=\"blogd-final-post blogd-entity-placement\"><a href=\"https:\/\/www.feiradesantana.ba.leg.br\/\" target=\"_blank\" aria-label=\"BANNER-SITE-ENTREGADECHEQUE-CAMARADEFEIRA\"><img loading=\"lazy\" decoding=\"async\" src=\"https:\/\/blogdafeira.com.br\/home\/wp-content\/uploads\/2026\/03\/BANNER-SITE-ENTREGADECHEQUE-CAMARADEFEIRA.gif\" alt=\"\"  class=\"no-lazyload\" width=\"728\" height=\"90\"   \/><\/a><\/div><p style=\"text-align: justify;\">Mas e a pandemia de asneiras que assola o Brasil? Caso n\u00e3o desperdice o voto, o brasileiro pode come\u00e7ar a se livrar dela no pr\u00f3ximo m\u00eas de outubro&#8230;<\/p>\n","protected":false},"excerpt":{"rendered":"<p>Quando a variante \u00f4micron da Covid-19 chegou ao Brasil, Jair Bolsonaro, o \u201cmito\u201d, disse que esta era \u201cbem-vinda\u201d. Cultivava-se, naquele momento, a ilus\u00e3o de que a \u00f4micron matava pouco, que era menos letal e outras fantasias. A nova onda alastrou-se pelo Brasil \u2013 e por todo o planeta \u2013 de maneira avassaladora, matando relativamente menos<\/p>\n","protected":false},"author":13,"featured_media":50808,"comment_status":"open","ping_status":"open","sticky":false,"template":"","format":"standard","meta":{"jetpack_post_was_ever_published":false,"cybocfi_hide_featured_image":"","_jetpack_newsletter_access":"","_jetpack_dont_email_post_to_subs":false,"_jetpack_newsletter_tier_id":0,"_jetpack_memberships_contains_paywalled_content":false,"_jetpack_memberships_contains_paid_content":false,"footnotes":"","jetpack_publicize_message":"","jetpack_publicize_feature_enabled":true,"jetpack_social_post_already_shared":true,"jetpack_social_options":{"image_generator_settings":{"template":"highway","default_image_id":0,"font":"","enabled":false},"version":2}},"categories":[592,1],"tags":[],"class_list":["post-50797","post","type-post","status-publish","format-standard","has-post-thumbnail","hentry","category-colunistas","category-raiz"],"jetpack_publicize_connections":[],"jetpack_featured_media_url":"https:\/\/blogdafeira.com.br\/home\/wp-content\/uploads\/2022\/02\/a-omicron-ja-e-a-variante-prevalente-nos-casos-de-covid-19-no-brasil-1643454803563_v2_450x337.jpg","jetpack_shortlink":"https:\/\/wp.me\/p3niVf-ddj","jetpack_sharing_enabled":true,"jetpack-related-posts":[{"id":45260,"url":"https:\/\/blogdafeira.com.br\/home\/2021\/05\/03\/o-bimestre-mais-letal-da-pandemia-em-feira\/","url_meta":{"origin":50797,"position":0},"title":"O bimestre mais letal da pandemia em Feira","author":"Andr\u00e9 Pomponet","date":"03\/05\/2021","format":false,"excerpt":"Em abril, o n\u00famero de mortes \u2013 suspeitas ou confirmadas \u2013 pela Covid-19 caiu um pouco em rela\u00e7\u00e3o ao m\u00eas de mar\u00e7o na Feira de Santana. Foram 94 novos registros, contra 111 no m\u00eas anterior. Os n\u00fameros s\u00e3o do Centro de Informa\u00e7\u00f5es de Registros Civil \u2013 CRC Nacional e podem\u2026","rel":"","context":"Em &quot;Cidade&quot;","block_context":{"text":"Cidade","link":"https:\/\/blogdafeira.com.br\/home\/categoria\/cidade\/"},"img":{"alt_text":"","src":"https:\/\/i0.wp.com\/blogdafeira.com.br\/home\/wp-content\/uploads\/2020\/06\/hospital-de-campanha-feira.jpg?resize=350%2C200&ssl=1","width":350,"height":200,"srcset":"https:\/\/i0.wp.com\/blogdafeira.com.br\/home\/wp-content\/uploads\/2020\/06\/hospital-de-campanha-feira.jpg?resize=350%2C200&ssl=1 1x, https:\/\/i0.wp.com\/blogdafeira.com.br\/home\/wp-content\/uploads\/2020\/06\/hospital-de-campanha-feira.jpg?resize=525%2C300&ssl=1 1.5x"},"classes":[]},{"id":47379,"url":"https:\/\/blogdafeira.com.br\/home\/2021\/09\/12\/mortes-por-covid-19-seguem-em-queda-na-feira\/","url_meta":{"origin":50797,"position":1},"title":"Mortes por Covid-19 seguem em queda na Feira","author":"Andr\u00e9 Pomponet","date":"12\/09\/2021","format":false,"excerpt":"A Feira de Santana est\u00e1 vivendo o momento mais tranquilo em rela\u00e7\u00e3o \u00e0 pandemia da Covid-19 em 2021. Desde o dia oito de agosto que a m\u00e9dia m\u00f3vel de mortes suspeitas ou confirmadas da doen\u00e7a est\u00e1 em apenas um caso di\u00e1rio. S\u00e3o, portanto, 33 dias, um recorde no ano. M\u00e9dia\u2026","rel":"","context":"Em &quot;Cidade&quot;","block_context":{"text":"Cidade","link":"https:\/\/blogdafeira.com.br\/home\/categoria\/cidade\/"},"img":{"alt_text":"","src":"https:\/\/i0.wp.com\/blogdafeira.com.br\/home\/wp-content\/uploads\/2021\/08\/vacinacao_drive_thru_universidade_estadual_do_rio_de_janeiro_uerj_tnrgo_abr_2502214590_0.jpg?resize=350%2C200&ssl=1","width":350,"height":200,"srcset":"https:\/\/i0.wp.com\/blogdafeira.com.br\/home\/wp-content\/uploads\/2021\/08\/vacinacao_drive_thru_universidade_estadual_do_rio_de_janeiro_uerj_tnrgo_abr_2502214590_0.jpg?resize=350%2C200&ssl=1 1x, https:\/\/i0.wp.com\/blogdafeira.com.br\/home\/wp-content\/uploads\/2021\/08\/vacinacao_drive_thru_universidade_estadual_do_rio_de_janeiro_uerj_tnrgo_abr_2502214590_0.jpg?resize=525%2C300&ssl=1 1.5x, https:\/\/i0.wp.com\/blogdafeira.com.br\/home\/wp-content\/uploads\/2021\/08\/vacinacao_drive_thru_universidade_estadual_do_rio_de_janeiro_uerj_tnrgo_abr_2502214590_0.jpg?resize=700%2C400&ssl=1 2x"},"classes":[]},{"id":46399,"url":"https:\/\/blogdafeira.com.br\/home\/2021\/07\/12\/media-de-mortes-por-covid-19-volta-ao-patamar-de-fevereiro-em-feira\/","url_meta":{"origin":50797,"position":2},"title":"M\u00e9dia de mortes por Covid-19 volta ao patamar de fevereiro em Feira","author":"Andr\u00e9 Pomponet","date":"12\/07\/2021","format":false,"excerpt":"A Feira de Santana voltou \u00e0 m\u00e9dia m\u00f3vel de uma morte suspeita ou confirmada por Covid-19 no s\u00e1bado, dia 10. \u00c9 espantoso, mas n\u00e3o se alcan\u00e7ava este patamar desde o long\u00ednquo dia 26 de fevereiro, h\u00e1 quase cinco meses. A partir de ent\u00e3o, a m\u00e9dia m\u00f3vel oscilou sempre acima de\u2026","rel":"","context":"Em &quot;Colunistas&quot;","block_context":{"text":"Colunistas","link":"https:\/\/blogdafeira.com.br\/home\/categoria\/colunistas\/"},"img":{"alt_text":"","src":"https:\/\/i0.wp.com\/blogdafeira.com.br\/home\/wp-content\/uploads\/2021\/06\/corona-420x280_c-420x280_c.jpg?resize=350%2C200&ssl=1","width":350,"height":200},"classes":[]},{"id":45583,"url":"https:\/\/blogdafeira.com.br\/home\/2021\/05\/26\/mais-de-830-obitos-suspeitos-ou-confirmados-de-covid-19-em-feira\/","url_meta":{"origin":50797,"position":3},"title":"Mais de 830 \u00f3bitos suspeitos ou confirmados de Covid-19 em Feira","author":"Andr\u00e9 Pomponet","date":"26\/05\/2021","format":false,"excerpt":"Enquanto a vacina\u00e7\u00e3o contra a Covid-19 na Feira de Santana avan\u00e7a a conta-gotas, a doen\u00e7a n\u00e3o d\u00e1 tr\u00e9gua e segue matando feirenses. Desde o come\u00e7o da pandemia, em mar\u00e7o de 2020, j\u00e1 s\u00e3o 835 registros de mortes suspeitas ou confirmadas, decorrentes do novo coronav\u00edrus no munic\u00edpio. As informa\u00e7\u00f5es s\u00e3o do\u2026","rel":"","context":"Em &quot;Cidade&quot;","block_context":{"text":"Cidade","link":"https:\/\/blogdafeira.com.br\/home\/categoria\/cidade\/"},"img":{"alt_text":"","src":"https:\/\/i0.wp.com\/blogdafeira.com.br\/home\/wp-content\/uploads\/2020\/06\/hospital-de-campanha-feira.jpg?resize=350%2C200&ssl=1","width":350,"height":200,"srcset":"https:\/\/i0.wp.com\/blogdafeira.com.br\/home\/wp-content\/uploads\/2020\/06\/hospital-de-campanha-feira.jpg?resize=350%2C200&ssl=1 1x, https:\/\/i0.wp.com\/blogdafeira.com.br\/home\/wp-content\/uploads\/2020\/06\/hospital-de-campanha-feira.jpg?resize=525%2C300&ssl=1 1.5x"},"classes":[]},{"id":50210,"url":"https:\/\/blogdafeira.com.br\/home\/2022\/01\/20\/variante-omicron-representa-765-dos-casos-de-coronavirus-na-bahia\/","url_meta":{"origin":50797,"position":4},"title":"Variante \u00d4micron representa 76,5% dos casos de coronav\u00edrus na Bahia","author":"Blog da Feira","date":"20\/01\/2022","format":false,"excerpt":"O Laborat\u00f3rio Central de Sa\u00fade P\u00fablica da Bahia (Lacen-BA) detectou, por meio de sequenciamento gen\u00e9tico, 49 amostras da variante \u00d4micron no estado. Esse total representa 76,5% dos 64 sequenciamentos realizados em amostras coletadas no m\u00eas de janeiro. Al\u00e9m da identifica\u00e7\u00e3o da \u00d4micron, foram detectadas 12 amostras da variante Delta e\u2026","rel":"","context":"Em &quot;Geral&quot;","block_context":{"text":"Geral","link":"https:\/\/blogdafeira.com.br\/home\/categoria\/geral\/"},"img":{"alt_text":"","src":"https:\/\/i0.wp.com\/blogdafeira.com.br\/home\/wp-content\/uploads\/2022\/01\/Lacen-105-anos-696x464-1.jpg?resize=350%2C200&ssl=1","width":350,"height":200,"srcset":"https:\/\/i0.wp.com\/blogdafeira.com.br\/home\/wp-content\/uploads\/2022\/01\/Lacen-105-anos-696x464-1.jpg?resize=350%2C200&ssl=1 1x, https:\/\/i0.wp.com\/blogdafeira.com.br\/home\/wp-content\/uploads\/2022\/01\/Lacen-105-anos-696x464-1.jpg?resize=525%2C300&ssl=1 1.5x"},"classes":[]},{"id":43306,"url":"https:\/\/blogdafeira.com.br\/home\/2021\/02\/08\/vacinacao-na-bahia-para-idosos-acima-de-80-anos-a-partir-de-hoje\/","url_meta":{"origin":50797,"position":5},"title":"Vacina\u00e7\u00e3o na Bahia para idosos acima de 80 anos a partir de hoje","author":"Blog da Feira","date":"08\/02\/2021","format":false,"excerpt":"Com a chegada de 186.200 doses da vacina contra o coronav\u00edrus (Covid-19), a Secretaria da Sa\u00fade do Estado da Bahia (Sesab) autorizou que os 417 munic\u00edpios iniciem a vacina\u00e7\u00e3o de idosos acima de 80 anos a partir desta segunda-feira (8). O total de vacinados no estado j\u00e1 supera os 286\u2026","rel":"","context":"Em &quot;Bahia&quot;","block_context":{"text":"Bahia","link":"https:\/\/blogdafeira.com.br\/home\/categoria\/bahia\/"},"img":{"alt_text":"","src":"https:\/\/i0.wp.com\/blogdafeira.com.br\/home\/wp-content\/uploads\/2021\/02\/Destaque-coronavirus-1-360x240-1.jpeg?resize=350%2C200&ssl=1","width":350,"height":200},"classes":[]}],"_links":{"self":[{"href":"https:\/\/blogdafeira.com.br\/home\/wp-json\/wp\/v2\/posts\/50797","targetHints":{"allow":["GET"]}}],"collection":[{"href":"https:\/\/blogdafeira.com.br\/home\/wp-json\/wp\/v2\/posts"}],"about":[{"href":"https:\/\/blogdafeira.com.br\/home\/wp-json\/wp\/v2\/types\/post"}],"author":[{"embeddable":true,"href":"https:\/\/blogdafeira.com.br\/home\/wp-json\/wp\/v2\/users\/13"}],"replies":[{"embeddable":true,"href":"https:\/\/blogdafeira.com.br\/home\/wp-json\/wp\/v2\/comments?post=50797"}],"version-history":[{"count":5,"href":"https:\/\/blogdafeira.com.br\/home\/wp-json\/wp\/v2\/posts\/50797\/revisions"}],"predecessor-version":[{"id":50809,"href":"https:\/\/blogdafeira.com.br\/home\/wp-json\/wp\/v2\/posts\/50797\/revisions\/50809"}],"wp:featuredmedia":[{"embeddable":true,"href":"https:\/\/blogdafeira.com.br\/home\/wp-json\/wp\/v2\/media\/50808"}],"wp:attachment":[{"href":"https:\/\/blogdafeira.com.br\/home\/wp-json\/wp\/v2\/media?parent=50797"}],"wp:term":[{"taxonomy":"category","embeddable":true,"href":"https:\/\/blogdafeira.com.br\/home\/wp-json\/wp\/v2\/categories?post=50797"},{"taxonomy":"post_tag","embeddable":true,"href":"https:\/\/blogdafeira.com.br\/home\/wp-json\/wp\/v2\/tags?post=50797"}],"curies":[{"name":"wp","href":"https:\/\/api.w.org\/{rel}","templated":true}]}}