{"id":50886,"date":"2022-02-20T10:05:06","date_gmt":"2022-02-20T13:05:06","guid":{"rendered":"https:\/\/blogdafeira.com.br\/home\/?p=50886"},"modified":"2022-02-25T19:58:25","modified_gmt":"2022-02-25T22:58:25","slug":"breve-memoria-das-feiras-do-rolo","status":"publish","type":"post","link":"https:\/\/blogdafeira.com.br\/home\/2022\/02\/20\/breve-memoria-das-feiras-do-rolo\/","title":{"rendered":"Breve mem\u00f3ria das Feiras do Rolo"},"content":{"rendered":"<div id=\"blogd-386271977\" class=\"blogd-fim-do-post-mobile blogd-entity-placement\" style=\"margin-left: auto;margin-right: auto;text-align: center;\"><a href=\"https:\/\/www.sefaz.feiradesantana.ba.gov.br\/\" target=\"_blank\" aria-label=\"728&#215;90 (6)\"><img loading=\"lazy\" decoding=\"async\" src=\"https:\/\/blogdafeira.com.br\/home\/wp-content\/uploads\/2026\/03\/728x90-6.gif\" alt=\"\"  class=\"no-lazyload\" width=\"728\" height=\"90\"  style=\"display: inline-block;\" \/><\/a><\/div><p>Nem todo mundo lembra \u2013 ou possui idade suficiente para recordar \u2013 mas a famigerada Feira do Rolo j\u00e1 aconteceu na maltratada Pra\u00e7a Froes da Mota, no centro da Feira de Santana. No come\u00e7o dos anos 1990 surgiram os primeiros vendedores e, tamb\u00e9m, os primeiros consumidores. Com o passar do tempo, o com\u00e9rcio foi se expandindo, ganhando f\u00f4lego. Os tempos eram \u00e1speros: estagna\u00e7\u00e3o econ\u00f4mica, infla\u00e7\u00e3o galopante e escassas oportunidades de trabalho empurraram muita gente para aquela ocupa\u00e7\u00e3o prec\u00e1ria.<\/p><div id=\"blogd-909029039\" class=\"blogd-conteudo-2-mobile blogd-entity-placement\"><a href=\"https:\/\/feirenses.com.br\/\" target=\"_blank\" aria-label=\"feirenses\"><img loading=\"lazy\" decoding=\"async\" src=\"https:\/\/blogdafeira.com.br\/home\/wp-content\/uploads\/2026\/04\/feirenses.png\" alt=\"\"  srcset=\"https:\/\/blogdafeira.com.br\/home\/wp-content\/uploads\/2026\/04\/feirenses.png 300w, https:\/\/blogdafeira.com.br\/home\/wp-content\/uploads\/2026\/04\/feirenses-170x45.png 170w, https:\/\/blogdafeira.com.br\/home\/wp-content\/uploads\/2026\/04\/feirenses-280x74.png 280w\" sizes=\"(max-width: 300px) 100vw, 300px\" class=\"no-lazyload\" width=\"300\" height=\"79\"  style=\"display: inline-block;\" \/><\/a><\/div>\n<p>As Feiras do Rolo \u2013arranjo comercial de quem sobrevive no sufoco \u2013 sempre carregaram um forte estigma: nelas, desaguavam os produtos de furtos e assaltos, sobretudo daqueles bens de f\u00e1cil transporte e comercializa\u00e7\u00e3o. N\u00e3o deixa de ser verdade. Por isso a ojeriza a esses espa\u00e7os \u00e9 s\u00f3lida, arraigada Brasil afora.<\/p>\n<p>Mas \u00e9 verdade tamb\u00e9m que muita gente apela \u00e0 Feira do Rolo para fazer dinheiro r\u00e1pido num momento de aperto financeiro, desfazendo-se de algum bem. Na Froes da Mota exibiam-se bicicletas, <em>micro systems<\/em> \u2013 vistosos aparelhos de r\u00e1dio com toca-fitas \u2013, ventiladores, c\u00e2meras fotogr\u00e1ficas, chuveiros el\u00e9tricos, ferramentas e o que mais pudesse render algum dinheiro na triste Era Collor.<\/p>\n<p>Alguns comerciantes estendiam pl\u00e1sticos pretos e arriscavam o sustento numa incessante compra-e-venda. Quando se fechavam neg\u00f3cios, impressionantes ma\u00e7os de notas saltavam dos bolsos, trocavam de m\u00e3os. O dinheiro, naquele tempo, n\u00e3o valia nada, a infla\u00e7\u00e3o era voraz. Tudo se desenrolava sobre os paralelep\u00edpedos azulados da pra\u00e7a e sob as sombras dos oitis.<\/p>\n<p>Os intermitentes solu\u00e7os de prosperidade que o Brasil experimentou desde ent\u00e3o reduziram esse com\u00e9rcio paup\u00e9rrimo, quase miser\u00e1vel. Tanto que suas recorda\u00e7\u00f5es mergulharam no fundo da mem\u00f3ria durante algum tempo. Avivaram-se s\u00f3 em algumas andan\u00e7as por pa\u00edses vizinhos, como o Chile e a Col\u00f4mbia. Neles, notei que, neste mercadejar, h\u00e1 um tra\u00e7o cultural marcante, que n\u00e3o se limita \u00e0 pobreza e ao desemprego.<\/p>\n<p>Mas, no Brasil, a partir da eclos\u00e3o da crise econ\u00f4mica de 2015 e da estagna\u00e7\u00e3o dos anos que se seguiram, esse com\u00e9rcio se reavivou. Na Pra\u00e7a XV, no centro do Rio de Janeiro, o tradicional com\u00e9rcio de antiguidades nas manh\u00e3s de s\u00e1bado \u2013 objetos antigos encantam portugueses \u2013 mesclou-se \u00e0 mesma pen\u00faria exposta nas Feiras do Rolo. O que h\u00e1 de diferente \u00e9 parte dos produtos: celulares, carregadores, baterias, cabos, conectores, toda a parafern\u00e1lia eletr\u00f4nica que invadiu a vida contempor\u00e2nea.<\/p>\n<p>Na Feira de Santana, depois da Froes da Mota, a Feira do Rolo foi encontrar abrigo nos fundos do SAC, ali na Ol\u00edmpio Vital. Por aqui, ela passou por uma mudan\u00e7a estrutural: o impulso ao com\u00e9rcio de rua \u2013 tocado por camel\u00f4s e ambulantes \u2013 gerou ocupa\u00e7\u00e3o para muita gente, absorvendo m\u00e3o-de-obra. Embora prec\u00e1rias, estas ocupa\u00e7\u00f5es s\u00e3o melhores que mercadejar nas Feiras do Rolo.<\/p>\n<p>Por outro lado, a natureza descart\u00e1vel dos produtos modernos \u2013 e o pre\u00e7o mais em conta em fun\u00e7\u00e3o da vertiginosa expans\u00e3o da ind\u00fastria chinesa \u2013 refreia a necessidade por muitos produtos antigos, j\u00e1 utilizados. Tudo \u00e9 descart\u00e1vel e s\u00f3 quem vive muito sufocado pela pobreza \u00e9 que recorre a esses espa\u00e7os. Embora, ultimamente, a pobreza venha aumentando, gra\u00e7as ao desgoverno de plant\u00e3o.<\/p>\n<div id=\"blogd-46420037\" class=\"blogd-final-post blogd-entity-placement\"><a href=\"https:\/\/www.feiradesantana.ba.leg.br\/\" target=\"_blank\" aria-label=\"BANNER-SITE-ENTREGADECHEQUE-CAMARADEFEIRA\"><img loading=\"lazy\" decoding=\"async\" src=\"https:\/\/blogdafeira.com.br\/home\/wp-content\/uploads\/2026\/03\/BANNER-SITE-ENTREGADECHEQUE-CAMARADEFEIRA.gif\" alt=\"\"  class=\"no-lazyload\" width=\"728\" height=\"90\"   \/><\/a><\/div><p>Caso cres\u00e7am novamente, como se refrear\u00e3o as Feiras do Rolo no Brasil? Temos uma f\u00f3rmula toda pr\u00f3pria: as pol\u00edcias, as guardas e os rapas que, como se v\u00ea, v\u00e3o de vento em popa&#8230;<\/p>\n","protected":false},"excerpt":{"rendered":"<p>Nem todo mundo lembra \u2013 ou possui idade suficiente para recordar \u2013 mas a famigerada Feira do Rolo j\u00e1 aconteceu na maltratada Pra\u00e7a Froes da Mota, no centro da Feira de Santana. No come\u00e7o dos anos 1990 surgiram os primeiros vendedores e, tamb\u00e9m, os primeiros consumidores. Com o passar do tempo, o com\u00e9rcio foi se<\/p>\n","protected":false},"author":13,"featured_media":50891,"comment_status":"open","ping_status":"open","sticky":false,"template":"","format":"standard","meta":{"jetpack_post_was_ever_published":false,"cybocfi_hide_featured_image":"","_jetpack_newsletter_access":"","_jetpack_dont_email_post_to_subs":false,"_jetpack_newsletter_tier_id":0,"_jetpack_memberships_contains_paywalled_content":false,"_jetpack_memberships_contains_paid_content":false,"footnotes":"","jetpack_publicize_message":"","jetpack_publicize_feature_enabled":true,"jetpack_social_post_already_shared":true,"jetpack_social_options":{"image_generator_settings":{"template":"highway","default_image_id":0,"font":"","enabled":false},"version":2}},"categories":[592,1],"tags":[],"class_list":["post-50886","post","type-post","status-publish","format-standard","has-post-thumbnail","hentry","category-colunistas","category-raiz"],"jetpack_publicize_connections":[],"jetpack_featured_media_url":"https:\/\/blogdafeira.com.br\/home\/wp-content\/uploads\/2022\/02\/FB_IMG_1645370177832.jpg","jetpack_shortlink":"https:\/\/wp.me\/p3niVf-deK","jetpack_sharing_enabled":true,"jetpack-related-posts":[{"id":25655,"url":"https:\/\/blogdafeira.com.br\/home\/2017\/02\/12\/capoeiristas-demarcam-o-territorio-do-samba-no-centro-de-feira-de-santana\/","url_meta":{"origin":50886,"position":0},"title":"Capoeiristas demarcam o &#8216;territ\u00f3rio do samba&#8217; no centro de Feira de Santana","author":"Blog da Feira","date":"12\/02\/2017","format":false,"excerpt":"Dif\u00edcil \u00e9 o s\u00e1bado em que eles n\u00e3o est\u00e3o\u00a0na pra\u00e7a do velho Mercado de Feira de Santana,\u00a0na sombra daquele oitizeiro, jogando a capoeira e depois rolando\u00a0\u00a0um samba-de-roda que junta gente n\u00e3o s\u00f3 para olhar mas para sambar tamb\u00e9m... Debaixo desse oiti o poeta e folheteiro de cordel Jurivaldo Alves durante\u2026","rel":"","context":"Em &quot;Home&quot;","block_context":{"text":"Home","link":"https:\/\/blogdafeira.com.br\/home\/categoria\/raiz\/"},"img":{"alt_text":"","src":"","width":0,"height":0},"classes":[]},{"id":3017,"url":"https:\/\/blogdafeira.com.br\/home\/2013\/06\/27\/camara-de-feira-entra-em-recesso-marcada-pelo-rolo-compressor\/","url_meta":{"origin":50886,"position":1},"title":"C\u00e2mara de Feira entra em recesso marcada pelo \u2018rolo compressor\u2019","author":"Blog da Feira","date":"27\/06\/2013","format":false,"excerpt":"Foi o trabalho do \u00a0\u2018rolo compressor\u2019 a servi\u00e7o da aprova\u00e7\u00e3o dos projetos do Executivo a principal marca desse primeiro semestre da C\u00e2mara de Vereadores de Feira de Santana. Cinco projetos do Executivo foram aprovados praticamente sem discuss\u00e3o e em regime de urg\u00eancia. A bancada governista foi conduzida e a da\u2026","rel":"","context":"Em &quot;Cidade&quot;","block_context":{"text":"Cidade","link":"https:\/\/blogdafeira.com.br\/home\/categoria\/cidade\/"},"img":{"alt_text":"DSC07621","src":"https:\/\/i0.wp.com\/blogdafeira.com.br\/home\/wp-content\/uploads\/2013\/06\/DSC07621-346x259.jpg?resize=350%2C200","width":350,"height":200},"classes":[]},{"id":10472,"url":"https:\/\/blogdafeira.com.br\/home\/2014\/05\/14\/camara-de-feira-neinha-pode-ser-a-primeira-mulher-a-ser-presidente\/","url_meta":{"origin":50886,"position":2},"title":"C\u00e2mara de Feira: Neinha pode ser a primeira mulher a ser presidente","author":"Blog da Feira","date":"14\/05\/2014","format":false,"excerpt":"O nome da vereadora Aldney Bastos Marques (Neinha) voltou a aparecer na imprensa de Feira de Santana como uma prov\u00e1vel candidata \u00e0 Presid\u00eancia da C\u00e2mara de Feira de Santana. O surgimento de Neinha no cen\u00e1rio dessa disputa pode atrapalhar planos j\u00e1 tra\u00e7ados h\u00e1 algum tempo entre vereadores veteranos da \u2018Casa\u2026","rel":"","context":"Em &quot;Home&quot;","block_context":{"text":"Home","link":"https:\/\/blogdafeira.com.br\/home\/categoria\/raiz\/"},"img":{"alt_text":"nei","src":"https:\/\/i0.wp.com\/blogdafeira.com.br\/home\/wp-content\/uploads\/2014\/05\/nei.jpg?resize=350%2C200","width":350,"height":200},"classes":[]},{"id":6384,"url":"https:\/\/blogdafeira.com.br\/home\/2013\/11\/22\/preso-na-feirinha-do-rolo-ladrao-de-celular-comparsa-de-tapa-de-canario-em-feira\/","url_meta":{"origin":50886,"position":3},"title":"Preso na &#8216;feirinha do rolo&#8217; ladr\u00e3o de celular comparsa de &#8216;Tapa de Can\u00e1rio&#8217; em Feira","author":"Blog da Feira","date":"22\/11\/2013","format":false,"excerpt":"Marcos Vinicius de Almeida, 25 anos, \u00a0que se diz conhecido como 'Olh\u00e3o',morador da rua Araujo Pinho, bairro Areal, em Feira de Santana foi preso em flagrante na \u2018Feira do Rolo\u2019 pr\u00f3xima ao SAC, no centro da cidade, na manh\u00e3 desta sexta-feira (22), quando tentava vender um aparelho celular roubado. Segundo\u2026","rel":"","context":"Em &quot;Home&quot;","block_context":{"text":"Home","link":"https:\/\/blogdafeira.com.br\/home\/categoria\/raiz\/"},"img":{"alt_text":"","src":"","width":0,"height":0},"classes":[]},{"id":10809,"url":"https:\/\/blogdafeira.com.br\/home\/2014\/06\/05\/familia-quer-tirar-morte-do-guarda-do-rol-dos-crimes-insoluveis-em-feira\/","url_meta":{"origin":50886,"position":4},"title":"Fam\u00edlia quer tirar morte do guarda do rol dos crimes insol\u00faveis em Feira","author":"Blog da Feira","date":"05\/06\/2014","format":false,"excerpt":"Familiares do ex-comandante da Guarda Municipal de Feira de Santana, Marcus Vin\u00edcius, \u00a0procuraram a pol\u00edcia para cobrar a elucida\u00e7\u00e3o do assassinato ocorrido no dia 2 de maio deste ano, em Feira de Santana. O guarda municipal foi morto \u00a0a tiros enquanto trabalhava no Parque Erivaldo Cerqueira (Parque da Lagoa), no\u2026","rel":"","context":"Em &quot;Home&quot;","block_context":{"text":"Home","link":"https:\/\/blogdafeira.com.br\/home\/categoria\/raiz\/"},"img":{"alt_text":"Marcos Vinicius","src":"https:\/\/i0.wp.com\/blogdafeira.com.br\/home\/wp-content\/uploads\/2014\/06\/Marcos-Vinicius.jpg?resize=350%2C200","width":350,"height":200},"classes":[]},{"id":23960,"url":"https:\/\/blogdafeira.com.br\/home\/2016\/10\/22\/grafite-arte-2016-tem-uma-festa-maravilhosa-acontecendo-na-cidade\/","url_meta":{"origin":50886,"position":5},"title":"Grafite Arte 2016: &#8216;tem uma festa maravilhosa acontecendo na cidade&#8217;","author":"Blog da Feira","date":"22\/10\/2016","format":false,"excerpt":"A\u00ed voc\u00ea, tem uma festa maravilhosa acontecendo na cidade! De gra\u00e7a. Corres antigos de uma galera. Um evento que traz grafiteiras e grafiteiros de todos os cantos. Som maravilhoso... Coisa rara. Por que n\u00e3o fortalecer a galera da cidade e deixar que ela acabe depois da meia noite? Mas n\u00e3o...\u2026","rel":"","context":"Em &quot;Home&quot;","block_context":{"text":"Home","link":"https:\/\/blogdafeira.com.br\/home\/categoria\/raiz\/"},"img":{"alt_text":"grafite-hoje","src":"https:\/\/i0.wp.com\/blogdafeira.com.br\/home\/wp-content\/uploads\/2016\/10\/grafite-hoje.jpg?resize=350%2C200","width":350,"height":200,"srcset":"https:\/\/i0.wp.com\/blogdafeira.com.br\/home\/wp-content\/uploads\/2016\/10\/grafite-hoje.jpg?resize=350%2C200 1x, https:\/\/i0.wp.com\/blogdafeira.com.br\/home\/wp-content\/uploads\/2016\/10\/grafite-hoje.jpg?resize=525%2C300 1.5x"},"classes":[]}],"_links":{"self":[{"href":"https:\/\/blogdafeira.com.br\/home\/wp-json\/wp\/v2\/posts\/50886","targetHints":{"allow":["GET"]}}],"collection":[{"href":"https:\/\/blogdafeira.com.br\/home\/wp-json\/wp\/v2\/posts"}],"about":[{"href":"https:\/\/blogdafeira.com.br\/home\/wp-json\/wp\/v2\/types\/post"}],"author":[{"embeddable":true,"href":"https:\/\/blogdafeira.com.br\/home\/wp-json\/wp\/v2\/users\/13"}],"replies":[{"embeddable":true,"href":"https:\/\/blogdafeira.com.br\/home\/wp-json\/wp\/v2\/comments?post=50886"}],"version-history":[{"count":2,"href":"https:\/\/blogdafeira.com.br\/home\/wp-json\/wp\/v2\/posts\/50886\/revisions"}],"predecessor-version":[{"id":50888,"href":"https:\/\/blogdafeira.com.br\/home\/wp-json\/wp\/v2\/posts\/50886\/revisions\/50888"}],"wp:featuredmedia":[{"embeddable":true,"href":"https:\/\/blogdafeira.com.br\/home\/wp-json\/wp\/v2\/media\/50891"}],"wp:attachment":[{"href":"https:\/\/blogdafeira.com.br\/home\/wp-json\/wp\/v2\/media?parent=50886"}],"wp:term":[{"taxonomy":"category","embeddable":true,"href":"https:\/\/blogdafeira.com.br\/home\/wp-json\/wp\/v2\/categories?post=50886"},{"taxonomy":"post_tag","embeddable":true,"href":"https:\/\/blogdafeira.com.br\/home\/wp-json\/wp\/v2\/tags?post=50886"}],"curies":[{"name":"wp","href":"https:\/\/api.w.org\/{rel}","templated":true}]}}