{"id":51020,"date":"2022-02-28T21:11:22","date_gmt":"2022-03-01T00:11:22","guid":{"rendered":"https:\/\/blogdafeira.com.br\/home\/?p=51020"},"modified":"2022-03-03T13:47:03","modified_gmt":"2022-03-03T16:47:03","slug":"desconexos-pensamentos-carnavalescos","status":"publish","type":"post","link":"https:\/\/blogdafeira.com.br\/home\/2022\/02\/28\/desconexos-pensamentos-carnavalescos\/","title":{"rendered":"Desconexos pensamentos carnavalescos"},"content":{"rendered":"<div id=\"blogd-2173294938\" class=\"blogd-fim-do-post-mobile blogd-entity-placement\" style=\"margin-left: auto;margin-right: auto;text-align: center;\"><a href=\"https:\/\/www.sefaz.feiradesantana.ba.gov.br\/\" target=\"_blank\" aria-label=\"728&#215;90 (6)\"><img loading=\"lazy\" decoding=\"async\" src=\"https:\/\/blogdafeira.com.br\/home\/wp-content\/uploads\/2026\/03\/728x90-6.gif\" alt=\"\"  class=\"no-lazyload\" width=\"728\" height=\"90\"  style=\"display: inline-block;\" \/><\/a><\/div><p>Enquanto apreciava o sangu\u00edneo poente feirense \u2013 \u00e0 medida que o ver\u00e3o estertora, os tons do crep\u00fasculo tornam-se dram\u00e1ticos, melanc\u00f3licos \u2013 pensei numa meia-d\u00fazia de temas para um texto qualquer. Nenhum deles pareceu t\u00e3o urgente quanto o da guerra na Ucr\u00e2nia. N\u00e3o, n\u00e3o vou chatear o leitor desfilando conhecimentos b\u00e9licos, nem realizando confer\u00eancias sobre o Leste Europeu. N\u00e3o domino nem um assunto, nem outro.<\/p><div id=\"blogd-4130991088\" class=\"blogd-conteudo-2-mobile blogd-entity-placement\"><a href=\"https:\/\/feirenses.com.br\/\" target=\"_blank\" aria-label=\"feirenses\"><img loading=\"lazy\" decoding=\"async\" src=\"https:\/\/blogdafeira.com.br\/home\/wp-content\/uploads\/2026\/04\/feirenses.png\" alt=\"\"  srcset=\"https:\/\/blogdafeira.com.br\/home\/wp-content\/uploads\/2026\/04\/feirenses.png 300w, https:\/\/blogdafeira.com.br\/home\/wp-content\/uploads\/2026\/04\/feirenses-170x45.png 170w, https:\/\/blogdafeira.com.br\/home\/wp-content\/uploads\/2026\/04\/feirenses-280x74.png 280w\" sizes=\"(max-width: 300px) 100vw, 300px\" class=\"no-lazyload\" width=\"300\" height=\"79\"  style=\"display: inline-block;\" \/><\/a><\/div>\n<p>N\u00e3o sei se \u00e9 a idade ou outro achaque qualquer, mas confesso que acompanhar notici\u00e1rio sobre guerra \u00e9 enfadonho. Aqueles pronunciamentos protocolares de lideran\u00e7as pol\u00edticas \u2013 que fazem a alegria do jornalismo declarat\u00f3rio \u2013, por exemplo, s\u00e3o fastidiosos. V\u00e3o, invariavelmente, do banal ao lugar-comum, do clich\u00ea \u00e0 frase feita. Tomam tempo, n\u00e3o informam e aborrecem.<\/p>\n<p>Pior que isso s\u00f3 a inevit\u00e1vel dicotomia entre bons e maus, justos e perversos, her\u00f3is e vil\u00f5es. A chamada grande imprensa brasileira, por exemplo, coloca Vladimir Putin \u2013 o presidente russo \u2013 como o monstro a ser combatido e o humorista que preside a Ucr\u00e2nia, Volodymyr Zelensky, foi al\u00e7ado \u00e0 condi\u00e7\u00e3o de estadista, de combatente da liberdade.<\/p>\n<p>Como n\u00e3o enxergo o conflito como uma esp\u00e9cie de gincana \u2013 em que sempre se torce para um dos lados \u2013 prefiro pensar que, nesta guerra, como em tantas outras, talvez a explica\u00e7\u00e3o, complexa, n\u00e3o caiba numa dicotomia simpl\u00f3ria, at\u00e9 pueril. Mas j\u00e1 estou enveredando em terreno de especialistas, que fervilham por a\u00ed nos \u00faltimos dias. \u00a0Melhor ocupar-me com as novidades provincianas.<\/p>\n<p>Por aqui, a maior delas \u00e9 o imbr\u00f3glio envolvendo a chapa governista. Quem ser\u00e1 o candidato a governador da situa\u00e7\u00e3o? Quando esta j\u00e1 extensa novela ter\u00e1 um desfecho? Supostas not\u00edcias se sucedem, caudalosas, no notici\u00e1rio. Muitas vezes expressam mais o desejo de quem escreve do que, propriamente, fatos. Mas isso \u00e9 at\u00e9 comum no jornalismo pol\u00edtico, sobretudo em momentos de incerteza como o que se vive atualmente. Pior que isso enfada tamb\u00e9m.<\/p>\n<p>Enfado, ali\u00e1s, deveria ser palavra banida nesses dias, caso o Carnaval estivesse rolando Brasil afora. Foi corretamente cancelado, mas h\u00e1 no ar um estranho clima de meio feriado, j\u00e1 que muitas atividades foram suspensas at\u00e9 amanh\u00e3. Pelas ruas, nota-se as pessoas divididas, um certo esp\u00edrito foli\u00e3o agita a rotina de trabalho, traz um impulso festivo, mas frustrado.<\/p>\n<p>A noite, todavia, parece a mesma, t\u00edpica noite de segunda-feira, exangue, pois a febril agita\u00e7\u00e3o mercantil exaure a Feira de Santana. Com ela, expira tamb\u00e9m este texto tortuoso, confuso, indeciso como os b\u00eabados das segundas-feiras de Carnaval. Embora n\u00e3o cultive grande \u00e2nsia foli\u00e3, tor\u00e7o para que, ano que vem, a festa seja retomada no seu pleno vigor.<\/p>\n<div id=\"blogd-1758838645\" class=\"blogd-final-post blogd-entity-placement\"><a href=\"https:\/\/www.feiradesantana.ba.leg.br\/\" target=\"_blank\" aria-label=\"BANNER-SITE-ENTREGADECHEQUE-CAMARADEFEIRA\"><img loading=\"lazy\" decoding=\"async\" src=\"https:\/\/blogdafeira.com.br\/home\/wp-content\/uploads\/2026\/03\/BANNER-SITE-ENTREGADECHEQUE-CAMARADEFEIRA.gif\" alt=\"\"  class=\"no-lazyload\" width=\"728\" height=\"90\"   \/><\/a><\/div><p>Mas, para isso, \u00e9 necess\u00e1rio que nem Vladimir Putin, nem seus rivais ocidentais resolvam apertar o fat\u00eddico bot\u00e3o da guerra nuclear&#8230;<\/p>\n","protected":false},"excerpt":{"rendered":"<p>Enquanto apreciava o sangu\u00edneo poente feirense \u2013 \u00e0 medida que o ver\u00e3o estertora, os tons do crep\u00fasculo tornam-se dram\u00e1ticos, melanc\u00f3licos \u2013 pensei numa meia-d\u00fazia de temas para um texto qualquer. Nenhum deles pareceu t\u00e3o urgente quanto o da guerra na Ucr\u00e2nia. N\u00e3o, n\u00e3o vou chatear o leitor desfilando conhecimentos b\u00e9licos, nem realizando confer\u00eancias sobre o<\/p>\n","protected":false},"author":13,"featured_media":51022,"comment_status":"open","ping_status":"open","sticky":false,"template":"","format":"standard","meta":{"jetpack_post_was_ever_published":false,"cybocfi_hide_featured_image":"","_jetpack_newsletter_access":"","_jetpack_dont_email_post_to_subs":false,"_jetpack_newsletter_tier_id":0,"_jetpack_memberships_contains_paywalled_content":false,"_jetpack_memberships_contains_paid_content":false,"footnotes":"","jetpack_publicize_message":"","jetpack_publicize_feature_enabled":true,"jetpack_social_post_already_shared":true,"jetpack_social_options":{"image_generator_settings":{"template":"highway","default_image_id":0,"font":"","enabled":false},"version":2}},"categories":[592,1],"tags":[],"class_list":["post-51020","post","type-post","status-publish","format-standard","has-post-thumbnail","hentry","category-colunistas","category-raiz"],"jetpack_publicize_connections":[],"jetpack_featured_media_url":"https:\/\/blogdafeira.com.br\/home\/wp-content\/uploads\/2022\/02\/carnaval-baiano.jpg","jetpack_shortlink":"https:\/\/wp.me\/p3niVf-dgU","jetpack_sharing_enabled":true,"jetpack-related-posts":[{"id":61129,"url":"https:\/\/blogdafeira.com.br\/home\/2024\/02\/12\/a-guerra-do-fim-do-mundo-no-carnaval\/","url_meta":{"origin":51020,"position":0},"title":"\u201cA Guerra do Fim do Mundo\u201d no Carnaval","author":"Andr\u00e9 Pomponet","date":"12\/02\/2024","format":false,"excerpt":"Durante muito tempo planejei ler \u201cA Guerra do Fim do Mundo\u201d, de Mario Vargas Llosa. Lia coment\u00e1rios sobre a obra, ouvia elogios e prometia procur\u00e1-la na pr\u00f3xima visita a uma livraria qualquer. Mas, quando entro em livrarias e sebos, uma esp\u00e9cie de transe me domina e n\u00e3o consigo pensar num\u2026","rel":"","context":"Em &quot;Colunistas&quot;","block_context":{"text":"Colunistas","link":"https:\/\/blogdafeira.com.br\/home\/categoria\/colunistas\/"},"img":{"alt_text":"","src":"https:\/\/i0.wp.com\/blogdafeira.com.br\/home\/wp-content\/uploads\/2024\/02\/Screenshot_20240212-214454.png?resize=350%2C200&ssl=1","width":350,"height":200,"srcset":"https:\/\/i0.wp.com\/blogdafeira.com.br\/home\/wp-content\/uploads\/2024\/02\/Screenshot_20240212-214454.png?resize=350%2C200&ssl=1 1x, https:\/\/i0.wp.com\/blogdafeira.com.br\/home\/wp-content\/uploads\/2024\/02\/Screenshot_20240212-214454.png?resize=525%2C300&ssl=1 1.5x, https:\/\/i0.wp.com\/blogdafeira.com.br\/home\/wp-content\/uploads\/2024\/02\/Screenshot_20240212-214454.png?resize=700%2C400&ssl=1 2x"},"classes":[]},{"id":36932,"url":"https:\/\/blogdafeira.com.br\/home\/2020\/04\/07\/o-fim-de-uma-era\/","url_meta":{"origin":51020,"position":1},"title":"O fim de uma era","author":"Blog da Feira","date":"07\/04\/2020","format":false,"excerpt":"Como posso convencer a minha mulher de que, enquanto olho pela janela, estou a trabalhar? \u2014 perguntava-se Joseph Conrad no in\u00edcio do s\u00e9culo passado. Eu, em vez disso, pergunto-me: como posso explicar \u00e0 minha filha que, quando olho pela janela, vejo o fim de uma era? A era em que\u2026","rel":"","context":"Em &quot;Home&quot;","block_context":{"text":"Home","link":"https:\/\/blogdafeira.com.br\/home\/categoria\/raiz\/"},"img":{"alt_text":"","src":"https:\/\/i0.wp.com\/blogdafeira.com.br\/home\/wp-content\/uploads\/2020\/04\/woman-standing-on-escalator-3943879-scaled.jpg?resize=350%2C200&ssl=1","width":350,"height":200,"srcset":"https:\/\/i0.wp.com\/blogdafeira.com.br\/home\/wp-content\/uploads\/2020\/04\/woman-standing-on-escalator-3943879-scaled.jpg?resize=350%2C200&ssl=1 1x, https:\/\/i0.wp.com\/blogdafeira.com.br\/home\/wp-content\/uploads\/2020\/04\/woman-standing-on-escalator-3943879-scaled.jpg?resize=525%2C300&ssl=1 1.5x, https:\/\/i0.wp.com\/blogdafeira.com.br\/home\/wp-content\/uploads\/2020\/04\/woman-standing-on-escalator-3943879-scaled.jpg?resize=700%2C400&ssl=1 2x, https:\/\/i0.wp.com\/blogdafeira.com.br\/home\/wp-content\/uploads\/2020\/04\/woman-standing-on-escalator-3943879-scaled.jpg?resize=1050%2C600&ssl=1 3x, https:\/\/i0.wp.com\/blogdafeira.com.br\/home\/wp-content\/uploads\/2020\/04\/woman-standing-on-escalator-3943879-scaled.jpg?resize=1400%2C800&ssl=1 4x"},"classes":[]},{"id":46240,"url":"https:\/\/blogdafeira.com.br\/home\/2021\/07\/05\/dialogo-sobre-politica-na-sales-barbosa\/","url_meta":{"origin":51020,"position":2},"title":"Di\u00e1logo sobre pol\u00edtica na Sales Barbosa","author":"Andr\u00e9 Pomponet","date":"05\/07\/2021","format":false,"excerpt":"\u2013 E o presidente, hein? O outro at\u00e9 tentou escapar. Mas o interlocutor alcan\u00e7ou-o com pernadas vigorosas. Praticamente deslizara sobre os bloquetes do piso intertravado da Sales Barbosa. Ent\u00e3o ele espichou o olhar, aflito, \u00e0 espera de uma hecatombe qualquer que interrompesse aquele papo, sob o chuvisco mi\u00fado, o c\u00e9u\u2026","rel":"","context":"Em &quot;Colunistas&quot;","block_context":{"text":"Colunistas","link":"https:\/\/blogdafeira.com.br\/home\/categoria\/colunistas\/"},"img":{"alt_text":"","src":"https:\/\/i0.wp.com\/blogdafeira.com.br\/home\/wp-content\/uploads\/2021\/07\/IMG_20201013_134846_102-scaled-1.jpg?resize=350%2C200&ssl=1","width":350,"height":200,"srcset":"https:\/\/i0.wp.com\/blogdafeira.com.br\/home\/wp-content\/uploads\/2021\/07\/IMG_20201013_134846_102-scaled-1.jpg?resize=350%2C200&ssl=1 1x, https:\/\/i0.wp.com\/blogdafeira.com.br\/home\/wp-content\/uploads\/2021\/07\/IMG_20201013_134846_102-scaled-1.jpg?resize=525%2C300&ssl=1 1.5x, https:\/\/i0.wp.com\/blogdafeira.com.br\/home\/wp-content\/uploads\/2021\/07\/IMG_20201013_134846_102-scaled-1.jpg?resize=700%2C400&ssl=1 2x, https:\/\/i0.wp.com\/blogdafeira.com.br\/home\/wp-content\/uploads\/2021\/07\/IMG_20201013_134846_102-scaled-1.jpg?resize=1050%2C600&ssl=1 3x, https:\/\/i0.wp.com\/blogdafeira.com.br\/home\/wp-content\/uploads\/2021\/07\/IMG_20201013_134846_102-scaled-1.jpg?resize=1400%2C800&ssl=1 4x"},"classes":[]},{"id":50928,"url":"https:\/\/blogdafeira.com.br\/home\/2022\/02\/24\/a-cronica-do-excesso-de-assunto\/","url_meta":{"origin":51020,"position":3},"title":"A cr\u00f4nica do excesso de assunto","author":"Andr\u00e9 Pomponet","date":"24\/02\/2022","format":false,"excerpt":"\u00c9 recorrente no jornalismo a cr\u00f4nica sobre a falta de assunto. Muita gente j\u00e1 escreveu sobre o tema, explorando crises passageiras de criatividade. Rubem Braga, por exemplo, notabilizou a falta de assunto num dos seus textos imortais. Outros tantos tentaram, com variados graus de sucesso. Por outro lado, n\u00e3o sei\u2026","rel":"","context":"Em &quot;Colunistas&quot;","block_context":{"text":"Colunistas","link":"https:\/\/blogdafeira.com.br\/home\/categoria\/colunistas\/"},"img":{"alt_text":"","src":"https:\/\/i0.wp.com\/blogdafeira.com.br\/home\/wp-content\/uploads\/2022\/02\/images-2.jpeg?resize=350%2C200&ssl=1","width":350,"height":200,"srcset":"https:\/\/i0.wp.com\/blogdafeira.com.br\/home\/wp-content\/uploads\/2022\/02\/images-2.jpeg?resize=350%2C200&ssl=1 1x, https:\/\/i0.wp.com\/blogdafeira.com.br\/home\/wp-content\/uploads\/2022\/02\/images-2.jpeg?resize=525%2C300&ssl=1 1.5x"},"classes":[]},{"id":62117,"url":"https:\/\/blogdafeira.com.br\/home\/2024\/05\/13\/dom-zanoni-reage-as-investidas-do-vidente-pedro-regis-contra-o-papa-francisco\/","url_meta":{"origin":51020,"position":4},"title":"Dom Zanoni reage \u00e0s investidas do vidente Pedro Regis contra o Papa Francisco","author":"Blog da Feira","date":"13\/05\/2024","format":false,"excerpt":"O arcebispo de Feira de Santana, Dom Zanoni Demettino,\u00a0 reagiu \u00e0s cr\u00edticas do vidente Pedro Regis ao Papa Francisco e \u00e0s orienta\u00e7\u00f5es da Igreja Cat\u00f3lica sobre a catequese crist\u00e3. O arcebispo emitiu nesta segunda-feira ,13, uma longa \u00a0carta pastoral advertindo os cat\u00f3licos sobre \"as presum\u00edveis apari\u00e7\u00f5es de Nossa Senhora em\u2026","rel":"","context":"Em &quot;Geral&quot;","block_context":{"text":"Geral","link":"https:\/\/blogdafeira.com.br\/home\/categoria\/geral\/"},"img":{"alt_text":"","src":"https:\/\/i0.wp.com\/blogdafeira.com.br\/home\/wp-content\/uploads\/2024\/05\/Polish_20240513_170737991-1-scaled.jpg?resize=350%2C200&ssl=1","width":350,"height":200,"srcset":"https:\/\/i0.wp.com\/blogdafeira.com.br\/home\/wp-content\/uploads\/2024\/05\/Polish_20240513_170737991-1-scaled.jpg?resize=350%2C200&ssl=1 1x, https:\/\/i0.wp.com\/blogdafeira.com.br\/home\/wp-content\/uploads\/2024\/05\/Polish_20240513_170737991-1-scaled.jpg?resize=525%2C300&ssl=1 1.5x, https:\/\/i0.wp.com\/blogdafeira.com.br\/home\/wp-content\/uploads\/2024\/05\/Polish_20240513_170737991-1-scaled.jpg?resize=700%2C400&ssl=1 2x, https:\/\/i0.wp.com\/blogdafeira.com.br\/home\/wp-content\/uploads\/2024\/05\/Polish_20240513_170737991-1-scaled.jpg?resize=1050%2C600&ssl=1 3x, https:\/\/i0.wp.com\/blogdafeira.com.br\/home\/wp-content\/uploads\/2024\/05\/Polish_20240513_170737991-1-scaled.jpg?resize=1400%2C800&ssl=1 4x"},"classes":[]},{"id":9828,"url":"https:\/\/blogdafeira.com.br\/home\/2014\/03\/24\/policiais-precisam-se-escandalizar-com-a-violencia-policial\/","url_meta":{"origin":51020,"position":5},"title":"Policiais precisam se escandalizar com a viol\u00eancia\u2026 policial","author":"Blog da Feira","date":"24\/03\/2014","format":false,"excerpt":"Uma cr\u00edtica significativa que deve ser feita a parte da milit\u00e2ncia de Direitos Humanos no Brasil que se interessa pelos problemas da atua\u00e7\u00e3o policial \u00e9 o distanciamento quase ass\u00e9ptico que costumam manter dos policiais e das peculiaridades dessa atividade. N\u00e3o que esses militantes estejam enganados no que diz respeito \u00e0\u2026","rel":"","context":"Em &quot;Home&quot;","block_context":{"text":"Home","link":"https:\/\/blogdafeira.com.br\/home\/categoria\/raiz\/"},"img":{"alt_text":"","src":"","width":0,"height":0},"classes":[]}],"_links":{"self":[{"href":"https:\/\/blogdafeira.com.br\/home\/wp-json\/wp\/v2\/posts\/51020","targetHints":{"allow":["GET"]}}],"collection":[{"href":"https:\/\/blogdafeira.com.br\/home\/wp-json\/wp\/v2\/posts"}],"about":[{"href":"https:\/\/blogdafeira.com.br\/home\/wp-json\/wp\/v2\/types\/post"}],"author":[{"embeddable":true,"href":"https:\/\/blogdafeira.com.br\/home\/wp-json\/wp\/v2\/users\/13"}],"replies":[{"embeddable":true,"href":"https:\/\/blogdafeira.com.br\/home\/wp-json\/wp\/v2\/comments?post=51020"}],"version-history":[{"count":1,"href":"https:\/\/blogdafeira.com.br\/home\/wp-json\/wp\/v2\/posts\/51020\/revisions"}],"predecessor-version":[{"id":51021,"href":"https:\/\/blogdafeira.com.br\/home\/wp-json\/wp\/v2\/posts\/51020\/revisions\/51021"}],"wp:featuredmedia":[{"embeddable":true,"href":"https:\/\/blogdafeira.com.br\/home\/wp-json\/wp\/v2\/media\/51022"}],"wp:attachment":[{"href":"https:\/\/blogdafeira.com.br\/home\/wp-json\/wp\/v2\/media?parent=51020"}],"wp:term":[{"taxonomy":"category","embeddable":true,"href":"https:\/\/blogdafeira.com.br\/home\/wp-json\/wp\/v2\/categories?post=51020"},{"taxonomy":"post_tag","embeddable":true,"href":"https:\/\/blogdafeira.com.br\/home\/wp-json\/wp\/v2\/tags?post=51020"}],"curies":[{"name":"wp","href":"https:\/\/api.w.org\/{rel}","templated":true}]}}