{"id":51045,"date":"2022-03-02T08:08:53","date_gmt":"2022-03-02T11:08:53","guid":{"rendered":"https:\/\/blogdafeira.com.br\/home\/?p=51045"},"modified":"2022-03-07T22:39:16","modified_gmt":"2022-03-08T01:39:16","slug":"governo-da-bahia-implanta-tecnologia-em-areas-de-fundo-de-pasto-de-11-municipios","status":"publish","type":"post","link":"https:\/\/blogdafeira.com.br\/home\/2022\/03\/02\/governo-da-bahia-implanta-tecnologia-em-areas-de-fundo-de-pasto-de-11-municipios\/","title":{"rendered":"Governo da Bahia implanta tecnologia em \u00e1reas de fundo de pasto de 11 munic\u00edpios"},"content":{"rendered":"<div>\n<div id=\"blogd-3650084166\" class=\"blogd-fim-do-post-mobile blogd-entity-placement\" style=\"margin-left: auto;margin-right: auto;text-align: center;\"><a href=\"https:\/\/www.sefaz.feiradesantana.ba.gov.br\/\" target=\"_blank\" aria-label=\"728&#215;90 (6)\"><img loading=\"lazy\" decoding=\"async\" src=\"https:\/\/blogdafeira.com.br\/home\/wp-content\/uploads\/2026\/03\/728x90-6.gif\" alt=\"\"  class=\"no-lazyload\" width=\"728\" height=\"90\"  style=\"display: inline-block;\" \/><\/a><\/div><p>Para assegurar que agricultores e agricultoras familiares que vivem em \u00e1reas tradicionais de fundo de pasto, no Semi\u00e1rido da Bahia, tenham sustentabilidade nas atividades produtivas, acesso \u00e0 alimenta\u00e7\u00e3o e \u00e0 renda, preservando o bioma Caatinga, o Governo do Estado, por meio do projeto Pr\u00f3-Semi\u00e1rido, est\u00e1 implantando mais de 700 tecnologias sociais de capta\u00e7\u00e3o e reuso de \u00e1gua, e instalando equipamentos que produzem energia limpa e eficiente.<\/p><div id=\"blogd-2918647431\" class=\"blogd-conteudo-2-mobile blogd-entity-placement\"><a href=\"https:\/\/feirenses.com.br\/\" target=\"_blank\" aria-label=\"feirenses\"><img loading=\"lazy\" decoding=\"async\" src=\"https:\/\/blogdafeira.com.br\/home\/wp-content\/uploads\/2026\/04\/feirenses.png\" alt=\"\"  srcset=\"https:\/\/blogdafeira.com.br\/home\/wp-content\/uploads\/2026\/04\/feirenses.png 300w, https:\/\/blogdafeira.com.br\/home\/wp-content\/uploads\/2026\/04\/feirenses-170x45.png 170w, https:\/\/blogdafeira.com.br\/home\/wp-content\/uploads\/2026\/04\/feirenses-280x74.png 280w\" sizes=\"(max-width: 300px) 100vw, 300px\" class=\"no-lazyload\" width=\"300\" height=\"79\"  style=\"display: inline-block;\" \/><\/a><\/div>\n<p>As a\u00e7\u00f5es ambientais est\u00e3o acontecendo em comunidades rurais de 11 munic\u00edpios dos territ\u00f3rios de identidade Piemonte da Diamantina, Piemonte Norte do Itapicuru e Sert\u00e3o do S\u00e3o Francisco, onde atuam diversas entidades que prestam assessoria t\u00e9cnica continuada (ATC), parceiras do Pr\u00f3-Semi\u00e1rido, projeto executado pela Companhia de Desenvolvimento e A\u00e7\u00e3o Regional (CAR), empresa p\u00fablica vinculada \u00e0 Secretaria de Desenvolvimento Rural (SDR), co-financiado pelo Fundo Internacional de Desenvolvimento Agr\u00edcola (Fida).<\/p>\n<p>S\u00e3o mais de R$ 3 milh\u00f5es investidos, de forma descentralizada, para atender \u00e0 demanda das fam\u00edlias por \u00e1gua, para o consumo e a produ\u00e7\u00e3o de alimentos e tecnologias que reduzam o uso de lenha da Caatinga, a exemplo dos fog\u00f5es ecoeficientes. Essas comunidades contam ainda com o acompanhamento sistem\u00e1tico de t\u00e9cnicos e t\u00e9cnicas extensionistas, que d\u00e3o suporte \u00e0s a\u00e7\u00f5es e realizam momentos de reflex\u00e3o e sensibiliza\u00e7\u00e3o para o cuidado com a natureza.<\/p>\n<p>\u201cNessas mobiliza\u00e7\u00f5es s\u00e3o abordadas a import\u00e2ncia das a\u00e7\u00f5es ambientais do projeto, fun\u00e7\u00e3o e perfil de cada uma das tecnologias sociais e, a partir disso, s\u00e3o realizadas readequa\u00e7\u00f5es no quantitativo das tecnologias sociais. Em torno dessas readequa\u00e7\u00f5es, as fam\u00edlias podem se organizar de acordo com o interesse e perfil para realizarem a gest\u00e3o de cada uma das tecnologias de forma sustent\u00e1vel\u201d, explica Bruna Ribeiro, engenheira agr\u00f4noma que faz o acompanhamento das a\u00e7\u00f5es ambientais do projeto.<\/p>\n<p>Para o presidente da Associa\u00e7\u00e3o da Comunidade Lagoa do Barro, no munic\u00edpio de Campo Alegre de Lourdes, Leandro Lacerda, a a\u00e7\u00e3o \u00e9 importante porque estimula as pessoas da comunidade a proteger e preservar mais o meio ambiente. \u201cA expectativa com a chegada das tecnologias sociais \u00e9 muito boa, porque vai incentivar mais as pessoas que est\u00e3o envolvidas e \u00e0quelas que est\u00e3o afastadas\u201d.<\/p>\n<p>A constru\u00e7\u00e3o de tecnologias aliada \u00e0 a\u00e7\u00e3o de recaatingamento, que consiste no isolamento de \u00e1reas da Caatinga e plantio de mudas de \u00e1rvores nativas, com o intuito de preservar o bioma, v\u00e3o ajudar a recuperar cerca de 1.000 hectares de vegeta\u00e7\u00e3o. Para al\u00e9m disso, o projeto est\u00e1 lan\u00e7ando uma campanha denominada Defensores da Caatinga, que visa estimular a consci\u00eancia ambiental e a preserva\u00e7\u00e3o do bioma.<\/p>\n<p><b>Tecnologias\u00a0 &#8211; <\/b>Gest\u00e3o da \u00c1gua &#8211; Implementa\u00e7\u00e3o de tecnologias de tratamento de \u00e1gua e saneamento rural, que possibilitam a economia de \u00e1gua para fins agr\u00edcolas e outros usos menos nobres, como o reuso de \u00e1guas cinzas (\u00e1gua proveniente do banho, lavagem de roupas e pratos), Bio\u00e1gua e o sistema de reuso total, que incluem os efluentes do esgoto dom\u00e9stico \u2013 UASB.<\/p>\n<p>Al\u00e9m destas, est\u00e3o sendo implantadas as cisternas de consumo humano (16m\u00b3) e as cisternas de produ\u00e7\u00e3o (52m\u00b3), a fim de potencializar o armazenamento de \u00e1gua da chuva para fins de consumo e de produ\u00e7\u00e3o agropecu\u00e1ria.<\/p>\n<p>Energia &#8211; Constru\u00e7\u00e3o de ecofog\u00f5es ou fog\u00e3o ecol\u00f3gico, que tem como principal objetivo o uso sustent\u00e1vel da madeira (lenha) retirada da Caatinga e o Biodigestor, uma tecnologia sustent\u00e1vel que decomp\u00f5e mat\u00e9ria org\u00e2nica, como esterco de animais, gerando biog\u00e1s que \u00e9 utilizado para substituir o g\u00e1s de cozinha tradicional.<\/p>\n<p>Biomassa &#8211; Constru\u00e7\u00e3o de viveiros coletivos para a produ\u00e7\u00e3o de mudas de esp\u00e9cies end\u00eamicas da Caatinga, a fim de recaatingar \u00e1reas isoladas e de Fundo de Pasto.<\/p>\n<\/div>\n<div id=\"blogd-2755199114\" class=\"blogd-final-post blogd-entity-placement\"><a href=\"https:\/\/www.feiradesantana.ba.leg.br\/\" target=\"_blank\" aria-label=\"BANNER-SITE-ENTREGADECHEQUE-CAMARADEFEIRA\"><img loading=\"lazy\" decoding=\"async\" src=\"https:\/\/blogdafeira.com.br\/home\/wp-content\/uploads\/2026\/03\/BANNER-SITE-ENTREGADECHEQUE-CAMARADEFEIRA.gif\" alt=\"\"  class=\"no-lazyload\" width=\"728\" height=\"90\"   \/><\/a><\/div><p><b><br \/>\nAssessoria de Comunica\u00e7\u00e3o SDR\/CAR\u00a0<\/b><\/p>\n","protected":false},"excerpt":{"rendered":"<p>Para assegurar que agricultores e agricultoras familiares que vivem em \u00e1reas tradicionais de fundo de pasto, no Semi\u00e1rido da Bahia, tenham sustentabilidade nas atividades produtivas, acesso \u00e0 alimenta\u00e7\u00e3o e \u00e0 renda, preservando o bioma Caatinga, o Governo do Estado, por meio do projeto Pr\u00f3-Semi\u00e1rido, est\u00e1 implantando mais de 700 tecnologias sociais de capta\u00e7\u00e3o e reuso<\/p>\n","protected":false},"author":1,"featured_media":51046,"comment_status":"open","ping_status":"open","sticky":false,"template":"","format":"standard","meta":{"jetpack_post_was_ever_published":false,"cybocfi_hide_featured_image":"","_jetpack_newsletter_access":"","_jetpack_dont_email_post_to_subs":false,"_jetpack_newsletter_tier_id":0,"_jetpack_memberships_contains_paywalled_content":false,"_jetpack_memberships_contains_paid_content":false,"footnotes":"","jetpack_publicize_message":"","jetpack_publicize_feature_enabled":true,"jetpack_social_post_already_shared":true,"jetpack_social_options":{"image_generator_settings":{"template":"highway","default_image_id":0,"font":"","enabled":false},"version":2}},"categories":[748,1],"tags":[],"class_list":["post-51045","post","type-post","status-publish","format-standard","has-post-thumbnail","hentry","category-distritos","category-raiz"],"jetpack_publicize_connections":[],"jetpack_featured_media_url":"https:\/\/blogdafeira.com.br\/home\/wp-content\/uploads\/2022\/03\/WhatsApp-Image-2022-03-01-at-11.45.14-2.jpeg","jetpack_shortlink":"https:\/\/wp.me\/p3niVf-dhj","jetpack_sharing_enabled":true,"jetpack-related-posts":[{"id":66954,"url":"https:\/\/blogdafeira.com.br\/home\/2025\/04\/28\/dia-da-caatinga-recaatingamento-na-bahia-ja-recuperou-1000-hectares-desse-bioma-exclusivamente-brasileiro\/","url_meta":{"origin":51045,"position":0},"title":"Dia da Caatinga: recaatingamento na Bahia j\u00e1 recuperou 1000 hectares desse bioma","author":"Secom\/BAHIA","date":"28\/04\/2025","format":false,"excerpt":"Celebrado nesta segunda-feira, 28 de abril, o Dia Nacional da Caatinga chama a aten\u00e7\u00e3o para a import\u00e2ncia de um dos biomas mais ricos e exclusivos do Brasil. Na Bahia, onde a Caatinga ocupa cerca de 54% do territ\u00f3rio e est\u00e1 presente em 225 dos 417 munic\u00edpios, o Governo do Estado\u2026","rel":"","context":"Em &quot;Geral&quot;","block_context":{"text":"Geral","link":"https:\/\/blogdafeira.com.br\/home\/categoria\/geral\/"},"img":{"alt_text":"","src":"https:\/\/i0.wp.com\/blogdafeira.com.br\/home\/wp-content\/uploads\/2025\/04\/Pro-semiarido_Buriti_by_Fabio_Barong-4-2-scaled.jpg?resize=350%2C200&ssl=1","width":350,"height":200,"srcset":"https:\/\/i0.wp.com\/blogdafeira.com.br\/home\/wp-content\/uploads\/2025\/04\/Pro-semiarido_Buriti_by_Fabio_Barong-4-2-scaled.jpg?resize=350%2C200&ssl=1 1x, https:\/\/i0.wp.com\/blogdafeira.com.br\/home\/wp-content\/uploads\/2025\/04\/Pro-semiarido_Buriti_by_Fabio_Barong-4-2-scaled.jpg?resize=525%2C300&ssl=1 1.5x, https:\/\/i0.wp.com\/blogdafeira.com.br\/home\/wp-content\/uploads\/2025\/04\/Pro-semiarido_Buriti_by_Fabio_Barong-4-2-scaled.jpg?resize=700%2C400&ssl=1 2x, https:\/\/i0.wp.com\/blogdafeira.com.br\/home\/wp-content\/uploads\/2025\/04\/Pro-semiarido_Buriti_by_Fabio_Barong-4-2-scaled.jpg?resize=1050%2C600&ssl=1 3x, https:\/\/i0.wp.com\/blogdafeira.com.br\/home\/wp-content\/uploads\/2025\/04\/Pro-semiarido_Buriti_by_Fabio_Barong-4-2-scaled.jpg?resize=1400%2C800&ssl=1 4x"},"classes":[]},{"id":27770,"url":"https:\/\/blogdafeira.com.br\/home\/2017\/08\/11\/jovens-de-comunidades-rurais-da-bahia-levam-projeto-ao-campus-party\/","url_meta":{"origin":51045,"position":1},"title":"Jovens de comunidades rurais da Bahia levam projeto ao Campus Party","author":"Secom\/BAHIA","date":"11\/08\/2017","format":false,"excerpt":"Programadores e desenvolvedores de tecnologias, que participam da edi\u00e7\u00e3o baiana do Campus Party, ter\u00e3o mais um desafio: Aprimorar uma tecnologia criada por jovens rurais do semi\u00e1rido. O projeto possibilita a purifica\u00e7\u00e3o e reutiliza\u00e7\u00e3o de uma mesma \u00e1gua por at\u00e9 seis meses. A ideia \u00e9 que a tecnologia, desenvolvida com cano\u2026","rel":"","context":"Em &quot;Home&quot;","block_context":{"text":"Home","link":"https:\/\/blogdafeira.com.br\/home\/categoria\/raiz\/"},"img":{"alt_text":"","src":"","width":0,"height":0},"classes":[]},{"id":71730,"url":"https:\/\/blogdafeira.com.br\/home\/2026\/03\/18\/jeronimo-visita-11-municipios-ate-domingo-governador-quer-bater-a-meta-dos-417\/","url_meta":{"origin":51045,"position":2},"title":"Jer\u00f4nimo visita 11 munic\u00edpios at\u00e9 domingo; governador quer bater a meta dos 417","author":"Secom\/BAHIA","date":"18\/03\/2026","format":false,"excerpt":"O governador Jer\u00f4nimo Rodrigues inicia, nesta quinta-feira (19), mais uma s\u00e9rie de agendas oficiais pelo interior da Bahia, percorrendo 11 munic\u00edpios, at\u00e9 o domingo (22). Os compromissos incluem an\u00fancios, autoriza\u00e7\u00f5es e inaugura\u00e7\u00f5es de obras e investimentos nas \u00e1reas de infraestrutura, sa\u00fade e educa\u00e7\u00e3o. A agenda come\u00e7a pelo Extremo Sul, com\u2026","rel":"","context":"Em &quot;Destaques&quot;","block_context":{"text":"Destaques","link":"https:\/\/blogdafeira.com.br\/home\/categoria\/destaques\/"},"img":{"alt_text":"","src":"https:\/\/i0.wp.com\/blogdafeira.com.br\/home\/wp-content\/uploads\/2026\/03\/Foto-Amanda-ErciliaGOVBA2.jpg?resize=350%2C200&ssl=1","width":350,"height":200,"srcset":"https:\/\/i0.wp.com\/blogdafeira.com.br\/home\/wp-content\/uploads\/2026\/03\/Foto-Amanda-ErciliaGOVBA2.jpg?resize=350%2C200&ssl=1 1x, https:\/\/i0.wp.com\/blogdafeira.com.br\/home\/wp-content\/uploads\/2026\/03\/Foto-Amanda-ErciliaGOVBA2.jpg?resize=525%2C300&ssl=1 1.5x, https:\/\/i0.wp.com\/blogdafeira.com.br\/home\/wp-content\/uploads\/2026\/03\/Foto-Amanda-ErciliaGOVBA2.jpg?resize=700%2C400&ssl=1 2x, https:\/\/i0.wp.com\/blogdafeira.com.br\/home\/wp-content\/uploads\/2026\/03\/Foto-Amanda-ErciliaGOVBA2.jpg?resize=1050%2C600&ssl=1 3x, https:\/\/i0.wp.com\/blogdafeira.com.br\/home\/wp-content\/uploads\/2026\/03\/Foto-Amanda-ErciliaGOVBA2.jpg?resize=1400%2C800&ssl=1 4x"},"classes":[]},{"id":39240,"url":"https:\/\/blogdafeira.com.br\/home\/2020\/07\/27\/novo-programa-da-tve-tem-foco-na-agricultura-familiar-da-bahia\/","url_meta":{"origin":51045,"position":3},"title":"Novo programa da TVE tem foco na agricultura familiar da Bahia","author":"Secom\/BAHIA","date":"27\/07\/2020","format":false,"excerpt":"Semanalmente a produ\u00e7\u00e3o da agricultura familiar, cultivos, tecnologias, estrat\u00e9gias de conviv\u00eancia com semi\u00e1rido, iniciativas da agroecologia, a cultura popular e receitas culin\u00e1rias. Este \u00e9 o programa \u201cRural Produtivo\u201d que estreia na TVE no pr\u00f3ximo s\u00e1bado (1\u00ba), \u00e0s 14h, com reapresenta\u00e7\u00f5es segunda (6h30) e quinta (20h). Segundo dados do Censo Agropecu\u00e1rio\u2026","rel":"","context":"Em &quot;Bahia&quot;","block_context":{"text":"Bahia","link":"https:\/\/blogdafeira.com.br\/home\/categoria\/bahia\/"},"img":{"alt_text":"","src":"https:\/\/i0.wp.com\/blogdafeira.com.br\/home\/wp-content\/uploads\/2020\/07\/tve-bahia.jpg?resize=350%2C200&ssl=1","width":350,"height":200},"classes":[]},{"id":32531,"url":"https:\/\/blogdafeira.com.br\/home\/2019\/08\/28\/em-stand-na-expofeira-a-uefs-vai-mostrar-tecnologias-aplicadas-ao-semiarido\/","url_meta":{"origin":51045,"position":4},"title":"Em stand na ExpoFeira a UEFS vai mostrar tecnologias aplicadas ao semi\u00e1rido","author":"Secom\/BAHIA","date":"28\/08\/2019","format":false,"excerpt":"A Universidade Estadual de Feira de Santana (UEFS) estar\u00e1 presente na 44\u00aa Exposi\u00e7\u00e3o Agropecu\u00e1ria de Feira de Santana (Expofeira 2019), que acontece entre 1 e 8 de setembro. Ser\u00e1 montado no Parque de Exposi\u00e7\u00e3o Jo\u00e3o Martins da Silva o Espa\u00e7o Agro Saber, com o objetivo de divulgar os cursos ministrados\u2026","rel":"","context":"Em &quot;Home&quot;","block_context":{"text":"Home","link":"https:\/\/blogdafeira.com.br\/home\/categoria\/raiz\/"},"img":{"alt_text":"","src":"https:\/\/i0.wp.com\/blogdafeira.com.br\/home\/wp-content\/uploads\/2019\/08\/2782019174632-346x216.jpg?resize=350%2C200","width":350,"height":200},"classes":[]},{"id":41554,"url":"https:\/\/blogdafeira.com.br\/home\/2020\/11\/05\/grupo-de-estudos-da-ufba-oferta-cursos-on-line-de-producao-animal\/","url_meta":{"origin":51045,"position":5},"title":"Grupo de estudos da UFBA oferta cursos on-line  de produ\u00e7\u00e3o animal","author":"Secom\/BAHIA","date":"05\/11\/2020","format":false,"excerpt":"Agricultores e agricultoras familiares, pesquisadores, estudantes, professores, extensionistas e interessados, em geral, contam agora com os cursos ofertados pelo Zootecnia Online \u2013 Falando de Produ\u00e7\u00e3o Animal, um projeto de extens\u00e3o do Grupo de Estudos em Forragicultura e Ruminantes da Universidade Federal da Bahia (Gefor-UFBA), para criar um espa\u00e7o de debate\u2026","rel":"","context":"Em &quot;Bahia&quot;","block_context":{"text":"Bahia","link":"https:\/\/blogdafeira.com.br\/home\/categoria\/bahia\/"},"img":{"alt_text":"","src":"https:\/\/i0.wp.com\/blogdafeira.com.br\/home\/wp-content\/uploads\/2020\/11\/WhatsApp-Image-2020-11-04-at-15.25.29.jpeg?resize=350%2C200&ssl=1","width":350,"height":200,"srcset":"https:\/\/i0.wp.com\/blogdafeira.com.br\/home\/wp-content\/uploads\/2020\/11\/WhatsApp-Image-2020-11-04-at-15.25.29.jpeg?resize=350%2C200&ssl=1 1x, https:\/\/i0.wp.com\/blogdafeira.com.br\/home\/wp-content\/uploads\/2020\/11\/WhatsApp-Image-2020-11-04-at-15.25.29.jpeg?resize=525%2C300&ssl=1 1.5x, https:\/\/i0.wp.com\/blogdafeira.com.br\/home\/wp-content\/uploads\/2020\/11\/WhatsApp-Image-2020-11-04-at-15.25.29.jpeg?resize=700%2C400&ssl=1 2x, https:\/\/i0.wp.com\/blogdafeira.com.br\/home\/wp-content\/uploads\/2020\/11\/WhatsApp-Image-2020-11-04-at-15.25.29.jpeg?resize=1050%2C600&ssl=1 3x"},"classes":[]}],"_links":{"self":[{"href":"https:\/\/blogdafeira.com.br\/home\/wp-json\/wp\/v2\/posts\/51045","targetHints":{"allow":["GET"]}}],"collection":[{"href":"https:\/\/blogdafeira.com.br\/home\/wp-json\/wp\/v2\/posts"}],"about":[{"href":"https:\/\/blogdafeira.com.br\/home\/wp-json\/wp\/v2\/types\/post"}],"author":[{"embeddable":true,"href":"https:\/\/blogdafeira.com.br\/home\/wp-json\/wp\/v2\/users\/1"}],"replies":[{"embeddable":true,"href":"https:\/\/blogdafeira.com.br\/home\/wp-json\/wp\/v2\/comments?post=51045"}],"version-history":[{"count":1,"href":"https:\/\/blogdafeira.com.br\/home\/wp-json\/wp\/v2\/posts\/51045\/revisions"}],"predecessor-version":[{"id":51047,"href":"https:\/\/blogdafeira.com.br\/home\/wp-json\/wp\/v2\/posts\/51045\/revisions\/51047"}],"wp:featuredmedia":[{"embeddable":true,"href":"https:\/\/blogdafeira.com.br\/home\/wp-json\/wp\/v2\/media\/51046"}],"wp:attachment":[{"href":"https:\/\/blogdafeira.com.br\/home\/wp-json\/wp\/v2\/media?parent=51045"}],"wp:term":[{"taxonomy":"category","embeddable":true,"href":"https:\/\/blogdafeira.com.br\/home\/wp-json\/wp\/v2\/categories?post=51045"},{"taxonomy":"post_tag","embeddable":true,"href":"https:\/\/blogdafeira.com.br\/home\/wp-json\/wp\/v2\/tags?post=51045"}],"curies":[{"name":"wp","href":"https:\/\/api.w.org\/{rel}","templated":true}]}}