{"id":51377,"date":"2022-03-21T19:09:58","date_gmt":"2022-03-21T22:09:58","guid":{"rendered":"https:\/\/blogdafeira.com.br\/home\/?p=51377"},"modified":"2022-03-28T00:55:15","modified_gmt":"2022-03-28T03:55:15","slug":"ze-ronaldo-afirma-que-atraso-no-orcamento-prejudicou-feira","status":"publish","type":"post","link":"https:\/\/blogdafeira.com.br\/home\/2022\/03\/21\/ze-ronaldo-afirma-que-atraso-no-orcamento-prejudicou-feira\/","title":{"rendered":"Z\u00e9 Ronaldo afirma que atraso no Or\u00e7amento prejudicou Feira"},"content":{"rendered":"<div id=\"blogd-4159434246\" class=\"blogd-fim-do-post-mobile blogd-entity-placement\" style=\"margin-left: auto;margin-right: auto;text-align: center;\"><a href=\"https:\/\/www.sefaz.feiradesantana.ba.gov.br\/\" target=\"_blank\" aria-label=\"728&#215;90 (6)\"><img loading=\"lazy\" decoding=\"async\" src=\"https:\/\/blogdafeira.com.br\/home\/wp-content\/uploads\/2026\/03\/728x90-6.gif\" alt=\"\"  class=\"no-lazyload\" width=\"728\" height=\"90\"  style=\"display: inline-block;\" \/><\/a><\/div><p>Em entrevista \u00e0 rep\u00f3rter Dandara Barreto, no programa Transnot\u00edcias, o ex-prefeito de Feira, Z\u00e9 Ronaldo, disse torcer por um bom di\u00e1logo entre o Executivo e o Legislativo de Feira e confirmou que o Munic\u00edpio sofreu preju\u00edzos com a tardia vota\u00e7\u00e3o do Or\u00e7amento 2022, explicando que a <em>arruma\u00e7\u00e3o do or\u00e7amento se faz em janeiro, mas por causa disso est\u00e1\u00a0 sendo em mar\u00e7o&#8221;<\/em><\/p><div id=\"blogd-306799822\" class=\"blogd-conteudo-2-mobile blogd-entity-placement\"><a href=\"https:\/\/feirenses.com.br\/\" target=\"_blank\" aria-label=\"feirenses\"><img loading=\"lazy\" decoding=\"async\" src=\"https:\/\/blogdafeira.com.br\/home\/wp-content\/uploads\/2026\/04\/feirenses.png\" alt=\"\"  srcset=\"https:\/\/blogdafeira.com.br\/home\/wp-content\/uploads\/2026\/04\/feirenses.png 300w, https:\/\/blogdafeira.com.br\/home\/wp-content\/uploads\/2026\/04\/feirenses-170x45.png 170w, https:\/\/blogdafeira.com.br\/home\/wp-content\/uploads\/2026\/04\/feirenses-280x74.png 280w\" sizes=\"(max-width: 300px) 100vw, 300px\" class=\"no-lazyload\" width=\"300\" height=\"79\"  style=\"display: inline-block;\" \/><\/a><\/div>\n<p>Para o ex-prefeito s\u00e3o necess\u00e1rios, agora que o Or\u00e7amento foi publicado, mais 20 dias para o Governo fazer os\u00a0 ajustes em secret\u00e1rias e \u00f3rg\u00e3os.<\/p>\n<div id=\"blogd-2331178291\" class=\"blogd-final-post blogd-entity-placement\"><a href=\"https:\/\/www.feiradesantana.ba.leg.br\/\" target=\"_blank\" aria-label=\"BANNER-SITE-ENTREGADECHEQUE-CAMARADEFEIRA\"><img loading=\"lazy\" decoding=\"async\" src=\"https:\/\/blogdafeira.com.br\/home\/wp-content\/uploads\/2026\/03\/BANNER-SITE-ENTREGADECHEQUE-CAMARADEFEIRA.gif\" alt=\"\"  class=\"no-lazyload\" width=\"728\" height=\"90\"   \/><\/a><\/div><p>Z\u00e9 Ronaldo tamb\u00e9m fez, a pedido da rep\u00f3rter, uma avalia\u00e7\u00e3o do governo de Colbert, seu aliado e sucessor, e valeu-se das \u00faltimas pesquisas divulgadas em dezembro onde mostram o Governo em situa\u00e7\u00e3o confort\u00e1vel. E se afirmou como um politico que se guia por pesquisas. <em>&#8220;A minha opini\u00e3o pessoal seria suspeita pelo n\u00edvel de amizade e rela\u00e7\u00e3o que tenho com Colbert<\/em>&#8220;.<\/p>\n","protected":false},"excerpt":{"rendered":"<p>Em entrevista \u00e0 rep\u00f3rter Dandara Barreto, no programa Transnot\u00edcias, o ex-prefeito de Feira, Z\u00e9 Ronaldo, disse torcer por um bom di\u00e1logo entre o Executivo e o Legislativo de Feira e confirmou que o Munic\u00edpio sofreu preju\u00edzos com a tardia vota\u00e7\u00e3o do Or\u00e7amento 2022, explicando que a arruma\u00e7\u00e3o do or\u00e7amento se faz em janeiro, mas por<\/p>\n","protected":false},"author":1,"featured_media":51312,"comment_status":"open","ping_status":"open","sticky":false,"template":"","format":"standard","meta":{"jetpack_post_was_ever_published":false,"cybocfi_hide_featured_image":"","_jetpack_newsletter_access":"","_jetpack_dont_email_post_to_subs":false,"_jetpack_newsletter_tier_id":0,"_jetpack_memberships_contains_paywalled_content":false,"_jetpack_memberships_contains_paid_content":false,"footnotes":"","jetpack_publicize_message":"","jetpack_publicize_feature_enabled":true,"jetpack_social_post_already_shared":true,"jetpack_social_options":{"image_generator_settings":{"template":"highway","default_image_id":0,"font":"","enabled":false},"version":2}},"categories":[3,1,631],"tags":[],"class_list":["post-51377","post","type-post","status-publish","format-standard","has-post-thumbnail","hentry","category-cidade","category-raiz","category-politica"],"jetpack_publicize_connections":[],"jetpack_featured_media_url":"https:\/\/blogdafeira.com.br\/home\/wp-content\/uploads\/2022\/03\/FB_IMG_1647381121196.jpg","jetpack_shortlink":"https:\/\/wp.me\/p3niVf-dmF","jetpack_sharing_enabled":true,"jetpack-related-posts":[{"id":50408,"url":"https:\/\/blogdafeira.com.br\/home\/2022\/01\/31\/ex-prefeito-ze-ronaldo-silencia-sobre-o-impasse-do-orcamento-de-feira\/","url_meta":{"origin":51377,"position":0},"title":"Ex-prefeito Z\u00e9 Ronaldo silencia sobre o impasse do Or\u00e7amento de Feira","author":"Blog da Feira","date":"31\/01\/2022","format":false,"excerpt":"Bom dia, Ronaldo. O Blog da Feira gostaria de saber sua opini\u00e3o, seu coment\u00e1rio, sua vis\u00e3o ou algo assim, sobre o impasse no Or\u00e7amento de Feira. Amanh\u00e3 os vereadores voltam a essa pauta. O que o Sr. como ex-prefeito, experiente nessa mat\u00e9ria e l\u00edder da maioria dos vereadores tem a\u2026","rel":"","context":"Em &quot;Home&quot;","block_context":{"text":"Home","link":"https:\/\/blogdafeira.com.br\/home\/categoria\/raiz\/"},"img":{"alt_text":"","src":"https:\/\/i0.wp.com\/blogdafeira.com.br\/home\/wp-content\/uploads\/2022\/01\/ronaldo.jpg?resize=350%2C200&ssl=1","width":350,"height":200,"srcset":"https:\/\/i0.wp.com\/blogdafeira.com.br\/home\/wp-content\/uploads\/2022\/01\/ronaldo.jpg?resize=350%2C200&ssl=1 1x, https:\/\/i0.wp.com\/blogdafeira.com.br\/home\/wp-content\/uploads\/2022\/01\/ronaldo.jpg?resize=525%2C300&ssl=1 1.5x, https:\/\/i0.wp.com\/blogdafeira.com.br\/home\/wp-content\/uploads\/2022\/01\/ronaldo.jpg?resize=700%2C400&ssl=1 2x"},"classes":[]},{"id":66659,"url":"https:\/\/blogdafeira.com.br\/home\/2025\/04\/10\/dilton-coutinho-defende-eleger-bancada-de-feira-em-2026-em-coletiva-de-ze-ronaldo\/","url_meta":{"origin":51377,"position":1},"title":"Dilton Coutinho defende eleger &#8216;bancada de Feira&#8217; em 2026 em coletiva de  Z\u00e9 Ronaldo","author":"Blog da Feira","date":"10\/04\/2025","format":false,"excerpt":"Ex pr\u00e9-candidato a prefeito de Feira de Santana, pelo PP, o radialista Dilton Coutinho, pode-se dizer assim, tomou para si a cena pol\u00edtica na coletiva do Prefeito Z\u00e9 Ronaldo (Uni\u00e3o Brasil) ao fazer uma pergunta (e ao mesmo tempo afirma\u00e7\u00e3o) defendendo o apoio, em 2026, para a elei\u00e7\u00e3o de uma\u2026","rel":"","context":"Em &quot;Home&quot;","block_context":{"text":"Home","link":"https:\/\/blogdafeira.com.br\/home\/categoria\/raiz\/"},"img":{"alt_text":"","src":"https:\/\/i0.wp.com\/blogdafeira.com.br\/home\/wp-content\/uploads\/2025\/04\/Screenshot_20250410-084535.png?resize=350%2C200&ssl=1","width":350,"height":200,"srcset":"https:\/\/i0.wp.com\/blogdafeira.com.br\/home\/wp-content\/uploads\/2025\/04\/Screenshot_20250410-084535.png?resize=350%2C200&ssl=1 1x, https:\/\/i0.wp.com\/blogdafeira.com.br\/home\/wp-content\/uploads\/2025\/04\/Screenshot_20250410-084535.png?resize=525%2C300&ssl=1 1.5x, https:\/\/i0.wp.com\/blogdafeira.com.br\/home\/wp-content\/uploads\/2025\/04\/Screenshot_20250410-084535.png?resize=700%2C400&ssl=1 2x, https:\/\/i0.wp.com\/blogdafeira.com.br\/home\/wp-content\/uploads\/2025\/04\/Screenshot_20250410-084535.png?resize=1050%2C600&ssl=1 3x"},"classes":[]},{"id":56248,"url":"https:\/\/blogdafeira.com.br\/home\/2023\/01\/19\/ze-ronaldo-pressiona-colbert-por-mais-empregos-no-governo-de-feira-2\/","url_meta":{"origin":51377,"position":2},"title":"Z\u00e9 Ronaldo pressiona Colbert por &#8216;mais empregos&#8217; no governo de Feira","author":"J\u00e2nio R\u00eago","date":"19\/01\/2023","format":false,"excerpt":"O exemplo mais vis\u00edvel \u00e9 a press\u00e3o dos dois ex-deputados ronaldistas Tom e Carlos Geilson que atrav\u00e9s da imprensa cobram abertamente um \u201cconvite\u201d do prefeito Colbert Martins (MDB) para que eles assumam qualquer secretaria no Governo Municipal. Se n\u00e3o fosse em Feira de Santana isso seria visto por todos como\u2026","rel":"","context":"Em &quot;Colunistas&quot;","block_context":{"text":"Colunistas","link":"https:\/\/blogdafeira.com.br\/home\/categoria\/colunistas\/"},"img":{"alt_text":"","src":"https:\/\/i0.wp.com\/blogdafeira.com.br\/home\/wp-content\/uploads\/2023\/01\/images-3.jpeg?resize=350%2C200&ssl=1","width":350,"height":200,"srcset":"https:\/\/i0.wp.com\/blogdafeira.com.br\/home\/wp-content\/uploads\/2023\/01\/images-3.jpeg?resize=350%2C200&ssl=1 1x, https:\/\/i0.wp.com\/blogdafeira.com.br\/home\/wp-content\/uploads\/2023\/01\/images-3.jpeg?resize=525%2C300&ssl=1 1.5x"},"classes":[]},{"id":55973,"url":"https:\/\/blogdafeira.com.br\/home\/2023\/01\/01\/colbert-refuta-ze-ronaldo-e-adverte-para-o-risco-de-perder-eleicao-em-2024\/","url_meta":{"origin":51377,"position":3},"title":"Colbert adverte Z\u00e9 Ronaldo para risco de perder elei\u00e7\u00e3o em 2024","author":"Blog da Feira","date":"01\/01\/2023","format":false,"excerpt":"O prefeito de Feira de Santana, Colbert Filho (MDB) reagiu com um apelo \u00e0 unidade do grupo\u00a0 \u00e0 declara\u00e7\u00e3o de Z\u00e9 Ronaldo que em entrevistas tamb\u00e9m \u00e0s r\u00e1dios tentou se descolar do governo municipal\u00a0 afirmando n\u00e3o ter influ\u00eancia e \"n\u00e3o ser consultado sobre a\u00e7\u00f5es do governo. Colbert refutou com n\u00fameros\u2026","rel":"","context":"Em &quot;Home&quot;","block_context":{"text":"Home","link":"https:\/\/blogdafeira.com.br\/home\/categoria\/raiz\/"},"img":{"alt_text":"","src":"https:\/\/i0.wp.com\/blogdafeira.com.br\/home\/wp-content\/uploads\/2022\/11\/Prefeito-Colbert-Martins-prticipa-de-evento-online-Mobile-360-latino-americano-29-11-2022-Foto-Izinaldo-Barreto-3.jpeg?resize=350%2C200&ssl=1","width":350,"height":200,"srcset":"https:\/\/i0.wp.com\/blogdafeira.com.br\/home\/wp-content\/uploads\/2022\/11\/Prefeito-Colbert-Martins-prticipa-de-evento-online-Mobile-360-latino-americano-29-11-2022-Foto-Izinaldo-Barreto-3.jpeg?resize=350%2C200&ssl=1 1x, https:\/\/i0.wp.com\/blogdafeira.com.br\/home\/wp-content\/uploads\/2022\/11\/Prefeito-Colbert-Martins-prticipa-de-evento-online-Mobile-360-latino-americano-29-11-2022-Foto-Izinaldo-Barreto-3.jpeg?resize=525%2C300&ssl=1 1.5x, https:\/\/i0.wp.com\/blogdafeira.com.br\/home\/wp-content\/uploads\/2022\/11\/Prefeito-Colbert-Martins-prticipa-de-evento-online-Mobile-360-latino-americano-29-11-2022-Foto-Izinaldo-Barreto-3.jpeg?resize=700%2C400&ssl=1 2x, https:\/\/i0.wp.com\/blogdafeira.com.br\/home\/wp-content\/uploads\/2022\/11\/Prefeito-Colbert-Martins-prticipa-de-evento-online-Mobile-360-latino-americano-29-11-2022-Foto-Izinaldo-Barreto-3.jpeg?resize=1050%2C600&ssl=1 3x"},"classes":[]},{"id":47369,"url":"https:\/\/blogdafeira.com.br\/home\/2021\/09\/11\/acm-neto-em-feira-ze-ronaldo-e-excelente-mestre-de-cerimonia\/","url_meta":{"origin":51377,"position":4},"title":"ACM Neto em Feira: Z\u00e9 Ronaldo \u00e9 excelente &#8216;mestre de cerim\u00f4nia&#8217;","author":"Blog da Feira","date":"11\/09\/2021","format":false,"excerpt":"O ex-prefeito de Salvador ACM Neto (DEM) disse neste s\u00e1bado, 11, em Feira de Santana que o ex-prefeito Z\u00e9 Ronaldo (DEM) tem se mostrado, nas viagens pelo interior da Bahia \"um excelente mestre de cerim\u00f4nia\". ACM participou de um evento promovido pelo secret\u00e1rio municipal\u00a0 e vereador licenciado Pablo Roberto, pr\u00e9\u2026","rel":"","context":"Em &quot;Home&quot;","block_context":{"text":"Home","link":"https:\/\/blogdafeira.com.br\/home\/categoria\/raiz\/"},"img":{"alt_text":"","src":"https:\/\/i0.wp.com\/blogdafeira.com.br\/home\/wp-content\/uploads\/2021\/09\/Screenshot_20210911-1952022.png?resize=350%2C200&ssl=1","width":350,"height":200,"srcset":"https:\/\/i0.wp.com\/blogdafeira.com.br\/home\/wp-content\/uploads\/2021\/09\/Screenshot_20210911-1952022.png?resize=350%2C200&ssl=1 1x, https:\/\/i0.wp.com\/blogdafeira.com.br\/home\/wp-content\/uploads\/2021\/09\/Screenshot_20210911-1952022.png?resize=525%2C300&ssl=1 1.5x"},"classes":[]},{"id":31445,"url":"https:\/\/blogdafeira.com.br\/home\/2019\/05\/22\/ronaldo-pediu-a-acm-neto-para-conter-criticas-de-targino-a-prefeitura-de-feira-de-santana-prefeito-de-salvador-lavou-as-maos\/","url_meta":{"origin":51377,"position":5},"title":"Ronaldo pediu a ACM Neto para conter cr\u00edticas de Targino \u00e0 Prefeitura de Feira de Santana; prefeito de Salvador &#8216;lavou as m\u00e3os&#8217;","author":"J\u00e2nio R\u00eago","date":"22\/05\/2019","format":false,"excerpt":"As reiteradas cr\u00edticas que o deputado Targino Machado tem feito \u00e0 administra\u00e7\u00e3o municipal de Feira de Santana est\u00e3o incomodando o ex-prefeito Jos\u00e9 Ronaldo que esta semana recorreu ao prefeito de Salvador e presidente do DEM, Acm Neto, para conter o deputado de quem \u00e9, supostamente, o principal l\u00edder pol\u00edtico. Todos\u2026","rel":"","context":"Em &quot;Home&quot;","block_context":{"text":"Home","link":"https:\/\/blogdafeira.com.br\/home\/categoria\/raiz\/"},"img":{"alt_text":"","src":"https:\/\/i0.wp.com\/blogdafeira.com.br\/home\/wp-content\/uploads\/2019\/05\/IMAGEM_NOTICIA_5.jpg?resize=350%2C200","width":350,"height":200},"classes":[]}],"_links":{"self":[{"href":"https:\/\/blogdafeira.com.br\/home\/wp-json\/wp\/v2\/posts\/51377","targetHints":{"allow":["GET"]}}],"collection":[{"href":"https:\/\/blogdafeira.com.br\/home\/wp-json\/wp\/v2\/posts"}],"about":[{"href":"https:\/\/blogdafeira.com.br\/home\/wp-json\/wp\/v2\/types\/post"}],"author":[{"embeddable":true,"href":"https:\/\/blogdafeira.com.br\/home\/wp-json\/wp\/v2\/users\/1"}],"replies":[{"embeddable":true,"href":"https:\/\/blogdafeira.com.br\/home\/wp-json\/wp\/v2\/comments?post=51377"}],"version-history":[{"count":5,"href":"https:\/\/blogdafeira.com.br\/home\/wp-json\/wp\/v2\/posts\/51377\/revisions"}],"predecessor-version":[{"id":51383,"href":"https:\/\/blogdafeira.com.br\/home\/wp-json\/wp\/v2\/posts\/51377\/revisions\/51383"}],"wp:featuredmedia":[{"embeddable":true,"href":"https:\/\/blogdafeira.com.br\/home\/wp-json\/wp\/v2\/media\/51312"}],"wp:attachment":[{"href":"https:\/\/blogdafeira.com.br\/home\/wp-json\/wp\/v2\/media?parent=51377"}],"wp:term":[{"taxonomy":"category","embeddable":true,"href":"https:\/\/blogdafeira.com.br\/home\/wp-json\/wp\/v2\/categories?post=51377"},{"taxonomy":"post_tag","embeddable":true,"href":"https:\/\/blogdafeira.com.br\/home\/wp-json\/wp\/v2\/tags?post=51377"}],"curies":[{"name":"wp","href":"https:\/\/api.w.org\/{rel}","templated":true}]}}