{"id":51528,"date":"2022-03-29T22:12:12","date_gmt":"2022-03-30T01:12:12","guid":{"rendered":"https:\/\/blogdafeira.com.br\/home\/?p=51528"},"modified":"2022-04-06T23:02:48","modified_gmt":"2022-04-07T02:02:48","slug":"moura-pinho-2-x-paulao-do-caldeirao-0","status":"publish","type":"post","link":"https:\/\/blogdafeira.com.br\/home\/2022\/03\/29\/moura-pinho-2-x-paulao-do-caldeirao-0\/","title":{"rendered":"Moura Pinho 2 x Paul\u00e3o do Caldeir\u00e3o 0"},"content":{"rendered":"<div id=\"blogd-3601943009\" class=\"blogd-final-post blogd-entity-placement\"><a href=\"https:\/\/www.feiradesantana.ba.leg.br\/\" target=\"_blank\" aria-label=\"BANNER-SITE-ENTREGADECHEQUE-CAMARADEFEIRA\"><img loading=\"lazy\" decoding=\"async\" src=\"https:\/\/blogdafeira.com.br\/home\/wp-content\/uploads\/2026\/03\/BANNER-SITE-ENTREGADECHEQUE-CAMARADEFEIRA.gif\" alt=\"\"  class=\"no-lazyload\" width=\"728\" height=\"90\"   \/><\/a><\/div><div id=\"blogd-911421411\" class=\"blogd-fim-do-post-mobile blogd-entity-placement\" style=\"margin-left: auto;margin-right: auto;text-align: center;\"><a href=\"https:\/\/www.sefaz.feiradesantana.ba.gov.br\/\" target=\"_blank\" aria-label=\"728&#215;90 (6)\"><img loading=\"lazy\" decoding=\"async\" src=\"https:\/\/blogdafeira.com.br\/home\/wp-content\/uploads\/2026\/03\/728x90-6.gif\" alt=\"\"  class=\"no-lazyload\" width=\"728\" height=\"90\"  style=\"display: inline-block;\" \/><\/a><\/div><p>Moura Pinho fez o segundo gol na rede armada pela CPI da Sa\u00fade. No primeiro nem saiu do Gabinete do Pa\u00e7o como todos sabem. Mas\u00a0 nesse de hoje o procurador do Munic\u00edpio foi <em>desmoralizar<\/em> a Comiss\u00e3o legislativa no pr\u00f3prio templo onde reina\u00a0 com sua <em>estola amarela de Abra\u00e3o<\/em> o presidente vereador e radialista\u00a0 Paul\u00e3o do Caldeir\u00e3o. Moura ficou sentado na plat\u00e9ia,\u00a0 cercado de advogados da OAB por todos os lados e com o of\u00edcio j\u00e1 pronto no bolso do palet\u00f3. O presidente Torres, inquieto no plen\u00e1rio, interferiu por <em>quest\u00e3o de ordem<\/em> para destacar Pablo Roberto que acabava de chegar. Paul\u00e3o ainda quis impedir, levou um <em>cala a boca<\/em>. T\u00e1 muito em moda agora. Esse observador n\u00e3o estava mais l\u00e1 mas relata-se que, de s\u00fabito e para surpresa de alguns, Moura levantou-se e dirigiu-se \u00e0 Presid\u00eancia, exercida naquele exato instante pelo vereador e professor Ivamber, entregou o of\u00edcio e se mandou. Gol. No of\u00edcio o advogado trata das prerrogativas da categoria defendidas pela Ordem. O mais, s\u00e3o leotrias.<\/p><div id=\"blogd-3819509710\" class=\"blogd-conteudo-2-mobile blogd-entity-placement\"><a href=\"https:\/\/feirenses.com.br\/\" target=\"_blank\" aria-label=\"feirenses\"><img loading=\"lazy\" decoding=\"async\" src=\"https:\/\/blogdafeira.com.br\/home\/wp-content\/uploads\/2026\/04\/feirenses.png\" alt=\"\"  srcset=\"https:\/\/blogdafeira.com.br\/home\/wp-content\/uploads\/2026\/04\/feirenses.png 300w, https:\/\/blogdafeira.com.br\/home\/wp-content\/uploads\/2026\/04\/feirenses-170x45.png 170w, https:\/\/blogdafeira.com.br\/home\/wp-content\/uploads\/2026\/04\/feirenses-280x74.png 280w\" sizes=\"(max-width: 300px) 100vw, 300px\" class=\"no-lazyload\" width=\"300\" height=\"79\"  style=\"display: inline-block;\" \/><\/a><\/div>\n","protected":false},"excerpt":{"rendered":"<p>Moura Pinho fez o segundo gol na rede armada pela CPI da Sa\u00fade. No primeiro nem saiu do Gabinete do Pa\u00e7o como todos sabem. Mas\u00a0 nesse de hoje o procurador do Munic\u00edpio foi desmoralizar a Comiss\u00e3o legislativa no pr\u00f3prio templo onde reina\u00a0 com sua estola amarela de Abra\u00e3o o presidente vereador e radialista\u00a0 Paul\u00e3o do<\/p>\n","protected":false},"author":8,"featured_media":51530,"comment_status":"open","ping_status":"open","sticky":false,"template":"","format":"standard","meta":{"jetpack_post_was_ever_published":false,"cybocfi_hide_featured_image":"","_jetpack_newsletter_access":"","_jetpack_dont_email_post_to_subs":false,"_jetpack_newsletter_tier_id":0,"_jetpack_memberships_contains_paywalled_content":false,"_jetpack_memberships_contains_paid_content":false,"footnotes":"","jetpack_publicize_message":"","jetpack_publicize_feature_enabled":true,"jetpack_social_post_already_shared":true,"jetpack_social_options":{"image_generator_settings":{"template":"highway","default_image_id":0,"font":"","enabled":false},"version":2}},"categories":[592,1],"tags":[],"class_list":["post-51528","post","type-post","status-publish","format-standard","has-post-thumbnail","hentry","category-colunistas","category-raiz"],"jetpack_publicize_connections":[],"jetpack_featured_media_url":"https:\/\/blogdafeira.com.br\/home\/wp-content\/uploads\/2022\/03\/Screenshot_20220329-2209082.png","jetpack_shortlink":"https:\/\/wp.me\/p3niVf-dp6","jetpack_sharing_enabled":true,"jetpack-related-posts":[{"id":52662,"url":"https:\/\/blogdafeira.com.br\/home\/2022\/05\/30\/vereadores-de-feira-decidem-nesta-terca-se-moura-pinho-continua-ou-nao-na-procuradoria-geral\/","url_meta":{"origin":51528,"position":0},"title":"Vereadores de Feira decidem nesta ter\u00e7a se Moura Pinho continua ou n\u00e3o na Procuradoria-geral","author":"Blog da Feira","date":"30\/05\/2022","format":false,"excerpt":"O presidente vereador Fernando Torres (PSD) colocou na pauta desta ter\u00e7a-feira,31,, a vota\u00e7\u00e3o da indica\u00e7\u00e3o que recebeu do prefeito Colbert Filho (MDB) para homologar o nome do advogado Moura Pinho para continuar no cargo de Procurador-geral do Munic\u00edpio. O documento encontra-se na C\u00e2mara h\u00e1 10 dias. O advogado Moura Pinho\u2026","rel":"","context":"Em &quot;Cultura&quot;","block_context":{"text":"Cultura","link":"https:\/\/blogdafeira.com.br\/home\/categoria\/cultura\/"},"img":{"alt_text":"","src":"https:\/\/i0.wp.com\/blogdafeira.com.br\/home\/wp-content\/uploads\/2022\/05\/Screenshot_20220530-2047032.png?resize=350%2C200&ssl=1","width":350,"height":200,"srcset":"https:\/\/i0.wp.com\/blogdafeira.com.br\/home\/wp-content\/uploads\/2022\/05\/Screenshot_20220530-2047032.png?resize=350%2C200&ssl=1 1x, https:\/\/i0.wp.com\/blogdafeira.com.br\/home\/wp-content\/uploads\/2022\/05\/Screenshot_20220530-2047032.png?resize=525%2C300&ssl=1 1.5x, https:\/\/i0.wp.com\/blogdafeira.com.br\/home\/wp-content\/uploads\/2022\/05\/Screenshot_20220530-2047032.png?resize=700%2C400&ssl=1 2x"},"classes":[]},{"id":52729,"url":"https:\/\/blogdafeira.com.br\/home\/2022\/06\/03\/vereadores-dizem-que-moura-pinho-deu-prejuizo-ao-erario\/","url_meta":{"origin":51528,"position":1},"title":"Vereadores dizem que Moura Pinho deu &#8220;preju\u00edzo ao er\u00e1rio&#8221;","author":"Blog da Feira","date":"03\/06\/2022","format":false,"excerpt":"Caso o plen\u00e1rio da C\u00e2mara de Vereadores de Feira acate a opini\u00e3o do relat\u00f3rio da Comiss\u00e3o de Constitui\u00e7\u00e3o e Justi\u00e7a, o procurador geral do Munic\u00edpio, Moura Pinho, n\u00e3o permanecer\u00e1 no cargo. A comiss\u00e3o chegou \u00e0 conclus\u00e3o de que o advogado n\u00e3o tem \"conduta ilibada\" e nem \"not\u00f3rio saber jur\u00eddico\", segundo\u2026","rel":"","context":"Em &quot;Home&quot;","block_context":{"text":"Home","link":"https:\/\/blogdafeira.com.br\/home\/categoria\/raiz\/"},"img":{"alt_text":"","src":"https:\/\/i0.wp.com\/blogdafeira.com.br\/home\/wp-content\/uploads\/2022\/06\/images-1.jpeg?resize=350%2C200&ssl=1","width":350,"height":200,"srcset":"https:\/\/i0.wp.com\/blogdafeira.com.br\/home\/wp-content\/uploads\/2022\/06\/images-1.jpeg?resize=350%2C200&ssl=1 1x, https:\/\/i0.wp.com\/blogdafeira.com.br\/home\/wp-content\/uploads\/2022\/06\/images-1.jpeg?resize=525%2C300&ssl=1 1.5x"},"classes":[]},{"id":46840,"url":"https:\/\/blogdafeira.com.br\/home\/2021\/08\/03\/paulao-do-caldeirao-diz-que-torres-e-o-porreta-da-feira\/","url_meta":{"origin":51528,"position":2},"title":"Paul\u00e3o do Caldeir\u00e3o diz que Torres \u00e9 &#8220;o porreta da Feira&#8221;","author":"Blog da Feira","date":"03\/08\/2021","format":false,"excerpt":"O radialista e vereador Paul\u00e3o do Caldeir\u00e3o acredita que encontrou o termo mais certo para definir seu colega e presidente da C\u00e2mara de Vereadores, Fernando Torres: \"o porreta da Feira\". Paul\u00e3o aplicou a Fernando Torres\u00a0 o termo bem conhecido ao advertir o ex-prefeito de Salvador e pr\u00e9-candidato a\u00a0 governador da\u2026","rel":"","context":"Em &quot;Cidade&quot;","block_context":{"text":"Cidade","link":"https:\/\/blogdafeira.com.br\/home\/categoria\/cidade\/"},"img":{"alt_text":"","src":"https:\/\/i0.wp.com\/blogdafeira.com.br\/home\/wp-content\/uploads\/2021\/08\/images-5.jpeg?resize=350%2C200&ssl=1","width":350,"height":200,"srcset":"https:\/\/i0.wp.com\/blogdafeira.com.br\/home\/wp-content\/uploads\/2021\/08\/images-5.jpeg?resize=350%2C200&ssl=1 1x, https:\/\/i0.wp.com\/blogdafeira.com.br\/home\/wp-content\/uploads\/2021\/08\/images-5.jpeg?resize=525%2C300&ssl=1 1.5x"},"classes":[]},{"id":51413,"url":"https:\/\/blogdafeira.com.br\/home\/2022\/03\/22\/sorvete-de-mangaba\/","url_meta":{"origin":51528,"position":3},"title":"Sorvete de mangaba","author":"J\u00e2nio R\u00eago","date":"22\/03\/2022","format":false,"excerpt":"Valdomiro Silva diz,\u00a0 pra afagar meu ego,\u00a0 que tenho entusiasmo de principiante\u00a0no jornalismo que tento fazer aqui na prov\u00edncia. O fundador da Tribuna Feirense sabe ser bom em gentilezas e comigo essa n\u00e3o foi a primeira. Uma delas, expressa mais do que em palavras,\u00a0 foi a viagem que me proporcionou\u2026","rel":"","context":"Em &quot;Colunistas&quot;","block_context":{"text":"Colunistas","link":"https:\/\/blogdafeira.com.br\/home\/categoria\/colunistas\/"},"img":{"alt_text":"","src":"https:\/\/i0.wp.com\/blogdafeira.com.br\/home\/wp-content\/uploads\/2022\/03\/IMG_20220322_141725_615-scaled.jpg?resize=350%2C200&ssl=1","width":350,"height":200,"srcset":"https:\/\/i0.wp.com\/blogdafeira.com.br\/home\/wp-content\/uploads\/2022\/03\/IMG_20220322_141725_615-scaled.jpg?resize=350%2C200&ssl=1 1x, https:\/\/i0.wp.com\/blogdafeira.com.br\/home\/wp-content\/uploads\/2022\/03\/IMG_20220322_141725_615-scaled.jpg?resize=525%2C300&ssl=1 1.5x, https:\/\/i0.wp.com\/blogdafeira.com.br\/home\/wp-content\/uploads\/2022\/03\/IMG_20220322_141725_615-scaled.jpg?resize=700%2C400&ssl=1 2x, https:\/\/i0.wp.com\/blogdafeira.com.br\/home\/wp-content\/uploads\/2022\/03\/IMG_20220322_141725_615-scaled.jpg?resize=1050%2C600&ssl=1 3x, https:\/\/i0.wp.com\/blogdafeira.com.br\/home\/wp-content\/uploads\/2022\/03\/IMG_20220322_141725_615-scaled.jpg?resize=1400%2C800&ssl=1 4x"},"classes":[]},{"id":43267,"url":"https:\/\/blogdafeira.com.br\/home\/2021\/02\/04\/paulao-do-caldeirao-bota-apelido-em-colega-vereador\/","url_meta":{"origin":51528,"position":4},"title":"Paul\u00e3o do Caldeir\u00e3o bota apelido em colega vereador","author":"Blog da Feira","date":"04\/02\/2021","format":false,"excerpt":"O irreverente comunicador Paul\u00e3o do Caldeir\u00e3o, vereador em primeiro mandato na Camara de Feira de Santana inicia o mandato mantendo mesmo perfil que o tornou um dos mais populares homens de comunica\u00e7\u00e3o no munic\u00edpio e em uma das primeiras entrevistas, ao jornalista Comendador Girlanio Guirra tascou um apelido em Luiz\u2026","rel":"","context":"Em &quot;Cidade&quot;","block_context":{"text":"Cidade","link":"https:\/\/blogdafeira.com.br\/home\/categoria\/cidade\/"},"img":{"alt_text":"","src":"https:\/\/i0.wp.com\/blogdafeira.com.br\/home\/wp-content\/uploads\/2021\/02\/Screenshot_20210204-1709133.png?resize=350%2C200&ssl=1","width":350,"height":200},"classes":[]},{"id":52830,"url":"https:\/\/blogdafeira.com.br\/home\/2022\/06\/09\/mandato-de-moura-pinho-na-procuradoria-termina-dia-30\/","url_meta":{"origin":51528,"position":5},"title":"Mandato de Moura Pinho na Procuradoria termina dia 30","author":"Blog da Feira","date":"09\/06\/2022","format":false,"excerpt":"O mandato do procurador geral do munic\u00edpio de Feira de Santana,Moura Pinho, termina no pr\u00f3ximo dia 30, quando completa dois anos da aprova\u00e7\u00e3o dele(2020) pela C\u00e2mara de Vereadores. A recondu\u00e7\u00e3o de Moura ao cargo foi rejeitada pela C\u00e2mara em vota\u00e7\u00e3o (11x9) na quarta-feira. Moura assumiu a fun\u00e7\u00e3o, de fato, antes\u2026","rel":"","context":"Em &quot;Home&quot;","block_context":{"text":"Home","link":"https:\/\/blogdafeira.com.br\/home\/categoria\/raiz\/"},"img":{"alt_text":"","src":"https:\/\/i0.wp.com\/blogdafeira.com.br\/home\/wp-content\/uploads\/2022\/06\/images-1.jpeg?resize=350%2C200&ssl=1","width":350,"height":200,"srcset":"https:\/\/i0.wp.com\/blogdafeira.com.br\/home\/wp-content\/uploads\/2022\/06\/images-1.jpeg?resize=350%2C200&ssl=1 1x, https:\/\/i0.wp.com\/blogdafeira.com.br\/home\/wp-content\/uploads\/2022\/06\/images-1.jpeg?resize=525%2C300&ssl=1 1.5x"},"classes":[]}],"_links":{"self":[{"href":"https:\/\/blogdafeira.com.br\/home\/wp-json\/wp\/v2\/posts\/51528","targetHints":{"allow":["GET"]}}],"collection":[{"href":"https:\/\/blogdafeira.com.br\/home\/wp-json\/wp\/v2\/posts"}],"about":[{"href":"https:\/\/blogdafeira.com.br\/home\/wp-json\/wp\/v2\/types\/post"}],"author":[{"embeddable":true,"href":"https:\/\/blogdafeira.com.br\/home\/wp-json\/wp\/v2\/users\/8"}],"replies":[{"embeddable":true,"href":"https:\/\/blogdafeira.com.br\/home\/wp-json\/wp\/v2\/comments?post=51528"}],"version-history":[{"count":4,"href":"https:\/\/blogdafeira.com.br\/home\/wp-json\/wp\/v2\/posts\/51528\/revisions"}],"predecessor-version":[{"id":51534,"href":"https:\/\/blogdafeira.com.br\/home\/wp-json\/wp\/v2\/posts\/51528\/revisions\/51534"}],"wp:featuredmedia":[{"embeddable":true,"href":"https:\/\/blogdafeira.com.br\/home\/wp-json\/wp\/v2\/media\/51530"}],"wp:attachment":[{"href":"https:\/\/blogdafeira.com.br\/home\/wp-json\/wp\/v2\/media?parent=51528"}],"wp:term":[{"taxonomy":"category","embeddable":true,"href":"https:\/\/blogdafeira.com.br\/home\/wp-json\/wp\/v2\/categories?post=51528"},{"taxonomy":"post_tag","embeddable":true,"href":"https:\/\/blogdafeira.com.br\/home\/wp-json\/wp\/v2\/tags?post=51528"}],"curies":[{"name":"wp","href":"https:\/\/api.w.org\/{rel}","templated":true}]}}