{"id":51951,"date":"2022-04-28T15:16:25","date_gmt":"2022-04-28T18:16:25","guid":{"rendered":"https:\/\/blogdafeira.com.br\/home\/?p=51951"},"modified":"2022-05-04T15:25:57","modified_gmt":"2022-05-04T18:25:57","slug":"rui-costa-promete-requalificar-ba-084-berimbau-coracao-de-maria-2","status":"publish","type":"post","link":"https:\/\/blogdafeira.com.br\/home\/2022\/04\/28\/rui-costa-promete-requalificar-ba-084-berimbau-coracao-de-maria-2\/","title":{"rendered":"Rui Costa promete requalificar BA-084  (Berimbau-Cora\u00e7\u00e3o de Maria)"},"content":{"rendered":"<div id=\"blogd-739962620\" class=\"blogd-fim-do-post-mobile blogd-entity-placement\" style=\"margin-left: auto;margin-right: auto;text-align: center;\"><a href=\"https:\/\/www.sefaz.feiradesantana.ba.gov.br\/\" target=\"_blank\" aria-label=\"728&#215;90 (6)\"><img loading=\"lazy\" decoding=\"async\" src=\"https:\/\/blogdafeira.com.br\/home\/wp-content\/uploads\/2026\/03\/728x90-6.gif\" alt=\"\"  class=\"no-lazyload\" width=\"728\" height=\"90\"  style=\"display: inline-block;\" \/><\/a><\/div><p>Em evento hoje em Concei\u00e7\u00e3o de Jacuipe (Berimbau), a\u00a0 27km de Feira de Santana, o governador Rui Costa coordenou um palanque, para anunciar investimentos, composto por in\u00fameros prefeitos, vice\u00a0 e ex-prefeitos de diversas regi\u00f5es do estado. Ele anunciou a requalifica\u00e7\u00e3o da BA-084 com \u00a0investimento, superior a R$ 30,7 milh\u00f5es. Ser\u00e3o pavimentados 39,6 km de rodovia com prazo de conclus\u00e3o em abril de 2023.<\/p><div id=\"blogd-154614469\" class=\"blogd-conteudo-2-mobile blogd-entity-placement\"><a href=\"https:\/\/feirenses.com.br\/\" target=\"_blank\" aria-label=\"feirenses\"><img loading=\"lazy\" decoding=\"async\" src=\"https:\/\/blogdafeira.com.br\/home\/wp-content\/uploads\/2026\/04\/feirenses.png\" alt=\"\"  srcset=\"https:\/\/blogdafeira.com.br\/home\/wp-content\/uploads\/2026\/04\/feirenses.png 300w, https:\/\/blogdafeira.com.br\/home\/wp-content\/uploads\/2026\/04\/feirenses-170x45.png 170w, https:\/\/blogdafeira.com.br\/home\/wp-content\/uploads\/2026\/04\/feirenses-280x74.png 280w\" sizes=\"(max-width: 300px) 100vw, 300px\" class=\"no-lazyload\" width=\"300\" height=\"79\"  style=\"display: inline-block;\" \/><\/a><\/div>\n<div>Na cidade, o governador visitou o Col\u00e9gio Estadual Domingos Barros de Azevedo e o Col\u00e9gio Estadual de Concei\u00e7\u00e3o do Jacu\u00edpe, que vai ganhar uma nova sede. O projeto re\u00fane um investimento de R$ 27, 2 milh\u00f5es.<\/div>\n<div><\/div>\n<div id=\"blogd-3827467079\" class=\"blogd-final-post blogd-entity-placement\"><a href=\"https:\/\/www.feiradesantana.ba.leg.br\/\" target=\"_blank\" aria-label=\"BANNER-SITE-ENTREGADECHEQUE-CAMARADEFEIRA\"><img loading=\"lazy\" decoding=\"async\" src=\"https:\/\/blogdafeira.com.br\/home\/wp-content\/uploads\/2026\/03\/BANNER-SITE-ENTREGADECHEQUE-CAMARADEFEIRA.gif\" alt=\"\"  class=\"no-lazyload\" width=\"728\" height=\"90\"   \/><\/a><\/div><div>Foi ainda autorizado conv\u00eanio com o munic\u00edpio\u00a0 para constru\u00e7\u00e3o de uma creche municipal com atendimento 24h e um conv\u00eanio fixado em mais de R$ 22 milh\u00f5es, com a Secretaria de Sa\u00fade (Sesab), vai viabilizar a amplia\u00e7\u00e3o e reforma do Hospital Municipal. A constru\u00e7\u00e3o de uma quadra poliesportiva coberta com vesti\u00e1rio, arquibancada e centro de treinamento de boxe e artes marciais na localidade de Ilicuritiba tem investimento estimado \u00e9 de quase R$2 milh\u00f5es.<\/div>\n","protected":false},"excerpt":{"rendered":"<p>Em evento hoje em Concei\u00e7\u00e3o de Jacuipe (Berimbau), a\u00a0 27km de Feira de Santana, o governador Rui Costa coordenou um palanque, para anunciar investimentos, composto por in\u00fameros prefeitos, vice\u00a0 e ex-prefeitos de diversas regi\u00f5es do estado. Ele anunciou a requalifica\u00e7\u00e3o da BA-084 com \u00a0investimento, superior a R$ 30,7 milh\u00f5es. Ser\u00e3o pavimentados 39,6 km de rodovia<\/p>\n","protected":false},"author":1,"featured_media":51952,"comment_status":"open","ping_status":"open","sticky":false,"template":"","format":"standard","meta":{"jetpack_post_was_ever_published":false,"cybocfi_hide_featured_image":"","_jetpack_newsletter_access":"","_jetpack_dont_email_post_to_subs":false,"_jetpack_newsletter_tier_id":0,"_jetpack_memberships_contains_paywalled_content":false,"_jetpack_memberships_contains_paid_content":false,"footnotes":"","jetpack_publicize_message":"","jetpack_publicize_feature_enabled":true,"jetpack_social_post_already_shared":true,"jetpack_social_options":{"image_generator_settings":{"template":"highway","default_image_id":0,"font":"","enabled":false},"version":2}},"categories":[680,1,631],"tags":[],"class_list":["post-51951","post","type-post","status-publish","format-standard","has-post-thumbnail","hentry","category-bahia","category-raiz","category-politica"],"jetpack_publicize_connections":[],"jetpack_featured_media_url":"https:\/\/blogdafeira.com.br\/home\/wp-content\/uploads\/2022\/04\/estrada-2.jpg","jetpack_shortlink":"https:\/\/wp.me\/p3niVf-dvV","jetpack_sharing_enabled":true,"jetpack-related-posts":[{"id":51159,"url":"https:\/\/blogdafeira.com.br\/home\/2022\/03\/08\/governador-rui-costa-em-biritinga-nesta-quarta-feira\/","url_meta":{"origin":51951,"position":0},"title":"Governador Rui Costa em Biritinga nesta quarta-feira","author":"Secom\/BAHIA","date":"08\/03\/2022","format":false,"excerpt":"Nesta quarta-feira (9), o governador Rui Costa est\u00e1 em Biritinga, a 80 km de Feira de Santana, onde entrega obras e autoriza novas interven\u00e7\u00f5es que v\u00e3o beneficiar os moradores do munic\u00edpio e de seu entorno. Em agenda que ter\u00e1 in\u00edcio \u00e0s 9h, Rui dar\u00e1 por entregue a implanta\u00e7\u00e3o do sistema\u2026","rel":"","context":"Em &quot;Bahia&quot;","block_context":{"text":"Bahia","link":"https:\/\/blogdafeira.com.br\/home\/categoria\/bahia\/"},"img":{"alt_text":"","src":"https:\/\/i0.wp.com\/blogdafeira.com.br\/home\/wp-content\/uploads\/2022\/03\/biritinga-2.jpg?resize=350%2C200&ssl=1","width":350,"height":200,"srcset":"https:\/\/i0.wp.com\/blogdafeira.com.br\/home\/wp-content\/uploads\/2022\/03\/biritinga-2.jpg?resize=350%2C200&ssl=1 1x, https:\/\/i0.wp.com\/blogdafeira.com.br\/home\/wp-content\/uploads\/2022\/03\/biritinga-2.jpg?resize=525%2C300&ssl=1 1.5x, https:\/\/i0.wp.com\/blogdafeira.com.br\/home\/wp-content\/uploads\/2022\/03\/biritinga-2.jpg?resize=700%2C400&ssl=1 2x, https:\/\/i0.wp.com\/blogdafeira.com.br\/home\/wp-content\/uploads\/2022\/03\/biritinga-2.jpg?resize=1050%2C600&ssl=1 3x, https:\/\/i0.wp.com\/blogdafeira.com.br\/home\/wp-content\/uploads\/2022\/03\/biritinga-2.jpg?resize=1400%2C800&ssl=1 4x"},"classes":[]},{"id":47633,"url":"https:\/\/blogdafeira.com.br\/home\/2021\/10\/04\/estado-tem-64-milhoes-para-investir-em-escolasna-feira\/","url_meta":{"origin":51951,"position":1},"title":"Estado tem R$ 64 milh\u00f5es para investir em escolas na Feira","author":"Secom\/BAHIA","date":"04\/10\/2021","format":false,"excerpt":"A Secretaria da Educa\u00e7\u00e3o do Estado (SEC) realizou uma vistoria t\u00e9cnica em unidades da rede estadual de ensino, no s\u00e1bado (2), em Feira de Santana, e em terrenos que poder\u00e3o sediar novas escolas estaduais. Para o munic\u00edpio, o Estado destinou mais de 64 milh\u00f5es para construir novas escolas em tempo\u2026","rel":"","context":"Em &quot;Cidade&quot;","block_context":{"text":"Cidade","link":"https:\/\/blogdafeira.com.br\/home\/categoria\/cidade\/"},"img":{"alt_text":"","src":"https:\/\/i0.wp.com\/blogdafeira.com.br\/home\/wp-content\/uploads\/2021\/10\/WhatsApp-Image-2021-10-02-at-15.02.32.jpeg?resize=350%2C200&ssl=1","width":350,"height":200,"srcset":"https:\/\/i0.wp.com\/blogdafeira.com.br\/home\/wp-content\/uploads\/2021\/10\/WhatsApp-Image-2021-10-02-at-15.02.32.jpeg?resize=350%2C200&ssl=1 1x, https:\/\/i0.wp.com\/blogdafeira.com.br\/home\/wp-content\/uploads\/2021\/10\/WhatsApp-Image-2021-10-02-at-15.02.32.jpeg?resize=525%2C300&ssl=1 1.5x, https:\/\/i0.wp.com\/blogdafeira.com.br\/home\/wp-content\/uploads\/2021\/10\/WhatsApp-Image-2021-10-02-at-15.02.32.jpeg?resize=700%2C400&ssl=1 2x, https:\/\/i0.wp.com\/blogdafeira.com.br\/home\/wp-content\/uploads\/2021\/10\/WhatsApp-Image-2021-10-02-at-15.02.32.jpeg?resize=1050%2C600&ssl=1 3x, https:\/\/i0.wp.com\/blogdafeira.com.br\/home\/wp-content\/uploads\/2021\/10\/WhatsApp-Image-2021-10-02-at-15.02.32.jpeg?resize=1400%2C800&ssl=1 4x"},"classes":[]},{"id":25464,"url":"https:\/\/blogdafeira.com.br\/home\/2017\/01\/20\/governador-da-bahia-autoriza-construcao-de-uma-policlinica-regional-em-feira\/","url_meta":{"origin":51951,"position":2},"title":"Governador da Bahia autoriza constru\u00e7\u00e3o de uma policl\u00ednica regional em Feira","author":"Secom\/BAHIA","date":"20\/01\/2017","format":false,"excerpt":"Prefeitos ou representantes de 28 munic\u00edpios\u00a0se reuniram com o governador Rui Costa no Centro Administrativo da Bahia (CAB), em Salvador, onde assinaram o protocolo de inten\u00e7\u00f5es para a forma\u00e7\u00e3o de um cons\u00f3rcio na \u00e1rea de sa\u00fade e o Governador \u00a0autorizou o processo de licita\u00e7\u00e3o para construir uma \u00a0policl\u00ednica naquela regi\u00e3o\u2026","rel":"","context":"Em &quot;Home&quot;","block_context":{"text":"Home","link":"https:\/\/blogdafeira.com.br\/home\/categoria\/raiz\/"},"img":{"alt_text":"consorciofeira-1","src":"https:\/\/i0.wp.com\/blogdafeira.com.br\/home\/wp-content\/uploads\/2017\/01\/ConsorcioFeira-1.jpg?resize=350%2C200","width":350,"height":200,"srcset":"https:\/\/i0.wp.com\/blogdafeira.com.br\/home\/wp-content\/uploads\/2017\/01\/ConsorcioFeira-1.jpg?resize=350%2C200 1x, https:\/\/i0.wp.com\/blogdafeira.com.br\/home\/wp-content\/uploads\/2017\/01\/ConsorcioFeira-1.jpg?resize=525%2C300 1.5x, https:\/\/i0.wp.com\/blogdafeira.com.br\/home\/wp-content\/uploads\/2017\/01\/ConsorcioFeira-1.jpg?resize=700%2C400 2x"},"classes":[]},{"id":52218,"url":"https:\/\/blogdafeira.com.br\/home\/2022\/05\/10\/governador-rui-costa-em-amelia-rodrigues-nesta-quinta-feira\/","url_meta":{"origin":51951,"position":3},"title":"Governador Rui Costa em Am\u00e9lia Rodrigues nesta quinta-feira","author":"Secom\/BAHIA","date":"10\/05\/2022","format":false,"excerpt":"O governador Rui Costa far\u00e1 a inaugura\u00e7\u00e3o nesta quinta-feira (12), \u00e0s 9h, da 1\u00aa etapa da obra de amplia\u00e7\u00e3o do Sistema Integrado de Abastecimento que fornece \u00c1gua (SIAA) para os munic\u00edpios de Am\u00e9lia Rodrigues, Concei\u00e7\u00e3o do Jacu\u00edpe, Cora\u00e7\u00e3o de Maria, Teodoro Sampaio e Terra Nova, al\u00e9m de fazer a entrega\u2026","rel":"","context":"Em &quot;Bahia&quot;","block_context":{"text":"Bahia","link":"https:\/\/blogdafeira.com.br\/home\/categoria\/bahia\/"},"img":{"alt_text":"","src":"https:\/\/i0.wp.com\/blogdafeira.com.br\/home\/wp-content\/uploads\/2022\/05\/rui-costa-868x644-1.jpeg?resize=350%2C200&ssl=1","width":350,"height":200,"srcset":"https:\/\/i0.wp.com\/blogdafeira.com.br\/home\/wp-content\/uploads\/2022\/05\/rui-costa-868x644-1.jpeg?resize=350%2C200&ssl=1 1x, https:\/\/i0.wp.com\/blogdafeira.com.br\/home\/wp-content\/uploads\/2022\/05\/rui-costa-868x644-1.jpeg?resize=525%2C300&ssl=1 1.5x, https:\/\/i0.wp.com\/blogdafeira.com.br\/home\/wp-content\/uploads\/2022\/05\/rui-costa-868x644-1.jpeg?resize=700%2C400&ssl=1 2x"},"classes":[]},{"id":47450,"url":"https:\/\/blogdafeira.com.br\/home\/2021\/09\/15\/governador-entrega-unidade-da-hemoba-e-promete-investimentos-em-feira-de-santana\/","url_meta":{"origin":51951,"position":4},"title":"Governador entrega unidade da Hemoba e promete investimentos em Feira","author":"Secom\/BAHIA","date":"15\/09\/2021","format":false,"excerpt":"O governador Rui Costa esteve em Feira de Santana, nesta quarta-feira (15), para inaugurar uma Unidade de Coleta e Transfus\u00e3o (UCT) da Funda\u00e7\u00e3o de Hematologia e Hemoterapia da Bahia (Hemoba). Durante o evento, Rui anunciou mais R$ 148 milh\u00f5es em investimentos para a moderniza\u00e7\u00e3o de 15 escolas e constru\u00e7\u00e3o de\u2026","rel":"","context":"Em &quot;Bahia&quot;","block_context":{"text":"Bahia","link":"https:\/\/blogdafeira.com.br\/home\/categoria\/bahia\/"},"img":{"alt_text":"","src":"https:\/\/i0.wp.com\/blogdafeira.com.br\/home\/wp-content\/uploads\/2021\/09\/WhatsApp-Image-2021-09-15-at-8.13.33-AM-1024x684-1.jpeg?resize=350%2C200&ssl=1","width":350,"height":200,"srcset":"https:\/\/i0.wp.com\/blogdafeira.com.br\/home\/wp-content\/uploads\/2021\/09\/WhatsApp-Image-2021-09-15-at-8.13.33-AM-1024x684-1.jpeg?resize=350%2C200&ssl=1 1x, https:\/\/i0.wp.com\/blogdafeira.com.br\/home\/wp-content\/uploads\/2021\/09\/WhatsApp-Image-2021-09-15-at-8.13.33-AM-1024x684-1.jpeg?resize=525%2C300&ssl=1 1.5x, https:\/\/i0.wp.com\/blogdafeira.com.br\/home\/wp-content\/uploads\/2021\/09\/WhatsApp-Image-2021-09-15-at-8.13.33-AM-1024x684-1.jpeg?resize=700%2C400&ssl=1 2x"},"classes":[]},{"id":30775,"url":"https:\/\/blogdafeira.com.br\/home\/2019\/02\/15\/escola-no-viveiros-em-feira-tem-capacidade-para-mais-de-1000-estudantes\/","url_meta":{"origin":51951,"position":5},"title":"Escola no Viveiros em Feira tem capacidade para mais de 1000 estudantes","author":"Secom\/BAHIA","date":"15\/02\/2019","format":false,"excerpt":"O governador Rui Costa (PT) inaugurou ontem em Feira de Santana, o Col\u00e9gio Estadual F\u00eanix, localizado no bairro de Viveiros. Com seis salas de aula, quadra poliesportiva coberta, laborat\u00f3rios de ci\u00eancias e inform\u00e1tica, sala multim\u00eddia, cozinha, refeit\u00f3rio, biblioteca, al\u00e9m de salas de administra\u00e7\u00e3o e \u00e1rea externa, a unidade tem capacidade\u2026","rel":"","context":"Em &quot;Home&quot;","block_context":{"text":"Home","link":"https:\/\/blogdafeira.com.br\/home\/categoria\/raiz\/"},"img":{"alt_text":"","src":"https:\/\/i0.wp.com\/blogdafeira.com.br\/home\/wp-content\/uploads\/2019\/02\/IMG_20190215_054815.jpg?resize=350%2C200&ssl=1","width":350,"height":200,"srcset":"https:\/\/i0.wp.com\/blogdafeira.com.br\/home\/wp-content\/uploads\/2019\/02\/IMG_20190215_054815.jpg?resize=350%2C200&ssl=1 1x, https:\/\/i0.wp.com\/blogdafeira.com.br\/home\/wp-content\/uploads\/2019\/02\/IMG_20190215_054815.jpg?resize=525%2C300&ssl=1 1.5x, https:\/\/i0.wp.com\/blogdafeira.com.br\/home\/wp-content\/uploads\/2019\/02\/IMG_20190215_054815.jpg?resize=700%2C400&ssl=1 2x"},"classes":[]}],"_links":{"self":[{"href":"https:\/\/blogdafeira.com.br\/home\/wp-json\/wp\/v2\/posts\/51951","targetHints":{"allow":["GET"]}}],"collection":[{"href":"https:\/\/blogdafeira.com.br\/home\/wp-json\/wp\/v2\/posts"}],"about":[{"href":"https:\/\/blogdafeira.com.br\/home\/wp-json\/wp\/v2\/types\/post"}],"author":[{"embeddable":true,"href":"https:\/\/blogdafeira.com.br\/home\/wp-json\/wp\/v2\/users\/1"}],"replies":[{"embeddable":true,"href":"https:\/\/blogdafeira.com.br\/home\/wp-json\/wp\/v2\/comments?post=51951"}],"version-history":[{"count":2,"href":"https:\/\/blogdafeira.com.br\/home\/wp-json\/wp\/v2\/posts\/51951\/revisions"}],"predecessor-version":[{"id":51965,"href":"https:\/\/blogdafeira.com.br\/home\/wp-json\/wp\/v2\/posts\/51951\/revisions\/51965"}],"wp:featuredmedia":[{"embeddable":true,"href":"https:\/\/blogdafeira.com.br\/home\/wp-json\/wp\/v2\/media\/51952"}],"wp:attachment":[{"href":"https:\/\/blogdafeira.com.br\/home\/wp-json\/wp\/v2\/media?parent=51951"}],"wp:term":[{"taxonomy":"category","embeddable":true,"href":"https:\/\/blogdafeira.com.br\/home\/wp-json\/wp\/v2\/categories?post=51951"},{"taxonomy":"post_tag","embeddable":true,"href":"https:\/\/blogdafeira.com.br\/home\/wp-json\/wp\/v2\/tags?post=51951"}],"curies":[{"name":"wp","href":"https:\/\/api.w.org\/{rel}","templated":true}]}}