{"id":52029,"date":"2022-05-03T00:54:31","date_gmt":"2022-05-03T03:54:31","guid":{"rendered":"https:\/\/blogdafeira.com.br\/home\/?p=52029"},"modified":"2022-05-04T15:30:02","modified_gmt":"2022-05-04T18:30:02","slug":"fenaj-lanca-dossie-no-dia-da-liberdade-de-imprensa","status":"publish","type":"post","link":"https:\/\/blogdafeira.com.br\/home\/2022\/05\/03\/fenaj-lanca-dossie-no-dia-da-liberdade-de-imprensa\/","title":{"rendered":"Fenaj lan\u00e7a dossi\u00ea no Dia da Liberdade de Imprensa"},"content":{"rendered":"<div id=\"blogd-2051897669\" class=\"blogd-fim-do-post-mobile blogd-entity-placement\" style=\"margin-left: auto;margin-right: auto;text-align: center;\"><a href=\"https:\/\/www.sefaz.feiradesantana.ba.gov.br\/\" target=\"_blank\" aria-label=\"728&#215;90 (6)\"><img loading=\"lazy\" decoding=\"async\" src=\"https:\/\/blogdafeira.com.br\/home\/wp-content\/uploads\/2026\/03\/728x90-6.gif\" alt=\"\"  class=\"no-lazyload\" width=\"728\" height=\"90\"  style=\"display: inline-block;\" \/><\/a><\/div><p style=\"text-align: justify;\">HOJE, ter\u00e7a-feira, 3 de maio, comemora-se o Dia Mundial da Liberdade de imprensa. Para marcar a data, o SINJORBA (Sindicato dos Jornalistas Bahia) alia-se \u00e0 FENAJ (Federa\u00e7\u00e3o Nacional dos Jornalistas) e ao grupo de pesquisa objETHOS no lan\u00e7amento do dossi\u00ea \u201cAtaques ao Jornalismo e ao Seu Direito \u00e0 Informa\u00e7\u00e3o\u201d, em live no canal da Federa\u00e7\u00e3o no Youtube, \u00e0s 19h30, com transmiss\u00e3o simult\u00e2nea por canais de sindicatos dos jornalistas de todo o Brasil no Facebook.<\/p><div id=\"blogd-1465486210\" class=\"blogd-conteudo-2-mobile blogd-entity-placement\"><a href=\"https:\/\/feirenses.com.br\/\" target=\"_blank\" aria-label=\"feirenses\"><img loading=\"lazy\" decoding=\"async\" src=\"https:\/\/blogdafeira.com.br\/home\/wp-content\/uploads\/2026\/04\/feirenses.png\" alt=\"\"  srcset=\"https:\/\/blogdafeira.com.br\/home\/wp-content\/uploads\/2026\/04\/feirenses.png 300w, https:\/\/blogdafeira.com.br\/home\/wp-content\/uploads\/2026\/04\/feirenses-170x45.png 170w, https:\/\/blogdafeira.com.br\/home\/wp-content\/uploads\/2026\/04\/feirenses-280x74.png 280w\" sizes=\"(max-width: 300px) 100vw, 300px\" class=\"no-lazyload\" width=\"300\" height=\"79\"  style=\"display: inline-block;\" \/><\/a><\/div>\n<p style=\"text-align: justify;\">O evento reunir\u00e1 a presidenta da Fenaj, Maria Jos\u00e9 Braga, e um dos coordenadores do objETHOS, Rog\u00e9rio Christofoletti. O dossi\u00ea, produzido ao longo de tr\u00eas meses e dividido em quatro cap\u00edtulos, aprofunda o debate sobre a viol\u00eancia contra o jornalismo no Brasil e seus impactos nos direitos da sociedade, como o direito \u00e0 informa\u00e7\u00e3o.<\/p>\n<p style=\"text-align: justify;\">O levantamento utiliza como subs\u00eddio o \u201cRelat\u00f3rio de Viol\u00eancia contra Jornalistas e Liberdade de Imprensa 2021\u201d, elaborado anualmente pela FENAJ desde 1998, analisando den\u00fancias envolvendo hostilidade \u00e0 atividade jornal\u00edstica no pa\u00eds.<\/p>\n<div id=\"blogd-2605053959\" class=\"blogd-final-post blogd-entity-placement\"><a href=\"https:\/\/www.feiradesantana.ba.leg.br\/\" target=\"_blank\" aria-label=\"BANNER-SITE-ENTREGADECHEQUE-CAMARADEFEIRA\"><img loading=\"lazy\" decoding=\"async\" src=\"https:\/\/blogdafeira.com.br\/home\/wp-content\/uploads\/2026\/03\/BANNER-SITE-ENTREGADECHEQUE-CAMARADEFEIRA.gif\" alt=\"\"  class=\"no-lazyload\" width=\"728\" height=\"90\"   \/><\/a><\/div><p style=\"text-align: justify;\">https:\/\/sinjorba.org.br\/fenaj-lanca-dossie-no-dia-da-liberdade-de-imprensa\/<\/p>\n","protected":false},"excerpt":{"rendered":"<p>HOJE, ter\u00e7a-feira, 3 de maio, comemora-se o Dia Mundial da Liberdade de imprensa. Para marcar a data, o SINJORBA (Sindicato dos Jornalistas Bahia) alia-se \u00e0 FENAJ (Federa\u00e7\u00e3o Nacional dos Jornalistas) e ao grupo de pesquisa objETHOS no lan\u00e7amento do dossi\u00ea \u201cAtaques ao Jornalismo e ao Seu Direito \u00e0 Informa\u00e7\u00e3o\u201d, em live no canal da Federa\u00e7\u00e3o<\/p>\n","protected":false},"author":1,"featured_media":52030,"comment_status":"open","ping_status":"open","sticky":false,"template":"","format":"standard","meta":{"jetpack_post_was_ever_published":false,"cybocfi_hide_featured_image":"","_jetpack_newsletter_access":"","_jetpack_dont_email_post_to_subs":false,"_jetpack_newsletter_tier_id":0,"_jetpack_memberships_contains_paywalled_content":false,"_jetpack_memberships_contains_paid_content":false,"footnotes":"","jetpack_publicize_message":"","jetpack_publicize_feature_enabled":true,"jetpack_social_post_already_shared":true,"jetpack_social_options":{"image_generator_settings":{"template":"highway","default_image_id":0,"font":"","enabled":false},"version":2}},"categories":[751,1],"tags":[],"class_list":["post-52029","post","type-post","status-publish","format-standard","has-post-thumbnail","hentry","category-geral","category-raiz"],"jetpack_publicize_connections":[],"jetpack_featured_media_url":"https:\/\/blogdafeira.com.br\/home\/wp-content\/uploads\/2022\/05\/images.jpeg","jetpack_shortlink":"https:\/\/wp.me\/p3niVf-dxb","jetpack_sharing_enabled":true,"jetpack-related-posts":[{"id":54177,"url":"https:\/\/blogdafeira.com.br\/home\/2022\/09\/01\/nova-diretoria-do-sindicato-dos-jornalistas-toma-posse-neste-sabado\/","url_meta":{"origin":52029,"position":0},"title":"Nova diretoria do Sindicato dos Jornalistas toma posse neste s\u00e1bado","author":"Fenaj\/Divulga\u00e7\u00e3o","date":"01\/09\/2022","format":false,"excerpt":"Unir a categoria em torno do Sindicato e da Fenaj. Esse \u00e9 o grande desafio da nova diretoria do Sinjorba, que foi eleita dias 27 e 28 de julho passado, em pleito realizado de maneira online. E essa tarefa come\u00e7a j\u00e1, com a posse no s\u00e1bado (03), 9h, em solenidade\u2026","rel":"","context":"Em &quot;Geral&quot;","block_context":{"text":"Geral","link":"https:\/\/blogdafeira.com.br\/home\/categoria\/geral\/"},"img":{"alt_text":"","src":"https:\/\/i0.wp.com\/blogdafeira.com.br\/home\/wp-content\/uploads\/2022\/09\/af35f1371c8dd11a119b93d1b9d734e8_1575924274.jpg?resize=350%2C200&ssl=1","width":350,"height":200,"srcset":"https:\/\/i0.wp.com\/blogdafeira.com.br\/home\/wp-content\/uploads\/2022\/09\/af35f1371c8dd11a119b93d1b9d734e8_1575924274.jpg?resize=350%2C200&ssl=1 1x, https:\/\/i0.wp.com\/blogdafeira.com.br\/home\/wp-content\/uploads\/2022\/09\/af35f1371c8dd11a119b93d1b9d734e8_1575924274.jpg?resize=525%2C300&ssl=1 1.5x, https:\/\/i0.wp.com\/blogdafeira.com.br\/home\/wp-content\/uploads\/2022\/09\/af35f1371c8dd11a119b93d1b9d734e8_1575924274.jpg?resize=700%2C400&ssl=1 2x"},"classes":[]},{"id":51575,"url":"https:\/\/blogdafeira.com.br\/home\/2022\/04\/02\/sinjorba-quer-comissao-para-investigar-atos-de-violencia-da-guarda-municipal\/","url_meta":{"origin":52029,"position":1},"title":"Sinjorba quer comiss\u00e3o para investigar atos de viol\u00eancia da Guarda Municipal","author":"Fenaj\/Divulga\u00e7\u00e3o","date":"02\/04\/2022","format":false,"excerpt":"O Sinjorba - Sindicato dos Jornalistas Profissionais do Estado da Bahia, disse, em texto oficial assinado pelo presidente da entidade, Moacir Neves, \"exigir\u00a0 da Prefeitura de Feira de Santana uma retrata\u00e7\u00e3o p\u00fablica dos atos de viol\u00eancia cometidos por seus agentes e a instala\u00e7\u00e3o de uma comiss\u00e3o externa, representativa da sociedade\u2026","rel":"","context":"Em &quot;Cidade&quot;","block_context":{"text":"Cidade","link":"https:\/\/blogdafeira.com.br\/home\/categoria\/cidade\/"},"img":{"alt_text":"","src":"https:\/\/i0.wp.com\/blogdafeira.com.br\/home\/wp-content\/uploads\/2022\/04\/capa-ok.jpg?resize=350%2C200&ssl=1","width":350,"height":200,"srcset":"https:\/\/i0.wp.com\/blogdafeira.com.br\/home\/wp-content\/uploads\/2022\/04\/capa-ok.jpg?resize=350%2C200&ssl=1 1x, https:\/\/i0.wp.com\/blogdafeira.com.br\/home\/wp-content\/uploads\/2022\/04\/capa-ok.jpg?resize=525%2C300&ssl=1 1.5x"},"classes":[]},{"id":19935,"url":"https:\/\/blogdafeira.com.br\/home\/2016\/03\/09\/aplb-vai-fazer-um-dossie-sobre-a-situacao-das-escolas-em-feira\/","url_meta":{"origin":52029,"position":2},"title":"APLB vai fazer um &#8216;dossi\u00ea&#8217; sobre a situa\u00e7\u00e3o das escolas em Feira","author":"Fenaj\/Divulga\u00e7\u00e3o","date":"09\/03\/2016","format":false,"excerpt":"A professora Marlede Oliveira, diretora da APLB de Feira de Santana disse \u00a0que a entidade que representa a categoria dos professores vai fazer este ano um 'Dossi\u00ea das Escolas P\u00fablicas em Feira de Santana'. O\u00a0jornal Tribuna Feirense publicou uma reportagem mostrando no prec\u00e1rio funcionamento de uma escola em um bairro\u2026","rel":"","context":"Em &quot;Home&quot;","block_context":{"text":"Home","link":"https:\/\/blogdafeira.com.br\/home\/categoria\/raiz\/"},"img":{"alt_text":"marlederr","src":"https:\/\/i0.wp.com\/blogdafeira.com.br\/home\/wp-content\/uploads\/2016\/02\/marlederr-237x300.jpg?resize=350%2C200","width":350,"height":200},"classes":[]},{"id":45283,"url":"https:\/\/blogdafeira.com.br\/home\/2021\/05\/05\/abuso-judicial-contra-jornalistas-amicus-curiae-em-acao-da-abi\/","url_meta":{"origin":52029,"position":3},"title":"&#8216;Abuso judicial&#8217; contra jornalistas; Amicus Curiae em a\u00e7\u00e3o da ABI","author":"Fenaj\/Divulga\u00e7\u00e3o","date":"05\/05\/2021","format":false,"excerpt":"Associa\u00e7\u00e3o Brasileira de Juristas pela Democracia (ABJD), a Associa\u00e7\u00e3o Advogadas e Advogados P\u00fablicos para a Democracia (APD) e o Coletivo por um Minist\u00e9rio P\u00fablico Transformador (Transforma MP) ingressaram na ter\u00e7a-feira, 4, com um pedido de Amicus Curiae (Amigos da Corte) no Supremo Tribunal Federal (STF), para contribuir com o debate\u2026","rel":"","context":"Em &quot;Geral&quot;","block_context":{"text":"Geral","link":"https:\/\/blogdafeira.com.br\/home\/categoria\/geral\/"},"img":{"alt_text":"","src":"https:\/\/i0.wp.com\/blogdafeira.com.br\/home\/wp-content\/uploads\/2021\/05\/images-2.jpeg?resize=350%2C200&ssl=1","width":350,"height":200,"srcset":"https:\/\/i0.wp.com\/blogdafeira.com.br\/home\/wp-content\/uploads\/2021\/05\/images-2.jpeg?resize=350%2C200&ssl=1 1x, https:\/\/i0.wp.com\/blogdafeira.com.br\/home\/wp-content\/uploads\/2021\/05\/images-2.jpeg?resize=525%2C300&ssl=1 1.5x"},"classes":[]},{"id":35437,"url":"https:\/\/blogdafeira.com.br\/home\/2020\/02\/14\/sinjorba-repudia-detencao-de-jornalistas-da-revista-veja\/","url_meta":{"origin":52029,"position":4},"title":"Sinjorba repudia deten\u00e7\u00e3o de jornalistas da revista Veja","author":"Fenaj\/Divulga\u00e7\u00e3o","date":"14\/02\/2020","format":false,"excerpt":"O Sindicato dos Jornalistas Profissionais no Estado da Bahia (Sinjorba) manifesta veemente rep\u00fadio pela pris\u00e3o, nesta sexta (14), de dois jornalistas que apuravam as circunst\u00e2ncias da morte do ex-capit\u00e3o Adriano da N\u00f3brega, acusado de ser chefe da Mil\u00edcia Escrit\u00f3rio do Crime, ap\u00f3s \u201cconfronto\u201d com a Pol\u00edcia Militar da Bahia, em\u2026","rel":"","context":"Em &quot;Cidade&quot;","block_context":{"text":"Cidade","link":"https:\/\/blogdafeira.com.br\/home\/categoria\/cidade\/"},"img":{"alt_text":"","src":"","width":0,"height":0},"classes":[]},{"id":72002,"url":"https:\/\/blogdafeira.com.br\/home\/2026\/04\/15\/imprensa-da-feira-premiada-em-concurso-do-sinjorba-e-sindicato-dos-auditores-da-fazenda\/","url_meta":{"origin":52029,"position":5},"title":"Imprensa da Feira premiada em concurso do Sinjorba e Sindicato dos Auditores da Fazenda","author":"Fenaj\/Divulga\u00e7\u00e3o","date":"15\/04\/2026","format":false,"excerpt":"Aconteceu na noite da ter\u00e7a (14), no Teatro do SESC Casa do Com\u00e9rcio,em Salvador, a cerim\u00f4nia de premia\u00e7\u00e3o dos vencedores do pr\u00eamio Jornalismo e Tributa\u00e7\u00e3o, inciativa do SINJORBA (Sindicato dos Jornalistas do Estado da Bahia) e do SINDSEFAZ (Sindicato dos Servidores da Fazenda do Estado da Bahia) para reconhecer produ\u00e7\u00f5es\u2026","rel":"","context":"Em &quot;Destaques&quot;","block_context":{"text":"Destaques","link":"https:\/\/blogdafeira.com.br\/home\/categoria\/destaques\/"},"img":{"alt_text":"","src":"https:\/\/i0.wp.com\/blogdafeira.com.br\/home\/wp-content\/uploads\/2026\/04\/WhatsApp-Image-2026-04-15-at-09.21.01-960x700-1.jpeg?resize=350%2C200&ssl=1","width":350,"height":200,"srcset":"https:\/\/i0.wp.com\/blogdafeira.com.br\/home\/wp-content\/uploads\/2026\/04\/WhatsApp-Image-2026-04-15-at-09.21.01-960x700-1.jpeg?resize=350%2C200&ssl=1 1x, https:\/\/i0.wp.com\/blogdafeira.com.br\/home\/wp-content\/uploads\/2026\/04\/WhatsApp-Image-2026-04-15-at-09.21.01-960x700-1.jpeg?resize=525%2C300&ssl=1 1.5x, https:\/\/i0.wp.com\/blogdafeira.com.br\/home\/wp-content\/uploads\/2026\/04\/WhatsApp-Image-2026-04-15-at-09.21.01-960x700-1.jpeg?resize=700%2C400&ssl=1 2x"},"classes":[]}],"_links":{"self":[{"href":"https:\/\/blogdafeira.com.br\/home\/wp-json\/wp\/v2\/posts\/52029","targetHints":{"allow":["GET"]}}],"collection":[{"href":"https:\/\/blogdafeira.com.br\/home\/wp-json\/wp\/v2\/posts"}],"about":[{"href":"https:\/\/blogdafeira.com.br\/home\/wp-json\/wp\/v2\/types\/post"}],"author":[{"embeddable":true,"href":"https:\/\/blogdafeira.com.br\/home\/wp-json\/wp\/v2\/users\/1"}],"replies":[{"embeddable":true,"href":"https:\/\/blogdafeira.com.br\/home\/wp-json\/wp\/v2\/comments?post=52029"}],"version-history":[{"count":2,"href":"https:\/\/blogdafeira.com.br\/home\/wp-json\/wp\/v2\/posts\/52029\/revisions"}],"predecessor-version":[{"id":52085,"href":"https:\/\/blogdafeira.com.br\/home\/wp-json\/wp\/v2\/posts\/52029\/revisions\/52085"}],"wp:featuredmedia":[{"embeddable":true,"href":"https:\/\/blogdafeira.com.br\/home\/wp-json\/wp\/v2\/media\/52030"}],"wp:attachment":[{"href":"https:\/\/blogdafeira.com.br\/home\/wp-json\/wp\/v2\/media?parent=52029"}],"wp:term":[{"taxonomy":"category","embeddable":true,"href":"https:\/\/blogdafeira.com.br\/home\/wp-json\/wp\/v2\/categories?post=52029"},{"taxonomy":"post_tag","embeddable":true,"href":"https:\/\/blogdafeira.com.br\/home\/wp-json\/wp\/v2\/tags?post=52029"}],"curies":[{"name":"wp","href":"https:\/\/api.w.org\/{rel}","templated":true}]}}