{"id":52128,"date":"2022-05-06T20:16:04","date_gmt":"2022-05-06T23:16:04","guid":{"rendered":"https:\/\/blogdafeira.com.br\/home\/?p=52128"},"modified":"2022-05-13T14:04:28","modified_gmt":"2022-05-13T17:04:28","slug":"associacao-quilombola-interrompe-protesto-em-escola-e-exige-respeito-da-aplb","status":"publish","type":"post","link":"https:\/\/blogdafeira.com.br\/home\/2022\/05\/06\/associacao-quilombola-interrompe-protesto-em-escola-e-exige-respeito-da-aplb\/","title":{"rendered":"Associa\u00e7\u00e3o Quilombola interrompe protesto em escola e exige respeito da APLB"},"content":{"rendered":"<div id=\"blogd-391032331\" class=\"blogd-fim-do-post-mobile blogd-entity-placement\" style=\"margin-left: auto;margin-right: auto;text-align: center;\"><a href=\"https:\/\/www.sefaz.feiradesantana.ba.gov.br\/\" target=\"_blank\" aria-label=\"728&#215;90 (6)\"><img loading=\"lazy\" decoding=\"async\" src=\"https:\/\/blogdafeira.com.br\/home\/wp-content\/uploads\/2026\/03\/728x90-6.gif\" alt=\"\"  class=\"no-lazyload\" width=\"728\" height=\"90\"  style=\"display: inline-block;\" \/><\/a><\/div><p style=\"text-align: justify;\">&#8220;Este \u00e9 o dia da realiza\u00e7\u00e3o de um grande sonho, um dia de alegria e de felicidade para a nossa comunidade e ningu\u00e9m vai tirar o brilho dele&#8221;, declarou a presidente da Associa\u00e7\u00e3o Quilombola Comunit\u00e1ria de Maria Quit\u00e9ria, Renilda Cruz dos Santos, conhecida como Nina, em rea\u00e7\u00e3o \u00e0 invas\u00e3o de membros da Aplb Sindicato ao ato de inaugura\u00e7\u00e3o da Escola Municipal Quilombola Luiz Pereira dos Santos, a primeira unidade de ensino quilombola de Feira de Santana.<\/p><div id=\"blogd-818052976\" class=\"blogd-conteudo-2-mobile blogd-entity-placement\"><a href=\"https:\/\/feirenses.com.br\/\" target=\"_blank\" aria-label=\"feirenses\"><img loading=\"lazy\" decoding=\"async\" src=\"https:\/\/blogdafeira.com.br\/home\/wp-content\/uploads\/2026\/04\/feirenses.png\" alt=\"\"  srcset=\"https:\/\/blogdafeira.com.br\/home\/wp-content\/uploads\/2026\/04\/feirenses.png 300w, https:\/\/blogdafeira.com.br\/home\/wp-content\/uploads\/2026\/04\/feirenses-170x45.png 170w, https:\/\/blogdafeira.com.br\/home\/wp-content\/uploads\/2026\/04\/feirenses-280x74.png 280w\" sizes=\"(max-width: 300px) 100vw, 300px\" class=\"no-lazyload\" width=\"300\" height=\"79\"  style=\"display: inline-block;\" \/><\/a><\/div>\n<p style=\"text-align: justify;\">A solenidade acontecia tranquilamente na manh\u00e3 desta sexta-feira, 6, quando um pequeno grupo de representantes do sindicato come\u00e7ou a gritar palavras de ordem em protesto ao Governo Municipal, tentando transformar a cerim\u00f4nia num ato pol\u00edtico.<\/p>\n<p style=\"text-align: justify;\">A rea\u00e7\u00e3o foi imediata. Visivelmente emocionada, a presidente da Associa\u00e7\u00e3o pediu a palavra ao prefeito que at\u00e9 ent\u00e3o estava conduzindo o ato. Em sua fala, Nina chorou e pediu a todos os presentes que respeitassem o \u201cmomento da comunidade, a realiza\u00e7\u00e3o de um sonho para todos, principalmente para nossos antepassados e para nossa fam\u00edlia aqui presente\u201d.<\/p>\n<p style=\"text-align: justify;\">\u201cRespeitamos a luta dos professores, mas todos n\u00f3s aqui sonhamos com este momento h\u00e1 muitos anos. Respeitem o povo que formou esta comunidade e lutou pela educa\u00e7\u00e3o que aqui \u00e9 oferecida. Foi meu av\u00f4 Luiz, que hoje se torna patrono da escola, quem formou esta comunidade e ele precisa ser lembrado com respeito\u201d, bradou a presidente.<\/p>\n<p style=\"text-align: justify;\">\u201cVov\u00f4 Luiz vive e est\u00e1 presente nesta comunidade\u201d, destacou a representante. Nina tamb\u00e9m ressaltou que a escola entregue hoje pelo prefeito Colbert Martins representa o povo de toda a comunidade de Lagoa Grande \u2013 s\u00e3o os nossos ancestrais, novo povo e sangue. \u201cRespeite a nossa hist\u00f3ria e a nossa comunidade, Aplb!\u201d, declarou.<\/p>\n<div id=\"blogd-1196348881\" class=\"blogd-final-post blogd-entity-placement\"><a href=\"https:\/\/www.feiradesantana.ba.leg.br\/\" target=\"_blank\" aria-label=\"BANNER-SITE-ENTREGADECHEQUE-CAMARADEFEIRA\"><img loading=\"lazy\" decoding=\"async\" src=\"https:\/\/blogdafeira.com.br\/home\/wp-content\/uploads\/2026\/03\/BANNER-SITE-ENTREGADECHEQUE-CAMARADEFEIRA.gif\" alt=\"\"  class=\"no-lazyload\" width=\"728\" height=\"90\"   \/><\/a><\/div><p style=\"text-align: justify;\">A dirigente pediu desculpas ao prefeito por \u201cter tomado a palavra\u201d, destacando que seu desabafo era inevit\u00e1vel. Outro dirigente da associa\u00e7\u00e3o, Jos\u00e9 Raimundo dos Santos, tamb\u00e9m falou e solicitou que a solenidade n\u00e3o ganhasse um tom pol\u00edtico.<\/p>\n<p><span class=\"embed-youtube\" style=\"text-align:center; display: block;\"><iframe loading=\"lazy\" class=\"youtube-player\" width=\"1170\" height=\"659\" src=\"https:\/\/www.youtube.com\/embed\/MzJoGyZjpUY?version=3&#038;rel=1&#038;showsearch=0&#038;showinfo=1&#038;iv_load_policy=1&#038;fs=1&#038;hl=pt-BR&#038;autohide=2&#038;wmode=transparent\" allowfullscreen=\"true\" style=\"border:0;\" sandbox=\"allow-scripts allow-same-origin allow-popups allow-presentation allow-popups-to-escape-sandbox\"><\/iframe><\/span><\/p>\n","protected":false},"excerpt":{"rendered":"<p>&#8220;Este \u00e9 o dia da realiza\u00e7\u00e3o de um grande sonho, um dia de alegria e de felicidade para a nossa comunidade e ningu\u00e9m vai tirar o brilho dele&#8221;, declarou a presidente da Associa\u00e7\u00e3o Quilombola Comunit\u00e1ria de Maria Quit\u00e9ria, Renilda Cruz dos Santos, conhecida como Nina, em rea\u00e7\u00e3o \u00e0 invas\u00e3o de membros da Aplb Sindicato ao<\/p>\n","protected":false},"author":1,"featured_media":52129,"comment_status":"open","ping_status":"open","sticky":false,"template":"","format":"standard","meta":{"jetpack_post_was_ever_published":false,"cybocfi_hide_featured_image":"","_jetpack_newsletter_access":"","_jetpack_dont_email_post_to_subs":false,"_jetpack_newsletter_tier_id":0,"_jetpack_memberships_contains_paywalled_content":false,"_jetpack_memberships_contains_paid_content":false,"footnotes":"","jetpack_publicize_message":"","jetpack_publicize_feature_enabled":true,"jetpack_social_post_already_shared":true,"jetpack_social_options":{"image_generator_settings":{"template":"highway","default_image_id":0,"font":"","enabled":false},"version":2}},"categories":[748,1],"tags":[],"class_list":["post-52128","post","type-post","status-publish","format-standard","has-post-thumbnail","hentry","category-distritos","category-raiz"],"jetpack_publicize_connections":[],"jetpack_featured_media_url":"https:\/\/blogdafeira.com.br\/home\/wp-content\/uploads\/2022\/05\/quilombola-f.jpg","jetpack_shortlink":"https:\/\/wp.me\/p3niVf-dyM","jetpack_sharing_enabled":true,"jetpack-related-posts":[{"id":42240,"url":"https:\/\/blogdafeira.com.br\/home\/2020\/12\/03\/colbert-corta-dialogo-com-aplb-vereador-eleito-protesta-absurdo\/","url_meta":{"origin":52128,"position":0},"title":"Colbert corta di\u00e1logo com APLB;  vereador eleito protesta: &#8220;absurdo!&#8221;","author":"Secom\/FSA","date":"03\/12\/2020","format":false,"excerpt":"O prefeito reeleito Colbert Filho cortou de vez o di\u00e1logo com o Sindicato que representa os professores da rede municipal de ensino p\u00fablico, a APLB. \u201cO que a APLB fez nesta elei\u00e7\u00e3o, foi um ataque pessoal a mim, isso eu n\u00e3o engoli e nem vou engolir. A minha rela\u00e7\u00e3o \u00e9\u2026","rel":"","context":"Em &quot;Home&quot;","block_context":{"text":"Home","link":"https:\/\/blogdafeira.com.br\/home\/categoria\/raiz\/"},"img":{"alt_text":"","src":"https:\/\/i0.wp.com\/blogdafeira.com.br\/home\/wp-content\/uploads\/2020\/12\/InShot_20201203_124132860.jpg?resize=350%2C200&ssl=1","width":350,"height":200,"srcset":"https:\/\/i0.wp.com\/blogdafeira.com.br\/home\/wp-content\/uploads\/2020\/12\/InShot_20201203_124132860.jpg?resize=350%2C200&ssl=1 1x, https:\/\/i0.wp.com\/blogdafeira.com.br\/home\/wp-content\/uploads\/2020\/12\/InShot_20201203_124132860.jpg?resize=525%2C300&ssl=1 1.5x, https:\/\/i0.wp.com\/blogdafeira.com.br\/home\/wp-content\/uploads\/2020\/12\/InShot_20201203_124132860.jpg?resize=700%2C400&ssl=1 2x, https:\/\/i0.wp.com\/blogdafeira.com.br\/home\/wp-content\/uploads\/2020\/12\/InShot_20201203_124132860.jpg?resize=1050%2C600&ssl=1 3x, https:\/\/i0.wp.com\/blogdafeira.com.br\/home\/wp-content\/uploads\/2020\/12\/InShot_20201203_124132860.jpg?resize=1400%2C800&ssl=1 4x"},"classes":[]},{"id":67417,"url":"https:\/\/blogdafeira.com.br\/home\/2025\/05\/22\/associacao-comunitaria-quer-pedagogia-e-curriculo-quilombolas-na-escola-estadual-da-matinha\/","url_meta":{"origin":52128,"position":1},"title":"Associa\u00e7\u00e3o Comunit\u00e1ria quer &#8216;pedagogia e curr\u00edculo quilombolas&#8217; na Escola Estadual da Matinha","author":"Secom\/FSA","date":"22\/05\/2025","format":false,"excerpt":"A Associa\u00e7\u00e3o Comunit\u00e1ria dos Moradores da Matinha (ACOMA), entidade dos moradores desse distrito de Feira de Santana h\u00e1 mais de 40 anos, defende que a Escola estadual em constru\u00e7\u00e3o, adote pedagogias e curr\u00edculos que valorizem a comunidade quilombola do local representadas pelos tr\u00eas quilombos existentes no territ\u00f3rio: 'Matinha dos Pretos',\u2026","rel":"","context":"Em &quot;Distritos&quot;","block_context":{"text":"Distritos","link":"https:\/\/blogdafeira.com.br\/home\/categoria\/distritos\/"},"img":{"alt_text":"","src":"https:\/\/i0.wp.com\/blogdafeira.com.br\/home\/wp-content\/uploads\/2025\/05\/IMG_20250424_1318225762-scaled.jpg?resize=350%2C200&ssl=1","width":350,"height":200,"srcset":"https:\/\/i0.wp.com\/blogdafeira.com.br\/home\/wp-content\/uploads\/2025\/05\/IMG_20250424_1318225762-scaled.jpg?resize=350%2C200&ssl=1 1x, https:\/\/i0.wp.com\/blogdafeira.com.br\/home\/wp-content\/uploads\/2025\/05\/IMG_20250424_1318225762-scaled.jpg?resize=525%2C300&ssl=1 1.5x, https:\/\/i0.wp.com\/blogdafeira.com.br\/home\/wp-content\/uploads\/2025\/05\/IMG_20250424_1318225762-scaled.jpg?resize=700%2C400&ssl=1 2x, https:\/\/i0.wp.com\/blogdafeira.com.br\/home\/wp-content\/uploads\/2025\/05\/IMG_20250424_1318225762-scaled.jpg?resize=1050%2C600&ssl=1 3x, https:\/\/i0.wp.com\/blogdafeira.com.br\/home\/wp-content\/uploads\/2025\/05\/IMG_20250424_1318225762-scaled.jpg?resize=1400%2C800&ssl=1 4x"},"classes":[]},{"id":35541,"url":"https:\/\/blogdafeira.com.br\/home\/2020\/02\/19\/aplb-protestou-defronte-ao-nucleo-de-educacao-estadual-na-feira\/","url_meta":{"origin":52128,"position":2},"title":"APLB protestou defronte ao N\u00facleo de Educa\u00e7\u00e3o estadual na Feira","author":"Secom\/FSA","date":"19\/02\/2020","format":false,"excerpt":"A APLB de Feira liderou\u00a0 hoje quarta-feira, 19,\u00a0 um ato de protesto frente ao\u00a0 N\u00facleo Territorial de Educa\u00e7\u00e3o - NTE, em Feira de Santana. O sindicato dos professores pressiona o\u00a0 \u00a0Governo Rui Costa\u00a0 pelo reajuste de 12.84% de forma linear para todos os professores estabelecido pelo Minist\u00e9rio da Educa\u00e7\u00e3o para\u2026","rel":"","context":"Em &quot;Cidade&quot;","block_context":{"text":"Cidade","link":"https:\/\/blogdafeira.com.br\/home\/categoria\/cidade\/"},"img":{"alt_text":"","src":"https:\/\/i0.wp.com\/blogdafeira.com.br\/home\/wp-content\/uploads\/2020\/02\/IMG-20200219-WA0026.jpg?resize=350%2C200&ssl=1","width":350,"height":200,"srcset":"https:\/\/i0.wp.com\/blogdafeira.com.br\/home\/wp-content\/uploads\/2020\/02\/IMG-20200219-WA0026.jpg?resize=350%2C200&ssl=1 1x, https:\/\/i0.wp.com\/blogdafeira.com.br\/home\/wp-content\/uploads\/2020\/02\/IMG-20200219-WA0026.jpg?resize=525%2C300&ssl=1 1.5x, https:\/\/i0.wp.com\/blogdafeira.com.br\/home\/wp-content\/uploads\/2020\/02\/IMG-20200219-WA0026.jpg?resize=700%2C400&ssl=1 2x"},"classes":[]},{"id":45349,"url":"https:\/\/blogdafeira.com.br\/home\/2021\/05\/10\/morreu-dionisio-pereira-lider-quilombola-e-sindicalista-rural-em-feira\/","url_meta":{"origin":52128,"position":3},"title":"Morreu Dion\u00edsio Pereira, l\u00edder quilombola e sindicalista rural em Feira","author":"Secom\/FSA","date":"10\/05\/2021","format":false,"excerpt":"Dionizio Pereira Fonseca 74 anos, morreu nesta segunda,10, ao meio-dia, em sua resid\u00eancia. L\u00edder quilombola rural, da comunidde da Matinha e Candeal 2, Dion\u00edsio foi presidente do Sindicato dos Trabalhadores Rurais de Feira de Santana e dirigente do polo sindical da regi\u00e3o de Feira. Dirigiu o Sicoob Feira e participou\u2026","rel":"","context":"Em &quot;Distritos&quot;","block_context":{"text":"Distritos","link":"https:\/\/blogdafeira.com.br\/home\/categoria\/distritos\/"},"img":{"alt_text":"","src":"https:\/\/i0.wp.com\/blogdafeira.com.br\/home\/wp-content\/uploads\/2021\/05\/Screenshot_20210510-1654422.png?resize=350%2C200&ssl=1","width":350,"height":200,"srcset":"https:\/\/i0.wp.com\/blogdafeira.com.br\/home\/wp-content\/uploads\/2021\/05\/Screenshot_20210510-1654422.png?resize=350%2C200&ssl=1 1x, https:\/\/i0.wp.com\/blogdafeira.com.br\/home\/wp-content\/uploads\/2021\/05\/Screenshot_20210510-1654422.png?resize=525%2C300&ssl=1 1.5x, https:\/\/i0.wp.com\/blogdafeira.com.br\/home\/wp-content\/uploads\/2021\/05\/Screenshot_20210510-1654422.png?resize=700%2C400&ssl=1 2x"},"classes":[]},{"id":70864,"url":"https:\/\/blogdafeira.com.br\/home\/2026\/01\/12\/matinha-rejeita-padrao-da-sec-e-quer-homenagens-no-colegio-quilombola-a-pessoas-ilustres-do-distrito\/","url_meta":{"origin":52128,"position":4},"title":"Matinha rejeita padr\u00e3o da SEC e quer homenagens no Col\u00e9gio Quilombola a pessoas ilustres do Distrito","author":"Secom\/FSA","date":"12\/01\/2026","format":false,"excerpt":"Baianos ilustres, como Santa Dulce, Dona Can\u00f4 e Ruy Barbosa s\u00e3o merecedores de homenagens mas essas n\u00e3o podem ser generalizadas ou tornarem-se um padr\u00e3o a ser usado em todas as escolas de tempo integral constru\u00eddas pelo governo da Bahia. E foi isso que a comunidade do distrito da Matinha rejeitou:\u2026","rel":"","context":"Em &quot;Cultura&quot;","block_context":{"text":"Cultura","link":"https:\/\/blogdafeira.com.br\/home\/categoria\/cultura\/"},"img":{"alt_text":"","src":"https:\/\/i0.wp.com\/blogdafeira.com.br\/home\/wp-content\/uploads\/2026\/01\/IMG_20260101_140413911_MP2-scaled.jpg?resize=350%2C200&ssl=1","width":350,"height":200,"srcset":"https:\/\/i0.wp.com\/blogdafeira.com.br\/home\/wp-content\/uploads\/2026\/01\/IMG_20260101_140413911_MP2-scaled.jpg?resize=350%2C200&ssl=1 1x, https:\/\/i0.wp.com\/blogdafeira.com.br\/home\/wp-content\/uploads\/2026\/01\/IMG_20260101_140413911_MP2-scaled.jpg?resize=525%2C300&ssl=1 1.5x, https:\/\/i0.wp.com\/blogdafeira.com.br\/home\/wp-content\/uploads\/2026\/01\/IMG_20260101_140413911_MP2-scaled.jpg?resize=700%2C400&ssl=1 2x, https:\/\/i0.wp.com\/blogdafeira.com.br\/home\/wp-content\/uploads\/2026\/01\/IMG_20260101_140413911_MP2-scaled.jpg?resize=1050%2C600&ssl=1 3x, https:\/\/i0.wp.com\/blogdafeira.com.br\/home\/wp-content\/uploads\/2026\/01\/IMG_20260101_140413911_MP2-scaled.jpg?resize=1400%2C800&ssl=1 4x"},"classes":[]},{"id":65167,"url":"https:\/\/blogdafeira.com.br\/home\/2025\/01\/14\/guda-mostra-terreno-onde-sera-a-escola-estadual-quilombola-da-matinha-dos-pretos\/","url_meta":{"origin":52128,"position":5},"title":"Guda mostra terreno onde ser\u00e1 a Escola Estadual Quilombola da Matinha dos Pretos","author":"Secom\/FSA","date":"14\/01\/2025","format":false,"excerpt":"Guda Moreno postou um v\u00eddeo mostrando o terreno o de dever\u00e1 ser constru\u00edda a Escola Estadual Quilombola da Matinha dos Pretos , um compromisso assumido na pra\u00e7a do Povoado sede do distrito, pelo governador Jer\u00f4nimo. Guda \u00e9 l\u00edder comunit\u00e1rio, membro de Associa\u00e7\u00f5es e famoso cantor e compositor de samba de\u2026","rel":"","context":"Em &quot;Cultura&quot;","block_context":{"text":"Cultura","link":"https:\/\/blogdafeira.com.br\/home\/categoria\/cultura\/"},"img":{"alt_text":"","src":"https:\/\/i0.wp.com\/blogdafeira.com.br\/home\/wp-content\/uploads\/2025\/01\/Screenshot_20250114-140731.png?resize=350%2C200&ssl=1","width":350,"height":200,"srcset":"https:\/\/i0.wp.com\/blogdafeira.com.br\/home\/wp-content\/uploads\/2025\/01\/Screenshot_20250114-140731.png?resize=350%2C200&ssl=1 1x, https:\/\/i0.wp.com\/blogdafeira.com.br\/home\/wp-content\/uploads\/2025\/01\/Screenshot_20250114-140731.png?resize=525%2C300&ssl=1 1.5x, https:\/\/i0.wp.com\/blogdafeira.com.br\/home\/wp-content\/uploads\/2025\/01\/Screenshot_20250114-140731.png?resize=700%2C400&ssl=1 2x, https:\/\/i0.wp.com\/blogdafeira.com.br\/home\/wp-content\/uploads\/2025\/01\/Screenshot_20250114-140731.png?resize=1050%2C600&ssl=1 3x"},"classes":[]}],"_links":{"self":[{"href":"https:\/\/blogdafeira.com.br\/home\/wp-json\/wp\/v2\/posts\/52128","targetHints":{"allow":["GET"]}}],"collection":[{"href":"https:\/\/blogdafeira.com.br\/home\/wp-json\/wp\/v2\/posts"}],"about":[{"href":"https:\/\/blogdafeira.com.br\/home\/wp-json\/wp\/v2\/types\/post"}],"author":[{"embeddable":true,"href":"https:\/\/blogdafeira.com.br\/home\/wp-json\/wp\/v2\/users\/1"}],"replies":[{"embeddable":true,"href":"https:\/\/blogdafeira.com.br\/home\/wp-json\/wp\/v2\/comments?post=52128"}],"version-history":[{"count":4,"href":"https:\/\/blogdafeira.com.br\/home\/wp-json\/wp\/v2\/posts\/52128\/revisions"}],"predecessor-version":[{"id":52133,"href":"https:\/\/blogdafeira.com.br\/home\/wp-json\/wp\/v2\/posts\/52128\/revisions\/52133"}],"wp:featuredmedia":[{"embeddable":true,"href":"https:\/\/blogdafeira.com.br\/home\/wp-json\/wp\/v2\/media\/52129"}],"wp:attachment":[{"href":"https:\/\/blogdafeira.com.br\/home\/wp-json\/wp\/v2\/media?parent=52128"}],"wp:term":[{"taxonomy":"category","embeddable":true,"href":"https:\/\/blogdafeira.com.br\/home\/wp-json\/wp\/v2\/categories?post=52128"},{"taxonomy":"post_tag","embeddable":true,"href":"https:\/\/blogdafeira.com.br\/home\/wp-json\/wp\/v2\/tags?post=52128"}],"curies":[{"name":"wp","href":"https:\/\/api.w.org\/{rel}","templated":true}]}}