{"id":52256,"date":"2022-05-12T10:47:09","date_gmt":"2022-05-12T13:47:09","guid":{"rendered":"https:\/\/blogdafeira.com.br\/home\/?p=52256"},"modified":"2022-05-13T14:04:28","modified_gmt":"2022-05-13T17:04:28","slug":"52256","status":"publish","type":"post","link":"https:\/\/blogdafeira.com.br\/home\/2022\/05\/12\/52256\/","title":{"rendered":"Poder Judici\u00e1rio da Bahia lembra Ruy Barbosa no &#8216;Dia da Mem\u00f3ria&#8217;"},"content":{"rendered":"<div id=\"blogd-3002976811\" class=\"blogd-fim-do-post-mobile blogd-entity-placement\" style=\"margin-left: auto;margin-right: auto;text-align: center;\"><a href=\"https:\/\/www.sefaz.feiradesantana.ba.gov.br\/\" target=\"_blank\" aria-label=\"728&#215;90 (6)\"><img loading=\"lazy\" decoding=\"async\" src=\"https:\/\/blogdafeira.com.br\/home\/wp-content\/uploads\/2026\/03\/728x90-6.gif\" alt=\"\"  class=\"no-lazyload\" width=\"728\" height=\"90\"  style=\"display: inline-block;\" \/><\/a><\/div><p>Em homenagem ao Dia da Mem\u00f3ria do Poder Judici\u00e1rio, celebrado em 10 de maio o Poder Judici\u00e1rio da Bahia, por meio da <a href=\"http:\/\/www5.tjba.jus.br\/portal\/comissao-permanente-de-memoria\/\" target=\"_blank\" rel=\"noopener\" data-saferedirecturl=\"https:\/\/www.google.com\/url?q=http:\/\/www5.tjba.jus.br\/portal\/comissao-permanente-de-memoria\/&amp;source=gmail&amp;ust=1652448922999000&amp;usg=AOvVaw27lMJ1mKNhIwdKxewiVSL2\">Comiss\u00e3o Permanente de Mem\u00f3ria<\/a>, divulga dois materiais em acesso livre sobre o jurista baiano Ruy Barbosa: o\u00a0<a href=\"https:\/\/sites.google.com\/view\/memorial-ruy-barbosa\" target=\"_blank\" rel=\"noopener\" data-saferedirecturl=\"https:\/\/www.google.com\/url?q=https:\/\/sites.google.com\/view\/memorial-ruy-barbosa&amp;source=gmail&amp;ust=1652448922999000&amp;usg=AOvVaw0M_McrnYn7I8wjSrnO5HKZ\">Memorial Ruy Barbosa<\/a>, que resgata em detalhes a vida e obra do jurista e abolicionista baiano em forma de linha de tempo; e o e-book\u00a0<a href=\"https:\/\/online.pubhtml5.com\/ffpm\/efyp\/#p=1\" target=\"_blank\" rel=\"noopener\" data-saferedirecturl=\"https:\/\/www.google.com\/url?q=https:\/\/online.pubhtml5.com\/ffpm\/efyp\/%23p%3D1&amp;source=gmail&amp;ust=1652448922999000&amp;usg=AOvVaw1rkqK__GJAx-kbZVew-vNV\">\u201cAntecedentes Hist\u00f3ricos do F\u00f3rum Ruy Barbosa\u201d<\/a>, que contextualiza o surgimento do Tribunal baiano, at\u00e9 a constru\u00e7\u00e3o de sua s\u00e9tima sede \u2013 o F\u00f3rum Ruy Barbosa.<\/p><div id=\"blogd-2778949614\" class=\"blogd-conteudo-2-mobile blogd-entity-placement\"><a href=\"https:\/\/feirenses.com.br\/\" target=\"_blank\" aria-label=\"feirenses\"><img loading=\"lazy\" decoding=\"async\" src=\"https:\/\/blogdafeira.com.br\/home\/wp-content\/uploads\/2026\/04\/feirenses.png\" alt=\"\"  srcset=\"https:\/\/blogdafeira.com.br\/home\/wp-content\/uploads\/2026\/04\/feirenses.png 300w, https:\/\/blogdafeira.com.br\/home\/wp-content\/uploads\/2026\/04\/feirenses-170x45.png 170w, https:\/\/blogdafeira.com.br\/home\/wp-content\/uploads\/2026\/04\/feirenses-280x74.png 280w\" sizes=\"(max-width: 300px) 100vw, 300px\" class=\"no-lazyload\" width=\"300\" height=\"79\"  style=\"display: inline-block;\" \/><\/a><\/div>\n<p><strong>Memorial Ruy Barbosa \u2013<\/strong>\u00a0Completa com uma galeria de fotos e documentos da \u00e9poca, a linha do tempo do\u00a0<a href=\"https:\/\/sites.google.com\/view\/memorial-ruy-barbosa\" target=\"_blank\" rel=\"noopener\" data-saferedirecturl=\"https:\/\/www.google.com\/url?q=https:\/\/sites.google.com\/view\/memorial-ruy-barbosa&amp;source=gmail&amp;ust=1652448922999000&amp;usg=AOvVaw0M_McrnYn7I8wjSrnO5HKZ\">Memorial Ruy Barbosa<\/a>\u00a0reconstr\u00f3i cuidadosamente a trajet\u00f3ria do jurista baiano, desde seu nascimento at\u00e9 o translado de seus restos mortais \u00e0 cripta onde descansam at\u00e9 hoje, no F\u00f3rum Ruy Barbosa, em Salvador. O site est\u00e1 dispon\u00edvel para consulta e pesquisa por meio da p\u00e1gina da Comiss\u00e3o Permanente de Mem\u00f3ria do PJBA.<\/p>\n<p><strong>E-book<\/strong>\u00a0\u2013 O livro\u00a0<a href=\"https:\/\/online.pubhtml5.com\/ffpm\/efyp\/#p=1\" target=\"_blank\" rel=\"noopener\" data-saferedirecturl=\"https:\/\/www.google.com\/url?q=https:\/\/online.pubhtml5.com\/ffpm\/efyp\/%23p%3D1&amp;source=gmail&amp;ust=1652448922999000&amp;usg=AOvVaw1rkqK__GJAx-kbZVew-vNV\">\u201cAntecedentes Hist\u00f3ricos do F\u00f3rum Ruy Barbosa\u201d<\/a>\u00a0foi lan\u00e7ado, inicialmente, em formato f\u00edsico, em comemora\u00e7\u00e3o aos 70 anos de inaugura\u00e7\u00e3o do F\u00f3rum Ruy Barbosa, em 2019. A obra conta com texto original de Carlos Alberto Carrillo, revis\u00e3o do Desembargador Lidivaldo Reaiche e fotografias originais de Nei Pinto Ferreira e Carlos Alberto Carrillo. Nos cap\u00edtulos, s\u00e3o abordados temas como a opul\u00eancia e a mis\u00e9ria das Cortes de Justi\u00e7a na Bahia, invent\u00e1rios e regimentos dos Tribunais e a ocupa\u00e7\u00e3o e o acabamento do F\u00f3rum Ruy Barbosa. O e-book est\u00e1 dispon\u00edvel, de forma gratuita, na p\u00e1gina da Comiss\u00e3o Permanente de Mem\u00f3ria do PJBA.<\/p>\n<p><strong>Ruy Barbosa &#8211;<\/strong>Nascido em 5 de novembro de 1849 \u2013 a mesma data em que, 100 anos depois, seria inaugurado um F\u00f3rum em sua homenagem \u2013 Ruy Barbosa de Oliveira nasceu no Centro Hist\u00f3rico de Salvador.A\u00a0<a href=\"http:\/\/www.planalto.gov.br\/ccivil_03\/leis\/1970-1979\/l5579.htm#:~:text=L5579&amp;text=LEI%20N%C2%BA%205.579%2C%20DE%2015,O%20PRESIDENTE%20DA%20REP%C3%9ABLICA.\" target=\"_blank\" rel=\"noopener\" data-saferedirecturl=\"https:\/\/www.google.com\/url?q=http:\/\/www.planalto.gov.br\/ccivil_03\/leis\/1970-1979\/l5579.htm%23:~:text%3DL5579%26text%3DLEI%2520N%25C2%25BA%25205.579%252C%2520DE%252015,O%2520PRESIDENTE%2520DA%2520REP%25C3%259ABLICA.&amp;source=gmail&amp;ust=1652448922999000&amp;usg=AOvVaw07RZgVEY1Y7xwsPwGnlFzC\">Lei Federal n\u00ba 5.579<\/a>\u00a0institui o dia 5 de novembro, em homenagem ao nascimento de Ruy Barbosa, como Dia da Cultura e da Ci\u00eancia.<\/p>\n<p>Em 1888, em Salvador, no Teatro S\u00e3o Jo\u00e3o, no evento promovido pela Sociedade Libertadora Baiana, Ruy Barbosa defendeu a aboli\u00e7\u00e3o da escravid\u00e3o, que se comemora amanh\u00e3, 13 de maio.<\/p>\n<p><strong>Semana da Mem\u00f3ria<\/strong> \u2013 , o PJBA est\u00e1 com uma programa\u00e7\u00e3o de not\u00edcias multim\u00eddia que visa aproximar a popula\u00e7\u00e3o da hist\u00f3ria e do rico legado do Tribunal baiano. A data objetiva conferir maior visibilidade \u00e0 Mem\u00f3ria da Justi\u00e7a brasileira e \u00e0 import\u00e2ncia do resgate, preserva\u00e7\u00e3o, valoriza\u00e7\u00e3o e divulga\u00e7\u00e3o do seu patrim\u00f4nio hist\u00f3rico.<\/p>\n<p>O projeto faz parte da Semana da Mem\u00f3ria, proposta pelo Programa Nacional de Gest\u00e3o<\/p>\n<p><a href=\"http:\/\/www5.tjba.jus.br\/portal\/comissao-permanente-de-memoria\/\" target=\"_blank\" rel=\"noopener\" data-saferedirecturl=\"https:\/\/www.google.com\/url?q=http:\/\/www5.tjba.jus.br\/portal\/comissao-permanente-de-memoria\/&amp;source=gmail&amp;ust=1652448922999000&amp;usg=AOvVaw27lMJ1mKNhIwdKxewiVSL2\">Clique aqui e saiba mais sobre a atua\u00e7\u00e3o da Comiss\u00e3o de Mem\u00f3ria do PJBA.<\/a><\/p>\n<div id=\"blogd-1015857042\" class=\"blogd-final-post blogd-entity-placement\"><a href=\"https:\/\/www.feiradesantana.ba.leg.br\/\" target=\"_blank\" aria-label=\"BANNER-SITE-ENTREGADECHEQUE-CAMARADEFEIRA\"><img loading=\"lazy\" decoding=\"async\" src=\"https:\/\/blogdafeira.com.br\/home\/wp-content\/uploads\/2026\/03\/BANNER-SITE-ENTREGADECHEQUE-CAMARADEFEIRA.gif\" alt=\"\"  class=\"no-lazyload\" width=\"728\" height=\"90\"   \/><\/a><\/div><p><strong>Imagem:<\/strong> busto de Ruy Barbosa<\/p>\n","protected":false},"excerpt":{"rendered":"<p>Em homenagem ao Dia da Mem\u00f3ria do Poder Judici\u00e1rio, celebrado em 10 de maio o Poder Judici\u00e1rio da Bahia, por meio da Comiss\u00e3o Permanente de Mem\u00f3ria, divulga dois materiais em acesso livre sobre o jurista baiano Ruy Barbosa: o\u00a0Memorial Ruy Barbosa, que resgata em detalhes a vida e obra do jurista e abolicionista baiano em<\/p>\n","protected":false},"author":1,"featured_media":52257,"comment_status":"open","ping_status":"open","sticky":false,"template":"","format":"standard","meta":{"jetpack_post_was_ever_published":false,"cybocfi_hide_featured_image":"","_jetpack_newsletter_access":"","_jetpack_dont_email_post_to_subs":false,"_jetpack_newsletter_tier_id":0,"_jetpack_memberships_contains_paywalled_content":false,"_jetpack_memberships_contains_paid_content":false,"footnotes":"","jetpack_publicize_message":"","jetpack_publicize_feature_enabled":true,"jetpack_social_post_already_shared":true,"jetpack_social_options":{"image_generator_settings":{"template":"highway","default_image_id":0,"font":"","enabled":false},"version":2}},"categories":[4,1],"tags":[],"class_list":["post-52256","post","type-post","status-publish","format-standard","has-post-thumbnail","hentry","category-cultura","category-raiz"],"jetpack_publicize_connections":[],"jetpack_featured_media_url":"https:\/\/blogdafeira.com.br\/home\/wp-content\/uploads\/2022\/05\/ruy-2.jpg","jetpack_shortlink":"https:\/\/wp.me\/s3niVf-52256","jetpack_sharing_enabled":true,"jetpack-related-posts":[{"id":10154,"url":"https:\/\/blogdafeira.com.br\/home\/2014\/04\/09\/ministro-joaquim-barbosa-vem-a-salvador-nesta-sexta-feira\/","url_meta":{"origin":52256,"position":0},"title":"Ministro Joaquim Barbosa vem a Salvador nesta sexta-feira","author":"Imprensa\/TJBA","date":"09\/04\/2014","format":false,"excerpt":"O presidente do Supremo Tribunal Federal e do Conselho Nacional de Justi\u00e7a (CNJ), ministro Joaquim Barbosa, e o corregedor Nacional de Justi\u00e7a, ministro Francisco Falc\u00e3o, estar\u00e3o em Salvador na pr\u00f3xima sexta-feira (11), para acompanhar o in\u00edcio da implanta\u00e7\u00e3o do Processo Judicial Eletr\u00f4nico (PJe) no Tribunal de Justi\u00e7a da Bahia. Os\u2026","rel":"","context":"Em &quot;Home&quot;","block_context":{"text":"Home","link":"https:\/\/blogdafeira.com.br\/home\/categoria\/raiz\/"},"img":{"alt_text":"joaquim_barbosa_04042014","src":"https:\/\/i0.wp.com\/blogdafeira.com.br\/home\/wp-content\/uploads\/2014\/04\/joaquim_barbosa_04042014.jpg?resize=350%2C200","width":350,"height":200},"classes":[]},{"id":49606,"url":"https:\/\/blogdafeira.com.br\/home\/2021\/12\/23\/presidente-do-tribunal-de-justica-da-bahia-faz-balanco-de-inauguracoes\/","url_meta":{"origin":52256,"position":1},"title":"Presidente do Tribunal de Justi\u00e7a da Bahia faz &#8220;balan\u00e7o&#8221; de inaugura\u00e7\u00f5es","author":"Imprensa\/TJBA","date":"23\/12\/2021","format":false,"excerpt":"A flexibiliza\u00e7\u00e3o dos trabalhos,\u00a0decretada em abril de 2021, ap\u00f3s a\u00a0paraliza\u00e7\u00e3o das atividades\u00a0devido\u00a0\u00e0\u00a0pandemia da Covid-19, permitiu ao\u00a0Presidente do Poder Judici\u00e1rio do Estado da Bahia (PJBA), Desembargador Lourival Almeida Trindade,\u00a0retomar as\u00a0inaugura\u00e7\u00f5es e instala\u00e7\u00f5es\u00a0de novas unidades\u00a0no\u00a0Estado da Bahia.\u00a0Desde\u00a0maio\u00a0deste ano,\u00a036\u00a0visitas\u00a0foram realizadas\u00a0na capital, regi\u00e3o metropolitana e interior,\u00a0com vistas a\u00a0cumprir as metas estabelecidas no in\u00edcio da\u2026","rel":"","context":"Em &quot;Geral&quot;","block_context":{"text":"Geral","link":"https:\/\/blogdafeira.com.br\/home\/categoria\/geral\/"},"img":{"alt_text":"","src":"https:\/\/i0.wp.com\/blogdafeira.com.br\/home\/wp-content\/uploads\/2021\/12\/Presidente-do-PJBA-Desembargador-Lourival-Almeida-Trindade-realiza-36-visitas-na-capital-regiao-metropolitana-e-interior-de-junho-a-dezembro-de-2021.jpeg?resize=350%2C200&ssl=1","width":350,"height":200,"srcset":"https:\/\/i0.wp.com\/blogdafeira.com.br\/home\/wp-content\/uploads\/2021\/12\/Presidente-do-PJBA-Desembargador-Lourival-Almeida-Trindade-realiza-36-visitas-na-capital-regiao-metropolitana-e-interior-de-junho-a-dezembro-de-2021.jpeg?resize=350%2C200&ssl=1 1x, https:\/\/i0.wp.com\/blogdafeira.com.br\/home\/wp-content\/uploads\/2021\/12\/Presidente-do-PJBA-Desembargador-Lourival-Almeida-Trindade-realiza-36-visitas-na-capital-regiao-metropolitana-e-interior-de-junho-a-dezembro-de-2021.jpeg?resize=525%2C300&ssl=1 1.5x, https:\/\/i0.wp.com\/blogdafeira.com.br\/home\/wp-content\/uploads\/2021\/12\/Presidente-do-PJBA-Desembargador-Lourival-Almeida-Trindade-realiza-36-visitas-na-capital-regiao-metropolitana-e-interior-de-junho-a-dezembro-de-2021.jpeg?resize=700%2C400&ssl=1 2x"},"classes":[]},{"id":21079,"url":"https:\/\/blogdafeira.com.br\/home\/2016\/04\/26\/cerimonialistas-vao-simular-rito-funebre-na-cripta-de-ruy-barbosa\/","url_meta":{"origin":52256,"position":2},"title":"Cerimonialistas v\u00e3o simular rito f\u00fanebre na cripta de Ruy Barbosa","author":"Imprensa\/TJBA","date":"26\/04\/2016","format":false,"excerpt":"Salvador vai sediar, de 1\u00ba a 3 de maio, a sexta edi\u00e7\u00e3o da Conven\u00e7\u00e3o dos Cerimonialistas e Mestres de Cerim\u00f4nias do Brasil. O evento ser\u00e1 realizado no Pal\u00e1cio Rio Branco, na Pra\u00e7a Tom\u00e9 de Souza. O Tribunal de Justi\u00e7a da Bahia \u00e9 um dos apoiadores do evento e a chefe\u2026","rel":"","context":"Em &quot;Home&quot;","block_context":{"text":"Home","link":"https:\/\/blogdafeira.com.br\/home\/categoria\/raiz\/"},"img":{"alt_text":"ruy","src":"https:\/\/i0.wp.com\/blogdafeira.com.br\/home\/wp-content\/uploads\/2016\/04\/ruy.jpg?resize=350%2C200","width":350,"height":200,"srcset":"https:\/\/i0.wp.com\/blogdafeira.com.br\/home\/wp-content\/uploads\/2016\/04\/ruy.jpg?resize=350%2C200 1x, https:\/\/i0.wp.com\/blogdafeira.com.br\/home\/wp-content\/uploads\/2016\/04\/ruy.jpg?resize=525%2C300 1.5x, https:\/\/i0.wp.com\/blogdafeira.com.br\/home\/wp-content\/uploads\/2016\/04\/ruy.jpg?resize=700%2C400 2x"},"classes":[]},{"id":25670,"url":"https:\/\/blogdafeira.com.br\/home\/2017\/02\/13\/coronel-e-oto-alencar-acompanharam-rui-costa-em-visita-a-ruy-barbosa\/","url_meta":{"origin":52256,"position":3},"title":"Coronel e Oto Alencar acompanharam Rui Costa em visita a Ruy Barbosa","author":"Imprensa\/TJBA","date":"13\/02\/2017","format":false,"excerpt":"O presidente da Assembleia Legislativa da Bahia, Angelo Coronel, acompanhou o governador Rui Costa na entrega das chaves de vinte novas viaturas policiais para refor\u00e7ar a seguran\u00e7a em Ruy Barbosa, Pintadas, Boa Vista do Tupim, Ia\u00e7u, Macajuba, Milagres, Utinga, Wagner, Itaberaba e Ipir\u00e1, al\u00e9m de seis ve\u00edculos para a Pol\u00edcia\u2026","rel":"","context":"Em &quot;Home&quot;","block_context":{"text":"Home","link":"https:\/\/blogdafeira.com.br\/home\/categoria\/raiz\/"},"img":{"alt_text":"coronel","src":"https:\/\/i0.wp.com\/blogdafeira.com.br\/home\/wp-content\/uploads\/2017\/02\/coronel-1024x683.jpg?resize=350%2C200","width":350,"height":200,"srcset":"https:\/\/i0.wp.com\/blogdafeira.com.br\/home\/wp-content\/uploads\/2017\/02\/coronel-1024x683.jpg?resize=350%2C200 1x, https:\/\/i0.wp.com\/blogdafeira.com.br\/home\/wp-content\/uploads\/2017\/02\/coronel-1024x683.jpg?resize=525%2C300 1.5x, https:\/\/i0.wp.com\/blogdafeira.com.br\/home\/wp-content\/uploads\/2017\/02\/coronel-1024x683.jpg?resize=700%2C400 2x"},"classes":[]},{"id":9495,"url":"https:\/\/blogdafeira.com.br\/home\/2014\/03\/07\/faculdade-ruy-barbosa-abre-inscricoes-para-pos-graduacao-em-gastronomia\/","url_meta":{"origin":52256,"position":4},"title":"Faculdade Ruy Barbosa abre inscri\u00e7\u00f5es para P\u00f3s-gradua\u00e7\u00e3o em Gastronomia","author":"Imprensa\/TJBA","date":"07\/03\/2014","format":false,"excerpt":"A especializa\u00e7\u00e3o em Gastronomia da Faculdade Ruy Barbosa ter\u00e1 in\u00edcio no dia 31 de mar\u00e7o, em Salvador, e conta com seis m\u00f3dulos de 60 horas de aulas, entre eles, alimenta\u00e7\u00e3o segura, confeitaria e panifica\u00e7\u00e3o, bebidas e harmoniza\u00e7\u00e3o, m\u00f3dulo para trabalho de conclus\u00e3o de curso. As aulas ser\u00e3o 90% pr\u00e1ticas com\u2026","rel":"","context":"Em &quot;Home&quot;","block_context":{"text":"Home","link":"https:\/\/blogdafeira.com.br\/home\/categoria\/raiz\/"},"img":{"alt_text":"","src":"","width":0,"height":0},"classes":[]},{"id":16381,"url":"https:\/\/blogdafeira.com.br\/home\/2015\/08\/29\/monumento-em-salvador-marca-os-36-anos-da-lei-de-anistia-no-brasil\/","url_meta":{"origin":52256,"position":5},"title":"Monumento em Salvador marca os 36 anos da Lei de Anistia no Brasil","author":"Imprensa\/TJBA","date":"29\/08\/2015","format":false,"excerpt":"Quem passa pela Pra\u00e7a do Campo da P\u00f3lvora em dire\u00e7\u00e3o ao F\u00f3rum Ruy Barbosa, \u00a0ou \u00e0 esta\u00e7\u00e3o do metr\u00f4, em Salvador, a partir de agora encontra um marco que preserva a mem\u00f3ria dos\u00a0baianos e brasileiros que tombaram na luta por liberdade entre 1964 e 1985.:foi inaugurado, nesta sexta-feira (28), o\u00a0Monumento\u2026","rel":"","context":"Em &quot;Home&quot;","block_context":{"text":"Home","link":"https:\/\/blogdafeira.com.br\/home\/categoria\/raiz\/"},"img":{"alt_text":"anistia","src":"https:\/\/i0.wp.com\/blogdafeira.com.br\/home\/wp-content\/uploads\/2015\/08\/anistia.jpg?resize=350%2C200","width":350,"height":200,"srcset":"https:\/\/i0.wp.com\/blogdafeira.com.br\/home\/wp-content\/uploads\/2015\/08\/anistia.jpg?resize=350%2C200 1x, https:\/\/i0.wp.com\/blogdafeira.com.br\/home\/wp-content\/uploads\/2015\/08\/anistia.jpg?resize=525%2C300 1.5x, https:\/\/i0.wp.com\/blogdafeira.com.br\/home\/wp-content\/uploads\/2015\/08\/anistia.jpg?resize=700%2C400 2x"},"classes":[]}],"_links":{"self":[{"href":"https:\/\/blogdafeira.com.br\/home\/wp-json\/wp\/v2\/posts\/52256","targetHints":{"allow":["GET"]}}],"collection":[{"href":"https:\/\/blogdafeira.com.br\/home\/wp-json\/wp\/v2\/posts"}],"about":[{"href":"https:\/\/blogdafeira.com.br\/home\/wp-json\/wp\/v2\/types\/post"}],"author":[{"embeddable":true,"href":"https:\/\/blogdafeira.com.br\/home\/wp-json\/wp\/v2\/users\/1"}],"replies":[{"embeddable":true,"href":"https:\/\/blogdafeira.com.br\/home\/wp-json\/wp\/v2\/comments?post=52256"}],"version-history":[{"count":2,"href":"https:\/\/blogdafeira.com.br\/home\/wp-json\/wp\/v2\/posts\/52256\/revisions"}],"predecessor-version":[{"id":52259,"href":"https:\/\/blogdafeira.com.br\/home\/wp-json\/wp\/v2\/posts\/52256\/revisions\/52259"}],"wp:featuredmedia":[{"embeddable":true,"href":"https:\/\/blogdafeira.com.br\/home\/wp-json\/wp\/v2\/media\/52257"}],"wp:attachment":[{"href":"https:\/\/blogdafeira.com.br\/home\/wp-json\/wp\/v2\/media?parent=52256"}],"wp:term":[{"taxonomy":"category","embeddable":true,"href":"https:\/\/blogdafeira.com.br\/home\/wp-json\/wp\/v2\/categories?post=52256"},{"taxonomy":"post_tag","embeddable":true,"href":"https:\/\/blogdafeira.com.br\/home\/wp-json\/wp\/v2\/tags?post=52256"}],"curies":[{"name":"wp","href":"https:\/\/api.w.org\/{rel}","templated":true}]}}