{"id":52351,"date":"2022-05-15T20:27:50","date_gmt":"2022-05-15T23:27:50","guid":{"rendered":"https:\/\/blogdafeira.com.br\/home\/?p=52351"},"modified":"2022-05-18T00:31:59","modified_gmt":"2022-05-18T03:31:59","slug":"aldo-arantes-lanca-em-itabuna-biografia-de-haroldo-lima","status":"publish","type":"post","link":"https:\/\/blogdafeira.com.br\/home\/2022\/05\/15\/aldo-arantes-lanca-em-itabuna-biografia-de-haroldo-lima\/","title":{"rendered":"Aldo Arantes lan\u00e7a em Itabuna biografia de Haroldo Lima"},"content":{"rendered":"<div id=\"blogd-34208247\" class=\"blogd-fim-do-post-mobile blogd-entity-placement\" style=\"margin-left: auto;margin-right: auto;text-align: center;\"><a href=\"https:\/\/www.sefaz.feiradesantana.ba.gov.br\/\" target=\"_blank\" aria-label=\"728&#215;90 (6)\"><img loading=\"lazy\" decoding=\"async\" src=\"https:\/\/blogdafeira.com.br\/home\/wp-content\/uploads\/2026\/03\/728x90-6.gif\" alt=\"\"  class=\"no-lazyload\" width=\"728\" height=\"90\"  style=\"display: inline-block;\" \/><\/a><\/div><p style=\"font-weight: 400;\">A trajet\u00f3ria e as id\u00e9ias do baiano\u00a0 Haroldo Lima &#8211; um dos principais dirigentes do Partido Comunista do Brasil (PCdoB), falecido em mar\u00e7o do ano passado, \u00e9 contada pelo ex-deputado constituinte <strong><a href=\"https:\/\/pt.wikipedia.org\/wiki\/Aldo_Arantes\">A<\/a><a href=\"https:\/\/pt.wikipedia.org\/wiki\/Aldo_Arantes\">ldo Silva Arantes<\/a><\/strong>, no livro<em> Haroldo Lima coragem e dedica\u00e7\u00e3o \u00e0<\/em> luta do povo, que ser\u00e1 lan\u00e7ado na pr\u00f3xima ter\u00e7a-feira (17\/05), \u00e0s 18h, no Sindicato dos Banc\u00e1rios, em Itabuna, sul da Bahia.<\/p><div id=\"blogd-2817662389\" class=\"blogd-conteudo-2-mobile blogd-entity-placement\"><a href=\"https:\/\/feirenses.com.br\/\" target=\"_blank\" aria-label=\"feirenses\"><img loading=\"lazy\" decoding=\"async\" src=\"https:\/\/blogdafeira.com.br\/home\/wp-content\/uploads\/2026\/04\/feirenses.png\" alt=\"\"  srcset=\"https:\/\/blogdafeira.com.br\/home\/wp-content\/uploads\/2026\/04\/feirenses.png 300w, https:\/\/blogdafeira.com.br\/home\/wp-content\/uploads\/2026\/04\/feirenses-170x45.png 170w, https:\/\/blogdafeira.com.br\/home\/wp-content\/uploads\/2026\/04\/feirenses-280x74.png 280w\" sizes=\"(max-width: 300px) 100vw, 300px\" class=\"no-lazyload\" width=\"300\" height=\"79\"  style=\"display: inline-block;\" \/><\/a><\/div>\n<p style=\"font-weight: 400;\">\u201c<em>\u00c9 com orgulho que recebemos em nossa cidade esse brilhante autor que fez com tanta veem\u00eancia a biografia desse grande l\u00edder comunista baiano\u201d,<\/em> celebrou o presidente do PCdoB de Itabuna, Wenceslau J\u00fanior.<\/p>\n<p style=\"font-weight: 400;\">A hist\u00f3ria \u00e9 dividida em tr\u00eas partes: a vida de Haroldo Lima em Caetit\u00e9, a filia\u00e7\u00e3o no partido comunista e a resist\u00eancia \u00e0 Ditadura Militar. Os textos e imagens que, integram o livro possui relatos escritos pelo l\u00edder comunista baiano que faleceu em mar\u00e7o de 2021, v\u00edtima da Covid, sem conseguir ver suas mem\u00f3rias publicadas.<\/p>\n<p style=\"font-weight: 400;\"><strong>POESIA DE PATATIVA\u00a0<\/strong> &#8211; Aldo Arantes revela algumas curiosidades como a de que Haroldo Lima tamb\u00e9m era um grande <em>&#8220;contador de hist\u00f3rias<\/em> e <em>&#8220;adorava recitar as poesias de Patativa do Assar\u00e9<\/em>.&#8221; Na biografia est\u00e3o registrados, pelas m\u00e3os do pr\u00f3prio Haroldo, muitos destes casos que deve despertar o interesse e a emo\u00e7\u00e3o de todos os que o lerem.<\/p>\n<div id=\"blogd-3978731131\" class=\"blogd-final-post blogd-entity-placement\"><a href=\"https:\/\/www.feiradesantana.ba.leg.br\/\" target=\"_blank\" aria-label=\"BANNER-SITE-ENTREGADECHEQUE-CAMARADEFEIRA\"><img loading=\"lazy\" decoding=\"async\" src=\"https:\/\/blogdafeira.com.br\/home\/wp-content\/uploads\/2026\/03\/BANNER-SITE-ENTREGADECHEQUE-CAMARADEFEIRA.gif\" alt=\"\"  class=\"no-lazyload\" width=\"728\" height=\"90\"   \/><\/a><\/div><p style=\"font-weight: 400;\">Haroldo Lima era advogado e mestre em Ci\u00eancia Pol\u00edtica. Foi integrante da Juventude Universit\u00e1ria Cat\u00f3lica (JUC) e da A\u00e7\u00e3o Popular (AP), presidiu a Uni\u00e3o Nacional dos Estudantes entre 1961 e 1963 e ingressou no PCdoB em 1972, com a incorpora\u00e7\u00e3o da AP, e desde ent\u00e3o integra o seu Comit\u00ea Central. Em 1976, ap\u00f3s a Chacina da Lapa, foi preso e torturado pela ditadura militar e exerceu em quatro oportunidades o mandato de deputado federal pelo estado de Goi\u00e1s, tendo sido um dos deputados Constituintes de 88.<\/p>\n","protected":false},"excerpt":{"rendered":"<p>A trajet\u00f3ria e as id\u00e9ias do baiano\u00a0 Haroldo Lima &#8211; um dos principais dirigentes do Partido Comunista do Brasil (PCdoB), falecido em mar\u00e7o do ano passado, \u00e9 contada pelo ex-deputado constituinte Aldo Silva Arantes, no livro Haroldo Lima coragem e dedica\u00e7\u00e3o \u00e0 luta do povo, que ser\u00e1 lan\u00e7ado na pr\u00f3xima ter\u00e7a-feira (17\/05), \u00e0s 18h, no<\/p>\n","protected":false},"author":1,"featured_media":52356,"comment_status":"open","ping_status":"open","sticky":false,"template":"","format":"standard","meta":{"jetpack_post_was_ever_published":false,"cybocfi_hide_featured_image":"","_jetpack_newsletter_access":"","_jetpack_dont_email_post_to_subs":false,"_jetpack_newsletter_tier_id":0,"_jetpack_memberships_contains_paywalled_content":false,"_jetpack_memberships_contains_paid_content":false,"footnotes":"","jetpack_publicize_message":"","jetpack_publicize_feature_enabled":true,"jetpack_social_post_already_shared":true,"jetpack_social_options":{"image_generator_settings":{"template":"highway","default_image_id":0,"font":"","enabled":false},"version":2}},"categories":[1,631],"tags":[],"class_list":["post-52351","post","type-post","status-publish","format-standard","has-post-thumbnail","hentry","category-raiz","category-politica"],"jetpack_publicize_connections":[],"jetpack_featured_media_url":"https:\/\/blogdafeira.com.br\/home\/wp-content\/uploads\/2022\/05\/haroldo-lima.webp","jetpack_shortlink":"https:\/\/wp.me\/p3niVf-dCn","jetpack_sharing_enabled":true,"jetpack-related-posts":[{"id":44330,"url":"https:\/\/blogdafeira.com.br\/home\/2021\/03\/24\/jornalistas-em-feira-lamentam-a-morte-e-lembram-haroldo-lima\/","url_meta":{"origin":52351,"position":0},"title":"Jornalistas em Feira lamentam a morte e lembram Haroldo Lima","author":"Ascom\/Aldo Arantes","date":"24\/03\/2021","format":false,"excerpt":"O ex-deputado federal pelo PCdoB da Bahia e ex-presidente da Ag\u00eancia Nacional de Petr\u00f3leo, Energia e Gast\u00e3o (ANP), Haroldo Lima, 81 anos, morreu v\u00edtima da covid-19, nesta quarta-feira (24). Ele estava internado tratando a doen\u00e7a e, na \u00faltima sexta-feira (19), foi intubado. Alguns depoimentos de jornalistas locais que o conheceram:\u2026","rel":"","context":"Em &quot;Home&quot;","block_context":{"text":"Home","link":"https:\/\/blogdafeira.com.br\/home\/categoria\/raiz\/"},"img":{"alt_text":"","src":"https:\/\/i0.wp.com\/blogdafeira.com.br\/home\/wp-content\/uploads\/2021\/03\/HL.jpg?resize=350%2C200&ssl=1","width":350,"height":200,"srcset":"https:\/\/i0.wp.com\/blogdafeira.com.br\/home\/wp-content\/uploads\/2021\/03\/HL.jpg?resize=350%2C200&ssl=1 1x, https:\/\/i0.wp.com\/blogdafeira.com.br\/home\/wp-content\/uploads\/2021\/03\/HL.jpg?resize=525%2C300&ssl=1 1.5x"},"classes":[]},{"id":59759,"url":"https:\/\/blogdafeira.com.br\/home\/2023\/10\/19\/assembleia-legislativa-lanca-perfis-biograficos-do-sambista-walmir-lima-e-de-paulo-maracaja\/","url_meta":{"origin":52351,"position":1},"title":"Assembleia Legislativa lan\u00e7a perfis biogr\u00e1ficos do sambista Walmir Lima e de Paulo Maracaj\u00e1","author":"Ascom\/Aldo Arantes","date":"19\/10\/2023","format":false,"excerpt":"Com uma plateia formada por admiradores da m\u00fasica e do futebol baiano, a Assembleia Legislativa da Bahia (Alba) lan\u00e7ou, na tarde desta quarta-feira (18), no sagu\u00e3o Deputado Nestor Duarte, os perfis biogr\u00e1ficos do sambista Walmir Lima e do ex-dirigente do Esporte Clube Bahia, Paulo Maracaj\u00e1. Intituladas \u201cWalmir Lima \u2013 Um\u2026","rel":"","context":"Em &quot;Cultura&quot;","block_context":{"text":"Cultura","link":"https:\/\/blogdafeira.com.br\/home\/categoria\/cultura\/"},"img":{"alt_text":"","src":"https:\/\/i0.wp.com\/blogdafeira.com.br\/home\/wp-content\/uploads\/2023\/10\/IMG-20231019-WA0053.jpg?resize=350%2C200&ssl=1","width":350,"height":200,"srcset":"https:\/\/i0.wp.com\/blogdafeira.com.br\/home\/wp-content\/uploads\/2023\/10\/IMG-20231019-WA0053.jpg?resize=350%2C200&ssl=1 1x, https:\/\/i0.wp.com\/blogdafeira.com.br\/home\/wp-content\/uploads\/2023\/10\/IMG-20231019-WA0053.jpg?resize=525%2C300&ssl=1 1.5x, https:\/\/i0.wp.com\/blogdafeira.com.br\/home\/wp-content\/uploads\/2023\/10\/IMG-20231019-WA0053.jpg?resize=700%2C400&ssl=1 2x, https:\/\/i0.wp.com\/blogdafeira.com.br\/home\/wp-content\/uploads\/2023\/10\/IMG-20231019-WA0053.jpg?resize=1050%2C600&ssl=1 3x, https:\/\/i0.wp.com\/blogdafeira.com.br\/home\/wp-content\/uploads\/2023\/10\/IMG-20231019-WA0053.jpg?resize=1400%2C800&ssl=1 4x"},"classes":[]},{"id":61912,"url":"https:\/\/blogdafeira.com.br\/home\/2024\/04\/15\/jornalista-jose-carlos-teixeira-lanca-livro-sobre-walmir-lima-em-feira-de-santana\/","url_meta":{"origin":52351,"position":2},"title":"Jornalista Jos\u00e9 Carlos Teixeira lan\u00e7a livro  sobre Walmir Lima em Feira de Santana","author":"Ascom\/Aldo Arantes","date":"15\/04\/2024","format":false,"excerpt":"O livro \u201cWalmir Lima \u2013 Um Bamba da Bahia\u201d, do jornalista Jos\u00e9 Carlos Teixeira, editado pela Cole\u00e7\u00e3o Gente da Bahia, da Assembleia Legislativa, ser\u00e1 lan\u00e7ado nesta quarta-feira, 17, a partir das 18 horas, no Seriguela Petiscaria, em Feira de Santana. O livro \u00e9 um perfil biogr\u00e1fico do compositor Walmir Lima,\u2026","rel":"","context":"Em &quot;Cultura&quot;","block_context":{"text":"Cultura","link":"https:\/\/blogdafeira.com.br\/home\/categoria\/cultura\/"},"img":{"alt_text":"","src":"https:\/\/i0.wp.com\/blogdafeira.com.br\/home\/wp-content\/uploads\/2024\/04\/IMG-20240415-WA0048.jpg?resize=350%2C200&ssl=1","width":350,"height":200,"srcset":"https:\/\/i0.wp.com\/blogdafeira.com.br\/home\/wp-content\/uploads\/2024\/04\/IMG-20240415-WA0048.jpg?resize=350%2C200&ssl=1 1x, https:\/\/i0.wp.com\/blogdafeira.com.br\/home\/wp-content\/uploads\/2024\/04\/IMG-20240415-WA0048.jpg?resize=525%2C300&ssl=1 1.5x, https:\/\/i0.wp.com\/blogdafeira.com.br\/home\/wp-content\/uploads\/2024\/04\/IMG-20240415-WA0048.jpg?resize=700%2C400&ssl=1 2x, https:\/\/i0.wp.com\/blogdafeira.com.br\/home\/wp-content\/uploads\/2024\/04\/IMG-20240415-WA0048.jpg?resize=1050%2C600&ssl=1 3x, https:\/\/i0.wp.com\/blogdafeira.com.br\/home\/wp-content\/uploads\/2024\/04\/IMG-20240415-WA0048.jpg?resize=1400%2C800&ssl=1 4x"},"classes":[]},{"id":43779,"url":"https:\/\/blogdafeira.com.br\/home\/2021\/03\/04\/o-ouvidor-da-camara-de-vereadores-e-um-contador-de-historias-zarte-lanca-novos-livros\/","url_meta":{"origin":52351,"position":3},"title":"O Ouvidor da C\u00e2mara de Vereadores \u00e9 &#8220;Um contador de Hist\u00f3rias&#8221; ; Zarte lan\u00e7a novos livros","author":"Ascom\/Aldo Arantes","date":"04\/03\/2021","format":false,"excerpt":"O ex-vereador pelo Partido Comunista do Brasil (PCdoB) por v\u00e1rias legislaturas, Messias Gonzaga \u00e9 autor de um dos seis livros em lan\u00e7amento pela Editora Zarte em Feira de Santana. Bioqu\u00edmico, nascido em Serra Talhada, no Pernambuco, Messias hoje \u00e9 o ouvidor da C\u00e2mara de Vereadores, nomeado pela nova Presid\u00eancia que\u2026","rel":"","context":"Em &quot;Cultura&quot;","block_context":{"text":"Cultura","link":"https:\/\/blogdafeira.com.br\/home\/categoria\/cultura\/"},"img":{"alt_text":"","src":"https:\/\/i0.wp.com\/blogdafeira.com.br\/home\/wp-content\/uploads\/2021\/03\/Screenshot_20210304-2007582.png?resize=350%2C200&ssl=1","width":350,"height":200,"srcset":"https:\/\/i0.wp.com\/blogdafeira.com.br\/home\/wp-content\/uploads\/2021\/03\/Screenshot_20210304-2007582.png?resize=350%2C200&ssl=1 1x, https:\/\/i0.wp.com\/blogdafeira.com.br\/home\/wp-content\/uploads\/2021\/03\/Screenshot_20210304-2007582.png?resize=525%2C300&ssl=1 1.5x, https:\/\/i0.wp.com\/blogdafeira.com.br\/home\/wp-content\/uploads\/2021\/03\/Screenshot_20210304-2007582.png?resize=700%2C400&ssl=1 2x"},"classes":[]},{"id":9558,"url":"https:\/\/blogdafeira.com.br\/home\/2014\/03\/11\/marcio-fahel-e-o-novo-chefe-do-ministerio-publico-da-bahia\/","url_meta":{"origin":52351,"position":4},"title":"M\u00e1rcio Fahel \u00e9 o novo chefe do Minist\u00e9rio P\u00fablico da Bahia","author":"Ascom\/Aldo Arantes","date":"11\/03\/2014","format":false,"excerpt":"O promotor de Justi\u00e7a M\u00e1rcio Jos\u00e9 Cordeiro Fahel foi o escolhido pelo governador Jaques Wagner para chefiar o Minist\u00e9rio P\u00fablico do Estado da Bahia nos pr\u00f3ximos dois anos. Candidato mais votado em elei\u00e7\u00e3o realizada pela Institui\u00e7\u00e3o no \u00faltimo dia 24 de fevereiro, ele comp\u00f4s lista tr\u00edplice com os promotores de\u2026","rel":"","context":"Em &quot;Home&quot;","block_context":{"text":"Home","link":"https:\/\/blogdafeira.com.br\/home\/categoria\/raiz\/"},"img":{"alt_text":"10mar14 - Mrcio Fahel 1","src":"https:\/\/i0.wp.com\/blogdafeira.com.br\/home\/wp-content\/uploads\/2014\/03\/10mar14-Mrcio-Fahel-1.jpg?resize=350%2C200","width":350,"height":200},"classes":[]},{"id":55299,"url":"https:\/\/blogdafeira.com.br\/home\/2022\/11\/08\/federacao-de-partidos-da-apoio-a-reeleicao-de-adolfo-menezes-na-assembleia\/","url_meta":{"origin":52351,"position":5},"title":"Federa\u00e7\u00e3o de partidos d\u00e1 apoio \u00e0 reelei\u00e7\u00e3o de Adolfo Menezes na Assembleia","author":"Ascom\/Aldo Arantes","date":"08\/11\/2022","format":false,"excerpt":"O presidente da Assembleia Legislativa da Bahia - ALBA, deputado Adolfo Menezes recebeu, hoje (8), o apoio formal \u2014 para a sua reelei\u00e7\u00e3o ao comando do Legislativo baiano \u2014 das bancadas estaduais do Partido dos Trabalhadores, do Partido Verde e do PCdoB na ALBA.\u00a0O presidente \u00c9den Valadares e a Executiva\u2026","rel":"","context":"Em &quot;Home&quot;","block_context":{"text":"Home","link":"https:\/\/blogdafeira.com.br\/home\/categoria\/raiz\/"},"img":{"alt_text":"","src":"https:\/\/i0.wp.com\/blogdafeira.com.br\/home\/wp-content\/uploads\/2022\/11\/IMG-20221108-WA0082.jpg?resize=350%2C200&ssl=1","width":350,"height":200,"srcset":"https:\/\/i0.wp.com\/blogdafeira.com.br\/home\/wp-content\/uploads\/2022\/11\/IMG-20221108-WA0082.jpg?resize=350%2C200&ssl=1 1x, https:\/\/i0.wp.com\/blogdafeira.com.br\/home\/wp-content\/uploads\/2022\/11\/IMG-20221108-WA0082.jpg?resize=525%2C300&ssl=1 1.5x, https:\/\/i0.wp.com\/blogdafeira.com.br\/home\/wp-content\/uploads\/2022\/11\/IMG-20221108-WA0082.jpg?resize=700%2C400&ssl=1 2x, https:\/\/i0.wp.com\/blogdafeira.com.br\/home\/wp-content\/uploads\/2022\/11\/IMG-20221108-WA0082.jpg?resize=1050%2C600&ssl=1 3x"},"classes":[]}],"_links":{"self":[{"href":"https:\/\/blogdafeira.com.br\/home\/wp-json\/wp\/v2\/posts\/52351","targetHints":{"allow":["GET"]}}],"collection":[{"href":"https:\/\/blogdafeira.com.br\/home\/wp-json\/wp\/v2\/posts"}],"about":[{"href":"https:\/\/blogdafeira.com.br\/home\/wp-json\/wp\/v2\/types\/post"}],"author":[{"embeddable":true,"href":"https:\/\/blogdafeira.com.br\/home\/wp-json\/wp\/v2\/users\/1"}],"replies":[{"embeddable":true,"href":"https:\/\/blogdafeira.com.br\/home\/wp-json\/wp\/v2\/comments?post=52351"}],"version-history":[{"count":2,"href":"https:\/\/blogdafeira.com.br\/home\/wp-json\/wp\/v2\/posts\/52351\/revisions"}],"predecessor-version":[{"id":52357,"href":"https:\/\/blogdafeira.com.br\/home\/wp-json\/wp\/v2\/posts\/52351\/revisions\/52357"}],"wp:featuredmedia":[{"embeddable":true,"href":"https:\/\/blogdafeira.com.br\/home\/wp-json\/wp\/v2\/media\/52356"}],"wp:attachment":[{"href":"https:\/\/blogdafeira.com.br\/home\/wp-json\/wp\/v2\/media?parent=52351"}],"wp:term":[{"taxonomy":"category","embeddable":true,"href":"https:\/\/blogdafeira.com.br\/home\/wp-json\/wp\/v2\/categories?post=52351"},{"taxonomy":"post_tag","embeddable":true,"href":"https:\/\/blogdafeira.com.br\/home\/wp-json\/wp\/v2\/tags?post=52351"}],"curies":[{"name":"wp","href":"https:\/\/api.w.org\/{rel}","templated":true}]}}