{"id":52592,"date":"2022-05-25T18:20:09","date_gmt":"2022-05-25T21:20:09","guid":{"rendered":"https:\/\/blogdafeira.com.br\/home\/?p=52592"},"modified":"2022-05-30T16:28:59","modified_gmt":"2022-05-30T19:28:59","slug":"o-lubrico-combatente-do-comunismo-de-costumes","status":"publish","type":"post","link":"https:\/\/blogdafeira.com.br\/home\/2022\/05\/25\/o-lubrico-combatente-do-comunismo-de-costumes\/","title":{"rendered":"O l\u00fabrico combatente do \u201ccomunismo de costumes\u201d"},"content":{"rendered":"<div id=\"blogd-334671990\" class=\"blogd-fim-do-post-mobile blogd-entity-placement\" style=\"margin-left: auto;margin-right: auto;text-align: center;\"><a href=\"https:\/\/www.sefaz.feiradesantana.ba.gov.br\/\" target=\"_blank\" aria-label=\"728&#215;90 (6)\"><img loading=\"lazy\" decoding=\"async\" src=\"https:\/\/blogdafeira.com.br\/home\/wp-content\/uploads\/2026\/03\/728x90-6.gif\" alt=\"\"  class=\"no-lazyload\" width=\"728\" height=\"90\"  style=\"display: inline-block;\" \/><\/a><\/div><p class=\"western\" align=\"JUSTIFY\">Deu trabalho, mas o homem reapareceu no conjunto Feira 6. Enxugava <i>litrinhos <\/i>de R$2,50, beliscava mortadela \u2013 a mais barata &#8211; em cubos, examinava as estudantes da Uefs com o olho acurado, aceso, l\u00fabrico. N\u00e3o era de negar fogo, parecia insinuar, lan\u00e7ando olhares venenosos. Mas, na verdade, aproveitava a tarde vadia, pl\u00e1cida, de c\u00e9u azul pontuado por nuvens encardidas, escorrendo mansa. Foi pouco antes do come\u00e7o deste ciclo de chuvas.<\/p><div id=\"blogd-3925560323\" class=\"blogd-conteudo-2-mobile blogd-entity-placement\"><a href=\"https:\/\/feirenses.com.br\/\" target=\"_blank\" aria-label=\"feirenses\"><img loading=\"lazy\" decoding=\"async\" src=\"https:\/\/blogdafeira.com.br\/home\/wp-content\/uploads\/2026\/04\/feirenses.png\" alt=\"\"  srcset=\"https:\/\/blogdafeira.com.br\/home\/wp-content\/uploads\/2026\/04\/feirenses.png 300w, https:\/\/blogdafeira.com.br\/home\/wp-content\/uploads\/2026\/04\/feirenses-170x45.png 170w, https:\/\/blogdafeira.com.br\/home\/wp-content\/uploads\/2026\/04\/feirenses-280x74.png 280w\" sizes=\"(max-width: 300px) 100vw, 300px\" class=\"no-lazyload\" width=\"300\" height=\"79\"  style=\"display: inline-block;\" \/><\/a><\/div>\n<p class=\"western\" align=\"JUSTIFY\">\u00c0 primeira vista, tomariam-no como um idoso pacato, estritamente dedicado ao \u00f3cio da aposentadoria. Mas, n\u00e3o: bastam algumas palavras para perceber, na personagem, o fervor patri\u00f3tico, a flama crist\u00e3, o engajamento cidad\u00e3o, o entusiasmo de cruzado contra o \u201ccomunismo\u201d, contra a degenera\u00e7\u00e3o socialista.<\/p>\n<p class=\"western\" align=\"JUSTIFY\">&#8211; Esse neg\u00f3cio de infla\u00e7\u00e3o \u00e9 coisa dos comunistas, est\u00e3o manobrando, prejudicando o capit\u00e3o!<\/p>\n<p class=\"western\" align=\"JUSTIFY\">Os dados mais recentes sa\u00edram do forno faz pouco tempo: infla\u00e7\u00e3o de 1,06% em abril \u2013 maior alta desde 1996 \u2013 e, no ano, j\u00e1 ro\u00e7ando 4,29%, aproximando-se do teto da meta do Banco Central para o ano todo, de 5%. No acumulado de 12 meses, chega-se a impressionantes 12,13%. Mas o homem permanece inflex\u00edvel, farejando culpados, inocentando Jair Bolsonaro, o \u201cmito\u201d.<\/p>\n<p class=\"western\" align=\"JUSTIFY\">&#8211; Tem guerra, teve pandemia, teve o &#8216;fique em casa&#8217;. O resultado est\u00e1 a\u00ed! &#8211; Recitou, acariciando a pr\u00f3pria perna. Parecia autocongratular-se pelo racioc\u00ednio. Sorriu, o sorriso denunciando a vaidade, a refinada perspic\u00e1cia. Para ele, aquele argumento emparedava os comunistas, punha-os na defensiva.<\/p>\n<p class=\"western\" align=\"JUSTIFY\">&#8211; Mas comunista aumenta pre\u00e7o como?<\/p>\n<p class=\"western\" align=\"JUSTIFY\">A\u00ed o homem enfezou-se, fez um gesto largo, indignado: n\u00e3o vale a pena ficar discutindo com radicais, com essa turma da Venezuela, de Cuba. Pressionado, confidenciou, falando baixo, lan\u00e7ando olhares de esguelha: o \u201cmito\u201d n\u00e3o \u00e9 culpado de nada, os comunistas conspiram, h\u00e1 advers\u00e1rios at\u00e9 entre banqueiros, gente do Capital, que tamb\u00e9m \u00e9 comunista. \u201cComunista rico?\u201d, indagaram, perplexos. \u201cComunismo de costumes\u201d, esclareceu.<\/p>\n<p class=\"western\" align=\"JUSTIFY\">&#8211; Mas e a feira? Voc\u00ea est\u00e1 fazendo feira como? &#8211; Questionou um indiscreto.<\/p>\n<p class=\"western\" align=\"JUSTIFY\">Muito s\u00e9rio, o homem disse que \u00e9 aposentado, mas que, mesmo assim, se precisar, a filha ajuda. Acrescentou, o ar pedante: \u201cEla \u00e9 doutora em direito!\u201d. Instantes depois, um indiscreto cochichou: a filha graduara-se em direito por uma faculdade particular, no Brasil qualquer bacharel sai logo requisitando o t\u00edtulo de \u201cdoutor\u201d, a distin\u00e7\u00e3o que a condi\u00e7\u00e3o, supostamente, confere.<\/p>\n<p class=\"western\" align=\"JUSTIFY\">&#8211; O comunismo de costumes \u00e9 o qu\u00ea?- Quis saber outro indiscreto.<\/p>\n<p class=\"western\" align=\"JUSTIFY\">A careta teatral indicava que aquele papo abespinhava-o. Depois fez um gesto enf\u00e1tico, desdenhando a conversa, que n\u00e3o valia a pena. Coalhado de comunistas, \u2013 outros est\u00e3o em forma\u00e7\u00e3o ali mesmo, a incuba\u00e7\u00e3o \u00e9 incessante \u2013 o Feira 6 carecia de uma depura\u00e7\u00e3o ideol\u00f3gica, a devassid\u00e3o dos costumes fincara-se ali. Falava mas, sem tanta discri\u00e7\u00e3o, espichava o olho para toda estudante que despontava nas cercanias. A plateia acompanhava o movimento, o riso no canto do l\u00e1bio.<\/p>\n<p class=\"western\" align=\"JUSTIFY\">Espichou um pouco mais a conversa sobre as pr\u00e1ticas comunistas \u2013 at\u00e9 no futebol se metiam! &#8211; e, por fim, entornou o gole derradeiro da cerveja, catou \u00e1vido com o palito os fiapos de mortadela no prato, emendou pedindo a conta. Sacou uma nota amarrotada de vinte reais, estendeu-a com um gesto solene, lamentou a idade, justo com tanta mulher bonita circulando por a\u00ed, ah! Se fosse no tempo do regime militar, era jovem e n\u00e3o faltava-lhe \u00e2nimo&#8230;<\/p>\n<div id=\"blogd-2607333384\" class=\"blogd-final-post blogd-entity-placement\"><a href=\"https:\/\/www.feiradesantana.ba.leg.br\/\" target=\"_blank\" aria-label=\"BANNER-SITE-ENTREGADECHEQUE-CAMARADEFEIRA\"><img loading=\"lazy\" decoding=\"async\" src=\"https:\/\/blogdafeira.com.br\/home\/wp-content\/uploads\/2026\/03\/BANNER-SITE-ENTREGADECHEQUE-CAMARADEFEIRA.gif\" alt=\"\"  class=\"no-lazyload\" width=\"728\" height=\"90\"   \/><\/a><\/div><p class=\"western\" align=\"JUSTIFY\">Saiu, mergulhando num caminho escuro, mais \u00e0 frente viu um grupo de mo\u00e7as conversando aos risos defronte a uma casa iluminada, aproveitou para repuxar os test\u00edculos com a m\u00e3o sobre a bermuda branca, ah se aquelas meninas cedessem \u00e0 sua j\u00e1 fl\u00e1cida experi\u00eancia&#8230;<\/p>\n","protected":false},"excerpt":{"rendered":"<p>Deu trabalho, mas o homem reapareceu no conjunto Feira 6. Enxugava litrinhos de R$2,50, beliscava mortadela \u2013 a mais barata &#8211; em cubos, examinava as estudantes da Uefs com o olho acurado, aceso, l\u00fabrico. N\u00e3o era de negar fogo, parecia insinuar, lan\u00e7ando olhares venenosos. Mas, na verdade, aproveitava a tarde vadia, pl\u00e1cida, de c\u00e9u azul<\/p>\n","protected":false},"author":13,"featured_media":51652,"comment_status":"open","ping_status":"open","sticky":false,"template":"","format":"standard","meta":{"jetpack_post_was_ever_published":false,"cybocfi_hide_featured_image":"","_jetpack_newsletter_access":"","_jetpack_dont_email_post_to_subs":false,"_jetpack_newsletter_tier_id":0,"_jetpack_memberships_contains_paywalled_content":false,"_jetpack_memberships_contains_paid_content":false,"footnotes":"","jetpack_publicize_message":"","jetpack_publicize_feature_enabled":true,"jetpack_social_post_already_shared":true,"jetpack_social_options":{"image_generator_settings":{"template":"highway","default_image_id":0,"font":"","enabled":false},"version":2}},"categories":[592,1],"tags":[],"class_list":["post-52592","post","type-post","status-publish","format-standard","has-post-thumbnail","hentry","category-colunistas","category-raiz"],"jetpack_publicize_connections":[],"jetpack_featured_media_url":"https:\/\/blogdafeira.com.br\/home\/wp-content\/uploads\/2022\/04\/Screenshot_20220407-1451272.png","jetpack_shortlink":"https:\/\/wp.me\/p3niVf-dGg","jetpack_sharing_enabled":true,"jetpack-related-posts":[{"id":46240,"url":"https:\/\/blogdafeira.com.br\/home\/2021\/07\/05\/dialogo-sobre-politica-na-sales-barbosa\/","url_meta":{"origin":52592,"position":0},"title":"Di\u00e1logo sobre pol\u00edtica na Sales Barbosa","author":"Andr\u00e9 Pomponet","date":"05\/07\/2021","format":false,"excerpt":"\u2013 E o presidente, hein? O outro at\u00e9 tentou escapar. Mas o interlocutor alcan\u00e7ou-o com pernadas vigorosas. Praticamente deslizara sobre os bloquetes do piso intertravado da Sales Barbosa. Ent\u00e3o ele espichou o olhar, aflito, \u00e0 espera de uma hecatombe qualquer que interrompesse aquele papo, sob o chuvisco mi\u00fado, o c\u00e9u\u2026","rel":"","context":"Em &quot;Colunistas&quot;","block_context":{"text":"Colunistas","link":"https:\/\/blogdafeira.com.br\/home\/categoria\/colunistas\/"},"img":{"alt_text":"","src":"https:\/\/i0.wp.com\/blogdafeira.com.br\/home\/wp-content\/uploads\/2021\/07\/IMG_20201013_134846_102-scaled-1.jpg?resize=350%2C200&ssl=1","width":350,"height":200,"srcset":"https:\/\/i0.wp.com\/blogdafeira.com.br\/home\/wp-content\/uploads\/2021\/07\/IMG_20201013_134846_102-scaled-1.jpg?resize=350%2C200&ssl=1 1x, https:\/\/i0.wp.com\/blogdafeira.com.br\/home\/wp-content\/uploads\/2021\/07\/IMG_20201013_134846_102-scaled-1.jpg?resize=525%2C300&ssl=1 1.5x, https:\/\/i0.wp.com\/blogdafeira.com.br\/home\/wp-content\/uploads\/2021\/07\/IMG_20201013_134846_102-scaled-1.jpg?resize=700%2C400&ssl=1 2x, https:\/\/i0.wp.com\/blogdafeira.com.br\/home\/wp-content\/uploads\/2021\/07\/IMG_20201013_134846_102-scaled-1.jpg?resize=1050%2C600&ssl=1 3x, https:\/\/i0.wp.com\/blogdafeira.com.br\/home\/wp-content\/uploads\/2021\/07\/IMG_20201013_134846_102-scaled-1.jpg?resize=1400%2C800&ssl=1 4x"},"classes":[]},{"id":71998,"url":"https:\/\/blogdafeira.com.br\/home\/2026\/04\/15\/quase-10-dos-baianos-vivem-em-favelas-e-comunidades-urbanas\/","url_meta":{"origin":52592,"position":1},"title":"Quase 10% dos baianos vivem em favelas e comunidades urbanas","author":"Andr\u00e9 Pomponet","date":"15\/04\/2026","format":false,"excerpt":"Depois da refrega por nomes e cargos para as elei\u00e7\u00f5es majorit\u00e1rias baianas, acredita-se que se aproxima o momento dos candidatos se debru\u00e7arem sobre os problemas que afligem os baianos para apresentar solu\u00e7\u00f5es. Os n\u00fameros do Censo 2022 do Instituto Brasileiro de Geografia e Estat\u00edstica (IBGE), recentemente divulgados, podem servir de\u2026","rel":"","context":"Em &quot;Colunistas&quot;","block_context":{"text":"Colunistas","link":"https:\/\/blogdafeira.com.br\/home\/categoria\/colunistas\/"},"img":{"alt_text":"","src":"https:\/\/i0.wp.com\/blogdafeira.com.br\/home\/wp-content\/uploads\/2026\/04\/1425663931-fotos-site-novo-2-13.jpg?resize=350%2C200&ssl=1","width":350,"height":200,"srcset":"https:\/\/i0.wp.com\/blogdafeira.com.br\/home\/wp-content\/uploads\/2026\/04\/1425663931-fotos-site-novo-2-13.jpg?resize=350%2C200&ssl=1 1x, https:\/\/i0.wp.com\/blogdafeira.com.br\/home\/wp-content\/uploads\/2026\/04\/1425663931-fotos-site-novo-2-13.jpg?resize=525%2C300&ssl=1 1.5x, https:\/\/i0.wp.com\/blogdafeira.com.br\/home\/wp-content\/uploads\/2026\/04\/1425663931-fotos-site-novo-2-13.jpg?resize=700%2C400&ssl=1 2x"},"classes":[]},{"id":71799,"url":"https:\/\/blogdafeira.com.br\/home\/2026\/03\/25\/__trashed-27\/","url_meta":{"origin":52592,"position":2},"title":"7,5% da popula\u00e7\u00e3o feirense reside em favelas","author":"Andr\u00e9 Pomponet","date":"25\/03\/2026","format":false,"excerpt":"Menos de 10% da popula\u00e7\u00e3o feirense vive em favelas ou comunidades urbanas, de acordo com o Censo 2022 do Instituto Brasileiro de Geografia e Estat\u00edstica, o IBGE. Detentora da 35\u00aa maior popula\u00e7\u00e3o entre as cidades brasileiras, a Princesa do Sert\u00e3o ocupa apenas a 49\u00aa coloca\u00e7\u00e3o no ranking da popula\u00e7\u00e3o que\u2026","rel":"","context":"Em &quot;Colunistas&quot;","block_context":{"text":"Colunistas","link":"https:\/\/blogdafeira.com.br\/home\/categoria\/colunistas\/"},"img":{"alt_text":"","src":"https:\/\/i0.wp.com\/blogdafeira.com.br\/home\/wp-content\/uploads\/2026\/03\/IMG_20150225_105508965.jpg?resize=350%2C200&ssl=1","width":350,"height":200,"srcset":"https:\/\/i0.wp.com\/blogdafeira.com.br\/home\/wp-content\/uploads\/2026\/03\/IMG_20150225_105508965.jpg?resize=350%2C200&ssl=1 1x, https:\/\/i0.wp.com\/blogdafeira.com.br\/home\/wp-content\/uploads\/2026\/03\/IMG_20150225_105508965.jpg?resize=525%2C300&ssl=1 1.5x, https:\/\/i0.wp.com\/blogdafeira.com.br\/home\/wp-content\/uploads\/2026\/03\/IMG_20150225_105508965.jpg?resize=700%2C400&ssl=1 2x, https:\/\/i0.wp.com\/blogdafeira.com.br\/home\/wp-content\/uploads\/2026\/03\/IMG_20150225_105508965.jpg?resize=1050%2C600&ssl=1 3x, https:\/\/i0.wp.com\/blogdafeira.com.br\/home\/wp-content\/uploads\/2026\/03\/IMG_20150225_105508965.jpg?resize=1400%2C800&ssl=1 4x"},"classes":[]},{"id":45077,"url":"https:\/\/blogdafeira.com.br\/home\/2021\/04\/22\/bate-papo-casual-com-um-eleitor-de-bolsonaro\/","url_meta":{"origin":52592,"position":3},"title":"Bate-papo casual com um eleitor de Bolsonaro","author":"Andr\u00e9 Pomponet","date":"22\/04\/2021","format":false,"excerpt":"\u2013 Os comunistas sumiram. Est\u00e3o desnorteados com a porrada que levaram... Ouvi isso logo depois da vit\u00f3ria de Jair Bolsonaro, o \u201cmito\u201d, em 2018. Quem celebrava era um idoso na mesa de um bar muito frequentado ali na Kalil\u00e2ndia. Lan\u00e7ava olhares em volta, numa provoca\u00e7\u00e3o \u00e0queles que ele rotulava, genericamente,\u2026","rel":"","context":"Em &quot;Colunistas&quot;","block_context":{"text":"Colunistas","link":"https:\/\/blogdafeira.com.br\/home\/categoria\/colunistas\/"},"img":{"alt_text":"","src":"https:\/\/i0.wp.com\/blogdafeira.com.br\/home\/wp-content\/uploads\/2021\/03\/22540236_874551579369634_6367417917827985824_n.jpg?resize=350%2C200&ssl=1","width":350,"height":200,"srcset":"https:\/\/i0.wp.com\/blogdafeira.com.br\/home\/wp-content\/uploads\/2021\/03\/22540236_874551579369634_6367417917827985824_n.jpg?resize=350%2C200&ssl=1 1x, https:\/\/i0.wp.com\/blogdafeira.com.br\/home\/wp-content\/uploads\/2021\/03\/22540236_874551579369634_6367417917827985824_n.jpg?resize=525%2C300&ssl=1 1.5x, https:\/\/i0.wp.com\/blogdafeira.com.br\/home\/wp-content\/uploads\/2021\/03\/22540236_874551579369634_6367417917827985824_n.jpg?resize=700%2C400&ssl=1 2x"},"classes":[]},{"id":21916,"url":"https:\/\/blogdafeira.com.br\/home\/2016\/06\/04\/regina-regia-parque-viver-e-jardim-alianca-somos-da-feira\/","url_meta":{"origin":52592,"position":4},"title":"Regina R\u00e9gia, Parque Viver e Jardim Alian\u00e7a: Somos da Feira!","author":"Blog da Feira","date":"04\/06\/2016","format":false,"excerpt":"\"O pertencimento da Botic\u00e1rio a S\u00e3o Gon\u00e7alo n\u00e3o est\u00e1 definido ainda. O estudo feito em 2013, que deu origem ao projeto de Lei 20.813\/2014, em nosso entendimento, foi equivocado por n\u00e3o considerar estas comunidades em Feira, j\u00e1 que a maioria da popula\u00e7\u00e3o vive, de fato, em Feira. Este projeto de\u2026","rel":"","context":"Em &quot;Home&quot;","block_context":{"text":"Home","link":"https:\/\/blogdafeira.com.br\/home\/categoria\/raiz\/"},"img":{"alt_text":"somos da feira","src":"https:\/\/i0.wp.com\/blogdafeira.com.br\/home\/wp-content\/uploads\/2016\/06\/somos-da-feira.jpg?resize=350%2C200","width":350,"height":200,"srcset":"https:\/\/i0.wp.com\/blogdafeira.com.br\/home\/wp-content\/uploads\/2016\/06\/somos-da-feira.jpg?resize=350%2C200 1x, https:\/\/i0.wp.com\/blogdafeira.com.br\/home\/wp-content\/uploads\/2016\/06\/somos-da-feira.jpg?resize=525%2C300 1.5x, https:\/\/i0.wp.com\/blogdafeira.com.br\/home\/wp-content\/uploads\/2016\/06\/somos-da-feira.jpg?resize=700%2C400 2x"},"classes":[]},{"id":71919,"url":"https:\/\/blogdafeira.com.br\/home\/2026\/04\/07\/a-urbanizacao-do-distrito-maria-quiteria\/","url_meta":{"origin":52592,"position":5},"title":"A urbaniza\u00e7\u00e3o do distrito Maria Quit\u00e9ria\u00a0","author":"Andr\u00e9 Pomponet","date":"07\/04\/2026","format":false,"excerpt":"Dados do Censo 2022 do Instituto Brasileiro de Geografia e Estat\u00edstica (IBGE) indicam que o distrito Maria Quit\u00e9ria possui popula\u00e7\u00e3o de, exatas, 15.961 pessoas. Contrariando a l\u00f3gica de esvaziamento das comunidades rurais observada no Brasil nas \u00faltimas d\u00e9cadas, o distrito ganhou popula\u00e7\u00e3o em rela\u00e7\u00e3o a 2010, quando foram contabilizados cerca\u2026","rel":"","context":"Em &quot;Colunistas&quot;","block_context":{"text":"Colunistas","link":"https:\/\/blogdafeira.com.br\/home\/categoria\/colunistas\/"},"img":{"alt_text":"","src":"https:\/\/i0.wp.com\/blogdafeira.com.br\/home\/wp-content\/uploads\/2026\/04\/IMG_20160901_114231721_HDR2-scaled.jpg?resize=350%2C200&ssl=1","width":350,"height":200,"srcset":"https:\/\/i0.wp.com\/blogdafeira.com.br\/home\/wp-content\/uploads\/2026\/04\/IMG_20160901_114231721_HDR2-scaled.jpg?resize=350%2C200&ssl=1 1x, https:\/\/i0.wp.com\/blogdafeira.com.br\/home\/wp-content\/uploads\/2026\/04\/IMG_20160901_114231721_HDR2-scaled.jpg?resize=525%2C300&ssl=1 1.5x, https:\/\/i0.wp.com\/blogdafeira.com.br\/home\/wp-content\/uploads\/2026\/04\/IMG_20160901_114231721_HDR2-scaled.jpg?resize=700%2C400&ssl=1 2x, https:\/\/i0.wp.com\/blogdafeira.com.br\/home\/wp-content\/uploads\/2026\/04\/IMG_20160901_114231721_HDR2-scaled.jpg?resize=1050%2C600&ssl=1 3x, https:\/\/i0.wp.com\/blogdafeira.com.br\/home\/wp-content\/uploads\/2026\/04\/IMG_20160901_114231721_HDR2-scaled.jpg?resize=1400%2C800&ssl=1 4x"},"classes":[]}],"_links":{"self":[{"href":"https:\/\/blogdafeira.com.br\/home\/wp-json\/wp\/v2\/posts\/52592","targetHints":{"allow":["GET"]}}],"collection":[{"href":"https:\/\/blogdafeira.com.br\/home\/wp-json\/wp\/v2\/posts"}],"about":[{"href":"https:\/\/blogdafeira.com.br\/home\/wp-json\/wp\/v2\/types\/post"}],"author":[{"embeddable":true,"href":"https:\/\/blogdafeira.com.br\/home\/wp-json\/wp\/v2\/users\/13"}],"replies":[{"embeddable":true,"href":"https:\/\/blogdafeira.com.br\/home\/wp-json\/wp\/v2\/comments?post=52592"}],"version-history":[{"count":2,"href":"https:\/\/blogdafeira.com.br\/home\/wp-json\/wp\/v2\/posts\/52592\/revisions"}],"predecessor-version":[{"id":52594,"href":"https:\/\/blogdafeira.com.br\/home\/wp-json\/wp\/v2\/posts\/52592\/revisions\/52594"}],"wp:featuredmedia":[{"embeddable":true,"href":"https:\/\/blogdafeira.com.br\/home\/wp-json\/wp\/v2\/media\/51652"}],"wp:attachment":[{"href":"https:\/\/blogdafeira.com.br\/home\/wp-json\/wp\/v2\/media?parent=52592"}],"wp:term":[{"taxonomy":"category","embeddable":true,"href":"https:\/\/blogdafeira.com.br\/home\/wp-json\/wp\/v2\/categories?post=52592"},{"taxonomy":"post_tag","embeddable":true,"href":"https:\/\/blogdafeira.com.br\/home\/wp-json\/wp\/v2\/tags?post=52592"}],"curies":[{"name":"wp","href":"https:\/\/api.w.org\/{rel}","templated":true}]}}