{"id":52765,"date":"2022-06-06T11:55:33","date_gmt":"2022-06-06T14:55:33","guid":{"rendered":"https:\/\/blogdafeira.com.br\/home\/?p=52765"},"modified":"2022-06-09T21:54:36","modified_gmt":"2022-06-10T00:54:36","slug":"havera-reajuste-na-tarifa-de-onibus-em-feira","status":"publish","type":"post","link":"https:\/\/blogdafeira.com.br\/home\/2022\/06\/06\/havera-reajuste-na-tarifa-de-onibus-em-feira\/","title":{"rendered":"Haver\u00e1 reajuste na tarifa de \u00f4nibus em Feira?"},"content":{"rendered":"<div id=\"blogd-4217910645\" class=\"blogd-fim-do-post-mobile blogd-entity-placement\" style=\"margin-left: auto;margin-right: auto;text-align: center;\"><a href=\"https:\/\/www.sefaz.feiradesantana.ba.gov.br\/\" target=\"_blank\" aria-label=\"728&#215;90 (6)\"><img loading=\"lazy\" decoding=\"async\" src=\"https:\/\/blogdafeira.com.br\/home\/wp-content\/uploads\/2026\/03\/728x90-6.gif\" alt=\"\"  class=\"no-lazyload\" width=\"728\" height=\"90\"  style=\"display: inline-block;\" \/><\/a><\/div><p class=\"western\" style=\"text-align: justify;\" align=\"JUSTIFY\">S\u00e1bado (04) a tarifa do transporte p\u00fablico em Salvador foi reajustada. Passou de R$ 4,40 para R$ 4,90. Vai pesar no bolso do soteropolitano, imerso nas agruras econ\u00f4micas decorrentes da pandemia da Covid-19. Na justificativa para o aumento, o prefeito Bruno Reis (UB) alegou que, at\u00e9 agora, o Governo Federal n\u00e3o se posicionou sobre um subs\u00eddio de R$ 5 bilh\u00f5es para ajudar as prefeituras e o Governo Estadual recusou-se a cortar o ICMS sobre o \u00f3leo diesel, o que contribuiria para atenuar o reajuste.<\/p><div id=\"blogd-2805510325\" class=\"blogd-conteudo-2-mobile blogd-entity-placement\"><a href=\"https:\/\/feirenses.com.br\/\" target=\"_blank\" aria-label=\"feirenses\"><img loading=\"lazy\" decoding=\"async\" src=\"https:\/\/blogdafeira.com.br\/home\/wp-content\/uploads\/2026\/04\/feirenses.png\" alt=\"\"  srcset=\"https:\/\/blogdafeira.com.br\/home\/wp-content\/uploads\/2026\/04\/feirenses.png 300w, https:\/\/blogdafeira.com.br\/home\/wp-content\/uploads\/2026\/04\/feirenses-170x45.png 170w, https:\/\/blogdafeira.com.br\/home\/wp-content\/uploads\/2026\/04\/feirenses-280x74.png 280w\" sizes=\"(max-width: 300px) 100vw, 300px\" class=\"no-lazyload\" width=\"300\" height=\"79\"  style=\"display: inline-block;\" \/><\/a><\/div>\n<p class=\"western\" style=\"text-align: justify;\" align=\"JUSTIFY\">O que \u00e9 determinante na crise do transporte p\u00fablico, por\u00e9m, \u00e9 a perversa pol\u00edtica de pre\u00e7os dos combust\u00edveis, que se reflete tamb\u00e9m na escalada da infla\u00e7\u00e3o de maneira geral. Jair Bolsonaro, o \u201cmito\u201d, vocifera, esperneia, reclama, gesticula, mas \u00e9 incapaz de mudar a famosa Pol\u00edtica de Paridade Internacional \u2013 PPI, respons\u00e1vel pela ascens\u00e3o vertiginosa dos pre\u00e7os. Teme perder o apoio da elite financeira. Da\u00ed o estardalha\u00e7o para consumo p\u00fablico e a conveniente in\u00e9rcia nos bastidores.<\/p>\n<p class=\"western\" style=\"text-align: justify;\" align=\"JUSTIFY\">\u00c9 bom ressaltar que, antes do in\u00edcio da pandemia, Salvador vivia um momento auspicioso em rela\u00e7\u00e3o ao transporte p\u00fablico, apesar dos percal\u00e7os decorrentes da persistente estagfla\u00e7\u00e3o no Pa\u00eds. Os investimentos no metr\u00f4 \u2013 que interligou boa parte da Capital \u2013 e, mais recentemente, no BRT, que vai somar-se \u00e0s alternativas modais j\u00e1 existentes, v\u00e3o viabilizar um salto significativo na mobilidade da popula\u00e7\u00e3o.<\/p>\n<p class=\"western\" style=\"text-align: justify;\" align=\"JUSTIFY\">H\u00e1 lugares menos afortunados. A Feira de Santana, por exemplo, padece sob um p\u00e9ssimo sistema de transportes h\u00e1 muito tempo. A pandemia da Covid-19 apenas agravou o que j\u00e1 era muito ruim. O sistema \u00e9 arcaico, ultrapassado, os ve\u00edculos s\u00e3o antigos e mal-conservados, as esperas nos pontos e terminais s\u00e3o intermin\u00e1veis e, piorando tudo, o valor da tarifa \u00e9 bem elevado para os padr\u00f5es locais, sobretudo quando se consideram dist\u00e2ncias e qualidade.<\/p>\n<p class=\"western\" style=\"text-align: justify;\" align=\"JUSTIFY\">Ser\u00e1 que por aqui \u2013 com todas essas mazelas \u2013 tamb\u00e9m haver\u00e1 reajuste no valor da passagem? At\u00e9 agora, n\u00e3o h\u00e1 coment\u00e1rios. Mas \u00e9 praxe que, ap\u00f3s o reajuste em Salvador, o aumento por aqui ganhe o notici\u00e1rio e, mais \u00e0 frente, se confirme tamb\u00e9m. Hoje, a tarifa \u00e9 de R$ 4,15. Com a escalada inflacion\u00e1ria, na melhor das hip\u00f3teses deve saltar para R$ 4,40 ou R$ 4,50. O \u00faltimo reajuste foi em janeiro de 2020, pouco antes do come\u00e7o da pandemia.<\/p>\n<div id=\"blogd-3193667222\" class=\"blogd-final-post blogd-entity-placement\"><a href=\"https:\/\/www.feiradesantana.ba.leg.br\/\" target=\"_blank\" aria-label=\"BANNER-SITE-ENTREGADECHEQUE-CAMARADEFEIRA\"><img loading=\"lazy\" decoding=\"async\" src=\"https:\/\/blogdafeira.com.br\/home\/wp-content\/uploads\/2026\/03\/BANNER-SITE-ENTREGADECHEQUE-CAMARADEFEIRA.gif\" alt=\"\"  class=\"no-lazyload\" width=\"728\" height=\"90\"   \/><\/a><\/div><p class=\"western\" style=\"text-align: justify;\" align=\"JUSTIFY\">O debate sobre o transporte p\u00fablico na Feira de Santana n\u00e3o deveria se limitar ao valor do reajuste. As mudan\u00e7as adotadas h\u00e1 cerca de seis anos n\u00e3o melhoraram o sistema, que exige ajustes urgentes. Qualquer consulta \u00e0 popula\u00e7\u00e3o que sofre nos \u00f4nibus \u2013 os ve\u00edculos circulam quase sempre lotados, sobretudo nos hor\u00e1rios de pico \u2013 confirma a constata\u00e7\u00e3o. Chegou o momento do feirense aguardar os pr\u00f3ximos cap\u00edtulos da novela do transporte p\u00fablico que, para variar, n\u00e3o promete um final feliz.<\/p>\n","protected":false},"excerpt":{"rendered":"<p>S\u00e1bado (04) a tarifa do transporte p\u00fablico em Salvador foi reajustada. Passou de R$ 4,40 para R$ 4,90. Vai pesar no bolso do soteropolitano, imerso nas agruras econ\u00f4micas decorrentes da pandemia da Covid-19. Na justificativa para o aumento, o prefeito Bruno Reis (UB) alegou que, at\u00e9 agora, o Governo Federal n\u00e3o se posicionou sobre um<\/p>\n","protected":false},"author":13,"featured_media":41175,"comment_status":"open","ping_status":"open","sticky":false,"template":"","format":"standard","meta":{"jetpack_post_was_ever_published":false,"cybocfi_hide_featured_image":"","_jetpack_newsletter_access":"","_jetpack_dont_email_post_to_subs":false,"_jetpack_newsletter_tier_id":0,"_jetpack_memberships_contains_paywalled_content":false,"_jetpack_memberships_contains_paid_content":false,"footnotes":"","jetpack_publicize_message":"","jetpack_publicize_feature_enabled":true,"jetpack_social_post_already_shared":true,"jetpack_social_options":{"image_generator_settings":{"template":"highway","default_image_id":0,"font":"","enabled":false},"version":2}},"categories":[3,592,1],"tags":[],"class_list":["post-52765","post","type-post","status-publish","format-standard","has-post-thumbnail","hentry","category-cidade","category-colunistas","category-raiz"],"jetpack_publicize_connections":[],"jetpack_featured_media_url":"https:\/\/blogdafeira.com.br\/home\/wp-content\/uploads\/2020\/10\/onibus-brt.jpg","jetpack_shortlink":"https:\/\/wp.me\/p3niVf-dJ3","jetpack_sharing_enabled":true,"jetpack-related-posts":[{"id":18777,"url":"https:\/\/blogdafeira.com.br\/home\/2016\/01\/01\/salvador-com-transporte-publico-mais-caro-reajuste-em-feira-nao-demora\/","url_meta":{"origin":52765,"position":0},"title":"Salvador com transporte p\u00fablico mais caro; reajuste em Feira n\u00e3o demora","author":"Blog da Feira","date":"01\/01\/2016","format":false,"excerpt":"Em Salvador a partir deste s\u00e1bado, 2, as tarifas de \u00f4nibus, que hoje \u00e9 de R$ 3, e de metr\u00f4, at\u00e9 ent\u00e3o gratuita, v\u00e3o custar R$ 3,30, um aumento de 10%, no caso dos coletivos. O metr\u00f4 tamb\u00e9m vai passar a ter a passagem ao custo de R$ 3,30. Haver\u00e1\u2026","rel":"","context":"Em &quot;Home&quot;","block_context":{"text":"Home","link":"https:\/\/blogdafeira.com.br\/home\/categoria\/raiz\/"},"img":{"alt_text":"rosaa","src":"https:\/\/i0.wp.com\/blogdafeira.com.br\/home\/wp-content\/uploads\/2016\/01\/rosaa.jpg?resize=350%2C200","width":350,"height":200,"srcset":"https:\/\/i0.wp.com\/blogdafeira.com.br\/home\/wp-content\/uploads\/2016\/01\/rosaa.jpg?resize=350%2C200 1x, https:\/\/i0.wp.com\/blogdafeira.com.br\/home\/wp-content\/uploads\/2016\/01\/rosaa.jpg?resize=525%2C300 1.5x"},"classes":[]},{"id":70906,"url":"https:\/\/blogdafeira.com.br\/home\/2026\/01\/13\/feira-tera-novas-tarifas-de-transportes-publicos-a-mais-alta-chega-a-r660\/","url_meta":{"origin":52765,"position":1},"title":"Feira ter\u00e1 novas tarifas de transportes p\u00fablicos; a mais alta chega a R$6,60","author":"Blog da Feira","date":"13\/01\/2026","format":false,"excerpt":"O pre\u00e7o da passagem no transporte coletivo de Feira de Santana ser\u00e1 reajustado em 4,85%. Foi o que concordaram os membros do Conselho Municipal de Transporte, durante reuni\u00e3o realizada na manh\u00e3 desta ter\u00e7a-feira, dia 13, na Secretaria de Mobilidade Urbana. A tarifa, se paga no Cart\u00e3o Via Feira, passar\u00e1 a\u2026","rel":"","context":"Em &quot;Cidade&quot;","block_context":{"text":"Cidade","link":"https:\/\/blogdafeira.com.br\/home\/categoria\/cidade\/"},"img":{"alt_text":"","src":"https:\/\/i0.wp.com\/blogdafeira.com.br\/home\/wp-content\/uploads\/2026\/01\/13012026123736.jpg?resize=350%2C200&ssl=1","width":350,"height":200,"srcset":"https:\/\/i0.wp.com\/blogdafeira.com.br\/home\/wp-content\/uploads\/2026\/01\/13012026123736.jpg?resize=350%2C200&ssl=1 1x, https:\/\/i0.wp.com\/blogdafeira.com.br\/home\/wp-content\/uploads\/2026\/01\/13012026123736.jpg?resize=525%2C300&ssl=1 1.5x, https:\/\/i0.wp.com\/blogdafeira.com.br\/home\/wp-content\/uploads\/2026\/01\/13012026123736.jpg?resize=700%2C400&ssl=1 2x, https:\/\/i0.wp.com\/blogdafeira.com.br\/home\/wp-content\/uploads\/2026\/01\/13012026123736.jpg?resize=1050%2C600&ssl=1 3x"},"classes":[]},{"id":60583,"url":"https:\/\/blogdafeira.com.br\/home\/2023\/12\/26\/novas-tarifas-de-pedagio-a-partir-de-amanha-nas-brs-324-e-116\/","url_meta":{"origin":52765,"position":2},"title":"Novas tarifas de ped\u00e1gio a partir de amanh\u00e3 nas BRs 324 e 116","author":"Blog da Feira","date":"26\/12\/2023","format":false,"excerpt":"A\u202fAg\u00eancia Nacional de Transportes Terrestres (ANTT), autorizou e passa a valer a partir de amanh\u00e3, 27,\u00a0 as novas tarifas das pra\u00e7as de ped\u00e1gio na BR-324 \u2013 Rodovia Eng\u00b0 Vasco Filho e BR-116 \u2013 Rodovia Santos Dumont. Com a decis\u00e3o, o valor da tarifa b\u00e1sica para ve\u00edculos de passeio passar\u00e1 de\u2026","rel":"","context":"Em &quot;Bahia&quot;","block_context":{"text":"Bahia","link":"https:\/\/blogdafeira.com.br\/home\/categoria\/bahia\/"},"img":{"alt_text":"","src":"https:\/\/i0.wp.com\/blogdafeira.com.br\/home\/wp-content\/uploads\/2023\/12\/Screenshot_20231226-1023392.png?resize=350%2C200&ssl=1","width":350,"height":200,"srcset":"https:\/\/i0.wp.com\/blogdafeira.com.br\/home\/wp-content\/uploads\/2023\/12\/Screenshot_20231226-1023392.png?resize=350%2C200&ssl=1 1x, https:\/\/i0.wp.com\/blogdafeira.com.br\/home\/wp-content\/uploads\/2023\/12\/Screenshot_20231226-1023392.png?resize=525%2C300&ssl=1 1.5x, https:\/\/i0.wp.com\/blogdafeira.com.br\/home\/wp-content\/uploads\/2023\/12\/Screenshot_20231226-1023392.png?resize=700%2C400&ssl=1 2x"},"classes":[]},{"id":67724,"url":"https:\/\/blogdafeira.com.br\/home\/2025\/06\/07\/concessionaria-bahia-norte-reajusta-tarifas-a-partir-deste-sabado-07\/","url_meta":{"origin":52765,"position":3},"title":"Concession\u00e1ria Bahia Norte reajusta tarifas a partir deste s\u00e1bado (07)","author":"Blog da Feira","date":"07\/06\/2025","format":false,"excerpt":"\u00a0Os ped\u00e1gios da Concession\u00e1ria Bahia Norte (CBN) ser\u00e3o reajustados a partir da meia-noite do dia 07 de junho de 2025, e passam para R$ 7,70, para ve\u00edculos de passeio nos dias \u00fateis. Segundo a concession\u00e1ria, trata-se de uma previs\u00e3o contratual, autorizada pela Ag\u00eancia Estadual de Regula\u00e7\u00e3o de Servi\u00e7os P\u00fablicos de\u2026","rel":"","context":"Em &quot;Bahia&quot;","block_context":{"text":"Bahia","link":"https:\/\/blogdafeira.com.br\/home\/categoria\/bahia\/"},"img":{"alt_text":"","src":"https:\/\/i0.wp.com\/blogdafeira.com.br\/home\/wp-content\/uploads\/2025\/06\/WR-2319-scaled.jpg?resize=350%2C200&ssl=1","width":350,"height":200,"srcset":"https:\/\/i0.wp.com\/blogdafeira.com.br\/home\/wp-content\/uploads\/2025\/06\/WR-2319-scaled.jpg?resize=350%2C200&ssl=1 1x, https:\/\/i0.wp.com\/blogdafeira.com.br\/home\/wp-content\/uploads\/2025\/06\/WR-2319-scaled.jpg?resize=525%2C300&ssl=1 1.5x, https:\/\/i0.wp.com\/blogdafeira.com.br\/home\/wp-content\/uploads\/2025\/06\/WR-2319-scaled.jpg?resize=700%2C400&ssl=1 2x, https:\/\/i0.wp.com\/blogdafeira.com.br\/home\/wp-content\/uploads\/2025\/06\/WR-2319-scaled.jpg?resize=1050%2C600&ssl=1 3x, https:\/\/i0.wp.com\/blogdafeira.com.br\/home\/wp-content\/uploads\/2025\/06\/WR-2319-scaled.jpg?resize=1400%2C800&ssl=1 4x"},"classes":[]},{"id":49811,"url":"https:\/\/blogdafeira.com.br\/home\/2022\/01\/03\/refinaria-de-mataripe-aplica-primeiro-reajuste-depois-de-vendida-ao-mubadala\/","url_meta":{"origin":52765,"position":4},"title":"Refinaria na Bahia aplica primeiro reajuste depois de vendida ao Mubadala","author":"Blog da Feira","date":"03\/01\/2022","format":false,"excerpt":"A revenda de combust\u00edveis da Bahia foi surpreendida no final do ano de 2021 com o reajuste dos combust\u00edveis comunicado pela Refinaria Mataripe (antes chamada de \"Landulfo Alves\") administrada pela Acelen, ligada ao fundo \u00e1rabe Mubadala.\u00a0 Est\u00e1 em vigor, desde o dia 1\u00ba de janeiro, aumento de R$ 0,21 para\u2026","rel":"","context":"Em &quot;Geral&quot;","block_context":{"text":"Geral","link":"https:\/\/blogdafeira.com.br\/home\/categoria\/geral\/"},"img":{"alt_text":"","src":"https:\/\/i0.wp.com\/blogdafeira.com.br\/home\/wp-content\/uploads\/2022\/01\/bomba.jpg?resize=350%2C200&ssl=1","width":350,"height":200,"srcset":"https:\/\/i0.wp.com\/blogdafeira.com.br\/home\/wp-content\/uploads\/2022\/01\/bomba.jpg?resize=350%2C200&ssl=1 1x, https:\/\/i0.wp.com\/blogdafeira.com.br\/home\/wp-content\/uploads\/2022\/01\/bomba.jpg?resize=525%2C300&ssl=1 1.5x, https:\/\/i0.wp.com\/blogdafeira.com.br\/home\/wp-content\/uploads\/2022\/01\/bomba.jpg?resize=700%2C400&ssl=1 2x, https:\/\/i0.wp.com\/blogdafeira.com.br\/home\/wp-content\/uploads\/2022\/01\/bomba.jpg?resize=1050%2C600&ssl=1 3x, https:\/\/i0.wp.com\/blogdafeira.com.br\/home\/wp-content\/uploads\/2022\/01\/bomba.jpg?resize=1400%2C800&ssl=1 4x"},"classes":[]},{"id":19287,"url":"https:\/\/blogdafeira.com.br\/home\/2016\/01\/18\/adufs-pede-auditoria-sobre-calculo-da-passagem-de-onibus-em-feira\/","url_meta":{"origin":52765,"position":5},"title":"ADUFS pede auditoria sobre c\u00e1lculo da passagem de \u00f4nibus em Feira","author":"Blog da Feira","date":"18\/01\/2016","format":false,"excerpt":"Em nota divulgada nesta segunda-feira\u00a0em boletim digital (clique aqui) e\u00a0assinada pelo professor Ant\u00f4nio Rosevaldo, a Associa\u00e7\u00e3o dos Docentes da Universidade Estadual de Feira de Santana\u00a0(Adufs) pede uma auditoria sobre o c\u00e1lculo tarif\u00e1rio que elevou para R$3,10 o pre\u00e7o da passagem de \u00f4nibus em Feira de Santana. A Associa\u00e7\u00e3o afirma que\u2026","rel":"","context":"Em &quot;Home&quot;","block_context":{"text":"Home","link":"https:\/\/blogdafeira.com.br\/home\/categoria\/raiz\/"},"img":{"alt_text":"Novos - Vinicius Gomes (10)","src":"https:\/\/i0.wp.com\/blogdafeira.com.br\/home\/wp-content\/uploads\/2016\/01\/Novos-Vinicius-Gomes-10.jpg?resize=350%2C200","width":350,"height":200,"srcset":"https:\/\/i0.wp.com\/blogdafeira.com.br\/home\/wp-content\/uploads\/2016\/01\/Novos-Vinicius-Gomes-10.jpg?resize=350%2C200 1x, https:\/\/i0.wp.com\/blogdafeira.com.br\/home\/wp-content\/uploads\/2016\/01\/Novos-Vinicius-Gomes-10.jpg?resize=525%2C300 1.5x, https:\/\/i0.wp.com\/blogdafeira.com.br\/home\/wp-content\/uploads\/2016\/01\/Novos-Vinicius-Gomes-10.jpg?resize=700%2C400 2x"},"classes":[]}],"_links":{"self":[{"href":"https:\/\/blogdafeira.com.br\/home\/wp-json\/wp\/v2\/posts\/52765","targetHints":{"allow":["GET"]}}],"collection":[{"href":"https:\/\/blogdafeira.com.br\/home\/wp-json\/wp\/v2\/posts"}],"about":[{"href":"https:\/\/blogdafeira.com.br\/home\/wp-json\/wp\/v2\/types\/post"}],"author":[{"embeddable":true,"href":"https:\/\/blogdafeira.com.br\/home\/wp-json\/wp\/v2\/users\/13"}],"replies":[{"embeddable":true,"href":"https:\/\/blogdafeira.com.br\/home\/wp-json\/wp\/v2\/comments?post=52765"}],"version-history":[{"count":3,"href":"https:\/\/blogdafeira.com.br\/home\/wp-json\/wp\/v2\/posts\/52765\/revisions"}],"predecessor-version":[{"id":52771,"href":"https:\/\/blogdafeira.com.br\/home\/wp-json\/wp\/v2\/posts\/52765\/revisions\/52771"}],"wp:featuredmedia":[{"embeddable":true,"href":"https:\/\/blogdafeira.com.br\/home\/wp-json\/wp\/v2\/media\/41175"}],"wp:attachment":[{"href":"https:\/\/blogdafeira.com.br\/home\/wp-json\/wp\/v2\/media?parent=52765"}],"wp:term":[{"taxonomy":"category","embeddable":true,"href":"https:\/\/blogdafeira.com.br\/home\/wp-json\/wp\/v2\/categories?post=52765"},{"taxonomy":"post_tag","embeddable":true,"href":"https:\/\/blogdafeira.com.br\/home\/wp-json\/wp\/v2\/tags?post=52765"}],"curies":[{"name":"wp","href":"https:\/\/api.w.org\/{rel}","templated":true}]}}