{"id":52882,"date":"2022-06-14T17:33:16","date_gmt":"2022-06-14T20:33:16","guid":{"rendered":"https:\/\/blogdafeira.com.br\/home\/?p=52882"},"modified":"2023-03-21T19:56:45","modified_gmt":"2023-03-21T22:56:45","slug":"um-encontro-com-waldick-soriano","status":"publish","type":"post","link":"https:\/\/blogdafeira.com.br\/home\/2022\/06\/14\/um-encontro-com-waldick-soriano\/","title":{"rendered":"Um encontro com Waldick Soriano"},"content":{"rendered":"<div id=\"blogd-3026004958\" class=\"blogd-fim-do-post-mobile blogd-entity-placement\" style=\"margin-left: auto;margin-right: auto;text-align: center;\"><a href=\"https:\/\/www.sefaz.feiradesantana.ba.gov.br\/\" target=\"_blank\" aria-label=\"728&#215;90 (6)\"><img loading=\"lazy\" decoding=\"async\" src=\"https:\/\/blogdafeira.com.br\/home\/wp-content\/uploads\/2026\/03\/728x90-6.gif\" alt=\"\"  class=\"no-lazyload\" width=\"728\" height=\"90\"  style=\"display: inline-block;\" \/><\/a><\/div><p class=\"western\" align=\"JUSTIFY\">Dezembro de 1997. Nossa chapa perdera a elei\u00e7\u00e3o para o Diret\u00f3rio Central dos Estudantes (DCE) da Uefs por m\u00edseros 17 votos de diferen\u00e7a. Isso num universo de quase dois mil votantes. Eu pr\u00f3prio figurara na comiss\u00e3o eleitoral, contribu\u00edra na apura\u00e7\u00e3o. O resultado nos abateu. Que fazer para espantar a desola\u00e7\u00e3o, recobrar algum \u00e2nimo? Decidimos beber uma cerveja numa churrascaria que ficava na BR 116 Norte, bem defronte \u00e0 pr\u00f3pria Uefs.<\/p><div id=\"blogd-2187096748\" class=\"blogd-conteudo-2-mobile blogd-entity-placement\"><a href=\"https:\/\/feirenses.com.br\/\" target=\"_blank\" aria-label=\"feirenses\"><img loading=\"lazy\" decoding=\"async\" src=\"https:\/\/blogdafeira.com.br\/home\/wp-content\/uploads\/2026\/04\/feirenses.png\" alt=\"\"  srcset=\"https:\/\/blogdafeira.com.br\/home\/wp-content\/uploads\/2026\/04\/feirenses.png 300w, https:\/\/blogdafeira.com.br\/home\/wp-content\/uploads\/2026\/04\/feirenses-170x45.png 170w, https:\/\/blogdafeira.com.br\/home\/wp-content\/uploads\/2026\/04\/feirenses-280x74.png 280w\" sizes=\"(max-width: 300px) 100vw, 300px\" class=\"no-lazyload\" width=\"300\" height=\"79\"  style=\"display: inline-block;\" \/><\/a><\/div>\n<p class=\"western\" align=\"JUSTIFY\">O final da manh\u00e3 \u2013 a apura\u00e7\u00e3o ocorrera pela manh\u00e3 &#8211; era ensolarado no campus. O ver\u00e3o se aproximava e, nas copas da \u00e1rvores, p\u00e1ssaros trinavam. Era sexta-feira, a universidade estava meio vazia, o final do semestre se aproximava. Descontando o canto dos p\u00e1ssaros, havia um sil\u00eancio renitente.<\/p>\n<p class=\"western\" align=\"JUSTIFY\">Naquela caminhada pelo campus havia, em mim, al\u00e9m da tristeza pela derrota eleitoral, uma vaga sensa\u00e7\u00e3o de liberdade que se misturava a incertezas em rela\u00e7\u00e3o ao futuro: no m\u00eas anterior o Jornal Feira Hoje fechara, eu fora demitido e o futuro profissional me inquietava. A bebida, portanto, desceria bem para apaziguar o esp\u00edrito.<\/p>\n<p class=\"western\" align=\"JUSTIFY\">Enquanto enxug\u00e1vamos algumas cervejas, em volta retinia o som de talheres, clientes dedicavam-se festivamente ao almo\u00e7o da sexta-feira. Gar\u00e7ons iam e vinham, os espetos abrigando a variedade de carnes. Foi quando Waldick Soriano entrou \u2013 ele, o consagrado cantor dos amores frustrados, das paix\u00f5es humilhadas \u2013 com seus inconfund\u00edveis chap\u00e9u de abas largas e espelhados \u00f3culos escuros.<\/p>\n<p class=\"western\" align=\"JUSTIFY\">Sentou a uma mesa \u2013 estava acompanhado, mas n\u00e3o lembro por quem \u2013 e come\u00e7ou a almo\u00e7ar. \u00c0s vezes, algum cliente aparecia, solicitava um aut\u00f3grafo, dois dedos de prosa com a lenda da m\u00fasica popular. N\u00e3o se faziam <i>selfies<\/i>, os celulares, naquele tempo, serviam apenas para liga\u00e7\u00f5es telef\u00f4nicas. Deduzo que a agenda de shows trouxera o astro \u00e0 cidade.<\/p>\n<p class=\"western\" align=\"JUSTIFY\">Um dos colegas que estava comigo se animou, foi l\u00e1 pedir aut\u00f3grafo, rabiscado num guardanapo de papel. Voltou, sentou por alguns instantes. Meia-d\u00fazia de cervejas se acumulavam sobre a mesa, n\u00e3o poder\u00edamos ir muito al\u00e9m daquilo. Ele, ent\u00e3o, teve uma ideia:<\/p>\n<p class=\"western\" align=\"JUSTIFY\">-Vou l\u00e1 pedir para Waldick Soriano pagar nossa conta!<\/p>\n<p class=\"western\" align=\"JUSTIFY\">Levantou e foi, convicto:<\/p>\n<p class=\"western\" align=\"JUSTIFY\">-Somos estudantes e estramos sem dinheiro. O senhor podia pagar a conta para a gente?<\/p>\n<p class=\"western\" align=\"JUSTIFY\">A cena que se seguiu, ent\u00e3o, foi inesquec\u00edvel. Com express\u00e3o calculadamente teatral \u2013 nas fei\u00e7\u00f5es do cantor havia de tudo: espanto, indigna\u00e7\u00e3o, dor, pesar, surpresa, irrita\u00e7\u00e3o, at\u00e9 uma c\u00f4mica exalta\u00e7\u00e3o \u2013 Waldick buscou a voz sumida no fundo da garganta e balbuciou, num sussurro, sacudindo a cabe\u00e7a numa negativa:<\/p>\n<p class=\"western\" align=\"JUSTIFY\">-Meu filho, eu n\u00e3o tenho dinheiro n\u00e3o&#8230;<\/p>\n<p class=\"western\" align=\"JUSTIFY\">Voltamos para o campus da Uefs depois de racharmos a conta que Waldick Soriano refugou. R\u00edamos, mas o colega que foi abord\u00e1-lo estava pesaroso, lastimava a mar\u00e9 de azar que se arrastava naquela manh\u00e3. Tempos depois ainda nos divert\u00edamos com o epis\u00f3dio, que nunca esqueci. Sobretudo das fei\u00e7\u00f5es indignadas de Waldick Soriano com aquele pedido insolente de jovens estudantes.<\/p>\n<div id=\"blogd-3743450055\" class=\"blogd-final-post blogd-entity-placement\"><a href=\"https:\/\/www.feiradesantana.ba.leg.br\/\" target=\"_blank\" aria-label=\"BANNER-SITE-ENTREGADECHEQUE-CAMARADEFEIRA\"><img loading=\"lazy\" decoding=\"async\" src=\"https:\/\/blogdafeira.com.br\/home\/wp-content\/uploads\/2026\/03\/BANNER-SITE-ENTREGADECHEQUE-CAMARADEFEIRA.gif\" alt=\"\"  class=\"no-lazyload\" width=\"728\" height=\"90\"   \/><\/a><\/div><p class=\"western\" align=\"JUSTIFY\">Era, verdadeiramente, um artista!<\/p>\n","protected":false},"excerpt":{"rendered":"<p>Dezembro de 1997. Nossa chapa perdera a elei\u00e7\u00e3o para o Diret\u00f3rio Central dos Estudantes (DCE) da Uefs por m\u00edseros 17 votos de diferen\u00e7a. Isso num universo de quase dois mil votantes. Eu pr\u00f3prio figurara na comiss\u00e3o eleitoral, contribu\u00edra na apura\u00e7\u00e3o. O resultado nos abateu. Que fazer para espantar a desola\u00e7\u00e3o, recobrar algum \u00e2nimo? Decidimos beber<\/p>\n","protected":false},"author":13,"featured_media":52890,"comment_status":"open","ping_status":"open","sticky":false,"template":"","format":"standard","meta":{"jetpack_post_was_ever_published":false,"cybocfi_hide_featured_image":"","_jetpack_newsletter_access":"","_jetpack_dont_email_post_to_subs":false,"_jetpack_newsletter_tier_id":0,"_jetpack_memberships_contains_paywalled_content":false,"_jetpack_memberships_contains_paid_content":false,"footnotes":"","jetpack_publicize_message":"","jetpack_publicize_feature_enabled":true,"jetpack_social_post_already_shared":true,"jetpack_social_options":{"image_generator_settings":{"template":"highway","default_image_id":0,"font":"","enabled":false},"version":2}},"categories":[592,1],"tags":[],"class_list":["post-52882","post","type-post","status-publish","format-standard","has-post-thumbnail","hentry","category-colunistas","category-raiz"],"jetpack_publicize_connections":[],"jetpack_featured_media_url":"https:\/\/blogdafeira.com.br\/home\/wp-content\/uploads\/2022\/06\/download-6.jpg","jetpack_shortlink":"https:\/\/wp.me\/p3niVf-dKW","jetpack_sharing_enabled":true,"jetpack-related-posts":[{"id":14381,"url":"https:\/\/blogdafeira.com.br\/home\/2015\/03\/31\/apuracao-dos-votos-da-uefs-sera-feita-na-quarta-feira-a-noite\/","url_meta":{"origin":52882,"position":0},"title":"Apura\u00e7\u00e3o dos votos da UEFS ser\u00e1 feita na quarta-feira \u00e0 noite","author":"Blog da Feira","date":"31\/03\/2015","format":false,"excerpt":"Os candidatos a reitor e vice pela Chapa Mais Uefs, \u00fanica escrita no processo eleitoral desta Universidade, professores doutores Evandro do Nascimento Silva e Norma L\u00facia de Almeida, votaram na manh\u00e3 de ontem quando come\u00e7ou o pleito eleitoral. Daremos continuidade a um trabalho que j\u00e1 est\u00e1 em curso h\u00e1 oito\u2026","rel":"","context":"Em &quot;Home&quot;","block_context":{"text":"Home","link":"https:\/\/blogdafeira.com.br\/home\/categoria\/raiz\/"},"img":{"alt_text":"Reito","src":"https:\/\/i0.wp.com\/blogdafeira.com.br\/home\/wp-content\/uploads\/2015\/03\/Reito.jpg?resize=350%2C200","width":350,"height":200,"srcset":"https:\/\/i0.wp.com\/blogdafeira.com.br\/home\/wp-content\/uploads\/2015\/03\/Reito.jpg?resize=350%2C200 1x, https:\/\/i0.wp.com\/blogdafeira.com.br\/home\/wp-content\/uploads\/2015\/03\/Reito.jpg?resize=525%2C300 1.5x, https:\/\/i0.wp.com\/blogdafeira.com.br\/home\/wp-content\/uploads\/2015\/03\/Reito.jpg?resize=700%2C400 2x"},"classes":[]},{"id":2755,"url":"https:\/\/blogdafeira.com.br\/home\/2013\/06\/18\/juraci-dorea-monta-escultura-com-couro-e-varas-no-campus-da-uefs\/","url_meta":{"origin":52882,"position":1},"title":"Juraci D\u00f3rea monta escultura com couro e varas no campus da UEFS","author":"Blog da Feira","date":"18\/06\/2013","format":false,"excerpt":"A escultura que virou um 's\u00edmbolo' de Feira de Santana (uma r\u00e9plica dela em cimento est\u00e1 no centro da cidade), de autoria do artista pl\u00e1stico Juraci D\u00f3rea, foi remontada, nesta ter\u00e7a-feira, no campus da Universidade Estadual de Feira de Santana. (UEFS). Feita com couro pregado a varas entran\u00e7adas e parte\u2026","rel":"","context":"Em &quot;Cultura&quot;","block_context":{"text":"Cultura","link":"https:\/\/blogdafeira.com.br\/home\/categoria\/cultura\/"},"img":{"alt_text":"beto souza 6784","src":"https:\/\/i0.wp.com\/blogdafeira.com.br\/home\/wp-content\/uploads\/2013\/06\/beto-souza-6784.jpg?resize=350%2C200","width":350,"height":200,"srcset":"https:\/\/i0.wp.com\/blogdafeira.com.br\/home\/wp-content\/uploads\/2013\/06\/beto-souza-6784.jpg?resize=350%2C200 1x, https:\/\/i0.wp.com\/blogdafeira.com.br\/home\/wp-content\/uploads\/2013\/06\/beto-souza-6784.jpg?resize=525%2C300 1.5x"},"classes":[]},{"id":31113,"url":"https:\/\/blogdafeira.com.br\/home\/2019\/04\/02\/eleicao-para-reitor-da-uefs-termina-nesta-quarta-feira-concorrem-tres-chapas\/","url_meta":{"origin":52882,"position":2},"title":"Elei\u00e7\u00e3o para Reitor da UEFS termina nesta quarta-feira; concorrem tr\u00eas chapas","author":"J\u00e2nio R\u00eago","date":"02\/04\/2019","format":false,"excerpt":"Afora um problema na lista de lista de estudantes votantes no campus de Feira de Santana e que foi logo resolvido pela Comiss\u00e3o Eleitoral com uma vota\u00e7\u00e3o em separado, nenhum imprevisto ocorreu para abalar a elei\u00e7\u00e3o para Reitor da Universidade Estadual de Feira de Santana que transcorre at\u00e9 amanh\u00e3 nos\u2026","rel":"","context":"Em &quot;Home&quot;","block_context":{"text":"Home","link":"https:\/\/blogdafeira.com.br\/home\/categoria\/raiz\/"},"img":{"alt_text":"","src":"https:\/\/i0.wp.com\/blogdafeira.com.br\/home\/wp-content\/uploads\/2019\/04\/uefs-uefs.jpg?resize=350%2C200&ssl=1","width":350,"height":200,"srcset":"https:\/\/i0.wp.com\/blogdafeira.com.br\/home\/wp-content\/uploads\/2019\/04\/uefs-uefs.jpg?resize=350%2C200&ssl=1 1x, https:\/\/i0.wp.com\/blogdafeira.com.br\/home\/wp-content\/uploads\/2019\/04\/uefs-uefs.jpg?resize=525%2C300&ssl=1 1.5x"},"classes":[]},{"id":57070,"url":"https:\/\/blogdafeira.com.br\/home\/2023\/04\/03\/eleicao-para-reitoria-da-uefs-comecou-e-vai-ate-quarta-feira5\/","url_meta":{"origin":52882,"position":3},"title":"Elei\u00e7\u00e3o para Reitoria da UEFS come\u00e7ou e vai at\u00e9 quarta-feira,5","author":"Blog da Feira","date":"03\/04\/2023","format":false,"excerpt":"Come\u00e7ou hoje (3) e prossegue nos dias 4 e 5 de abril a vota\u00e7\u00e3o para a escolha dos cargos de reitor (a) e vice-reitor (a) da Universidade Estadual de Feira de Santana. O hor\u00e1rio de vota\u00e7\u00e3o \u00e9\u00a0das 8h \u00e0s 22h, sem intervalos. S\u00e3o 7 os locais de vota\u00e7\u00e3o: Na Uefs,\u2026","rel":"","context":"Em &quot;Geral&quot;","block_context":{"text":"Geral","link":"https:\/\/blogdafeira.com.br\/home\/categoria\/geral\/"},"img":{"alt_text":"","src":"https:\/\/i0.wp.com\/blogdafeira.com.br\/home\/wp-content\/uploads\/2023\/04\/R.jpg?resize=350%2C200&ssl=1","width":350,"height":200,"srcset":"https:\/\/i0.wp.com\/blogdafeira.com.br\/home\/wp-content\/uploads\/2023\/04\/R.jpg?resize=350%2C200&ssl=1 1x, https:\/\/i0.wp.com\/blogdafeira.com.br\/home\/wp-content\/uploads\/2023\/04\/R.jpg?resize=525%2C300&ssl=1 1.5x, https:\/\/i0.wp.com\/blogdafeira.com.br\/home\/wp-content\/uploads\/2023\/04\/R.jpg?resize=700%2C400&ssl=1 2x, https:\/\/i0.wp.com\/blogdafeira.com.br\/home\/wp-content\/uploads\/2023\/04\/R.jpg?resize=1050%2C600&ssl=1 3x, https:\/\/i0.wp.com\/blogdafeira.com.br\/home\/wp-content\/uploads\/2023\/04\/R.jpg?resize=1400%2C800&ssl=1 4x"},"classes":[]},{"id":10425,"url":"https:\/\/blogdafeira.com.br\/home\/2014\/05\/08\/uefs-divulga-os-finalistas-do-7o-festival-de-sanfoneiros\/","url_meta":{"origin":52882,"position":4},"title":"UEFS divulga os finalistas do 7\u00ba festival de sanfoneiros","author":"Blog da Feira","date":"08\/05\/2014","format":false,"excerpt":"O Centro Universit\u00e1rio de Cultura e Arte (Cuca), entidade vinculada \u00e0 Universidade Estadual de Feira de Santana (Uefs), divulgou os finalistas do 7\u00ba Festival de Sanfoneiros. A rela\u00e7\u00e3o est\u00e1 dispon\u00edvel no portal www.uefs.br. A grande final ser\u00e1 realizada no dia 22 de maio, uma quinta-feira, a partir das 18h30, no\u2026","rel":"","context":"Em &quot;Home&quot;","block_context":{"text":"Home","link":"https:\/\/blogdafeira.com.br\/home\/categoria\/raiz\/"},"img":{"alt_text":"","src":"","width":0,"height":0},"classes":[]},{"id":28780,"url":"https:\/\/blogdafeira.com.br\/home\/2017\/12\/11\/feirao-de-livros-da-editora-da-uefs-no-campus-proxima-quarta-feira\/","url_meta":{"origin":52882,"position":5},"title":"&#8216;Feir\u00e3o&#8217; de livros da Editora da UEFS no campus pr\u00f3xima quarta-feira","author":"Blog da Feira","date":"11\/12\/2017","format":false,"excerpt":"Setenta e nove livros, lan\u00e7ados pela UEFS Editora entre 2015 e 2017, estar\u00e3o \u00e0 venda, com a presen\u00e7a dos autores, em evento do final deste ano, no dia 13 de dezembro (quarta-feira), a partir das 16h, no hall da Reitoria da Universidade Estadual de Feira de Santana (Uefs). Resultantes de\u2026","rel":"","context":"Em &quot;Home&quot;","block_context":{"text":"Home","link":"https:\/\/blogdafeira.com.br\/home\/categoria\/raiz\/"},"img":{"alt_text":"convite-1","src":"https:\/\/i0.wp.com\/blogdafeira.com.br\/home\/wp-content\/uploads\/2017\/12\/CONVITE-1-1024x722.jpg?resize=350%2C200","width":350,"height":200,"srcset":"https:\/\/i0.wp.com\/blogdafeira.com.br\/home\/wp-content\/uploads\/2017\/12\/CONVITE-1-1024x722.jpg?resize=350%2C200 1x, https:\/\/i0.wp.com\/blogdafeira.com.br\/home\/wp-content\/uploads\/2017\/12\/CONVITE-1-1024x722.jpg?resize=525%2C300 1.5x, https:\/\/i0.wp.com\/blogdafeira.com.br\/home\/wp-content\/uploads\/2017\/12\/CONVITE-1-1024x722.jpg?resize=700%2C400 2x"},"classes":[]}],"_links":{"self":[{"href":"https:\/\/blogdafeira.com.br\/home\/wp-json\/wp\/v2\/posts\/52882","targetHints":{"allow":["GET"]}}],"collection":[{"href":"https:\/\/blogdafeira.com.br\/home\/wp-json\/wp\/v2\/posts"}],"about":[{"href":"https:\/\/blogdafeira.com.br\/home\/wp-json\/wp\/v2\/types\/post"}],"author":[{"embeddable":true,"href":"https:\/\/blogdafeira.com.br\/home\/wp-json\/wp\/v2\/users\/13"}],"replies":[{"embeddable":true,"href":"https:\/\/blogdafeira.com.br\/home\/wp-json\/wp\/v2\/comments?post=52882"}],"version-history":[{"count":1,"href":"https:\/\/blogdafeira.com.br\/home\/wp-json\/wp\/v2\/posts\/52882\/revisions"}],"predecessor-version":[{"id":52883,"href":"https:\/\/blogdafeira.com.br\/home\/wp-json\/wp\/v2\/posts\/52882\/revisions\/52883"}],"wp:featuredmedia":[{"embeddable":true,"href":"https:\/\/blogdafeira.com.br\/home\/wp-json\/wp\/v2\/media\/52890"}],"wp:attachment":[{"href":"https:\/\/blogdafeira.com.br\/home\/wp-json\/wp\/v2\/media?parent=52882"}],"wp:term":[{"taxonomy":"category","embeddable":true,"href":"https:\/\/blogdafeira.com.br\/home\/wp-json\/wp\/v2\/categories?post=52882"},{"taxonomy":"post_tag","embeddable":true,"href":"https:\/\/blogdafeira.com.br\/home\/wp-json\/wp\/v2\/tags?post=52882"}],"curies":[{"name":"wp","href":"https:\/\/api.w.org\/{rel}","templated":true}]}}