{"id":53013,"date":"2022-06-22T11:08:20","date_gmt":"2022-06-22T14:08:20","guid":{"rendered":"https:\/\/blogdafeira.com.br\/home\/?p=53013"},"modified":"2022-06-27T16:38:57","modified_gmt":"2022-06-27T19:38:57","slug":"licor-e-hemorroidas-combinacao-que-nao-da-certo","status":"publish","type":"post","link":"https:\/\/blogdafeira.com.br\/home\/2022\/06\/22\/licor-e-hemorroidas-combinacao-que-nao-da-certo\/","title":{"rendered":"L\u00edcor e hemorr\u00f3idas: combina\u00e7\u00e3o que n\u00e3o d\u00e1 certo!"},"content":{"rendered":"<div id=\"blogd-3390867010\" class=\"blogd-fim-do-post-mobile blogd-entity-placement\" style=\"margin-left: auto;margin-right: auto;text-align: center;\"><a href=\"https:\/\/www.sefaz.feiradesantana.ba.gov.br\/\" target=\"_blank\" aria-label=\"728&#215;90 (6)\"><img loading=\"lazy\" decoding=\"async\" src=\"https:\/\/blogdafeira.com.br\/home\/wp-content\/uploads\/2026\/03\/728x90-6.gif\" alt=\"\"  class=\"no-lazyload\" width=\"728\" height=\"90\"  style=\"display: inline-block;\" \/><\/a><\/div><p>Hemorr\u00f3ida \u00e9 um assunto dif\u00edcil de ser falado e, principalmente, admitido, por medo ou vergonha. Mas sabe-se que pelo menos 80% das pessoas ter\u00e3o problemas com essas varizes do canal do \u00e2nus em algum momento da vida. As hemorr\u00f3idas, na verdade, s\u00e3o veias ao redor do \u00e2nus que se inflamam ou se dilatam. De acordo com o coloproctologista Eug\u00eanio Ramalho, \u00e9 preciso redobrar a aten\u00e7\u00e3o nesse per\u00edodo de festas juninas, quando a jun\u00e7\u00e3o mesa farta e bebidas destiladas podem ocasionar a inflama\u00e7\u00e3o da regi\u00e3o anal.<br \/>\nExistem dois tipos de hemorr\u00f3idas: internas e externas, de acordo com a posi\u00e7\u00e3o. As hemorr\u00f3idas externas se formam no canal anal e regi\u00e3o externa, sendo recobertas por uma pele bem sens\u00edvel. Ao contr\u00e1rio, as internas est\u00e3o na parte interna do \u00e2nus. As hemorr\u00f3idas podem acometer tanto homens como mulheres, ou seja, ningu\u00e9m est\u00e1 livre desse inc\u00f4modo, sendo mais comum nas faixas et\u00e1rias de 45 A 65 anos. Por\u00e9m, segundo Dr. Eug\u00eanio Ramalho, as bebidas \u00e0 base de \u00e1lcool destilado tendem a causar um desconforto ainda maior para quem j\u00e1 est\u00e1 com a inflama\u00e7\u00e3o.<\/p><div id=\"blogd-2968583155\" class=\"blogd-conteudo-2-mobile blogd-entity-placement\"><a href=\"https:\/\/feirenses.com.br\/\" target=\"_blank\" aria-label=\"feirenses\"><img loading=\"lazy\" decoding=\"async\" src=\"https:\/\/blogdafeira.com.br\/home\/wp-content\/uploads\/2026\/04\/feirenses.png\" alt=\"\"  srcset=\"https:\/\/blogdafeira.com.br\/home\/wp-content\/uploads\/2026\/04\/feirenses.png 300w, https:\/\/blogdafeira.com.br\/home\/wp-content\/uploads\/2026\/04\/feirenses-170x45.png 170w, https:\/\/blogdafeira.com.br\/home\/wp-content\/uploads\/2026\/04\/feirenses-280x74.png 280w\" sizes=\"(max-width: 300px) 100vw, 300px\" class=\"no-lazyload\" width=\"300\" height=\"79\"  style=\"display: inline-block;\" \/><\/a><\/div>\n<p>Para quem est\u00e1 vivenciando crises de hemorr\u00f3idas, bebidas destiladas e alimentos gordurosos e apimentados s\u00e3o um verdadeiro inimimigo. \u201cNesse per\u00edodo junino, S\u00e3o Jo\u00e3o, S\u00e3o Pedro, o licor e outras bebidas destiladas interferem muito na sa\u00fade do \u00e2nus. As crises de hemorr\u00f3ida t\u00eam muita associa\u00e7\u00e3o com esses alimentos. \u00c9 preciso estar atento. Se voc\u00ea ingere alguma bebida ou alimento que causa ardor, na hora de sair tamb\u00e9m voc\u00ea vai sentir\u201d, alerta o especialista. Os principais sintomas apresentados pelos pacientes com hemorr\u00f3ida s\u00e3o sangramento, dor e\/ou desconforto anal, inflama\u00e7\u00e3o aguda e sensa\u00e7\u00e3o de esvaziamento incompleto ap\u00f3s a evacua\u00e7\u00e3o. O mais comum \u00e9 apresentar sangramento que costuma ser de pequena percep\u00e7\u00e3o.<\/p>\n<div id=\"blogd-3801563162\" class=\"blogd-final-post blogd-entity-placement\"><a href=\"https:\/\/www.feiradesantana.ba.leg.br\/\" target=\"_blank\" aria-label=\"BANNER-SITE-ENTREGADECHEQUE-CAMARADEFEIRA\"><img loading=\"lazy\" decoding=\"async\" src=\"https:\/\/blogdafeira.com.br\/home\/wp-content\/uploads\/2026\/03\/BANNER-SITE-ENTREGADECHEQUE-CAMARADEFEIRA.gif\" alt=\"\"  class=\"no-lazyload\" width=\"728\" height=\"90\"   \/><\/a><\/div><p>As causas mais comuns das hemorr\u00f3idas s\u00e3o a constipa\u00e7\u00e3o, popularmente conhecida como \u201cpris\u00e3o de ventre\u201d, a gesta\u00e7\u00e3o, tamb\u00e9m a obesidade, o sedentarismo, a predisposi\u00e7\u00e3o gen\u00e9tica, e o pouco consumo de fibras e de l\u00edquidos. O tratamento, conforme Dr. Eug\u00eanio, varia caso a caso. Em casos leves, pode-se fazer uso de mudan\u00e7as de h\u00e1bito de vida. Em casos mais delicados est\u00e1 indicada a ligadura el\u00e1stica ou a hemorroidectomia, que consiste na retirada destas veias doentes atrav\u00e9s de uma pequena cirurgia. \u201cImportante mesmo \u00e9 procurar um especialista assim que sentir os primeiros sintomas. E, nesse S\u00e3o Jo\u00e3o, cuidado com as bebidas destiladas e a pimenta, principalmente\u201d.<\/p>\n","protected":false},"excerpt":{"rendered":"<p>Hemorr\u00f3ida \u00e9 um assunto dif\u00edcil de ser falado e, principalmente, admitido, por medo ou vergonha. Mas sabe-se que pelo menos 80% das pessoas ter\u00e3o problemas com essas varizes do canal do \u00e2nus em algum momento da vida. As hemorr\u00f3idas, na verdade, s\u00e3o veias ao redor do \u00e2nus que se inflamam ou se dilatam. De acordo<\/p>\n","protected":false},"author":1,"featured_media":53014,"comment_status":"open","ping_status":"open","sticky":false,"template":"","format":"standard","meta":{"jetpack_post_was_ever_published":false,"cybocfi_hide_featured_image":"","_jetpack_newsletter_access":"","_jetpack_dont_email_post_to_subs":false,"_jetpack_newsletter_tier_id":0,"_jetpack_memberships_contains_paywalled_content":false,"_jetpack_memberships_contains_paid_content":false,"footnotes":"","jetpack_publicize_message":"","jetpack_publicize_feature_enabled":true,"jetpack_social_post_already_shared":true,"jetpack_social_options":{"image_generator_settings":{"template":"highway","default_image_id":0,"font":"","enabled":false},"version":2}},"categories":[751,1],"tags":[],"class_list":["post-53013","post","type-post","status-publish","format-standard","has-post-thumbnail","hentry","category-geral","category-raiz"],"jetpack_publicize_connections":[],"jetpack_featured_media_url":"https:\/\/blogdafeira.com.br\/home\/wp-content\/uploads\/2022\/06\/drauzio_banheiro-celular_170671880_nito103_1000x563.jpg","jetpack_shortlink":"https:\/\/wp.me\/p3niVf-dN3","jetpack_sharing_enabled":true,"jetpack-related-posts":[{"id":45143,"url":"https:\/\/blogdafeira.com.br\/home\/2021\/04\/26\/o-capitao-na-feira\/","url_meta":{"origin":53013,"position":0},"title":"O Capit\u00e3o na Feira","author":"Daniel Rego","date":"26\/04\/2021","format":false,"excerpt":"Bem que podia ser o t\u00edtulo de uma boa cr\u00f4nica. Ou de um quadrinho do divertid\u00edssimo capit\u00e3o Haddock revirando bancas de tomate em uma heroica persegui\u00e7\u00e3o. Quem sabe at\u00e9 poderia falar das aventuras do capit\u00e3o Kirk se escondendo dos vil\u00f5es em um planeta ex\u00f3tico, num mercado lotado de alien\u00edgenas verdes\u2026","rel":"","context":"Em &quot;Colunistas&quot;","block_context":{"text":"Colunistas","link":"https:\/\/blogdafeira.com.br\/home\/categoria\/colunistas\/"},"img":{"alt_text":"","src":"https:\/\/i0.wp.com\/blogdafeira.com.br\/home\/wp-content\/uploads\/2021\/04\/bolsowave.jpg?resize=350%2C200&ssl=1","width":350,"height":200,"srcset":"https:\/\/i0.wp.com\/blogdafeira.com.br\/home\/wp-content\/uploads\/2021\/04\/bolsowave.jpg?resize=350%2C200&ssl=1 1x, https:\/\/i0.wp.com\/blogdafeira.com.br\/home\/wp-content\/uploads\/2021\/04\/bolsowave.jpg?resize=525%2C300&ssl=1 1.5x, https:\/\/i0.wp.com\/blogdafeira.com.br\/home\/wp-content\/uploads\/2021\/04\/bolsowave.jpg?resize=700%2C400&ssl=1 2x"},"classes":[]},{"id":63880,"url":"https:\/\/blogdafeira.com.br\/home\/2024\/09\/21\/botox-no-cerebro\/","url_meta":{"origin":53013,"position":1},"title":"Botox no c\u00e9rebro","author":"Edson Borges","date":"21\/09\/2024","format":false,"excerpt":"Botox no c\u00e9rebro. \u00c9 o que falta mesmo. J\u00e1 temos a popularizada harmoniza\u00e7\u00e3o facial. Algumas descanbando pra demoniza\u00e7\u00e3o facial. Temos tamb\u00e9m a harmoniza\u00e7\u00e3o vaginal. Algumas mulheres desejam o tal \"cap\u00f4 de fusca\", aspecto f\u00edsico que era motivo de bulling na minha adolesc\u00eancia. Alguns at\u00e9 assustavam! No menu das transforma\u00e7\u00f5es tem\u2026","rel":"","context":"Em &quot;Colunistas&quot;","block_context":{"text":"Colunistas","link":"https:\/\/blogdafeira.com.br\/home\/categoria\/colunistas\/"},"img":{"alt_text":"","src":"https:\/\/i0.wp.com\/blogdafeira.com.br\/home\/wp-content\/uploads\/2024\/09\/images-82.jpeg?resize=350%2C200&ssl=1","width":350,"height":200,"srcset":"https:\/\/i0.wp.com\/blogdafeira.com.br\/home\/wp-content\/uploads\/2024\/09\/images-82.jpeg?resize=350%2C200&ssl=1 1x, https:\/\/i0.wp.com\/blogdafeira.com.br\/home\/wp-content\/uploads\/2024\/09\/images-82.jpeg?resize=525%2C300&ssl=1 1.5x"},"classes":[]},{"id":37990,"url":"https:\/\/blogdafeira.com.br\/home\/2020\/05\/21\/tribunal-de-contas-vai-fiscalizar-gastos-de-prefeituras-com-coronavirus\/","url_meta":{"origin":53013,"position":2},"title":"Tribunal de Contas  fiscaliza gastos de Prefeituras com coronav\u00edrus","author":"Blog da Feira","date":"21\/05\/2020","format":false,"excerpt":"O Tribunal de Contas dos Munic\u00edpios da Bahia (TCM) vai fazer um levantamento de todos os gastos que est\u00e3o sendo realizados pelos 417 munic\u00edpios do estado relacionados ao controle da pandemia da Covid-19. O objetivo \u00e9 acompanhar de perto e obter informa\u00e7\u00f5es sobre os atos praticados pelos gestores municipais, com\u2026","rel":"","context":"Em &quot;Bahia&quot;","block_context":{"text":"Bahia","link":"https:\/\/blogdafeira.com.br\/home\/categoria\/bahia\/"},"img":{"alt_text":"","src":"https:\/\/i0.wp.com\/blogdafeira.com.br\/home\/wp-content\/uploads\/2020\/03\/prefeitura-feira.jpg?resize=350%2C200&ssl=1","width":350,"height":200,"srcset":"https:\/\/i0.wp.com\/blogdafeira.com.br\/home\/wp-content\/uploads\/2020\/03\/prefeitura-feira.jpg?resize=350%2C200&ssl=1 1x, https:\/\/i0.wp.com\/blogdafeira.com.br\/home\/wp-content\/uploads\/2020\/03\/prefeitura-feira.jpg?resize=525%2C300&ssl=1 1.5x, https:\/\/i0.wp.com\/blogdafeira.com.br\/home\/wp-content\/uploads\/2020\/03\/prefeitura-feira.jpg?resize=700%2C400&ssl=1 2x, https:\/\/i0.wp.com\/blogdafeira.com.br\/home\/wp-content\/uploads\/2020\/03\/prefeitura-feira.jpg?resize=1050%2C600&ssl=1 3x, https:\/\/i0.wp.com\/blogdafeira.com.br\/home\/wp-content\/uploads\/2020\/03\/prefeitura-feira.jpg?resize=1400%2C800&ssl=1 4x"},"classes":[]},{"id":17609,"url":"https:\/\/blogdafeira.com.br\/home\/2015\/11\/09\/obras-do-mercado-de-arte-estao-na-fase-final-de-pintura-externa\/","url_meta":{"origin":53013,"position":3},"title":"Obras do Mercado de Arte est\u00e3o na fase final de pintura externa","author":"Blog da Feira","date":"09\/11\/2015","format":false,"excerpt":"As obras de reforma do Mercado de Arte Popular (MAP) de Feira de Santana entram na fase de pintura da parte externa do pr\u00e9dio. A previs\u00e3o \u00e9 do servi\u00e7o ser conclu\u00eddo ainda este ano. Na manh\u00e3 de s\u00e1bado o prefeito Jos\u00e9 Ronaldo fez nova visita \u00e0s obras. Desta vez acompanhado\u2026","rel":"","context":"Em &quot;Home&quot;","block_context":{"text":"Home","link":"https:\/\/blogdafeira.com.br\/home\/categoria\/raiz\/"},"img":{"alt_text":"maphkhkjhjk","src":"https:\/\/i0.wp.com\/blogdafeira.com.br\/home\/wp-content\/uploads\/2015\/11\/maphkhkjhjk.jpg?resize=350%2C200","width":350,"height":200,"srcset":"https:\/\/i0.wp.com\/blogdafeira.com.br\/home\/wp-content\/uploads\/2015\/11\/maphkhkjhjk.jpg?resize=350%2C200 1x, https:\/\/i0.wp.com\/blogdafeira.com.br\/home\/wp-content\/uploads\/2015\/11\/maphkhkjhjk.jpg?resize=525%2C300 1.5x, https:\/\/i0.wp.com\/blogdafeira.com.br\/home\/wp-content\/uploads\/2015\/11\/maphkhkjhjk.jpg?resize=700%2C400 2x"},"classes":[]},{"id":8447,"url":"https:\/\/blogdafeira.com.br\/home\/2014\/01\/21\/blog-abordagem-policial-em-los-angeles-eua\/","url_meta":{"origin":53013,"position":4},"title":"Blog Abordagem Policial em Los Angeles (EUA)","author":"Blog da Feira","date":"21\/01\/2014","format":false,"excerpt":"E o Abordagem Policial come\u00e7a a superar as fronteiras nacionais: a partir de amanh\u00e3, a convite da\u00a0Washington Office on Latin America (WOLA), organiza\u00e7\u00e3o norte-americana que lida com Direitos Humanos, Democracia e Justi\u00e7a Social trabalhando com parceiros da Am\u00e9rica Latina e do Caribe para a elabora\u00e7\u00e3o de pol\u00edticas nos Estados Unidos\u2026","rel":"","context":"Em &quot;Home&quot;","block_context":{"text":"Home","link":"https:\/\/blogdafeira.com.br\/home\/categoria\/raiz\/"},"img":{"alt_text":"","src":"","width":0,"height":0},"classes":[]},{"id":35898,"url":"https:\/\/blogdafeira.com.br\/home\/2020\/03\/04\/mais-uma-vez-expansao-do-pib-decepciona\/","url_meta":{"origin":53013,"position":5},"title":"Mais uma vez expans\u00e3o do PIB decepciona","author":"Andr\u00e9 Pomponet","date":"04\/03\/2020","format":false,"excerpt":"por Andr\u00e9 Pomponet* O Produto Interno Bruto brasileiro, o PIB, cresceu s\u00f3 1,1% em 2019. \u00c9 o que informa o Instituto Brasileiro de Geografia e Estat\u00edstica, o IBGE. O indicador afere a soma de riquezas produzidas pelo Pa\u00eds. Depois do monumental tombo de 2015 e 2016 \u2013 quando a retra\u00e7\u00e3o,\u2026","rel":"","context":"Em &quot;Colunistas&quot;","block_context":{"text":"Colunistas","link":"https:\/\/blogdafeira.com.br\/home\/categoria\/colunistas\/"},"img":{"alt_text":"","src":"https:\/\/i0.wp.com\/blogdafeira.com.br\/home\/wp-content\/uploads\/2020\/02\/20200122_132455_HDR.jpg?resize=350%2C200&ssl=1","width":350,"height":200,"srcset":"https:\/\/i0.wp.com\/blogdafeira.com.br\/home\/wp-content\/uploads\/2020\/02\/20200122_132455_HDR.jpg?resize=350%2C200&ssl=1 1x, https:\/\/i0.wp.com\/blogdafeira.com.br\/home\/wp-content\/uploads\/2020\/02\/20200122_132455_HDR.jpg?resize=525%2C300&ssl=1 1.5x, https:\/\/i0.wp.com\/blogdafeira.com.br\/home\/wp-content\/uploads\/2020\/02\/20200122_132455_HDR.jpg?resize=700%2C400&ssl=1 2x, https:\/\/i0.wp.com\/blogdafeira.com.br\/home\/wp-content\/uploads\/2020\/02\/20200122_132455_HDR.jpg?resize=1050%2C600&ssl=1 3x, https:\/\/i0.wp.com\/blogdafeira.com.br\/home\/wp-content\/uploads\/2020\/02\/20200122_132455_HDR.jpg?resize=1400%2C800&ssl=1 4x"},"classes":[]}],"_links":{"self":[{"href":"https:\/\/blogdafeira.com.br\/home\/wp-json\/wp\/v2\/posts\/53013","targetHints":{"allow":["GET"]}}],"collection":[{"href":"https:\/\/blogdafeira.com.br\/home\/wp-json\/wp\/v2\/posts"}],"about":[{"href":"https:\/\/blogdafeira.com.br\/home\/wp-json\/wp\/v2\/types\/post"}],"author":[{"embeddable":true,"href":"https:\/\/blogdafeira.com.br\/home\/wp-json\/wp\/v2\/users\/1"}],"replies":[{"embeddable":true,"href":"https:\/\/blogdafeira.com.br\/home\/wp-json\/wp\/v2\/comments?post=53013"}],"version-history":[{"count":1,"href":"https:\/\/blogdafeira.com.br\/home\/wp-json\/wp\/v2\/posts\/53013\/revisions"}],"predecessor-version":[{"id":53015,"href":"https:\/\/blogdafeira.com.br\/home\/wp-json\/wp\/v2\/posts\/53013\/revisions\/53015"}],"wp:featuredmedia":[{"embeddable":true,"href":"https:\/\/blogdafeira.com.br\/home\/wp-json\/wp\/v2\/media\/53014"}],"wp:attachment":[{"href":"https:\/\/blogdafeira.com.br\/home\/wp-json\/wp\/v2\/media?parent=53013"}],"wp:term":[{"taxonomy":"category","embeddable":true,"href":"https:\/\/blogdafeira.com.br\/home\/wp-json\/wp\/v2\/categories?post=53013"},{"taxonomy":"post_tag","embeddable":true,"href":"https:\/\/blogdafeira.com.br\/home\/wp-json\/wp\/v2\/tags?post=53013"}],"curies":[{"name":"wp","href":"https:\/\/api.w.org\/{rel}","templated":true}]}}