{"id":53438,"date":"2022-07-25T14:22:02","date_gmt":"2022-07-25T17:22:02","guid":{"rendered":"https:\/\/blogdafeira.com.br\/home\/?p=53438"},"modified":"2022-07-29T16:01:24","modified_gmt":"2022-07-29T19:01:24","slug":"vaqueiro-e-o-museu-regional-de-feira-de-santana","status":"publish","type":"post","link":"https:\/\/blogdafeira.com.br\/home\/2022\/07\/25\/vaqueiro-e-o-museu-regional-de-feira-de-santana\/","title":{"rendered":"Vaqueiro e o Museu Regional de Feira de Santana"},"content":{"rendered":"<div id=\"blogd-1053618038\" class=\"blogd-final-post blogd-entity-placement\"><a href=\"https:\/\/www.feiradesantana.ba.leg.br\/\" target=\"_blank\" aria-label=\"BANNER-SITE-ENTREGADECHEQUE-CAMARADEFEIRA\"><img loading=\"lazy\" decoding=\"async\" src=\"https:\/\/blogdafeira.com.br\/home\/wp-content\/uploads\/2026\/03\/BANNER-SITE-ENTREGADECHEQUE-CAMARADEFEIRA.gif\" alt=\"\"  class=\"no-lazyload\" width=\"728\" height=\"90\"   \/><\/a><\/div><div id=\"blogd-345550216\" class=\"blogd-fim-do-post-mobile blogd-entity-placement\" style=\"margin-left: auto;margin-right: auto;text-align: center;\"><a href=\"https:\/\/www.sefaz.feiradesantana.ba.gov.br\/\" target=\"_blank\" aria-label=\"728&#215;90 (6)\"><img loading=\"lazy\" decoding=\"async\" src=\"https:\/\/blogdafeira.com.br\/home\/wp-content\/uploads\/2026\/03\/728x90-6.gif\" alt=\"\"  class=\"no-lazyload\" width=\"728\" height=\"90\"  style=\"display: inline-block;\" \/><\/a><\/div><p><strong>Bote O Vaqueiro na Pra\u00e7a dos Rem\u00e9dios<\/strong> &#8211; Essa foto mostra o dia em que Feira de Santana ganhou o Museu Regional de Arte, no espa\u00e7o onde havia sido o Campo do Gado e onde hoje \u00e9 outro museu, de Arte Contempor\u00e2nea &#8216;Raimundo de Oliveira&#8217; que \u00e9 &#8220;filho&#8221; deste que mostra a foto, o MRA de Assis Chateaubriand, o Chat\u00f4 dos Di\u00e1rios Associados (note a faixa de agradecimento). O nordestino da Para\u00edba, Chat\u00f4, tinha uma predile\u00e7\u00e3o especial pela regi\u00e3o e na campanha que moveu com o poder midi\u00e1tico dos Di\u00e1rios montou os museus regionais de Feira de Santana, Campina Grande e Olinda, para falar apenas dos mais pr\u00f3ximos de n\u00f3s, pois h\u00e1 tamb\u00e9m outros &#8216;Regionais&#8217; ao Norte e Sudeste.\u00a0 A tem\u00e1tica do Vaqueiro foi preponderante nas obras e objetos art\u00edsticos reunidos pelos entusiastas da ideia, que eram muitos. O que h\u00e1 de melhor nas artes pl\u00e1sticas da Bahia sobre o Vaqueiro est\u00e1 no acervo do MRA de Feira. A campanha dos museus foi um movimento de brios, tel\u00farico, e Chat\u00f4 fazia quest\u00e3o dessa ostenta\u00e7\u00e3o sertaneja. Nesse dia da foto ele introduziu\u00a0 a Ordem do Vaqueiro da qual se declarava Gr\u00e3o Mestre e n\u00e3o raras vezes era visto paramentado com guarda-peitos, gib\u00e3o e perneiras e chap\u00e9u de couro era quase sua marca. O Vaqueiro no primeiro plano dessa foto consegue dizer o que falta dizer. O Folha do Norte registra que o criador pecuarista Gil Marques Porto foi entronizado na Ordem do Vaqueiro certamente nesse dia dessa\u00a0 foto que \u00e9 uma raridade na exposi\u00e7\u00e3o permanente\u00a0 (n\u00e3o vend\u00e1vel) de curiosidades na Banca de Cordel de Jurivaldo.<\/p><div id=\"blogd-169997751\" class=\"blogd-conteudo-2-mobile blogd-entity-placement\"><a href=\"https:\/\/feirenses.com.br\/\" target=\"_blank\" aria-label=\"feirenses\"><img loading=\"lazy\" decoding=\"async\" src=\"https:\/\/blogdafeira.com.br\/home\/wp-content\/uploads\/2026\/04\/feirenses.png\" alt=\"\"  srcset=\"https:\/\/blogdafeira.com.br\/home\/wp-content\/uploads\/2026\/04\/feirenses.png 300w, https:\/\/blogdafeira.com.br\/home\/wp-content\/uploads\/2026\/04\/feirenses-170x45.png 170w, https:\/\/blogdafeira.com.br\/home\/wp-content\/uploads\/2026\/04\/feirenses-280x74.png 280w\" sizes=\"(max-width: 300px) 100vw, 300px\" class=\"no-lazyload\" width=\"300\" height=\"79\"  style=\"display: inline-block;\" \/><\/a><\/div>\n","protected":false},"excerpt":{"rendered":"<p>Bote O Vaqueiro na Pra\u00e7a dos Rem\u00e9dios &#8211; Essa foto mostra o dia em que Feira de Santana ganhou o Museu Regional de Arte, no espa\u00e7o onde havia sido o Campo do Gado e onde hoje \u00e9 outro museu, de Arte Contempor\u00e2nea &#8216;Raimundo de Oliveira&#8217; que \u00e9 &#8220;filho&#8221; deste que mostra a foto, o MRA<\/p>\n","protected":false},"author":8,"featured_media":53443,"comment_status":"open","ping_status":"open","sticky":false,"template":"","format":"standard","meta":{"jetpack_post_was_ever_published":false,"cybocfi_hide_featured_image":"","_jetpack_newsletter_access":"","_jetpack_dont_email_post_to_subs":false,"_jetpack_newsletter_tier_id":0,"_jetpack_memberships_contains_paywalled_content":false,"_jetpack_memberships_contains_paid_content":false,"footnotes":"","jetpack_publicize_message":"","jetpack_publicize_feature_enabled":true,"jetpack_social_post_already_shared":true,"jetpack_social_options":{"image_generator_settings":{"template":"highway","default_image_id":0,"font":"","enabled":false},"version":2}},"categories":[592,1],"tags":[],"class_list":["post-53438","post","type-post","status-publish","format-standard","has-post-thumbnail","hentry","category-colunistas","category-raiz"],"jetpack_publicize_connections":[],"jetpack_featured_media_url":"https:\/\/blogdafeira.com.br\/home\/wp-content\/uploads\/2022\/07\/IMG_20220725_114728_575-scaled.jpg","jetpack_shortlink":"https:\/\/wp.me\/p3niVf-dTU","jetpack_sharing_enabled":true,"jetpack-related-posts":[{"id":46139,"url":"https:\/\/blogdafeira.com.br\/home\/2021\/06\/29\/three-towers-in-sulffock-de-jonh-piper-colecao-inglesa-do-mra\/","url_meta":{"origin":53438,"position":0},"title":"Three towers in Sulffock, de Jonh Piper; cole\u00e7\u00e3o inglesa do MRA","author":"J\u00e2nio R\u00eago","date":"29\/06\/2021","format":false,"excerpt":"\"Three towers in Sulffock\", de Jonh Piper. Madeira e tela \/Mista 112x87cm Exposi\u00e7\u00e3o MRA\/2015 foi no museu de arte de campina grande que tomei conhecimento da rica \"cole\u00e7\u00e3o inglesa\" do museu regional de feira de santana. aproximei-me do museu de campina por uma raz\u00e3o simples: era rep\u00f3rter do \"di\u00e1rio da\u2026","rel":"","context":"Em &quot;Cidade&quot;","block_context":{"text":"Cidade","link":"https:\/\/blogdafeira.com.br\/home\/categoria\/cidade\/"},"img":{"alt_text":"","src":"https:\/\/i0.wp.com\/blogdafeira.com.br\/home\/wp-content\/uploads\/2021\/06\/IMG_20210629_202834_340.jpg?resize=350%2C200&ssl=1","width":350,"height":200,"srcset":"https:\/\/i0.wp.com\/blogdafeira.com.br\/home\/wp-content\/uploads\/2021\/06\/IMG_20210629_202834_340.jpg?resize=350%2C200&ssl=1 1x, https:\/\/i0.wp.com\/blogdafeira.com.br\/home\/wp-content\/uploads\/2021\/06\/IMG_20210629_202834_340.jpg?resize=525%2C300&ssl=1 1.5x, https:\/\/i0.wp.com\/blogdafeira.com.br\/home\/wp-content\/uploads\/2021\/06\/IMG_20210629_202834_340.jpg?resize=700%2C400&ssl=1 2x"},"classes":[]},{"id":29303,"url":"https:\/\/blogdafeira.com.br\/home\/2018\/03\/21\/dois-museus-da-uefs-fazem-juntos-uma-exposicao-sobre-o-mundo-dos-vaqueiros-nordestinos\/","url_meta":{"origin":53438,"position":1},"title":"Dois museus da UEFS fazem juntos uma exposi\u00e7\u00e3o sobre o mundo dos vaqueiros nordestinos","author":"Blog da Feira","date":"21\/03\/2018","format":false,"excerpt":"G\u00eanese Sertaneja: a Interconex\u00e3o Cultural do Museu Regional de Arte e Museu Casa do Sert\u00e3o\u201d \u00e9 o tema da mostra que re\u00fane num s\u00f3 espa\u00e7o, sensibilidade e subjetividade art\u00edstica com a realidade sociocultural sertaneja, em especial aspectos do cotidiano e elementos do oficio do vaqueiro. A abertura est\u00e1 programada para\u2026","rel":"","context":"Em &quot;Home&quot;","block_context":{"text":"Home","link":"https:\/\/blogdafeira.com.br\/home\/categoria\/raiz\/"},"img":{"alt_text":"","src":"https:\/\/i0.wp.com\/blogdafeira.com.br\/home\/wp-content\/uploads\/2018\/03\/Museu-2-1024x995.jpg?resize=350%2C200","width":350,"height":200,"srcset":"https:\/\/i0.wp.com\/blogdafeira.com.br\/home\/wp-content\/uploads\/2018\/03\/Museu-2-1024x995.jpg?resize=350%2C200 1x, https:\/\/i0.wp.com\/blogdafeira.com.br\/home\/wp-content\/uploads\/2018\/03\/Museu-2-1024x995.jpg?resize=525%2C300 1.5x, https:\/\/i0.wp.com\/blogdafeira.com.br\/home\/wp-content\/uploads\/2018\/03\/Museu-2-1024x995.jpg?resize=700%2C400 2x"},"classes":[]},{"id":4967,"url":"https:\/\/blogdafeira.com.br\/home\/2013\/09\/13\/exposicao-vaqueiros-marca-comemoracoes-pelo-aniversario-de-feira\/","url_meta":{"origin":53438,"position":2},"title":"Exposi\u00e7\u00e3o &#8216;Vaqueiros&#8217; marca comemora\u00e7\u00f5es pelo anivers\u00e1rio de Feira","author":"Blog da Feira","date":"13\/09\/2013","format":false,"excerpt":"Composta por 17 pain\u00e9is com 43 fotos, instala\u00e7\u00f5es feitas com pe\u00e7as de couro e sala de aboio onde s\u00e3o projetadas imagens, sons e depoimentos que revelam o universo dos vaqueiros, a 'Exposi\u00e7\u00e3o Vaqueiros' vai marcar as comemora\u00e7\u00f5es dos 180 anos de Feira de Santana, no pr\u00f3ximo dia 16, segunda-feira. A\u2026","rel":"","context":"Em &quot;Home&quot;","block_context":{"text":"Home","link":"https:\/\/blogdafeira.com.br\/home\/categoria\/raiz\/"},"img":{"alt_text":"VAQUEIRO","src":"https:\/\/i0.wp.com\/blogdafeira.com.br\/home\/wp-content\/uploads\/2013\/09\/VAQUEIRO-198x300.jpg?resize=350%2C200","width":350,"height":200},"classes":[]},{"id":70105,"url":"https:\/\/blogdafeira.com.br\/home\/2025\/11\/06\/exposicao-fotografica-cenas-urbanas-destaca-a-cultura-do-vaqueiro\/","url_meta":{"origin":53438,"position":3},"title":"Exposi\u00e7\u00e3o fotogr\u00e1fica Cenas Urbanas destaca a cultura do vaqueiro","author":"Blog da Feira","date":"06\/11\/2025","format":false,"excerpt":"Com o objetivo de valorizar a identidade sertaneja e preservar as tradi\u00e7\u00f5es do homem do campo, foi aberta na \u00faltima quarta-feira (05) a exposi\u00e7\u00e3o fotogr\u00e1fica \u201cCenas Urbanas \u2013 1\u00aa Edi\u00e7\u00e3o Portal do Sert\u00e3o\u201d, com o tema \u201cA Cultura do Vaqueiro no Portal do Sert\u00e3o\u201d. O projeto, que conta com o\u2026","rel":"","context":"Em &quot;Cidade&quot;","block_context":{"text":"Cidade","link":"https:\/\/blogdafeira.com.br\/home\/categoria\/cidade\/"},"img":{"alt_text":"","src":"https:\/\/i0.wp.com\/blogdafeira.com.br\/home\/wp-content\/uploads\/2025\/11\/05112025153222.jpg?resize=350%2C200&ssl=1","width":350,"height":200,"srcset":"https:\/\/i0.wp.com\/blogdafeira.com.br\/home\/wp-content\/uploads\/2025\/11\/05112025153222.jpg?resize=350%2C200&ssl=1 1x, https:\/\/i0.wp.com\/blogdafeira.com.br\/home\/wp-content\/uploads\/2025\/11\/05112025153222.jpg?resize=525%2C300&ssl=1 1.5x, https:\/\/i0.wp.com\/blogdafeira.com.br\/home\/wp-content\/uploads\/2025\/11\/05112025153222.jpg?resize=700%2C400&ssl=1 2x, https:\/\/i0.wp.com\/blogdafeira.com.br\/home\/wp-content\/uploads\/2025\/11\/05112025153222.jpg?resize=1050%2C600&ssl=1 3x"},"classes":[]},{"id":5191,"url":"https:\/\/blogdafeira.com.br\/home\/2013\/09\/22\/vaqueiros-vao-ao-congresso-pela-regulamentacao-da-profissao\/","url_meta":{"origin":53438,"position":4},"title":"Vaqueiros v\u00e3o ao Congresso pela regulamenta\u00e7\u00e3o da profiss\u00e3o","author":"Blog da Feira","date":"22\/09\/2013","format":false,"excerpt":"Um grupo de 40 vaqueiros,acompanhados do \u00a0antrop\u00f3logo Washington Queiroz, seguem de \u00f4nibus para Bras\u00edlia neste domingo, \u00e0s 15h, para acompanhar, na pr\u00f3xima ter\u00e7a, dia 24, a vota\u00e7\u00e3o no Senado sobre o reconhecimento e regulamenta\u00e7\u00e3o da profiss\u00e3o de vaqueiro no Brasil. Segundo o professor Washington Queiroz, autor da pesquisa\u00a0Hist\u00f3rias de Vaqueiros\u2026","rel":"","context":"Em &quot;Home&quot;","block_context":{"text":"Home","link":"https:\/\/blogdafeira.com.br\/home\/categoria\/raiz\/"},"img":{"alt_text":"VAQUEIRO","src":"https:\/\/i0.wp.com\/blogdafeira.com.br\/home\/wp-content\/uploads\/2013\/09\/VAQUEIRO-198x300.jpg?resize=350%2C200","width":350,"height":200},"classes":[]},{"id":4433,"url":"https:\/\/blogdafeira.com.br\/home\/2013\/08\/19\/acervo-do-museu-regional-de-arte-de-feira-continua-nas-paredes\/","url_meta":{"origin":53438,"position":5},"title":"Acervo do Museu Regional de Arte de Feira continua nas paredes","author":"Blog da Feira","date":"19\/08\/2013","format":false,"excerpt":"Passava ali perto do Cuca, aproveitei para rever a exposi\u00e7\u00e3o 'Caryb\u00e9 ilustra Jorge Amado', na Galeria Carlo Barbosa e usar o sanit\u00e1rio que fica no subsolo pr\u00f3ximo \u00e0 porta interna do Museu Regional de Arte que estava aberta! Entrei. As fotos dizem mais do que minha descri\u00e7\u00e3o dos remendos no\u2026","rel":"","context":"Em &quot;Home&quot;","block_context":{"text":"Home","link":"https:\/\/blogdafeira.com.br\/home\/categoria\/raiz\/"},"img":{"alt_text":"DSC08502","src":"https:\/\/i0.wp.com\/blogdafeira.com.br\/home\/wp-content\/uploads\/2013\/08\/DSC08502.jpg?resize=350%2C200","width":350,"height":200,"srcset":"https:\/\/i0.wp.com\/blogdafeira.com.br\/home\/wp-content\/uploads\/2013\/08\/DSC08502.jpg?resize=350%2C200 1x, https:\/\/i0.wp.com\/blogdafeira.com.br\/home\/wp-content\/uploads\/2013\/08\/DSC08502.jpg?resize=525%2C300 1.5x, https:\/\/i0.wp.com\/blogdafeira.com.br\/home\/wp-content\/uploads\/2013\/08\/DSC08502.jpg?resize=700%2C400 2x, https:\/\/i0.wp.com\/blogdafeira.com.br\/home\/wp-content\/uploads\/2013\/08\/DSC08502.jpg?resize=1050%2C600 3x, https:\/\/i0.wp.com\/blogdafeira.com.br\/home\/wp-content\/uploads\/2013\/08\/DSC08502.jpg?resize=1400%2C800 4x"},"classes":[]}],"_links":{"self":[{"href":"https:\/\/blogdafeira.com.br\/home\/wp-json\/wp\/v2\/posts\/53438","targetHints":{"allow":["GET"]}}],"collection":[{"href":"https:\/\/blogdafeira.com.br\/home\/wp-json\/wp\/v2\/posts"}],"about":[{"href":"https:\/\/blogdafeira.com.br\/home\/wp-json\/wp\/v2\/types\/post"}],"author":[{"embeddable":true,"href":"https:\/\/blogdafeira.com.br\/home\/wp-json\/wp\/v2\/users\/8"}],"replies":[{"embeddable":true,"href":"https:\/\/blogdafeira.com.br\/home\/wp-json\/wp\/v2\/comments?post=53438"}],"version-history":[{"count":2,"href":"https:\/\/blogdafeira.com.br\/home\/wp-json\/wp\/v2\/posts\/53438\/revisions"}],"predecessor-version":[{"id":53444,"href":"https:\/\/blogdafeira.com.br\/home\/wp-json\/wp\/v2\/posts\/53438\/revisions\/53444"}],"wp:featuredmedia":[{"embeddable":true,"href":"https:\/\/blogdafeira.com.br\/home\/wp-json\/wp\/v2\/media\/53443"}],"wp:attachment":[{"href":"https:\/\/blogdafeira.com.br\/home\/wp-json\/wp\/v2\/media?parent=53438"}],"wp:term":[{"taxonomy":"category","embeddable":true,"href":"https:\/\/blogdafeira.com.br\/home\/wp-json\/wp\/v2\/categories?post=53438"},{"taxonomy":"post_tag","embeddable":true,"href":"https:\/\/blogdafeira.com.br\/home\/wp-json\/wp\/v2\/tags?post=53438"}],"curies":[{"name":"wp","href":"https:\/\/api.w.org\/{rel}","templated":true}]}}