{"id":54646,"date":"2022-09-27T18:07:33","date_gmt":"2022-09-27T21:07:33","guid":{"rendered":"https:\/\/blogdafeira.com.br\/home\/?p=54646"},"modified":"2022-10-12T12:15:15","modified_gmt":"2022-10-12T15:15:15","slug":"malha-ferroviaria-da-bahia-permanece-abandonada-denuncia-o-crea","status":"publish","type":"post","link":"https:\/\/blogdafeira.com.br\/home\/2022\/09\/27\/malha-ferroviaria-da-bahia-permanece-abandonada-denuncia-o-crea\/","title":{"rendered":"Malha ferrovi\u00e1ria da Bahia  permanece abandonada, denuncia o CREA"},"content":{"rendered":"<div id=\"blogd-1883836030\" class=\"blogd-fim-do-post-mobile blogd-entity-placement\" style=\"margin-left: auto;margin-right: auto;text-align: center;\"><a href=\"https:\/\/www.sefaz.feiradesantana.ba.gov.br\/\" target=\"_blank\" aria-label=\"728&#215;90 (6)\"><img loading=\"lazy\" decoding=\"async\" src=\"https:\/\/blogdafeira.com.br\/home\/wp-content\/uploads\/2026\/03\/728x90-6.gif\" alt=\"\"  class=\"no-lazyload\" width=\"728\" height=\"90\"  style=\"display: inline-block;\" \/><\/a><\/div><p>Em<em> Carta Aberta sobre a Ferrovia Centro Atl\u00e2ntica<\/em>, aprovada na plen\u00e1ria de 12 de setembro, que <strong>dever\u00e1 ser apresentada aos candidatos ao governo do estado<\/strong>, o Conselho Regional de Engenharia e Agronomia do Estado (CREA) denuncia o abandono da malha ferrovi\u00e1ria baiana e pede a realiza\u00e7\u00e3o de sess\u00f5es p\u00fablicas presenciais antes\u00a0 da Ag\u00eancia Nacional de Transportes Terrestres (ANTT) permitir a renova\u00e7\u00e3o da concess\u00e3o da malha baiana \u00e0\u00a0 Ferrovia Centro Atl\u00e2ntica<\/p><div id=\"blogd-2512245642\" class=\"blogd-conteudo-2-mobile blogd-entity-placement\"><a href=\"https:\/\/feirenses.com.br\/\" target=\"_blank\" aria-label=\"feirenses\"><img loading=\"lazy\" decoding=\"async\" src=\"https:\/\/blogdafeira.com.br\/home\/wp-content\/uploads\/2026\/04\/feirenses.png\" alt=\"\"  srcset=\"https:\/\/blogdafeira.com.br\/home\/wp-content\/uploads\/2026\/04\/feirenses.png 300w, https:\/\/blogdafeira.com.br\/home\/wp-content\/uploads\/2026\/04\/feirenses-170x45.png 170w, https:\/\/blogdafeira.com.br\/home\/wp-content\/uploads\/2026\/04\/feirenses-280x74.png 280w\" sizes=\"(max-width: 300px) 100vw, 300px\" class=\"no-lazyload\" width=\"300\" height=\"79\"  style=\"display: inline-block;\" \/><\/a><\/div>\n<p><em>A malha ferrovi\u00e1ria baiana concedida a FCA &#8211; Ferrovia centro Atl\u00e2ntica objeto principal d a antecipa\u00e7\u00e3o de renova\u00e7\u00e3o da concess\u00e3o por parte do concession\u00e1rio vLl a Malha centro-Leste, concedida \u00e0 FCA, comp\u00f5e tr\u00eas das quatro linhas ferrovi\u00e1rias que cruzam o Estado da Bahia, sendo fundamental para a infraestrutura de transporte do estado, tanto por ser a \u00fanica ferrovia que cruza o estado nos sentidos norte, centro e sul do territ\u00f3rio estadual, quanto por ser o \u00fanico acesso ferrovi\u00e1rio aos portos de salvador e de Aratucandeias. Nesse cen\u00e1rio, n\u00e3o \u00e9 poss\u00edvel o adequado controle social da prorroga\u00e7\u00e3o antecipada da Malha Centro-Leste sem franquear acesso \u00e0 popula\u00e7\u00e3o da Bahia,\u00a0<\/em>diz um trecho do documento.<\/p>\n<p>O documento elaborado pelo Grupo de Trabalho de Ferrovias do Crea-BA, foi assinado pelo presidente do Conselho e pelas entidades registradas destaca a import\u00e2ncia da FCA para a infraestrutura de transporte do Estado, por ser a \u00fanica que cruza a Bahia nos sentidos Norte, Centro e Sul do territ\u00f3rio estadual, quanto por ser o \u00fanico acesso ferrovi\u00e1rio aos Portos de Salvador e de Aratu-Candeias.<\/p>\n<p>Assinaram o documento as entidades: Associa\u00e7\u00e3o Baiana de Ge\u00f3logos, Associa\u00e7\u00e3o Baiana de Engenharia de Seguran\u00e7a, Associa\u00e7\u00e3o dos Engenheiros Agrimensores do Estado da Bahia, Associa\u00e7\u00e3o dos Engenheiros e T\u00e9cnicos da Costa do Descobrimento, Clube de Engenharia da Bahia, Sindicato dos Engenheiros da Bahia,\u00a0 Associa\u00e7\u00e3o Baiana dos Engenheiros de Minas, Associa\u00e7\u00e3o Brasileira dos Engenheiros Civis \u2013 Departamento Bahia, Associa\u00e7\u00e3o dos Engenheiros Agr\u00f4nomos de Lu\u00eds Eduardo Magalh\u00e3es, Associa\u00e7\u00e3o dos Engenheiros de Pesca, Associa\u00e7\u00e3o Profissional dos Ge\u00f3grafos da Bahia, Instituto Brasileiro de Avalia\u00e7\u00f5es e Per\u00edcias de Engenharia da Bahia e Instituto dos Arquitetos do Brasil.\u00a0 Este \u00faltimo como entidade convidada.<\/p>\n<div id=\"blogd-117720353\" class=\"blogd-final-post blogd-entity-placement\"><a href=\"https:\/\/www.feiradesantana.ba.leg.br\/\" target=\"_blank\" aria-label=\"BANNER-SITE-ENTREGADECHEQUE-CAMARADEFEIRA\"><img loading=\"lazy\" decoding=\"async\" src=\"https:\/\/blogdafeira.com.br\/home\/wp-content\/uploads\/2026\/03\/BANNER-SITE-ENTREGADECHEQUE-CAMARADEFEIRA.gif\" alt=\"\"  class=\"no-lazyload\" width=\"728\" height=\"90\"   \/><\/a><\/div><p>O GT do Crea realizou um relat\u00f3rio preliminar sobre o modal em solo baiano ante o novo marco regulat\u00f3rio do modal\u00a0 das ferrovias brasileiras. O documento serviu de base para a elabora\u00e7\u00e3o da Carta Aberta sobre a Ferrovia Centro Atl\u00e2ntica.<\/p>\n","protected":false},"excerpt":{"rendered":"<p>Em Carta Aberta sobre a Ferrovia Centro Atl\u00e2ntica, aprovada na plen\u00e1ria de 12 de setembro, que dever\u00e1 ser apresentada aos candidatos ao governo do estado, o Conselho Regional de Engenharia e Agronomia do Estado (CREA) denuncia o abandono da malha ferrovi\u00e1ria baiana e pede a realiza\u00e7\u00e3o de sess\u00f5es p\u00fablicas presenciais antes\u00a0 da Ag\u00eancia Nacional de<\/p>\n","protected":false},"author":1,"featured_media":54647,"comment_status":"open","ping_status":"open","sticky":false,"template":"","format":"standard","meta":{"jetpack_post_was_ever_published":false,"cybocfi_hide_featured_image":"","_jetpack_newsletter_access":"","_jetpack_dont_email_post_to_subs":false,"_jetpack_newsletter_tier_id":0,"_jetpack_memberships_contains_paywalled_content":false,"_jetpack_memberships_contains_paid_content":false,"footnotes":"","jetpack_publicize_message":"","jetpack_publicize_feature_enabled":true,"jetpack_social_post_already_shared":true,"jetpack_social_options":{"image_generator_settings":{"template":"highway","default_image_id":0,"font":"","enabled":false},"version":2}},"categories":[680,751,1],"tags":[],"class_list":["post-54646","post","type-post","status-publish","format-standard","has-post-thumbnail","hentry","category-bahia","category-geral","category-raiz"],"jetpack_publicize_connections":[],"jetpack_featured_media_url":"https:\/\/blogdafeira.com.br\/home\/wp-content\/uploads\/2022\/09\/arte12emp-101-vli-b1.webp","jetpack_shortlink":"https:\/\/wp.me\/p3niVf-edo","jetpack_sharing_enabled":true,"jetpack-related-posts":[{"id":53133,"url":"https:\/\/blogdafeira.com.br\/home\/2022\/07\/01\/fundacao-dom-cabral-fara-estudo-sobre-ferrovias-da-bahia\/","url_meta":{"origin":54646,"position":0},"title":"Funda\u00e7\u00e3o Dom Cabral far\u00e1 estudo sobre ferrovias da Bahia","author":"Comunica\u00e7\u00e3o CREA\/BA","date":"01\/07\/2022","format":false,"excerpt":"Os resultados alcan\u00e7ados pela minera\u00e7\u00e3o baiana colocam o estado entre os principais do Brasil. Mas, o escoamento do que \u00e9 produzido por empresas de grande e m\u00e9dio porte \u00e9 prejudicado pela falta de uma malha ferrovi\u00e1ria eficiente, economicamente vi\u00e1vel e que contemple rotas estrat\u00e9gicas. A Companhia Baiana de Pesquisa Mineral\u2026","rel":"","context":"Em &quot;Geral&quot;","block_context":{"text":"Geral","link":"https:\/\/blogdafeira.com.br\/home\/categoria\/geral\/"},"img":{"alt_text":"","src":"https:\/\/i0.wp.com\/blogdafeira.com.br\/home\/wp-content\/uploads\/2022\/07\/49911129776_0ec2051a5d_6k.jpg?resize=350%2C200&ssl=1","width":350,"height":200,"srcset":"https:\/\/i0.wp.com\/blogdafeira.com.br\/home\/wp-content\/uploads\/2022\/07\/49911129776_0ec2051a5d_6k.jpg?resize=350%2C200&ssl=1 1x, https:\/\/i0.wp.com\/blogdafeira.com.br\/home\/wp-content\/uploads\/2022\/07\/49911129776_0ec2051a5d_6k.jpg?resize=525%2C300&ssl=1 1.5x, https:\/\/i0.wp.com\/blogdafeira.com.br\/home\/wp-content\/uploads\/2022\/07\/49911129776_0ec2051a5d_6k.jpg?resize=700%2C400&ssl=1 2x, https:\/\/i0.wp.com\/blogdafeira.com.br\/home\/wp-content\/uploads\/2022\/07\/49911129776_0ec2051a5d_6k.jpg?resize=1050%2C600&ssl=1 3x, https:\/\/i0.wp.com\/blogdafeira.com.br\/home\/wp-content\/uploads\/2022\/07\/49911129776_0ec2051a5d_6k.jpg?resize=1400%2C800&ssl=1 4x"},"classes":[]},{"id":3759,"url":"https:\/\/blogdafeira.com.br\/home\/2013\/07\/23\/engenheiro-defende-que-ferrovias-tambem-transportem-passageiros\/","url_meta":{"origin":54646,"position":1},"title":"Engenheiro defende que ferrovias tamb\u00e9m transportem passageiros","author":"Comunica\u00e7\u00e3o CREA\/BA","date":"23\/07\/2013","format":false,"excerpt":"O engenheiro ferrovi\u00e1rio Rafael Vasconcelos defendeu durante a reuni\u00e3o participativa da Ag\u00eancia Nacional de Transportes, em Feira de Santana, que as ferrovias planejadas para a Bahia pelo Programa de Investimentos em Log\u00edstica tamb\u00e9m sejam utilizadas para transporte de passageiros. Antes, o representante da ANTT, Jean Mafra j\u00e1 havia enfatizado o\u2026","rel":"","context":"Em &quot;Home&quot;","block_context":{"text":"Home","link":"https:\/\/blogdafeira.com.br\/home\/categoria\/raiz\/"},"img":{"alt_text":"","src":"","width":0,"height":0},"classes":[]},{"id":50657,"url":"https:\/\/blogdafeira.com.br\/home\/2022\/02\/11\/integracao-dos-portos-ferrovias-e-rodovias-do-brasil\/","url_meta":{"origin":54646,"position":2},"title":"Integra\u00e7\u00e3o dos portos, ferrovias e rodovias do Brasil","author":"Comunica\u00e7\u00e3o CREA\/BA","date":"11\/02\/2022","format":false,"excerpt":"Especialista em infraestrutura, log\u00edstica e com\u00e9rcio exterior com mais de 50 anos de experi\u00eancia, Paulo C\u00e9sar Alves Rocha, que monitora a infraestrutura brasileira para integra\u00e7\u00e3o de portos, ferrovias e rodovias afirma que o pa\u00eds precisa urgentemente de um plano de investimento para o setor de log\u00edstica. Segundo a proje\u00e7\u00e3o do\u2026","rel":"","context":"Em &quot;Geral&quot;","block_context":{"text":"Geral","link":"https:\/\/blogdafeira.com.br\/home\/categoria\/geral\/"},"img":{"alt_text":"","src":"https:\/\/i0.wp.com\/blogdafeira.com.br\/home\/wp-content\/uploads\/2022\/02\/unnamed-5.jpg?resize=350%2C200&ssl=1","width":350,"height":200,"srcset":"https:\/\/i0.wp.com\/blogdafeira.com.br\/home\/wp-content\/uploads\/2022\/02\/unnamed-5.jpg?resize=350%2C200&ssl=1 1x, https:\/\/i0.wp.com\/blogdafeira.com.br\/home\/wp-content\/uploads\/2022\/02\/unnamed-5.jpg?resize=525%2C300&ssl=1 1.5x, https:\/\/i0.wp.com\/blogdafeira.com.br\/home\/wp-content\/uploads\/2022\/02\/unnamed-5.jpg?resize=700%2C400&ssl=1 2x"},"classes":[]},{"id":59297,"url":"https:\/\/blogdafeira.com.br\/home\/2023\/09\/12\/pensar-a-bahia-ferrovias-e-portos-fatores-de-desenvolvimento-regional\/","url_meta":{"origin":54646,"position":3},"title":"Pensar a Bahia: ferrovias e portos, fatores de desenvolvimento regional","author":"Comunica\u00e7\u00e3o CREA\/BA","date":"12\/09\/2023","format":false,"excerpt":"A Superintend\u00eancia de Estudos Econ\u00f4micos e Sociais da Bahia (SEI) e a Secretaria do Planejamento (Seplan) apresentam, na sexta-feira (15), \u00e0s 9h, no audit\u00f3rio da Seplan, o potencial de atra\u00e7\u00e3o de investimentos para amplia\u00e7\u00e3o do transporte de cargas de alta capacidade no estado. Ferrovias, portos e equipamentos log\u00edsticos podem ser\u2026","rel":"","context":"Em &quot;Geral&quot;","block_context":{"text":"Geral","link":"https:\/\/blogdafeira.com.br\/home\/categoria\/geral\/"},"img":{"alt_text":"","src":"https:\/\/i0.wp.com\/blogdafeira.com.br\/home\/wp-content\/uploads\/2023\/09\/baixados-1.png?resize=350%2C200&ssl=1","width":350,"height":200,"srcset":"https:\/\/i0.wp.com\/blogdafeira.com.br\/home\/wp-content\/uploads\/2023\/09\/baixados-1.png?resize=350%2C200&ssl=1 1x, https:\/\/i0.wp.com\/blogdafeira.com.br\/home\/wp-content\/uploads\/2023\/09\/baixados-1.png?resize=525%2C300&ssl=1 1.5x, https:\/\/i0.wp.com\/blogdafeira.com.br\/home\/wp-content\/uploads\/2023\/09\/baixados-1.png?resize=700%2C400&ssl=1 2x, https:\/\/i0.wp.com\/blogdafeira.com.br\/home\/wp-content\/uploads\/2023\/09\/baixados-1.png?resize=1050%2C600&ssl=1 3x"},"classes":[]},{"id":53648,"url":"https:\/\/blogdafeira.com.br\/home\/2022\/08\/05\/a-integracao-feirense-ao-modal-ferroviario\/","url_meta":{"origin":54646,"position":4},"title":"A integra\u00e7\u00e3o feirense ao modal ferrovi\u00e1rio","author":"Comunica\u00e7\u00e3o CREA\/BA","date":"05\/08\/2022","format":false,"excerpt":"Tenho perfeita consci\u00eancia de que abordo quest\u00e3o fora do tom: a perspectiva da integra\u00e7\u00e3o da Feira de Santana ao modal ferrovi\u00e1rio nos pr\u00f3ximos anos. \u00c0s vezes, algum t\u00e9cnico do setor, numa entrevista qualquer, ressalta a necessidade da Princesa do Sert\u00e3o diversificar seus modais log\u00edsticos, integrar-se mais ami\u00fade aos circuitos din\u00e2micos\u2026","rel":"","context":"Em &quot;Colunistas&quot;","block_context":{"text":"Colunistas","link":"https:\/\/blogdafeira.com.br\/home\/categoria\/colunistas\/"},"img":{"alt_text":"","src":"https:\/\/i0.wp.com\/blogdafeira.com.br\/home\/wp-content\/uploads\/2022\/08\/images-2.jpeg?resize=350%2C200&ssl=1","width":350,"height":200,"srcset":"https:\/\/i0.wp.com\/blogdafeira.com.br\/home\/wp-content\/uploads\/2022\/08\/images-2.jpeg?resize=350%2C200&ssl=1 1x, https:\/\/i0.wp.com\/blogdafeira.com.br\/home\/wp-content\/uploads\/2022\/08\/images-2.jpeg?resize=525%2C300&ssl=1 1.5x, https:\/\/i0.wp.com\/blogdafeira.com.br\/home\/wp-content\/uploads\/2022\/08\/images-2.jpeg?resize=700%2C400&ssl=1 2x"},"classes":[]},{"id":69362,"url":"https:\/\/blogdafeira.com.br\/home\/2025\/09\/02\/rui-costa-puxa-o-freio-da-euforia-com-a-ferrovia-feira-salvador\/","url_meta":{"origin":54646,"position":5},"title":"Rui Costa puxa o freio da euforia com a ferrovia Feira-Salvador","author":"Comunica\u00e7\u00e3o CREA\/BA","date":"02\/09\/2025","format":false,"excerpt":"Durante um pool de r\u00e1dios, em Feira de Santana, na manh\u00e3 da \u00faltima segunda-feira(1), o ministro chefe da Casa Civil, Rui Costa, fez uma declara\u00e7\u00e3o que praticamente \"sepulta\" o projeto do Trem Feira-Salvador. Rui foi did\u00e1tico ao lembrar que ferrovia de passageiros raramente se paga com tarifa, mesmo em pa\u00edses\u2026","rel":"","context":"Em &quot;Colunistas&quot;","block_context":{"text":"Colunistas","link":"https:\/\/blogdafeira.com.br\/home\/categoria\/colunistas\/"},"img":{"alt_text":"","src":"https:\/\/i0.wp.com\/blogdafeira.com.br\/home\/wp-content\/uploads\/2025\/09\/20250902_081200.jpg?resize=350%2C200&ssl=1","width":350,"height":200,"srcset":"https:\/\/i0.wp.com\/blogdafeira.com.br\/home\/wp-content\/uploads\/2025\/09\/20250902_081200.jpg?resize=350%2C200&ssl=1 1x, https:\/\/i0.wp.com\/blogdafeira.com.br\/home\/wp-content\/uploads\/2025\/09\/20250902_081200.jpg?resize=525%2C300&ssl=1 1.5x, https:\/\/i0.wp.com\/blogdafeira.com.br\/home\/wp-content\/uploads\/2025\/09\/20250902_081200.jpg?resize=700%2C400&ssl=1 2x"},"classes":[]}],"_links":{"self":[{"href":"https:\/\/blogdafeira.com.br\/home\/wp-json\/wp\/v2\/posts\/54646","targetHints":{"allow":["GET"]}}],"collection":[{"href":"https:\/\/blogdafeira.com.br\/home\/wp-json\/wp\/v2\/posts"}],"about":[{"href":"https:\/\/blogdafeira.com.br\/home\/wp-json\/wp\/v2\/types\/post"}],"author":[{"embeddable":true,"href":"https:\/\/blogdafeira.com.br\/home\/wp-json\/wp\/v2\/users\/1"}],"replies":[{"embeddable":true,"href":"https:\/\/blogdafeira.com.br\/home\/wp-json\/wp\/v2\/comments?post=54646"}],"version-history":[{"count":1,"href":"https:\/\/blogdafeira.com.br\/home\/wp-json\/wp\/v2\/posts\/54646\/revisions"}],"predecessor-version":[{"id":54648,"href":"https:\/\/blogdafeira.com.br\/home\/wp-json\/wp\/v2\/posts\/54646\/revisions\/54648"}],"wp:featuredmedia":[{"embeddable":true,"href":"https:\/\/blogdafeira.com.br\/home\/wp-json\/wp\/v2\/media\/54647"}],"wp:attachment":[{"href":"https:\/\/blogdafeira.com.br\/home\/wp-json\/wp\/v2\/media?parent=54646"}],"wp:term":[{"taxonomy":"category","embeddable":true,"href":"https:\/\/blogdafeira.com.br\/home\/wp-json\/wp\/v2\/categories?post=54646"},{"taxonomy":"post_tag","embeddable":true,"href":"https:\/\/blogdafeira.com.br\/home\/wp-json\/wp\/v2\/tags?post=54646"}],"curies":[{"name":"wp","href":"https:\/\/api.w.org\/{rel}","templated":true}]}}