{"id":54868,"date":"2022-10-14T16:06:54","date_gmt":"2022-10-14T19:06:54","guid":{"rendered":"https:\/\/blogdafeira.com.br\/home\/?p=54868"},"modified":"2022-10-22T00:14:16","modified_gmt":"2022-10-22T03:14:16","slug":"nova-lei-de-licitacoes-e-o-tema-de-minicurso-da-oab-feira-e-unifan","status":"publish","type":"post","link":"https:\/\/blogdafeira.com.br\/home\/2022\/10\/14\/nova-lei-de-licitacoes-e-o-tema-de-minicurso-da-oab-feira-e-unifan\/","title":{"rendered":"Nova Lei de Licita\u00e7\u00f5es \u00e9 o tema de minicurso da OAB Feira e Unifan"},"content":{"rendered":"<div id=\"blogd-3292293079\" class=\"blogd-fim-do-post-mobile blogd-entity-placement\" style=\"margin-left: auto;margin-right: auto;text-align: center;\"><a href=\"https:\/\/www.sefaz.feiradesantana.ba.gov.br\/\" target=\"_blank\" aria-label=\"728&#215;90 (6)\"><img loading=\"lazy\" decoding=\"async\" src=\"https:\/\/blogdafeira.com.br\/home\/wp-content\/uploads\/2026\/03\/728x90-6.gif\" alt=\"\"  class=\"no-lazyload\" width=\"728\" height=\"90\"  style=\"display: inline-block;\" \/><\/a><\/div><p>Dar enfoque ao que mudou com a Nova Lei de Licita\u00e7\u00f5es &#8211; n\u00b0 14.133\/2021 &#8211; e como implant\u00e1-la em \u00f3rg\u00e3os e entidades jur\u00eddicas \u00e9 o objetivo do mini curso a ser realizado no pr\u00f3ximo dia 19, das 8:30 \u00e0s 12:00 e das 19:30 \u00e0s 22:00, no audit\u00f3rio da OAB Subse\u00e7\u00e3o Feira de Santana. A institui\u00e7\u00e3o realizar\u00e1 este mini curso em parceria com a Unifan &#8211; Centro Universit\u00e1rio Nobre.<\/p><div id=\"blogd-4162189290\" class=\"blogd-conteudo-2-mobile blogd-entity-placement\"><a href=\"https:\/\/feirenses.com.br\/\" target=\"_blank\" aria-label=\"feirenses\"><img loading=\"lazy\" decoding=\"async\" src=\"https:\/\/blogdafeira.com.br\/home\/wp-content\/uploads\/2026\/04\/feirenses.png\" alt=\"\"  srcset=\"https:\/\/blogdafeira.com.br\/home\/wp-content\/uploads\/2026\/04\/feirenses.png 300w, https:\/\/blogdafeira.com.br\/home\/wp-content\/uploads\/2026\/04\/feirenses-170x45.png 170w, https:\/\/blogdafeira.com.br\/home\/wp-content\/uploads\/2026\/04\/feirenses-280x74.png 280w\" sizes=\"(max-width: 300px) 100vw, 300px\" class=\"no-lazyload\" width=\"300\" height=\"79\"  style=\"display: inline-block;\" \/><\/a><\/div>\n<div id=\"blogd-3280850280\" class=\"blogd-final-post blogd-entity-placement\"><a href=\"https:\/\/www.feiradesantana.ba.leg.br\/\" target=\"_blank\" aria-label=\"BANNER-SITE-ENTREGADECHEQUE-CAMARADEFEIRA\"><img loading=\"lazy\" decoding=\"async\" src=\"https:\/\/blogdafeira.com.br\/home\/wp-content\/uploads\/2026\/03\/BANNER-SITE-ENTREGADECHEQUE-CAMARADEFEIRA.gif\" alt=\"\"  class=\"no-lazyload\" width=\"728\" height=\"90\"   \/><\/a><\/div><p>V\u00e3o palestrar no mini curso os advogados e professores, especialistas em Direito Administrativo, Dr. Gustavo Checcucci e Dr. Andr\u00e9 Malheiros. Os participantes poder\u00e3o dispor de um certificado ao final do curso, cujas inscri\u00e7\u00f5es s\u00e3o gratuitas e podem ser feitas no dia do evento. Vale salientar que, para ter acesso ao evento, \u00e9 necess\u00e1rio levar 1kg de alimento n\u00e3o perec\u00edvel.<\/p>\n","protected":false},"excerpt":{"rendered":"<p>Dar enfoque ao que mudou com a Nova Lei de Licita\u00e7\u00f5es &#8211; n\u00b0 14.133\/2021 &#8211; e como implant\u00e1-la em \u00f3rg\u00e3os e entidades jur\u00eddicas \u00e9 o objetivo do mini curso a ser realizado no pr\u00f3ximo dia 19, das 8:30 \u00e0s 12:00 e das 19:30 \u00e0s 22:00, no audit\u00f3rio da OAB Subse\u00e7\u00e3o Feira de Santana. A institui\u00e7\u00e3o<\/p>\n","protected":false},"author":1,"featured_media":54873,"comment_status":"open","ping_status":"open","sticky":false,"template":"","format":"standard","meta":{"jetpack_post_was_ever_published":false,"cybocfi_hide_featured_image":"","_jetpack_newsletter_access":"","_jetpack_dont_email_post_to_subs":false,"_jetpack_newsletter_tier_id":0,"_jetpack_memberships_contains_paywalled_content":false,"_jetpack_memberships_contains_paid_content":false,"footnotes":"","jetpack_publicize_message":"","jetpack_publicize_feature_enabled":true,"jetpack_social_post_already_shared":true,"jetpack_social_options":{"image_generator_settings":{"template":"highway","default_image_id":0,"font":"","enabled":false},"version":2}},"categories":[3,1],"tags":[],"class_list":["post-54868","post","type-post","status-publish","format-standard","has-post-thumbnail","hentry","category-cidade","category-raiz"],"jetpack_publicize_connections":[],"jetpack_featured_media_url":"https:\/\/blogdafeira.com.br\/home\/wp-content\/uploads\/2022\/10\/IMG-20221014-WA0030.jpg","jetpack_shortlink":"https:\/\/wp.me\/p3niVf-egY","jetpack_sharing_enabled":true,"jetpack-related-posts":[{"id":57551,"url":"https:\/\/blogdafeira.com.br\/home\/2023\/05\/09\/curso-da-oab-e-escola-de-advocacia-ensina-a-descobrir-patrimonios-ocultos\/","url_meta":{"origin":54868,"position":0},"title":"Curso da OAB e Escola de Advocacia  ensina a descobrir patrim\u00f4nios ocultos","author":"Ascom\/OAB Feira ","date":"09\/05\/2023","format":false,"excerpt":"No dia 25 de maio, das 18h \u00e0s 19:30, o audit\u00f3rio da OAB Subse\u00e7\u00e3o Feira de Santana vai sediar um curso intitulado \u201cDescubra o patrim\u00f4nio escondido com o Sniper\u201d. Este \u00e9 um novo sistema da Justi\u00e7a para descobrir patrim\u00f4nio oculto de pessoas que s\u00e3o devedoras no Judici\u00e1rio. O curso \u00e9\u2026","rel":"","context":"Em &quot;Geral&quot;","block_context":{"text":"Geral","link":"https:\/\/blogdafeira.com.br\/home\/categoria\/geral\/"},"img":{"alt_text":"","src":"https:\/\/i0.wp.com\/blogdafeira.com.br\/home\/wp-content\/uploads\/2023\/05\/Screenshot_20230509-2139232.png?resize=350%2C200&ssl=1","width":350,"height":200,"srcset":"https:\/\/i0.wp.com\/blogdafeira.com.br\/home\/wp-content\/uploads\/2023\/05\/Screenshot_20230509-2139232.png?resize=350%2C200&ssl=1 1x, https:\/\/i0.wp.com\/blogdafeira.com.br\/home\/wp-content\/uploads\/2023\/05\/Screenshot_20230509-2139232.png?resize=525%2C300&ssl=1 1.5x, https:\/\/i0.wp.com\/blogdafeira.com.br\/home\/wp-content\/uploads\/2023\/05\/Screenshot_20230509-2139232.png?resize=700%2C400&ssl=1 2x"},"classes":[]},{"id":54528,"url":"https:\/\/blogdafeira.com.br\/home\/2022\/09\/21\/encontro-de-advocacia-do-sertao-na-faculdade-anisio-teixeira\/","url_meta":{"origin":54868,"position":1},"title":"Encontro de Advocacia do Sert\u00e3o na Faculdade An\u00edsio Teixeira","author":"Ascom\/OAB Feira ","date":"21\/09\/2022","format":false,"excerpt":"Est\u00e1 acontecendo at\u00e9 esta quinta-feira,(22), no audit\u00f3rio da Faculdade Anisio Teixeira (FAT), o 3\u00ba Encontro da Jovem Advocacia do Sert\u00e3o. O evento, voltado para estudantes de Direito, bachar\u00e9is e advogados(as), \u00e9 organizado pela OAB Subse\u00e7\u00e3o Feira de Santana, em parceria com o Conselho Consultivo da Jovem Advocacia (CCJA), e apoio\u2026","rel":"","context":"Em &quot;Geral&quot;","block_context":{"text":"Geral","link":"https:\/\/blogdafeira.com.br\/home\/categoria\/geral\/"},"img":{"alt_text":"","src":"https:\/\/i0.wp.com\/blogdafeira.com.br\/home\/wp-content\/uploads\/2022\/09\/WhatsApp-Image-2022-09-21-at-17.42.04.jpeg?resize=350%2C200&ssl=1","width":350,"height":200,"srcset":"https:\/\/i0.wp.com\/blogdafeira.com.br\/home\/wp-content\/uploads\/2022\/09\/WhatsApp-Image-2022-09-21-at-17.42.04.jpeg?resize=350%2C200&ssl=1 1x, https:\/\/i0.wp.com\/blogdafeira.com.br\/home\/wp-content\/uploads\/2022\/09\/WhatsApp-Image-2022-09-21-at-17.42.04.jpeg?resize=525%2C300&ssl=1 1.5x, https:\/\/i0.wp.com\/blogdafeira.com.br\/home\/wp-content\/uploads\/2022\/09\/WhatsApp-Image-2022-09-21-at-17.42.04.jpeg?resize=700%2C400&ssl=1 2x, https:\/\/i0.wp.com\/blogdafeira.com.br\/home\/wp-content\/uploads\/2022\/09\/WhatsApp-Image-2022-09-21-at-17.42.04.jpeg?resize=1050%2C600&ssl=1 3x"},"classes":[]},{"id":66313,"url":"https:\/\/blogdafeira.com.br\/home\/2025\/03\/21\/oab-de-feira-participa-do-lancamento-de-escola-antirracista-em-salvador\/","url_meta":{"origin":54868,"position":2},"title":"OAB de Feira participa do lan\u00e7amento de escola antirracista em Salvador","author":"Ascom\/OAB Feira ","date":"21\/03\/2025","format":false,"excerpt":"A Escola Superior de Advocacia Orlando Gomes - ESA lan\u00e7ou, na \u00faltima quarta-feira (19), no audit\u00f3rio do Salvador Shoping Business, a primeira Escola Antirracista do pa\u00eds. Membros da OAB Subse\u00e7\u00e3o Feira de Santana marcaram presen\u00e7a no evento, a exemplo da presidente da Comiss\u00e3o de Igualdade Racial, Mariane Oliveira; da vice-presidente,\u2026","rel":"","context":"Em &quot;Geral&quot;","block_context":{"text":"Geral","link":"https:\/\/blogdafeira.com.br\/home\/categoria\/geral\/"},"img":{"alt_text":"","src":"https:\/\/i0.wp.com\/blogdafeira.com.br\/home\/wp-content\/uploads\/2025\/03\/IMG-20250320-WA0088.jpg?resize=350%2C200&ssl=1","width":350,"height":200,"srcset":"https:\/\/i0.wp.com\/blogdafeira.com.br\/home\/wp-content\/uploads\/2025\/03\/IMG-20250320-WA0088.jpg?resize=350%2C200&ssl=1 1x, https:\/\/i0.wp.com\/blogdafeira.com.br\/home\/wp-content\/uploads\/2025\/03\/IMG-20250320-WA0088.jpg?resize=525%2C300&ssl=1 1.5x, https:\/\/i0.wp.com\/blogdafeira.com.br\/home\/wp-content\/uploads\/2025\/03\/IMG-20250320-WA0088.jpg?resize=700%2C400&ssl=1 2x, https:\/\/i0.wp.com\/blogdafeira.com.br\/home\/wp-content\/uploads\/2025\/03\/IMG-20250320-WA0088.jpg?resize=1050%2C600&ssl=1 3x, https:\/\/i0.wp.com\/blogdafeira.com.br\/home\/wp-content\/uploads\/2025\/03\/IMG-20250320-WA0088.jpg?resize=1400%2C800&ssl=1 4x"},"classes":[]},{"id":70444,"url":"https:\/\/blogdafeira.com.br\/home\/2025\/12\/04\/oab-feira-realiza-o-4o-congresso-regional-de-direitos-humanos-no-dia-10\/","url_meta":{"origin":54868,"position":3},"title":"OAB Feira realiza o 4\u00ba Congresso Regional de Direitos Humanos no dia 10","author":"Ascom\/OAB Feira ","date":"04\/12\/2025","format":false,"excerpt":"A Comiss\u00e3o de Direitos Humanos da OAB Subse\u00e7\u00e3o Feira de Santana vai realizar, no pr\u00f3ximo dia 10, o 4\u00ba Congresso Regional de Direitos Humanos. O evento, que \u00e9 aberto ao p\u00fablico, acontecer\u00e1 na sede da institui\u00e7\u00e3o, a partir das 18 horas. Haver\u00e1 certifica\u00e7\u00e3o de 4 horas para os participantes. Com\u2026","rel":"","context":"Em &quot;Geral&quot;","block_context":{"text":"Geral","link":"https:\/\/blogdafeira.com.br\/home\/categoria\/geral\/"},"img":{"alt_text":"","src":"https:\/\/i0.wp.com\/blogdafeira.com.br\/home\/wp-content\/uploads\/2025\/12\/IMG-20251126-WA0115.jpg?resize=350%2C200&ssl=1","width":350,"height":200,"srcset":"https:\/\/i0.wp.com\/blogdafeira.com.br\/home\/wp-content\/uploads\/2025\/12\/IMG-20251126-WA0115.jpg?resize=350%2C200&ssl=1 1x, https:\/\/i0.wp.com\/blogdafeira.com.br\/home\/wp-content\/uploads\/2025\/12\/IMG-20251126-WA0115.jpg?resize=525%2C300&ssl=1 1.5x"},"classes":[]},{"id":70155,"url":"https:\/\/blogdafeira.com.br\/home\/2025\/11\/11\/35-anos-do-codigo-do-consumidor-comemorado-com-palestra-na-cdl-de-feira\/","url_meta":{"origin":54868,"position":4},"title":"35 anos do C\u00f3digo do Consumidor comemorado com palestra na CDL de Feira","author":"Ascom\/OAB Feira ","date":"11\/11\/2025","format":false,"excerpt":"A Comiss\u00e3o de Defesa do Consumidor da OAB Subse\u00e7\u00e3o Feira de Santana, o Procon Municipal e o Procon Bahia v\u00e3o celebrar os 35 anos do C\u00f3digo de Defesa do Consumidor (CDC). O evento acontecer\u00e1 no pr\u00f3ximo dia 12 (quarta-feira), a partir das 18h, no Teatro da C\u00e2mara de Dirigentes Lojistas\u2026","rel":"","context":"Em &quot;Economia&quot;","block_context":{"text":"Economia","link":"https:\/\/blogdafeira.com.br\/home\/categoria\/economia\/"},"img":{"alt_text":"","src":"https:\/\/i0.wp.com\/blogdafeira.com.br\/home\/wp-content\/uploads\/2025\/11\/IMG-20251110-WA0028.jpg?resize=350%2C200&ssl=1","width":350,"height":200,"srcset":"https:\/\/i0.wp.com\/blogdafeira.com.br\/home\/wp-content\/uploads\/2025\/11\/IMG-20251110-WA0028.jpg?resize=350%2C200&ssl=1 1x, https:\/\/i0.wp.com\/blogdafeira.com.br\/home\/wp-content\/uploads\/2025\/11\/IMG-20251110-WA0028.jpg?resize=525%2C300&ssl=1 1.5x, https:\/\/i0.wp.com\/blogdafeira.com.br\/home\/wp-content\/uploads\/2025\/11\/IMG-20251110-WA0028.jpg?resize=700%2C400&ssl=1 2x, https:\/\/i0.wp.com\/blogdafeira.com.br\/home\/wp-content\/uploads\/2025\/11\/IMG-20251110-WA0028.jpg?resize=1050%2C600&ssl=1 3x, https:\/\/i0.wp.com\/blogdafeira.com.br\/home\/wp-content\/uploads\/2025\/11\/IMG-20251110-WA0028.jpg?resize=1400%2C800&ssl=1 4x"},"classes":[]},{"id":41312,"url":"https:\/\/blogdafeira.com.br\/home\/2020\/10\/21\/prorrogado-cadastramento-para-lei-aldir-blanc-em-feira\/","url_meta":{"origin":54868,"position":5},"title":"Prorrogado cadastramento para Lei Aldir Blanc em Feira","author":"Ascom\/OAB Feira ","date":"21\/10\/2020","format":false,"excerpt":"Foi prorrogado o prazo de cadastramento para solicita\u00e7\u00e3o do aux\u00edlio financeiro emergencial destinado a trabalhadores do segmento cultural, em decorr\u00eancia da pandemia da Covid-19, proporcionado pela lei federal Aldir Blanc. Atrav\u00e9s de audi\u00eancia p\u00fablica online realizada nesta ter\u00e7a-feira (20), foi estabelecido que o cadastramento segue at\u00e9 a pr\u00f3xima sexta-feira (23)\u2026","rel":"","context":"Em &quot;Cidade&quot;","block_context":{"text":"Cidade","link":"https:\/\/blogdafeira.com.br\/home\/categoria\/cidade\/"},"img":{"alt_text":"","src":"https:\/\/i0.wp.com\/blogdafeira.com.br\/home\/wp-content\/uploads\/2020\/10\/images.jpeg?resize=350%2C200&ssl=1","width":350,"height":200},"classes":[]}],"_links":{"self":[{"href":"https:\/\/blogdafeira.com.br\/home\/wp-json\/wp\/v2\/posts\/54868","targetHints":{"allow":["GET"]}}],"collection":[{"href":"https:\/\/blogdafeira.com.br\/home\/wp-json\/wp\/v2\/posts"}],"about":[{"href":"https:\/\/blogdafeira.com.br\/home\/wp-json\/wp\/v2\/types\/post"}],"author":[{"embeddable":true,"href":"https:\/\/blogdafeira.com.br\/home\/wp-json\/wp\/v2\/users\/1"}],"replies":[{"embeddable":true,"href":"https:\/\/blogdafeira.com.br\/home\/wp-json\/wp\/v2\/comments?post=54868"}],"version-history":[{"count":1,"href":"https:\/\/blogdafeira.com.br\/home\/wp-json\/wp\/v2\/posts\/54868\/revisions"}],"predecessor-version":[{"id":54872,"href":"https:\/\/blogdafeira.com.br\/home\/wp-json\/wp\/v2\/posts\/54868\/revisions\/54872"}],"wp:featuredmedia":[{"embeddable":true,"href":"https:\/\/blogdafeira.com.br\/home\/wp-json\/wp\/v2\/media\/54873"}],"wp:attachment":[{"href":"https:\/\/blogdafeira.com.br\/home\/wp-json\/wp\/v2\/media?parent=54868"}],"wp:term":[{"taxonomy":"category","embeddable":true,"href":"https:\/\/blogdafeira.com.br\/home\/wp-json\/wp\/v2\/categories?post=54868"},{"taxonomy":"post_tag","embeddable":true,"href":"https:\/\/blogdafeira.com.br\/home\/wp-json\/wp\/v2\/tags?post=54868"}],"curies":[{"name":"wp","href":"https:\/\/api.w.org\/{rel}","templated":true}]}}