{"id":55086,"date":"2022-10-26T06:41:55","date_gmt":"2022-10-26T09:41:55","guid":{"rendered":"https:\/\/blogdafeira.com.br\/home\/?p=55086"},"modified":"2023-02-07T00:10:49","modified_gmt":"2023-02-07T03:10:49","slug":"justica-proibe-elias-fechar-boxes-e-reter-mercadorias-no-shopping-popular","status":"publish","type":"post","link":"https:\/\/blogdafeira.com.br\/home\/2022\/10\/26\/justica-proibe-elias-fechar-boxes-e-reter-mercadorias-no-shopping-popular\/","title":{"rendered":"Justi\u00e7a pro\u00edbe Elias fechar boxes e reter mercadorias no shopping popular"},"content":{"rendered":"<div id=\"blogd-1982298958\" class=\"blogd-final-post blogd-entity-placement\"><a href=\"https:\/\/www.feiradesantana.ba.leg.br\/\" target=\"_blank\" aria-label=\"BANNER-SITE-ENTREGADECHEQUE-CAMARADEFEIRA\"><img loading=\"lazy\" decoding=\"async\" src=\"https:\/\/blogdafeira.com.br\/home\/wp-content\/uploads\/2026\/03\/BANNER-SITE-ENTREGADECHEQUE-CAMARADEFEIRA.gif\" alt=\"\"  class=\"no-lazyload\" width=\"728\" height=\"90\"   \/><\/a><\/div><div id=\"blogd-106481326\" class=\"blogd-fim-do-post-mobile blogd-entity-placement\" style=\"margin-left: auto;margin-right: auto;text-align: center;\"><a href=\"https:\/\/www.sefaz.feiradesantana.ba.gov.br\/\" target=\"_blank\" aria-label=\"728&#215;90 (6)\"><img loading=\"lazy\" decoding=\"async\" src=\"https:\/\/blogdafeira.com.br\/home\/wp-content\/uploads\/2026\/03\/728x90-6.gif\" alt=\"\"  class=\"no-lazyload\" width=\"728\" height=\"90\"  style=\"display: inline-block;\" \/><\/a><\/div><p>O juiz Nunisvaldo Marques, da 2\u00ba\u00aa Vara da Fazenda de Feira de Santgana declarou nula a cl\u00e1usula do contrato utilizado pela Concession\u00e1ria Feira Popular S.A\u00a0 para o aluguel dos boxes no shopping popular. Pela decis\u00e3o do Juiz a Concession\u00e1ria, representada em Feira pelo empres\u00e1rio Elias Terginele, n\u00e3o pode &#8220;<em>realizar apreens\u00e3o das mercadores dos camel\u00f4s e ambulantes associados \u00e0 Associa\u00e7\u00e3o em Defesa dos Empreendedores e Camel\u00f4s do Centro Comercial Popular, bem como de lacrar box de eventual inadimplente, sob pena de multa no valor de 20 mil reais por cada box&#8221;.\u00a0<\/em>Tamb\u00e9m ordenou que os boxes j\u00e1 lacrados devem ser imediatamente abertos. A a\u00e7\u00e3o julgada pelo juiz Nunisvaldo \u00e9 a civil p\u00fablica 8006856-45.2021.805.0080<\/p><div id=\"blogd-1077868027\" class=\"blogd-conteudo-2-mobile blogd-entity-placement\"><a href=\"https:\/\/feirenses.com.br\/\" target=\"_blank\" aria-label=\"feirenses\"><img loading=\"lazy\" decoding=\"async\" src=\"https:\/\/blogdafeira.com.br\/home\/wp-content\/uploads\/2026\/04\/feirenses.png\" alt=\"\"  srcset=\"https:\/\/blogdafeira.com.br\/home\/wp-content\/uploads\/2026\/04\/feirenses.png 300w, https:\/\/blogdafeira.com.br\/home\/wp-content\/uploads\/2026\/04\/feirenses-170x45.png 170w, https:\/\/blogdafeira.com.br\/home\/wp-content\/uploads\/2026\/04\/feirenses-280x74.png 280w\" sizes=\"(max-width: 300px) 100vw, 300px\" class=\"no-lazyload\" width=\"300\" height=\"79\"  style=\"display: inline-block;\" \/><\/a><\/div>\n","protected":false},"excerpt":{"rendered":"<p>O juiz Nunisvaldo Marques, da 2\u00ba\u00aa Vara da Fazenda de Feira de Santgana declarou nula a cl\u00e1usula do contrato utilizado pela Concession\u00e1ria Feira Popular S.A\u00a0 para o aluguel dos boxes no shopping popular. Pela decis\u00e3o do Juiz a Concession\u00e1ria, representada em Feira pelo empres\u00e1rio Elias Terginele, n\u00e3o pode &#8220;realizar apreens\u00e3o das mercadores dos camel\u00f4s e<\/p>\n","protected":false},"author":1,"featured_media":55088,"comment_status":"open","ping_status":"open","sticky":false,"template":"","format":"standard","meta":{"jetpack_post_was_ever_published":false,"cybocfi_hide_featured_image":"","_jetpack_newsletter_access":"","_jetpack_dont_email_post_to_subs":false,"_jetpack_newsletter_tier_id":0,"_jetpack_memberships_contains_paywalled_content":false,"_jetpack_memberships_contains_paid_content":false,"footnotes":"","jetpack_publicize_message":"","jetpack_publicize_feature_enabled":true,"jetpack_social_post_already_shared":true,"jetpack_social_options":{"image_generator_settings":{"template":"highway","default_image_id":0,"font":"","enabled":false},"version":2}},"categories":[3,1],"tags":[],"class_list":["post-55086","post","type-post","status-publish","format-standard","has-post-thumbnail","hentry","category-cidade","category-raiz"],"jetpack_publicize_connections":[],"jetpack_featured_media_url":"https:\/\/blogdafeira.com.br\/home\/wp-content\/uploads\/2022\/10\/elias.jpg","jetpack_shortlink":"https:\/\/wp.me\/p3niVf-eku","jetpack_sharing_enabled":true,"jetpack-related-posts":[{"id":45308,"url":"https:\/\/blogdafeira.com.br\/home\/2021\/05\/06\/tergilene-na-camara-ninguem-quis-box-de-1m%c2%b2-no-shopping-popular\/","url_meta":{"origin":55086,"position":0},"title":"Tergilene na C\u00e2mara: &#8220;ningu\u00e9m quis box de 1 metro quadrado&#8230;&#8221;","author":"Blog da Feira","date":"06\/05\/2021","format":false,"excerpt":"Um \u201cespa\u00e7o social\u201d com boxes de um metro quadrado foi oferecido aos lojistas do Centro Comercial Popular como alternativa para o pagamento de aluguel e taxas mais baratas. A informa\u00e7\u00e3o \u00e9 do empres\u00e1rio respons\u00e1vel pelo cons\u00f3rcio que administra o empreendimento, Elias Tergilene. Ao utilizar a tribuna livre na sess\u00e3o desta\u2026","rel":"","context":"Em &quot;Cidade&quot;","block_context":{"text":"Cidade","link":"https:\/\/blogdafeira.com.br\/home\/categoria\/cidade\/"},"img":{"alt_text":"","src":"https:\/\/i0.wp.com\/blogdafeira.com.br\/home\/wp-content\/uploads\/2021\/05\/06052021153252.jpg?resize=350%2C200&ssl=1","width":350,"height":200,"srcset":"https:\/\/i0.wp.com\/blogdafeira.com.br\/home\/wp-content\/uploads\/2021\/05\/06052021153252.jpg?resize=350%2C200&ssl=1 1x, https:\/\/i0.wp.com\/blogdafeira.com.br\/home\/wp-content\/uploads\/2021\/05\/06052021153252.jpg?resize=525%2C300&ssl=1 1.5x, https:\/\/i0.wp.com\/blogdafeira.com.br\/home\/wp-content\/uploads\/2021\/05\/06052021153252.jpg?resize=700%2C400&ssl=1 2x, https:\/\/i0.wp.com\/blogdafeira.com.br\/home\/wp-content\/uploads\/2021\/05\/06052021153252.jpg?resize=1050%2C600&ssl=1 3x"},"classes":[]},{"id":32593,"url":"https:\/\/blogdafeira.com.br\/home\/2019\/09\/01\/contrato-do-shopping-popular-com-camelos-de-feira-preve-reajuste-mensal-do-aluguel-dos-boxes\/","url_meta":{"origin":55086,"position":1},"title":"Contrato do Shopping Popular com camel\u00f4s de Feira prev\u00ea reajuste mensal do aluguel dos boxes","author":"Blog da Feira","date":"01\/09\/2019","format":false,"excerpt":"Aos poucos v\u00e3o se revelando as armadilhas montadas pelo Shopping Popular e Prefeitura de Feira de Santana para 'pegar' os camel\u00f4s que ir\u00e3o pagar aluguel de boxes no empreendimento que est\u00e1 em constru\u00e7\u00e3o no Centro de Abastecimento. O Blog da Feira conseguiu a minuta do contrato padr\u00e3o que os camel\u00f4s\u2026","rel":"","context":"Em &quot;Home&quot;","block_context":{"text":"Home","link":"https:\/\/blogdafeira.com.br\/home\/categoria\/raiz\/"},"img":{"alt_text":"","src":"https:\/\/i0.wp.com\/blogdafeira.com.br\/home\/wp-content\/uploads\/2019\/09\/shopping-feira-de-santana-329x300.png?resize=350%2C200","width":350,"height":200},"classes":[]},{"id":50719,"url":"https:\/\/blogdafeira.com.br\/home\/2022\/02\/13\/novos-camelos-assumem-boxes-no-shopping-popular-a-partir-desta-segunda-feira\/","url_meta":{"origin":55086,"position":2},"title":"Novos &#8216;camel\u00f4s&#8217; assumem boxes no Shopping Popular a partir desta segunda-feira","author":"Blog da Feira","date":"13\/02\/2022","format":false,"excerpt":"Eles dever\u00e3o comparecer no entreposto entre os dias 14 (segunda) e 17 (quinta), das 8h \u00e0s 15h, para assinatura do contrato. Eles s\u00e3o os novos ocupantes de boxes no Shopping Popular que seus antigos donos ou permission\u00e1rios deixaram fechados e a Prefeitura tomou e sorteou com novos interessados, supostamente, camel\u00f4s\u2026","rel":"","context":"Em &quot;Cidade&quot;","block_context":{"text":"Cidade","link":"https:\/\/blogdafeira.com.br\/home\/categoria\/cidade\/"},"img":{"alt_text":"","src":"https:\/\/i0.wp.com\/blogdafeira.com.br\/home\/wp-content\/uploads\/2022\/02\/popua.jpg?resize=350%2C200&ssl=1","width":350,"height":200,"srcset":"https:\/\/i0.wp.com\/blogdafeira.com.br\/home\/wp-content\/uploads\/2022\/02\/popua.jpg?resize=350%2C200&ssl=1 1x, https:\/\/i0.wp.com\/blogdafeira.com.br\/home\/wp-content\/uploads\/2022\/02\/popua.jpg?resize=525%2C300&ssl=1 1.5x, https:\/\/i0.wp.com\/blogdafeira.com.br\/home\/wp-content\/uploads\/2022\/02\/popua.jpg?resize=700%2C400&ssl=1 2x, https:\/\/i0.wp.com\/blogdafeira.com.br\/home\/wp-content\/uploads\/2022\/02\/popua.jpg?resize=1050%2C600&ssl=1 3x"},"classes":[]},{"id":40128,"url":"https:\/\/blogdafeira.com.br\/home\/2020\/09\/03\/shopping-diminui-taxa-e-aumenta-carencia-para-atrair-camelo\/","url_meta":{"origin":55086,"position":3},"title":"Shopping diminui taxa e aumenta car\u00eancia para atrair camel\u00f4","author":"Blog da Feira","date":"03\/09\/2020","format":false,"excerpt":"O Shopping Popular do Centro de Abastecimento diminuiu a taxa de condom\u00ednio e aumento o prazo de car\u00eancia para in\u00edcio do pagamento do aluguel para os camel\u00f4s que se mudarem do centro da cidade para os boxes at\u00e9 o pr\u00f3ximo dia 10. A 'promo\u00e7\u00e3o' foi divulgada hoje atrav\u00e9s da Secretaria\u2026","rel":"","context":"Em &quot;Cidade&quot;","block_context":{"text":"Cidade","link":"https:\/\/blogdafeira.com.br\/home\/categoria\/cidade\/"},"img":{"alt_text":"","src":"https:\/\/i0.wp.com\/blogdafeira.com.br\/home\/wp-content\/uploads\/2020\/09\/shopping-popular-dsfsfsf.jpg?resize=350%2C200&ssl=1","width":350,"height":200,"srcset":"https:\/\/i0.wp.com\/blogdafeira.com.br\/home\/wp-content\/uploads\/2020\/09\/shopping-popular-dsfsfsf.jpg?resize=350%2C200&ssl=1 1x, https:\/\/i0.wp.com\/blogdafeira.com.br\/home\/wp-content\/uploads\/2020\/09\/shopping-popular-dsfsfsf.jpg?resize=525%2C300&ssl=1 1.5x, https:\/\/i0.wp.com\/blogdafeira.com.br\/home\/wp-content\/uploads\/2020\/09\/shopping-popular-dsfsfsf.jpg?resize=700%2C400&ssl=1 2x, https:\/\/i0.wp.com\/blogdafeira.com.br\/home\/wp-content\/uploads\/2020\/09\/shopping-popular-dsfsfsf.jpg?resize=1050%2C600&ssl=1 3x"},"classes":[]},{"id":31159,"url":"https:\/\/blogdafeira.com.br\/home\/2019\/04\/08\/shopping-popular-de-feira-tergilene-se-defende-atacando-vereador-que-denunciou-venda-de-boxes\/","url_meta":{"origin":55086,"position":4},"title":"Shopping popular de Feira: Tergilene se defende atacando vereador que denunciou venda de boxes","author":"J\u00e2nio R\u00eago","date":"08\/04\/2019","format":false,"excerpt":"O shopping popular em constru\u00e7\u00e3o no antigo Centro de Abastecimento de Feira de Santana foi um 'neg\u00f3cio' entre o Munic\u00edpio e o empres\u00e1rio Elias Tergilene n\u00e3o totalmente transparente. Ao contr\u00e1rio. Quem n\u00e3o se lembra que de repente entrou na cena do neg\u00f3cio um financista chin\u00eas!? Um ex-deputado federal de Feira\u2026","rel":"","context":"Em &quot;Home&quot;","block_context":{"text":"Home","link":"https:\/\/blogdafeira.com.br\/home\/categoria\/raiz\/"},"img":{"alt_text":"","src":"https:\/\/i0.wp.com\/blogdafeira.com.br\/home\/wp-content\/uploads\/2019\/04\/20190125_114439_HDR-1024x768.jpg?resize=350%2C200","width":350,"height":200,"srcset":"https:\/\/i0.wp.com\/blogdafeira.com.br\/home\/wp-content\/uploads\/2019\/04\/20190125_114439_HDR-1024x768.jpg?resize=350%2C200 1x, https:\/\/i0.wp.com\/blogdafeira.com.br\/home\/wp-content\/uploads\/2019\/04\/20190125_114439_HDR-1024x768.jpg?resize=525%2C300 1.5x, https:\/\/i0.wp.com\/blogdafeira.com.br\/home\/wp-content\/uploads\/2019\/04\/20190125_114439_HDR-1024x768.jpg?resize=700%2C400 2x"},"classes":[]},{"id":61076,"url":"https:\/\/blogdafeira.com.br\/home\/2024\/02\/07\/shopping-popular-gato-morto-na-escada-rolante-e-boletos-de-condominio-chegando\/","url_meta":{"origin":55086,"position":5},"title":"Shopping Popular: gato morto na &#8220;escada rolante&#8221; e boletos de condom\u00ednio chegando","author":"J\u00e2nio R\u00eago","date":"07\/02\/2024","format":false,"excerpt":"Nesta quarta-feira (7), funcion\u00e1rios da limpeza retiraram um gato morto na \"escada rolante\" do Shopping Popular. A escada foi um dos atrativos inclu\u00eddos no projeto do \"moderno\" empreendimento, mas nunca funcionou: \u00e9 um amontoado de ferragens\u00a0 coberto por lona pl\u00e1stica,\u00a0 habitat ideal para ratos e seus predadores. O epis\u00f3dio do\u2026","rel":"","context":"Em &quot;Cidade&quot;","block_context":{"text":"Cidade","link":"https:\/\/blogdafeira.com.br\/home\/categoria\/cidade\/"},"img":{"alt_text":"","src":"https:\/\/i0.wp.com\/blogdafeira.com.br\/home\/wp-content\/uploads\/2024\/02\/IMG_20240207_135848535_HDR-scaled.jpg?resize=350%2C200&ssl=1","width":350,"height":200,"srcset":"https:\/\/i0.wp.com\/blogdafeira.com.br\/home\/wp-content\/uploads\/2024\/02\/IMG_20240207_135848535_HDR-scaled.jpg?resize=350%2C200&ssl=1 1x, https:\/\/i0.wp.com\/blogdafeira.com.br\/home\/wp-content\/uploads\/2024\/02\/IMG_20240207_135848535_HDR-scaled.jpg?resize=525%2C300&ssl=1 1.5x, https:\/\/i0.wp.com\/blogdafeira.com.br\/home\/wp-content\/uploads\/2024\/02\/IMG_20240207_135848535_HDR-scaled.jpg?resize=700%2C400&ssl=1 2x, https:\/\/i0.wp.com\/blogdafeira.com.br\/home\/wp-content\/uploads\/2024\/02\/IMG_20240207_135848535_HDR-scaled.jpg?resize=1050%2C600&ssl=1 3x, https:\/\/i0.wp.com\/blogdafeira.com.br\/home\/wp-content\/uploads\/2024\/02\/IMG_20240207_135848535_HDR-scaled.jpg?resize=1400%2C800&ssl=1 4x"},"classes":[]}],"_links":{"self":[{"href":"https:\/\/blogdafeira.com.br\/home\/wp-json\/wp\/v2\/posts\/55086","targetHints":{"allow":["GET"]}}],"collection":[{"href":"https:\/\/blogdafeira.com.br\/home\/wp-json\/wp\/v2\/posts"}],"about":[{"href":"https:\/\/blogdafeira.com.br\/home\/wp-json\/wp\/v2\/types\/post"}],"author":[{"embeddable":true,"href":"https:\/\/blogdafeira.com.br\/home\/wp-json\/wp\/v2\/users\/1"}],"replies":[{"embeddable":true,"href":"https:\/\/blogdafeira.com.br\/home\/wp-json\/wp\/v2\/comments?post=55086"}],"version-history":[{"count":6,"href":"https:\/\/blogdafeira.com.br\/home\/wp-json\/wp\/v2\/posts\/55086\/revisions"}],"predecessor-version":[{"id":55093,"href":"https:\/\/blogdafeira.com.br\/home\/wp-json\/wp\/v2\/posts\/55086\/revisions\/55093"}],"wp:featuredmedia":[{"embeddable":true,"href":"https:\/\/blogdafeira.com.br\/home\/wp-json\/wp\/v2\/media\/55088"}],"wp:attachment":[{"href":"https:\/\/blogdafeira.com.br\/home\/wp-json\/wp\/v2\/media?parent=55086"}],"wp:term":[{"taxonomy":"category","embeddable":true,"href":"https:\/\/blogdafeira.com.br\/home\/wp-json\/wp\/v2\/categories?post=55086"},{"taxonomy":"post_tag","embeddable":true,"href":"https:\/\/blogdafeira.com.br\/home\/wp-json\/wp\/v2\/tags?post=55086"}],"curies":[{"name":"wp","href":"https:\/\/api.w.org\/{rel}","templated":true}]}}