{"id":55573,"date":"2022-11-24T11:22:25","date_gmt":"2022-11-24T14:22:25","guid":{"rendered":"https:\/\/blogdafeira.com.br\/home\/?p=55573"},"modified":"2023-02-07T00:10:44","modified_gmt":"2023-02-07T03:10:44","slug":"pedalava-bicicleta-quando-foi-atingida-por-tiros-na-cabeca","status":"publish","type":"post","link":"https:\/\/blogdafeira.com.br\/home\/2022\/11\/24\/pedalava-bicicleta-quando-foi-atingida-por-tiros-na-cabeca\/","title":{"rendered":"Pedalava bicicleta quando foi atingida por tiros na cabe\u00e7a"},"content":{"rendered":"<div id=\"blogd-3848645243\" class=\"blogd-fim-do-post-mobile blogd-entity-placement\" style=\"margin-left: auto;margin-right: auto;text-align: center;\"><a href=\"https:\/\/www.sefaz.feiradesantana.ba.gov.br\/\" target=\"_blank\" aria-label=\"728&#215;90 (6)\"><img loading=\"lazy\" decoding=\"async\" src=\"https:\/\/blogdafeira.com.br\/home\/wp-content\/uploads\/2026\/03\/728x90-6.gif\" alt=\"\"  class=\"no-lazyload\" width=\"728\" height=\"90\"  style=\"display: inline-block;\" \/><\/a><\/div><p style=\"text-align: justify;\">Em Feira de Santana tem um beco influente na poderosa avenida comercial Senhor dos Passos,\u00a0 cujo nome popular \u00e9 o da loja de bicicletas que est\u00e1 l\u00e1 instalada\u00a0 h\u00e1 <em>seculoruns.\u00a0<\/em>Beco da Perer\u00ea.O v\u00ednculo da Feira com a bicicleta\u00a0s\u00f3 cresce, apesar do ritmo lento com que as pol\u00edticas p\u00fablicas o entendem ou o alcan\u00e7am.<\/p><div id=\"blogd-329789199\" class=\"blogd-conteudo-2-mobile blogd-entity-placement\"><a href=\"https:\/\/feirenses.com.br\/\" target=\"_blank\" aria-label=\"feirenses\"><img loading=\"lazy\" decoding=\"async\" src=\"https:\/\/blogdafeira.com.br\/home\/wp-content\/uploads\/2026\/04\/feirenses.png\" alt=\"\"  srcset=\"https:\/\/blogdafeira.com.br\/home\/wp-content\/uploads\/2026\/04\/feirenses.png 300w, https:\/\/blogdafeira.com.br\/home\/wp-content\/uploads\/2026\/04\/feirenses-170x45.png 170w, https:\/\/blogdafeira.com.br\/home\/wp-content\/uploads\/2026\/04\/feirenses-280x74.png 280w\" sizes=\"(max-width: 300px) 100vw, 300px\" class=\"no-lazyload\" width=\"300\" height=\"79\"  style=\"display: inline-block;\" \/><\/a><\/div>\n<p style=\"text-align: justify;\"><strong><a href=\"https:\/\/blogdafeira.com.br\/home\/2020\/08\/28\/intencoes-do-ciclismo-para-feira-carta-aos-candidatos-a-prefeito\/\">Temos poucas ciclovias.<\/a><\/strong> E nossa &#8220;cultura de entroncamento&#8221; \u00e9 massacrante para o usu\u00e1rio comum. O carro \u00e9 Deus, aqui mais do que em outros lugares. Cidade plana, avenidas retil\u00edneas, os trabalhadores usam a magrela no dia-a-dia, para seus trampos e corres. As cenas est\u00e3o nas ruas.<\/p>\n<p style=\"text-align: justify;\">Na zona rural, em domingos de sol, bikes e grupos de ciclistas esportivos\u00a0 respiram o ar puro em estradas semi-desertas mas eles sabem que durante a semana elas est\u00e3o apinhadas de bicicletas comuns circulando com o povo da ro\u00e7a e dos povoados, com crian\u00e7as a caminho da escola, todos <em>bicicletando alegremente<\/em>, como diria o poeta. A bicicleta \u00e9 uma alegria feirense, o que entristece a cidade \u00e9 essa viol\u00eancia: <em>&#8220;Pedalava uma bicicleta quando foi atingida por tiros na cabe\u00e7a&#8221;<\/em> (*<strong><a href=\"https:\/\/www.acordacidade.com.br\/noticias\/homem-e-assassinado-com-tiro-na-cabeca-na-lagoa-grande\/\"><em>Frase em uma not\u00edcia policial publicada no Acorda Cidade)<\/em><\/a><\/strong><\/p>\n<div id=\"blogd-1402048070\" class=\"blogd-final-post blogd-entity-placement\"><a href=\"https:\/\/www.feiradesantana.ba.leg.br\/\" target=\"_blank\" aria-label=\"BANNER-SITE-ENTREGADECHEQUE-CAMARADEFEIRA\"><img loading=\"lazy\" decoding=\"async\" src=\"https:\/\/blogdafeira.com.br\/home\/wp-content\/uploads\/2026\/03\/BANNER-SITE-ENTREGADECHEQUE-CAMARADEFEIRA.gif\" alt=\"\"  class=\"no-lazyload\" width=\"728\" height=\"90\"   \/><\/a><\/div><p>foto ilustrativa de <strong>Alexandre Brand\u00e3o\/Facebook<\/strong><\/p>\n","protected":false},"excerpt":{"rendered":"<p>Em Feira de Santana tem um beco influente na poderosa avenida comercial Senhor dos Passos,\u00a0 cujo nome popular \u00e9 o da loja de bicicletas que est\u00e1 l\u00e1 instalada\u00a0 h\u00e1 seculoruns.\u00a0Beco da Perer\u00ea.O v\u00ednculo da Feira com a bicicleta\u00a0s\u00f3 cresce, apesar do ritmo lento com que as pol\u00edticas p\u00fablicas o entendem ou o alcan\u00e7am. Temos poucas<\/p>\n","protected":false},"author":8,"featured_media":55579,"comment_status":"open","ping_status":"open","sticky":false,"template":"","format":"standard","meta":{"jetpack_post_was_ever_published":false,"cybocfi_hide_featured_image":"","_jetpack_newsletter_access":"","_jetpack_dont_email_post_to_subs":false,"_jetpack_newsletter_tier_id":0,"_jetpack_memberships_contains_paywalled_content":false,"_jetpack_memberships_contains_paid_content":false,"footnotes":"","jetpack_publicize_message":"","jetpack_publicize_feature_enabled":true,"jetpack_social_post_already_shared":true,"jetpack_social_options":{"image_generator_settings":{"template":"highway","default_image_id":0,"font":"","enabled":false},"version":2}},"categories":[592,1],"tags":[],"class_list":["post-55573","post","type-post","status-publish","format-standard","has-post-thumbnail","hentry","category-colunistas","category-raiz"],"jetpack_publicize_connections":[],"jetpack_featured_media_url":"https:\/\/blogdafeira.com.br\/home\/wp-content\/uploads\/2022\/11\/242308936_6086131918128735_2010551015793800993_n.jpg","jetpack_shortlink":"https:\/\/wp.me\/p3niVf-esl","jetpack_sharing_enabled":true,"jetpack-related-posts":[{"id":66366,"url":"https:\/\/blogdafeira.com.br\/home\/2025\/03\/26\/vereador-defende-implantacao-de-pontos-de-aluguel-de-bicicletas-nas-avenidas-de-feira\/","url_meta":{"origin":55573,"position":0},"title":"Vereador defende implanta\u00e7\u00e3o de pontos de aluguel de bicicletas nas avenidas de Feira","author":"Blog da Feira","date":"26\/03\/2025","format":false,"excerpt":"Mais um vereador de Feira de Santana dessa nova legislatura (o primeiro foi Jorge Oliveira) levanta na C\u00e2mara Municipal o tema da bicicleta como ve\u00edculo importante e que deve ser estimulado a se integrar com seguran\u00e7a e praticidade na mobilidade urbana: o vereador Josivaldo Santana (UB),\u00a0 fez uma indica\u00e7\u00e3o ao\u2026","rel":"","context":"Em &quot;Cidade&quot;","block_context":{"text":"Cidade","link":"https:\/\/blogdafeira.com.br\/home\/categoria\/cidade\/"},"img":{"alt_text":"","src":"https:\/\/i0.wp.com\/blogdafeira.com.br\/home\/wp-content\/uploads\/2025\/03\/IMG-20250326-WA0059.jpg?resize=350%2C200&ssl=1","width":350,"height":200,"srcset":"https:\/\/i0.wp.com\/blogdafeira.com.br\/home\/wp-content\/uploads\/2025\/03\/IMG-20250326-WA0059.jpg?resize=350%2C200&ssl=1 1x, https:\/\/i0.wp.com\/blogdafeira.com.br\/home\/wp-content\/uploads\/2025\/03\/IMG-20250326-WA0059.jpg?resize=525%2C300&ssl=1 1.5x, https:\/\/i0.wp.com\/blogdafeira.com.br\/home\/wp-content\/uploads\/2025\/03\/IMG-20250326-WA0059.jpg?resize=700%2C400&ssl=1 2x, https:\/\/i0.wp.com\/blogdafeira.com.br\/home\/wp-content\/uploads\/2025\/03\/IMG-20250326-WA0059.jpg?resize=1050%2C600&ssl=1 3x"},"classes":[]},{"id":26190,"url":"https:\/\/blogdafeira.com.br\/home\/2017\/03\/22\/zico-sena-toma-banho-e-bebe-agua-podre-do-brt-no-dia-internacional-da-agua-em-feira\/","url_meta":{"origin":55573,"position":1},"title":"Zico Sena toma banho e bebe &#8216;\u00e1gua podre&#8217; do BRT no Dia Internacional da \u00c1gua em Feira","author":"Blog da Feira","date":"22\/03\/2017","format":false,"excerpt":"O paraibano radicado em Feira de Santana Zico Sena \u00e9 uma figura popular nacional. \u00a0Com sua bicicleta estilizada, cheia de adesivos de Ayrton Senna e um chifre de boi pendurado no volante, ele j\u00e1 foi not\u00edcia at\u00e9 no \u00a0GP do Brasil de F\u00f3rmula Um. Em Feira de Santana ele est\u00e1\u2026","rel":"","context":"Em &quot;Home&quot;","block_context":{"text":"Home","link":"https:\/\/blogdafeira.com.br\/home\/categoria\/raiz\/"},"img":{"alt_text":"fb_img_1490206635311","src":"https:\/\/i0.wp.com\/blogdafeira.com.br\/home\/wp-content\/uploads\/2017\/03\/FB_IMG_1490206635311.jpg?resize=350%2C200","width":350,"height":200,"srcset":"https:\/\/i0.wp.com\/blogdafeira.com.br\/home\/wp-content\/uploads\/2017\/03\/FB_IMG_1490206635311.jpg?resize=350%2C200 1x, https:\/\/i0.wp.com\/blogdafeira.com.br\/home\/wp-content\/uploads\/2017\/03\/FB_IMG_1490206635311.jpg?resize=525%2C300 1.5x"},"classes":[]},{"id":66520,"url":"https:\/\/blogdafeira.com.br\/home\/2025\/04\/03\/andar-de-bicicleta-em-feira-de-santana-e-uma-loucura\/","url_meta":{"origin":55573,"position":2},"title":"&#8220;Andar de bicicleta em Feira de Santana \u00e9 uma loucura&#8221;","author":"Blog da Feira","date":"03\/04\/2025","format":false,"excerpt":"A pol\u00edtica de mobilidade urbana no Brasil \u00e9 direcionada ao autom\u00f3vel, e n\u00e3o \u00e9 dif\u00edcil imaginarmos o carro como o \u201crei das vias\u201d, bem como o le\u00e3o sendo considerado o \u201crei\u201d da selva. Constituindo a bicicleta um meio de transporte vulner\u00e1vel nessa disputa, como afirma o entrevistado: Rapaz, andar de\u2026","rel":"","context":"Em &quot;Cidade&quot;","block_context":{"text":"Cidade","link":"https:\/\/blogdafeira.com.br\/home\/categoria\/cidade\/"},"img":{"alt_text":"","src":"https:\/\/i0.wp.com\/blogdafeira.com.br\/home\/wp-content\/uploads\/2025\/04\/FB_IMG_1743694818931.jpg?resize=350%2C200&ssl=1","width":350,"height":200,"srcset":"https:\/\/i0.wp.com\/blogdafeira.com.br\/home\/wp-content\/uploads\/2025\/04\/FB_IMG_1743694818931.jpg?resize=350%2C200&ssl=1 1x, https:\/\/i0.wp.com\/blogdafeira.com.br\/home\/wp-content\/uploads\/2025\/04\/FB_IMG_1743694818931.jpg?resize=525%2C300&ssl=1 1.5x, https:\/\/i0.wp.com\/blogdafeira.com.br\/home\/wp-content\/uploads\/2025\/04\/FB_IMG_1743694818931.jpg?resize=700%2C400&ssl=1 2x, https:\/\/i0.wp.com\/blogdafeira.com.br\/home\/wp-content\/uploads\/2025\/04\/FB_IMG_1743694818931.jpg?resize=1050%2C600&ssl=1 3x"},"classes":[]},{"id":38922,"url":"https:\/\/blogdafeira.com.br\/home\/2021\/08\/19\/por-uma-cidade-sem-bicicletas\/","url_meta":{"origin":55573,"position":3},"title":"A bicicleta e a hilux","author":"J\u00e2nio R\u00eago","date":"19\/08\/2021","format":false,"excerpt":"- Quer morrer, 'disgra\u00e7a'?\u00a0o motorista grita, buzina estridentemente, e acrescenta alguns palavr\u00f5es que s\u00e3o repetidos pelos outros passageiros\u00a0 da hilux branca reluzente: a mulher, dois filhos e a cunhada. Passado o susto, a cunhada conta a hist\u00f3ria de um vizinho que estragou a vida dele depois de atropelar um desses\u2026","rel":"","context":"Em &quot;Cidade&quot;","block_context":{"text":"Cidade","link":"https:\/\/blogdafeira.com.br\/home\/categoria\/cidade\/"},"img":{"alt_text":"","src":"https:\/\/i0.wp.com\/blogdafeira.com.br\/home\/wp-content\/uploads\/2020\/07\/bicicletas.jpg?resize=350%2C200&ssl=1","width":350,"height":200},"classes":[]},{"id":58985,"url":"https:\/\/blogdafeira.com.br\/home\/2023\/08\/09\/obras-de-ciclovia-avancam-em-em-avenidas-de-feira\/","url_meta":{"origin":55573,"position":4},"title":"Obras de ciclovia avan\u00e7am em avenidas de Feira de Santana","author":"Blog da Feira","date":"09\/08\/2023","format":false,"excerpt":"A constru\u00e7\u00e3o da ciclovia na avenida Francisco Fraga Maia est\u00e1 a todo vapor. \u00c0 medida que a obra avan\u00e7a com a prepara\u00e7\u00e3o da base e o assentamento do meio fio, os servi\u00e7os de implanta\u00e7\u00e3o do piso em concreto semi polido v\u00e3o sendo executados. Esse material \u00e9 adequado para \u00e1reas abertas,\u2026","rel":"","context":"Em &quot;Cidade&quot;","block_context":{"text":"Cidade","link":"https:\/\/blogdafeira.com.br\/home\/categoria\/cidade\/"},"img":{"alt_text":"","src":"https:\/\/i0.wp.com\/blogdafeira.com.br\/home\/wp-content\/uploads\/2023\/08\/CICLOVIA-DA-FRAGA-MAIA-FOTO-VALDENIR-LIMA-411.jpeg?resize=350%2C200&ssl=1","width":350,"height":200,"srcset":"https:\/\/i0.wp.com\/blogdafeira.com.br\/home\/wp-content\/uploads\/2023\/08\/CICLOVIA-DA-FRAGA-MAIA-FOTO-VALDENIR-LIMA-411.jpeg?resize=350%2C200&ssl=1 1x, https:\/\/i0.wp.com\/blogdafeira.com.br\/home\/wp-content\/uploads\/2023\/08\/CICLOVIA-DA-FRAGA-MAIA-FOTO-VALDENIR-LIMA-411.jpeg?resize=525%2C300&ssl=1 1.5x, https:\/\/i0.wp.com\/blogdafeira.com.br\/home\/wp-content\/uploads\/2023\/08\/CICLOVIA-DA-FRAGA-MAIA-FOTO-VALDENIR-LIMA-411.jpeg?resize=700%2C400&ssl=1 2x, https:\/\/i0.wp.com\/blogdafeira.com.br\/home\/wp-content\/uploads\/2023\/08\/CICLOVIA-DA-FRAGA-MAIA-FOTO-VALDENIR-LIMA-411.jpeg?resize=1050%2C600&ssl=1 3x"},"classes":[]},{"id":50334,"url":"https:\/\/blogdafeira.com.br\/home\/2022\/01\/26\/beco-da-perere-o-patinho-feio-do-projeto-novo-centro\/","url_meta":{"origin":55573,"position":5},"title":"Beco da Perer\u00ea, o &#8216;patinho feio&#8217; do projeto Novo Centro","author":"J\u00e2nio R\u00eago","date":"26\/01\/2022","format":false,"excerpt":"O nome \u00e9 rua Intendente Freire mas a cultura popular e comercial da Feira de Santana a consagrou como Beco da Perer\u00ea numa refer\u00eancia expl\u00edcita a uma das lojas da art\u00e9ria pioneira na venda de bicicletas. Intendente Jos\u00e9 Freire foi um dos muitos coron\u00e9is da Guarda Nacional que assumiu o\u2026","rel":"","context":"Em &quot;Colunistas&quot;","block_context":{"text":"Colunistas","link":"https:\/\/blogdafeira.com.br\/home\/categoria\/colunistas\/"},"img":{"alt_text":"","src":"https:\/\/i0.wp.com\/blogdafeira.com.br\/home\/wp-content\/uploads\/2022\/01\/IMG-20220125-WA0005.jpg?resize=350%2C200&ssl=1","width":350,"height":200,"srcset":"https:\/\/i0.wp.com\/blogdafeira.com.br\/home\/wp-content\/uploads\/2022\/01\/IMG-20220125-WA0005.jpg?resize=350%2C200&ssl=1 1x, https:\/\/i0.wp.com\/blogdafeira.com.br\/home\/wp-content\/uploads\/2022\/01\/IMG-20220125-WA0005.jpg?resize=525%2C300&ssl=1 1.5x, https:\/\/i0.wp.com\/blogdafeira.com.br\/home\/wp-content\/uploads\/2022\/01\/IMG-20220125-WA0005.jpg?resize=700%2C400&ssl=1 2x, https:\/\/i0.wp.com\/blogdafeira.com.br\/home\/wp-content\/uploads\/2022\/01\/IMG-20220125-WA0005.jpg?resize=1050%2C600&ssl=1 3x"},"classes":[]}],"_links":{"self":[{"href":"https:\/\/blogdafeira.com.br\/home\/wp-json\/wp\/v2\/posts\/55573","targetHints":{"allow":["GET"]}}],"collection":[{"href":"https:\/\/blogdafeira.com.br\/home\/wp-json\/wp\/v2\/posts"}],"about":[{"href":"https:\/\/blogdafeira.com.br\/home\/wp-json\/wp\/v2\/types\/post"}],"author":[{"embeddable":true,"href":"https:\/\/blogdafeira.com.br\/home\/wp-json\/wp\/v2\/users\/8"}],"replies":[{"embeddable":true,"href":"https:\/\/blogdafeira.com.br\/home\/wp-json\/wp\/v2\/comments?post=55573"}],"version-history":[{"count":9,"href":"https:\/\/blogdafeira.com.br\/home\/wp-json\/wp\/v2\/posts\/55573\/revisions"}],"predecessor-version":[{"id":56093,"href":"https:\/\/blogdafeira.com.br\/home\/wp-json\/wp\/v2\/posts\/55573\/revisions\/56093"}],"wp:featuredmedia":[{"embeddable":true,"href":"https:\/\/blogdafeira.com.br\/home\/wp-json\/wp\/v2\/media\/55579"}],"wp:attachment":[{"href":"https:\/\/blogdafeira.com.br\/home\/wp-json\/wp\/v2\/media?parent=55573"}],"wp:term":[{"taxonomy":"category","embeddable":true,"href":"https:\/\/blogdafeira.com.br\/home\/wp-json\/wp\/v2\/categories?post=55573"},{"taxonomy":"post_tag","embeddable":true,"href":"https:\/\/blogdafeira.com.br\/home\/wp-json\/wp\/v2\/tags?post=55573"}],"curies":[{"name":"wp","href":"https:\/\/api.w.org\/{rel}","templated":true}]}}